{"id":8708,"date":"2026-02-05T13:02:25","date_gmt":"2026-02-05T12:02:25","guid":{"rendered":"https:\/\/www.recalculandoviajes.com\/?p=8708"},"modified":"2026-04-12T18:30:23","modified_gmt":"2026-04-12T16:30:23","slug":"que-ver-en-capo-vaticano-italia","status":"publish","type":"post","link":"https:\/\/www.recalculandoviajes.com\/que-ver-en-capo-vaticano-italia\/","title":{"rendered":"Qu\u00e9 ver en Capo Vaticano &#8211; Gu\u00eda completa 2026  La Costa de los dioses | Italia"},"content":{"rendered":"[et_pb_section fb_built=\u00bb1&#8243; admin_label=\u00bbsection\u00bb _builder_version=\u00bb4.16&#8243; global_colors_info=\u00bb{}\u00bb][et_pb_row admin_label=\u00bbrow\u00bb _builder_version=\u00bb4.16&#8243; background_size=\u00bbinitial\u00bb background_position=\u00bbtop_left\u00bb background_repeat=\u00bbrepeat\u00bb global_colors_info=\u00bb{}\u00bb][et_pb_column type=\u00bb4_4&#8243; _builder_version=\u00bb4.16&#8243; custom_padding=\u00bb|||\u00bb global_colors_info=\u00bb{}\u00bb custom_padding__hover=\u00bb|||\u00bb][et_pb_text admin_label=\u00bbText\u00bb _builder_version=\u00bb4.27.6&#8243; background_size=\u00bbinitial\u00bb background_position=\u00bbtop_left\u00bb background_repeat=\u00bbrepeat\u00bb global_colors_info=\u00bb{}\u00bb]\n<p>Cuando planeamos nuestro road-trip por el sur de Italia, inmediatamente nos llam\u00f3 la atenci\u00f3n ese fue<strong>\u00a0Capo Vaticano<\/strong>. La famosa <strong>Costa degli Dei (costa de los dioses)<\/strong>, es uno de los secretos mejor guardados de <a href=\"https:\/\/www.recalculandoviajes.com\/italia\/\" target=\"_blank\" rel=\"noopener\">Italia<\/a>. Acantilados que caen en picada sobre un mar de un azul imposible, calas escondidas entre rocas y un ambiente que te hace olvidar que existe el resto del mundo. Nosotros llegamos varias veces desde <strong>Pizzo Calabro<\/strong>, donde vivimos casi un mes, y cada visita fue distinta y especial.<\/p>\n<p>Ofrece una combinaci\u00f3n impresionante: acantilados que se sumergen en un mar turquesa, playas de arena dorada, y una tranquilidad que pocas veces encontramos en destinos tan conocidos.<\/p><div class=\"htocr69f5c11a8a5ea\" ><div style=\"text-align: center; backdrop-filter: blur(10px); background: linear-gradient(135deg, #ff6a6a, #ff884d); border-radius: 15px; padding: 20px 30px; box-shadow: 0 8px 32px rgba(0, 0, 0, 0.2); border: 1px solid rgba(255, 255, 255, 0.18); color: #fff; max-width: 600px; margin: 50px auto;\">\n  <h2 style=\"font-size: 2rem; font-weight: bold; margin-bottom: 10px; color: #ffffff !important; text-shadow: 0 2px 5px rgba(0, 0, 0, 0.4);\">\ud83c\udf0d Seguro de Viaje:  Descuento de 5% en IATI Seguros! \ud83c\udf1f<\/h2>\n  <p style=\"font-size: 1rem; margin-bottom: 20px; line-height: 1.5;\">Aprovecha esta oferta y viaja seguro.<\/p>\n  <a href=\"https:\/\/recalculandoviajes.com\/iati-seguros\" target=\"_blank\" style=\"display: inline-block; padding: 15px 25px; font-size: 1.2rem; font-weight: bold; color: #fff; text-decoration: none; border-radius: 30px; background: linear-gradient(135deg, #ff5722, #e91e63); transition: all 0.3s ease; box-shadow: 0 6px 15px rgba(233, 30, 99, 0.6); border: 2px solid rgba(255, 255, 255, 0.3);\" rel=\"noopener\">Quiero mi 5% de Descuento<\/a>\n<\/div><\/div><style type=\"text\/css\">\r\n@media screen and (min-width: 1201px) {\r\n.htocr69f5c11a8a5ea {\r\ndisplay: block;\r\n}\r\n}\r\n@media screen and (min-width: 993px) and (max-width: 1200px) {\r\n.htocr69f5c11a8a5ea {\r\ndisplay: block;\r\n}\r\n}\r\n@media screen and (min-width: 769px) and (max-width: 992px) {\r\n.htocr69f5c11a8a5ea {\r\ndisplay: block;\r\n}\r\n}\r\n@media screen and (min-width: 768px) and (max-width: 768px) {\r\n.htocr69f5c11a8a5ea {\r\ndisplay: block;\r\n}\r\n}\r\n@media screen and (max-width: 767px) {\r\n.htocr69f5c11a8a5ea {\r\ndisplay: block;\r\n}\r\n}\r\n<\/style>\r\n\n<p>En esta gu\u00eda te contamos todo lo que necesit\u00e1s saber para <strong>visitar Capo Vaticano<\/strong>: qu\u00e9 ver, qu\u00e9 playas no te pod\u00e9s perder, c\u00f3mo llegar, d\u00f3nde alojarte y todos los consejos pr\u00e1cticos que acumulamos en nuestras visitas. Empecemos.<\/p>\n<p>&nbsp;<\/p>\n[\/et_pb_text][et_pb_code _builder_version=\u00bb4.27.6&#8243; _module_preset=\u00bbdefault\u00bb global_colors_info=\u00bb{}\u00bb]\n<h2>Resumen Capo Vaticano en Calabria<\/h2>\n<p><!-- [et_pb_line_break_holder] --><\/p>\n<div class=\"rv-tabla-estilo\"><!-- [et_pb_line_break_holder] --><\/p>\n<table><!-- [et_pb_line_break_holder] -->  <\/p>\n<thead><!-- [et_pb_line_break_holder] -->    <\/p>\n<tr><!-- [et_pb_line_break_holder] -->      <\/p>\n<th>Categor\u00eda<\/th>\n<p><!-- [et_pb_line_break_holder] -->      <\/p>\n<th>Detalles clave<\/th>\n<p><!-- [et_pb_line_break_holder] -->    <\/tr>\n<p><!-- [et_pb_line_break_holder] -->  <\/thead>\n<p><!-- [et_pb_line_break_holder] -->  <\/p>\n<tbody><!-- [et_pb_line_break_holder] -->    <\/p>\n<tr><!-- [et_pb_line_break_holder] -->      <\/p>\n<td><strong>Ubicaci\u00f3n<\/strong><\/td>\n<p><!-- [et_pb_line_break_holder] -->      <\/p>\n<td>Provincia de Vibo Valentia, Calabria (Italia), en la Costa degli Dei.<\/td>\n<p><!-- [et_pb_line_break_holder] -->    <\/tr>\n<p><!-- [et_pb_line_break_holder] -->    <\/p>\n<tr><!-- [et_pb_line_break_holder] -->      <\/p>\n<td><strong>Transporte<\/strong><\/td>\n<p><!-- [et_pb_line_break_holder] -->      <\/p>\n<td>Coche indispensable. Acceso v\u00eda SS18. Aeropuerto m\u00e1s cercano: Lamezia Terme.<\/td>\n<p><!-- [et_pb_line_break_holder] -->    <\/tr>\n<p><!-- [et_pb_line_break_holder] -->    <\/p>\n<tr><!-- [et_pb_line_break_holder] -->      <\/p>\n<td><strong>Playas destacadas<\/strong><\/td>\n<p><!-- [et_pb_line_break_holder] -->      <\/p>\n<td>Baia del Sole (servicios), calas salvajes del faro y playa de Santa Maria.<\/td>\n<p><!-- [et_pb_line_break_holder] -->    <\/tr>\n<p><!-- [et_pb_line_break_holder] -->    <\/p>\n<tr><!-- [et_pb_line_break_holder] -->      <\/p>\n<td><strong>Actividades<\/strong><\/td>\n<p><!-- [et_pb_line_break_holder] -->      <\/p>\n<td>Snorkeling, buceo, senderismo por acantilados y excursiones a las Islas Eolias.<\/td>\n<p><!-- [et_pb_line_break_holder] -->    <\/tr>\n<p><!-- [et_pb_line_break_holder] -->    <\/p>\n<tr><!-- [et_pb_line_break_holder] -->      <\/p>\n<td><strong>Gastronom\u00eda<\/strong><\/td>\n<p><!-- [et_pb_line_break_holder] -->      <\/p>\n<td>Amaro del Capo, pasta con &#8216;nduja, cebolla roja de Tropea y pescado fresco.<\/td>\n<p><!-- [et_pb_line_break_holder] -->    <\/tr>\n<p><!-- [et_pb_line_break_holder] -->    <\/p>\n<tr><!-- [et_pb_line_break_holder] -->      <\/p>\n<td><strong>Mejor \u00e9poca<\/strong><\/td>\n<p><!-- [et_pb_line_break_holder] -->      <\/p>\n<td>Junio y septiembre (clima ideal y menos afluencia tur\u00edstica).<\/td>\n<p><!-- [et_pb_line_break_holder] -->    <\/tr>\n<p><!-- [et_pb_line_break_holder] -->    <\/p>\n<tr><!-- [et_pb_line_break_holder] -->      <\/p>\n<td><strong>Consejos<\/strong><\/td>\n<p><!-- [et_pb_line_break_holder] -->      <\/p>\n<td>Llevar calzado de agua, llegar temprano en verano y viajar con seguro de viaje.<\/td>\n<p><!-- [et_pb_line_break_holder] -->    <\/tr>\n<p><!-- [et_pb_line_break_holder] -->  <\/tbody>\n<p><!-- [et_pb_line_break_holder] --><\/table>\n<p><!-- [et_pb_line_break_holder] --><\/div>\n[\/et_pb_code][et_pb_text _builder_version=\u00bb4.27.6&#8243; _module_preset=\u00bbdefault\u00bb global_colors_info=\u00bb{}\u00bb]\n<h2>\u00bfD\u00f3nde Queda Capo Vaticano y C\u00f3mo Orientarse?<\/h2>\n<p>Capo Vaticano se encuentra en la costa tirr\u00e9nica de Calabria, a unos 60 km al sur de Tropea y a menos de 20 km de Pizzo. Est\u00e1 pegado al municipio de <strong>Ricadi<\/strong>, que es el n\u00facleo administrativo de la zona. El cabo en s\u00ed es una punta rocosa que se adentra en el mar Tirreno, y alrededor de \u00e9l se despliegan algunas de las playas m\u00e1s impresionantes de toda la regi\u00f3n.<\/p>\n<p>La zona est\u00e1 bastante dispersa: no hay un \u00abcentro\u00bb como tal en Capo Vaticano. Hay algunas construcciones, un faro, y desde el mirador principal se accede a los senderos que llevan a las playas. La <strong>Baia del Sole<\/strong> es uno de los nombres m\u00e1s conocidos de la zona: es un complejo de playas y servicios que se extiende al norte del cabo. Tambi\u00e9n vas a encontrar referencias a <strong>Santa Maria<\/strong>, que es una peque\u00f1a localidad costera cercana con algunas opciones de alojamiento y restaurantes.<\/p>\n<p>Lo m\u00e1s importante que ten\u00e9s que saber desde el principio: <strong>sin coche es muy dif\u00edcil moverse por ac\u00e1<\/strong>. Las playas est\u00e1n separadas entre s\u00ed, los senderos no siempre tienen se\u00f1alizaci\u00f3n clara y el transporte p\u00fablico es pr\u00e1cticamente inexistente fuera de temporada. Si viaj\u00e1s a Calabria, alquilar un auto es casi obligatorio.<\/p>\n[\/et_pb_text][et_pb_image src=\u00bbhttps:\/\/www.recalculandoviajes.com\/wp-content\/uploads\/2026\/04\/capo-vaticano-calabria.webp\u00bb _builder_version=\u00bb4.27.6&#8243; _module_preset=\u00bbdefault\u00bb alt=\u00bbcapo vaticano calabria\u00bb title_text=\u00bbcapo vaticano calabria\u00bb hover_enabled=\u00bb0&#8243; sticky_enabled=\u00bb0&#8243;][\/et_pb_image][et_pb_text admin_label=\u00bbC\u00f3mo llegar y moverse por Capo Vaticano\u00bb _builder_version=\u00bb4.27.6&#8243; _module_preset=\u00bbdefault\u00bb global_colors_info=\u00bb{}\u00bb]\n<h2>C\u00f3mo Llegar a Capo Vaticano<\/h2>\n<h3>En coche (la mejor opci\u00f3n)<\/h3>\n<p>Nosotros siempre llegamos en coche desde Pizzo, y el trayecto es muy sencillo. Se toman la SS18 hacia el sur y luego se sigue la se\u00f1alizaci\u00f3n hacia Ricadi y Capo Vaticano. En total son unos 25-30 minutos de ruta, en gran parte con vistas al mar. El paisaje del camino ya vale la pena.<\/p>\n<p>Desde <strong>Tropea<\/strong>, que es el pueblo m\u00e1s tur\u00edstico de la zona, son apenas unos 15 minutos en coche. Si lleg\u00e1s desde Vibo Valentia, cont\u00e1 unos 45 minutos. El estacionamiento cerca del mirador principal puede ser complicado en verano: lleg\u00e1 temprano o esper\u00e1 para encontrar lugar en los bordes del camino.<\/p>\n<h3>En tren + combi\/taxi<\/h3>\n<p>La estaci\u00f3n de tren m\u00e1s cercana es la de <strong>Tropea<\/strong>, conectada con la l\u00ednea costera que une Reggio Calabria con Paola. Desde Tropea pod\u00e9s tomar un taxi o, en temporada alta, alg\u00fan servicio de shuttle hasta Capo Vaticano. Fuera de julio y agosto, esta opci\u00f3n se complica bastante.<\/p>\n<h3>Desde Vibo Valentia<\/h3>\n<p>Vibo Valentia tiene una estaci\u00f3n de tren con conexiones m\u00e1s frecuentes que Tropea, pero est\u00e1 m\u00e1s alejada del cabo. La mejor estrategia sigue siendo alquilar un auto en la misma estaci\u00f3n o en el aeropuerto de Lamezia Terme, que es el aeropuerto regional m\u00e1s cercano (a unos 80 km).<\/p>\n[\/et_pb_text][et_pb_text admin_label=\u00bbPanorama hist\u00f3rico y cultural de Capo Vaticano\u00bb _builder_version=\u00bb4.27.4&#8243; _module_preset=\u00bbdefault\u00bb global_colors_info=\u00bb{}\u00bb]\n<h2 id=\"panorama-hist-rico-y-cultural\">Panorama hist\u00f3rico y cultural de Capo Vaticano<\/h2>\n<p>La historia de <strong>Capo Vaticano<\/strong> es fascinante. En la antig\u00fcedad formaba parte de la Magna <a href=\"https:\/\/www.recalculandoviajes.com\/grecia\/\" target=\"_blank\" rel=\"noopener\">Grecia<\/a> y era considerado un lugar <strong>sagrado<\/strong>. Seg\u00fan las leyendas, marineros y or\u00e1culos se reun\u00edan aqu\u00ed para predecir el futuro antes de navegar por el peligroso estrecho de Mesina. El nombre \u00abVaticano\u00bb deriva de\u00a0<em>vaticinio<\/em>, es decir profec\u00eda; y el promontorio se elevaba como un lugar de conexi\u00f3n entre tierra y mar. <strong>Este trasfondo cultural le da a\u00fan m\u00e1s valor al paisaje: no es s\u00f3lo bello, sino tambi\u00e9n simb\u00f3lico.<\/strong> Como viajeros, nos encant\u00f3 este aspecto porque le a\u00f1ade profundidad a las fotos y a la experiencia.<\/p>\n[\/et_pb_text][et_pb_image src=\u00bbhttps:\/\/www.recalculandoviajes.com\/wp-content\/uploads\/2025\/12\/capo-vaticano-que-ver.webp\u00bb alt=\u00bbcapo vaticano que ver\u00bb title_text=\u00bbcapo vaticano que ver\u00bb align=\u00bbcenter\u00bb _builder_version=\u00bb4.27.5&#8243; _module_preset=\u00bbdefault\u00bb width=\u00bb80%\u00bb global_colors_info=\u00bb{}\u00bb][\/et_pb_image][et_pb_text _builder_version=\u00bb4.27.5&#8243; _module_preset=\u00bbdefault\u00bb global_colors_info=\u00bb{}\u00bb]\n<h3>Un tesoro en el sur de la pen\u00ednsula<\/h3>\n<p>Muchos viajeros llegan buscando la esencia m\u00e1s aut\u00e9ntica del Mediterr\u00e1neo y la encuentran en <b>Capo Vaticano Italia<\/b>. Al estar situado en la punta de la \u00abbota\u00bb, este lugar ofrece paisajes \u00fanicos que mezclan acantilados salvajes con una hospitalidad que te hace sentir como en casa desde el primer d\u00eda.<\/p>\n[\/et_pb_text][et_pb_text _builder_version=\u00bb4.27.5&#8243; _module_preset=\u00bbdefault\u00bb global_colors_info=\u00bb{}\u00bb]\n<h2 data-pm-slice=\"1 1 []\">Capo Vaticano \u2014 Costa degli Dei \ud83d\udcab\u2728<\/h2>\n<p>A todo este litoral se le conoce como la <b>Costa de los Dioses Calabria<\/b>, un nombre que le viene genial por su belleza casi divina. Cuentan las leyendas que los antiguos dioses eligieron estas playas por sus colores turquesas y sus atardeceres m\u00e1gicos, convirti\u00e9ndola en una de las zonas m\u00e1s bonitas de toda la regi\u00f3n.<\/p>\n<p><strong>Capo Vaticano<\/strong> es uno de los destinos tur\u00edsticos m\u00e1s populares de Calabria, en el sur de <a href=\"https:\/\/recalculandoviajes.com\/italia\/\" target=\"_blank\" rel=\"noopener\">Italia<\/a>. Este lugar es famoso por sus hermosas playas y su espectacular paisaje costero, lo que lo convierte en un lugar ideal para pasar unas vacaciones relajantes.<\/p>\n<blockquote>\n<p>La <strong>Costa degli Dei (Costa de los dioses)<\/strong>, es un tramo de la costa calabresa, con 55 kil\u00f3metros de playas alucinantes con un mar turquesa y cristalino que va desde Nicotera hasta Pizzo.<\/p>\n<\/blockquote>\n<p><strong><\/strong><\/p>\n[\/et_pb_text][et_pb_image src=\u00bbhttps:\/\/www.recalculandoviajes.com\/wp-content\/uploads\/2025\/12\/playas-de-capo-vaticano.webp\u00bb alt=\u00bbplayas de capo vaticano\u00bb title_text=\u00bbplayas de capo vaticano\u00bb _builder_version=\u00bb4.27.5&#8243; _module_preset=\u00bbdefault\u00bb global_colors_info=\u00bb{}\u00bb][\/et_pb_image][et_pb_text admin_label=\u00bbEl mirador imperdible que ver en Capo Vaticano: el faro y la terraza panor\u00e1mica\u00bb _builder_version=\u00bb4.27.6&#8243; _module_preset=\u00bbdefault\u00bb global_colors_info=\u00bb{}\u00bb]\n<h2 id=\"el-mirador-imperdible-el-faro-y-la-terraza-panor-mica\">El mirador imperdible que ver en Capo Vaticano: el faro y la terraza panor\u00e1mica<\/h2>\n<p>Si hay un punto que no pod\u00e9s pasar por alto cuando investig\u00e1s\u00a0<strong>qu\u00e9 ver en Capo Vaticano<\/strong>, ese es el <strong>mirador del faro.<\/strong> El faro en cuesti\u00f3n, el <strong>Faro di Capo Vaticano,<\/strong> se encuentra sobre un acantilado que domina el mar Tirreno y permite vistas espectaculares (comentan que a veces se puede observar hasta el volc\u00e1n Stromboli en d\u00edas despejados).<\/p>\n<blockquote>\n<p><strong>Mirador \u00abTerrazza panoramica\u00bb\u00a0junto al Faro di Capo Vaticano, situado sobre un acantilado rocoso &lt;Fotos desde el mirador&gt;.<\/strong><\/p>\n<\/blockquote>\n<p>Desde el balc\u00f3n \/ <strong>terraza panor\u00e1mica<\/strong> pod\u00e9s capturar atardeceres inolvidables: la luz dorada sobre el mar, el promontorio blanco-gris y el silencio del entorno natural se combinan en una escena m\u00e1gica. Nosotros pasamos all\u00ed una hora casi en silencio, sacando fotos, disfrutando el viento y el horizonte lejano, y lo recomendamos para arrancar el viaje con buena energ\u00eda.<\/p>\n<blockquote>\n<p>Hay una peque\u00f1a bajada hacia la izquierda y se llega a la terraza \u00ab<strong>Terrazza panoramica\u00bb<\/strong> mirador.<br \/>Sin dudas, es uno de los mares m\u00e1s bellos de Calabria. Una verdadera joya \ud83d\udc8e del sur de <a href=\"https:\/\/www.recalculandoviajes.com\/italia\/\" target=\"_blank\" rel=\"noopener\">Italia<\/a> \ud83c\uddee\ud83c\uddf9.<\/p>\n<\/blockquote>\n[\/et_pb_text][et_pb_image src=\u00bbhttps:\/\/www.recalculandoviajes.com\/wp-content\/uploads\/2025\/12\/que-ver-en-capo-vaticano-mirador-terrazza-panoramica.webp\u00bb alt=\u00bbque ver en capo vaticano &#8211; mirador terrazza panoramica\u00bb title_text=\u00bbque ver en capo vaticano &#8211; mirador terrazza panoramica\u00bb _builder_version=\u00bb4.27.5&#8243; _module_preset=\u00bbdefault\u00bb global_colors_info=\u00bb{}\u00bb][\/et_pb_image][et_pb_text _builder_version=\u00bb4.27.5&#8243; _module_preset=\u00bbdefault\u00bb global_colors_info=\u00bb{}\u00bb]\n<h2>Playas de Capo Vaticano: \u2014 Qu\u00e9 ver y disfrutar \ud83e\udd29 Espectaculares!<\/h2>\n<p data-pm-slice=\"1 1 []\">Las playas son el principal atractivo <strong>que ver en Capo Vaticano<\/strong>. Con aguas cristalinas y arena dorada, este lugar es un verdadero para\u00edso. Te contamos las que consideramos indispensables.<\/p>\n<h3 id=\"playa-spiaggia-di-grotticelle\">Playa Spiaggia di Grotticelle<\/h3>\n<p>Es una de las playas m\u00e1s fascinantes y una de las principales <strong>qu\u00e9 ver en Capo Vaticano<\/strong>. Rodeada de vegetaci\u00f3n silvestre y de una larga extensi\u00f3n de arena incre\u00edblemente clara con tres playas juntas, una al lado de la otra. Denominada <strong>\u00abel Caribe calabr\u00e9s\u00bb<\/strong> por su tono de agua y su fondo.<\/p>\n<blockquote>\n<p>Nosotros optamos por llegar temprano para tener un lugar tranquilo y aprovechar para hacer snorkel: vimos peces de colores, algas y formaciones rocosas que hacen que el fondo sea tan interesante como la superficie.<\/p>\n<\/blockquote>\n[\/et_pb_text][et_pb_image src=\u00bbhttps:\/\/www.recalculandoviajes.com\/wp-content\/uploads\/2025\/12\/que-ver-en-capo-vaticano-spiaggia-di-grotticelle.webp\u00bb alt=\u00bbque ver en capo vaticano &#8211; spiaggia di grotticelle\u00bb title_text=\u00bbque ver en capo vaticano &#8211; spiaggia di grotticelle\u00bb _builder_version=\u00bb4.27.5&#8243; _module_preset=\u00bbdefault\u00bb global_colors_info=\u00bb{}\u00bb][\/et_pb_image][et_pb_text _builder_version=\u00bb4.27.6&#8243; _module_preset=\u00bbdefault\u00bb global_colors_info=\u00bb{}\u00bb]\n<h3>Playa Spiaggia Santa Maria &#8211; Santa Maria di Ricadi<\/h3>\n<p>A pocos kil\u00f3metros del cabo est\u00e1 la peque\u00f1a localidad de <strong>Santa Maria di Ricadi<\/strong>, con una playa m\u00e1s accesible y tranquila que las del cabo en s\u00ed. Tiene un ambiente m\u00e1s de pueblo costero italiano: alg\u00fan restaurante de pescado, locales con productos t\u00edpicos y ba\u00f1istas que vienen desde los pueblos de alrededor. Es un buen plan para combinar con la visita al cabo.<\/p>\n[\/et_pb_text][et_pb_text admin_label=\u00bbPlayas de Capo Vaticano\u00bb _builder_version=\u00bb4.27.6&#8243; _module_preset=\u00bbdefault\u00bb global_colors_info=\u00bb{}\u00bb]\n<h3 id=\"playa-praia-i-focu-accesible-s-lo-en-barco-\">Playa Praia i Focu \/ Praia I Focu beach(accesible s\u00f3lo en barco)<\/h3>\n<p>Una experiencia m\u00e1s aventurera: esta playa se llega preferiblemente en barco desde Grotticelle o desde un punto de embarque cercano. Est\u00e1 rodeada por tres acantilados, lo que la hace a\u00fan m\u00e1s perfecta para quienes buscan algo m\u00e1s salvaje y menos masificado.<\/p>\n[\/et_pb_text][et_pb_text _builder_version=\u00bb4.27.6&#8243; _module_preset=\u00bbdefault\u00bb global_colors_info=\u00bb{}\u00bb]\n<h3>Las Calas Salvajes del Cabo<\/h3>\n<p>Si te anim\u00e1s a caminar un poco, Capo Vaticano esconde algunas de las calas m\u00e1s hermosas que vimos en toda Calabria. Hay senderos que parten desde el mirador y llevan a peque\u00f1as playas de piedras y arenas blancas pr\u00e1cticamente sin servicios. Algunas solo son accesibles a pie o en kayak.<\/p>\n<p>Nosotros encontramos un par de calas completamente vac\u00edas en visitas de semana, fuera de la temporada alta. Llev\u00e1 agua y comida si pens\u00e1s explorar, porque no hay nada por esos senderos. La recompensa vale cada paso.<\/p>\n<h3>Otras calas\/playas: Torre Ruffa, Formicoli, Riaci<\/h3>\n<p>Para quienes tienen m\u00e1s tiempo o quieren explorar playas menos concurridas:<strong> Torre Ruffa, Formicoli y Riaci<\/strong> o <strong>Spiaggia del Tono <\/strong>ofrecen\u00a0una experiencia m\u00e1s tranquila, con paisajes de roca, vegetaci\u00f3n mediterr\u00e1nea y mar que parece pintado. La calidad del agua es excelente y muchas de estas playas son perfectas para explorar fondos marinos o simplemente relajarse al sol.<\/p>\n<p><strong>TIP<\/strong>: alquil\u00e1 sombrilla y tumbona con anticipaci\u00f3n en temporada alta, o llev\u00e1 tu toalla, agua, sombrilla y trata de llegar temprano.<\/p>\n[\/et_pb_text][et_pb_image src=\u00bbhttps:\/\/www.recalculandoviajes.com\/wp-content\/uploads\/2026\/04\/que-ver-en-capo-vaticano.webp\u00bb _builder_version=\u00bb4.27.6&#8243; _module_preset=\u00bbdefault\u00bb alt=\u00bbque ver en capo vaticano\u00bb title_text=\u00bbque ver en capo vaticano\u00bb hover_enabled=\u00bb0&#8243; sticky_enabled=\u00bb0&#8243;][\/et_pb_image][et_pb_text _builder_version=\u00bb4.27.6&#8243; _module_preset=\u00bbdefault\u00bb global_colors_info=\u00bb{}\u00bb]\n<h3>Baia del Sole<\/h3>\n<p>La <strong>Baia del Sole<\/strong> es el complejo de playas m\u00e1s conocido de Capo Vaticano. Se encuentra al norte del cabo y ofrece una serie de calas con agua cristalina, arena fina y servicios como tumbonas, sombrillas y alg\u00fan bar. En temporada alta es bastante concurrida, especialmente por turistas italianos. Fuera de julio y agosto, pod\u00e9s tener las playas casi para vos solo.<\/p>\n<p>El acceso principal es desde la carretera, bajando por una serie de escalones tallados en la roca. El agua ac\u00e1 tiene esas tonalidades que van del verde claro al azul profundo dependiendo de la hora del d\u00eda: perfecta para snorkeling y para nadar entre rocas.<\/p>\n[\/et_pb_text][et_pb_text _builder_version=\u00bb4.27.6&#8243; _module_preset=\u00bbdefault\u00bb global_colors_info=\u00bb{}\u00bb]\n<div class=\"stat-card\" style=\"background: linear-gradient(135deg, #ff7e5f 0%, #feb47b 100%); border-radius: 12px; padding: 24px; margin: 32px 0; box-shadow: 0 4px 6px rgba(0,0,0,0.1);\">\n<div style=\"display: flex; align-items: center; gap: 16px; margin-bottom: 16px;\">\n<div style=\"color: white; font-size: 14px; font-weight: 600; text-transform: uppercase; letter-spacing: 1px;\"> \u00bfSab\u00edas que\u2026? <\/div>\n<\/p><\/div>\n<div style=\"color: white; font-size: 20px; font-weight: 700; line-height: 1.4; margin-bottom: 12px;\"> Las Islas Eolias, visibles desde el mirador de Capo Vaticano, son Patrimonio de la Humanidad por la UNESCO debido a su compleja actividad volc\u00e1nica, incluyendo el famoso volc\u00e1n activo Estr\u00f3mboli. <\/div>\n<div style=\"color: rgba(255,255,255,0.9); font-size: 14px;\"> Fuente: <a href=\"https:\/\/whc.unesco.org\/en\/list\/908\" rel=\"nofollow noopener\" target=\"_blank\" style=\"color: white; text-decoration: underline;\"> UNESCO World Heritage Centre <\/a> <\/div>\n<\/p><\/div>\n[\/et_pb_text][et_pb_text _builder_version=\u00bb4.27.6&#8243; _module_preset=\u00bbdefault\u00bb global_colors_info=\u00bb{}\u00bb]\n<h2>Las Playas de Capo Vaticano: Cu\u00e1l Elegir<\/h2>\n<p>Esta es probablemente la pregunta m\u00e1s frecuente de quienes planifican la visita. La zona tiene varias opciones seg\u00fan el tipo de experiencia que busc\u00e1s:<\/p>\n<ul>\n<li><strong>Baia del Sole:<\/strong> La m\u00e1s accesible y con m\u00e1s servicios. Ideal si viaj\u00e1s con chicos o quer\u00e9s comodidad. Puede ser concurrida en verano.<\/li>\n<li><strong>Calas del sendero del faro:<\/strong> M\u00e1s salvajes, sin servicios, ideales para quienes buscan tranquilidad y no les molesta caminar un rato.<\/li>\n<li><strong>Playa de Santa Maria:<\/strong> M\u00e1s larga, con arena fina y ambiente m\u00e1s relajado. Buena opci\u00f3n si quer\u00e9s evitar las multitudes.<\/li>\n<li><strong>Calas rocosas al sur del cabo:<\/strong> Solo accesibles a pie por senderos poco marcados. Para los m\u00e1s aventureros, son las m\u00e1s impresionantes.<\/li>\n<\/ul>\n<p>El agua en todas las playas de Capo Vaticano es espectacular. La Costa degli Dei \u2014as\u00ed se llama oficialmente esta franja costera\u2014 no defrauda. Las condiciones de visibilidad para snorkeling son excelentes en casi todo el a\u00f1o.<\/p>\n[\/et_pb_text][et_pb_text admin_label=\u00bbActividades al aire libre y naturaleza\u00bb _builder_version=\u00bb4.27.6&#8243; _module_preset=\u00bbdefault\u00bb global_colors_info=\u00bb{}\u00bb]\n<h2 id=\"actividades-al-aire-libre-y-naturaleza\">Actividades al aire libre y naturaleza<\/h2>\n<p>Adem\u00e1s de sol y playa, en Capo Vaticano se puede hacer mucho m\u00e1s para conectar con la naturaleza.<\/p>\n<h3>Excursiones en barco:<\/h3>\n<p>Para visitar playas inaccesibles desde tierra, cuevas marinas, hacer snorkel o simplemente disfrutar el paisaje desde el mar.<\/p>\n<blockquote>\n<h3><a href=\"https:\/\/www.getyourguide.es\/tropea-l920\/tropea-paseo-en-barco-por-capo-vaticano-con-snorkel-y-bebida-t398105\" target=\"_blank\" rel=\"noopener\"><strong>Tropea: excursi\u00f3n en barco a Capo Vaticano con snorkel y bebida<\/strong><\/a><\/h3>\n<p><a href=\"https:\/\/www.getyourguide.es\/tropea-l920\/tropea-paseo-en-barco-por-capo-vaticano-con-snorkel-y-bebida-t398105\" target=\"_blank\" rel=\"noopener\">\u27aa RESERVA AQU\u00cd<\/a><br \/>\n<strong>Precio<\/strong>: Desde 40 \u20ac por persona.<br \/>\n<strong>Duraci\u00f3n<\/strong>: 3 horas.<br \/>\n<strong>Valoraci\u00f3n<\/strong>: 4,6 \/ 5 (1.128 opiniones)<\/p><\/blockquote>\n<h3>Snorkeling y buceo<\/h3>\n<p>El fondo marino de Capo Vaticano es uno de los mejores de Calabria. Las rocas volc\u00e1nicas, los fondos arenosos y la claridad del agua crean condiciones perfectas para el snorkeling. En temporada hay algunos operadores que ofrecen salidas de buceo y alquiler de material en la zona de Baia del Sole y en Santa Maria.<\/p>\n<h2>Impresionantes Puestas de Sol \/ Ver atardecer (il tramonto)<\/h2>\n<p>Las puestas de sol son otro de los espect\u00e1culos naturales <strong>que ver en Capo Vaticano<\/strong>. Dir\u00edgete al <strong>mirador del faro<\/strong> para presenciar c\u00f3mo el sol se esconde tras el horizonte del mar Tirreno. Inolvidable.<\/p>\n<blockquote><p>Miradores al atardecer: uno de nuestros momentos favoritos fue quedarnos en el Belvedere al caer el sol, viendo c\u00f3mo el cielo se te\u00f1\u00eda de naranja sobre el mar. El silencio y la postal fueron m\u00e1gicos.<\/p><\/blockquote>\n<h2>Aventuras en la Naturaleza &#8211; Qu\u00e9 hacer en Capo Vaticano<\/h2>\n<p>Si eres amante de la naturaleza, Capo Vaticano tambi\u00e9n tiene varios caminos por la costa para practicar senderismo y explorar la flora y fauna locales. Una zona ideal para hacer caminatas panor\u00e1micas (si no hace mucho calor),\u00a0 hay senderos desde el mirador hacia el faro y hacia calas escondidas. El entorno de vegetaci\u00f3n mediterr\u00e1nea, acantilados y vistas al mar es ideal para caminar con calma.[\/et_pb_text][et_pb_image src=\u00bbhttps:\/\/www.recalculandoviajes.com\/wp-content\/uploads\/2025\/12\/que-ver-en-capo-vaticano-playas.webp\u00bb alt=\u00bbque ver en capo vaticano &#8211; playas\u00bb title_text=\u00bbque ver en capo vaticano &#8211; playas\u00bb _builder_version=\u00bb4.27.5&#8243; _module_preset=\u00bbdefault\u00bb global_colors_info=\u00bb{}\u00bb][\/et_pb_image][et_pb_text admin_label=\u00bbcomida\u00bb _builder_version=\u00bb4.27.4&#8243; _module_preset=\u00bbdefault\u00bb global_colors_info=\u00bb{}\u00bb]\n<h2>Comida Calabresa: Gastronom\u00eda y sabores locales de Calabria<\/h2>\n<p>Uno de los placeres de visitar Capo Vaticano es degustar la deliciosa comida local. Toda, Toda la comida de la regi\u00f3n es muy buena! La regi\u00f3n de Calabria, donde se encuentra Capo Vaticano, es famosa por su cocina aut\u00e9ntica y sabrosa.<\/p><div class=\"ynpqg69f5c11a8a5ab\" ><div style=\"padding: 10px; border: 10px outset #b8174a; border-radius: 15px;\"><center><strong>\n\u261d\ufe0f <a href=\"https:\/\/recalculandoviajes.com\/iati-seguros\">VIAJA SEGURO - DESCUENTOS \/ 5% OFF IATI<\/a>!!<br\/>\ud83d\udc69\u200d\u2695\ufe0f\ud83d\udc68\u200d\u2695\ufe0f Requisito indispensable para viajar sin preocupaciones! \ud83c\udf0e\u2708\ufe0f <a href=\"https:\/\/recalculandoviajes.com\/asistencia-al-viajero\/\">Cotiz\u00e1, Compar\u00e1 y Contrat\u00e1<\/a><\/strong><\/center><\/div><br\/><\/div><style type=\"text\/css\">\r\n@media screen and (min-width: 1201px) {\r\n.ynpqg69f5c11a8a5ab {\r\ndisplay: block;\r\n}\r\n}\r\n@media screen and (min-width: 993px) and (max-width: 1200px) {\r\n.ynpqg69f5c11a8a5ab {\r\ndisplay: block;\r\n}\r\n}\r\n@media screen and (min-width: 769px) and (max-width: 992px) {\r\n.ynpqg69f5c11a8a5ab {\r\ndisplay: block;\r\n}\r\n}\r\n@media screen and (min-width: 768px) and (max-width: 768px) {\r\n.ynpqg69f5c11a8a5ab {\r\ndisplay: block;\r\n}\r\n}\r\n@media screen and (max-width: 767px) {\r\n.ynpqg69f5c11a8a5ab {\r\ndisplay: block;\r\n}\r\n}\r\n<\/style>\r\n\n<p>Platos que no te pod\u00e9s perder:<\/p>\n<ul>\n<li><strong>Macarrones con &#8216;Nduja<\/strong>, un plato a base de embutido de cerdo (picante) y pimiento rojo.<\/li>\n<li>No te pierdas la <strong>Pasta \u00abfileja\u00bb<\/strong> (Filea, filei o fileda), una pasta t\u00edpica de Vibonese preparada con agua y harina, que tiene una forma larga, como retorcidos.<\/li>\n<li><strong>Cebolla roja de Tropea<\/strong>, imperdible en los platos locales.<\/li>\n<li><strong>Pez espada (pesce spada)<\/strong> a la plancha, pescado fresco de la regi\u00f3n costera.<\/li>\n<li>Para el postre, el famos\u00edsimo <strong>Tartufo di Pizzo (muy rico)<\/strong>, un helado bomb\u00f3n originario de la zona cercana, perfecto para cerrar una cena junto al mar.<\/li>\n<\/ul>\n<p>Adem\u00e1s, no olvides acompa\u00f1ar tus comidas con un un <strong>vino tinto calabr\u00e9s<\/strong> ligero, o incluso un licor regional como el <strong>Vecchio Amaro del Capo<\/strong>, que lleva el nombre de este lugar.<\/p>\n[\/et_pb_text][et_pb_text admin_label=\u00bbclima\u00bb _builder_version=\u00bb4.27.6&#8243; _module_preset=\u00bbdefault\u00bb custom_padding=\u00bb0px|||||\u00bb global_colors_info=\u00bb{}\u00bb]\n<h2>La Mejor \u00c9poca para Visitar Capo Vaticano<\/h2>\n<p>Calabria tiene un clima mediterr\u00e1neo cl\u00e1sico: veranos muy calurosos y secos, inviernos suaves. La mejor \u00e9poca para visitar Capo Vaticano depende de qu\u00e9 busc\u00e1s:<\/p>\n<ul>\n<li><strong>Julio y agosto:<\/strong> M\u00e1xima temperatura, agua perfecta para ba\u00f1arse, pero tambi\u00e9n m\u00e1xima cantidad de turistas. Las playas se llenan y los precios suben.<\/li>\n<li><strong>Junio y septiembre:<\/strong> Nuestras \u00e9pocas preferidas para Calabria. El tiempo es ideal, el agua sigue calida y la gente es mucho menos. Es cuando el sur de Italia muestra su mejor cara.<\/li>\n<li><strong>Mayo y octubre:<\/strong> Para los que buscan tranquilidad total. Algunos servicios de playa pueden estar cerrados, pero el paisaje es igual de espectacular y los precios son considerablemente m\u00e1s bajos.<\/li>\n<li><strong>Noviembre a abril:<\/strong> Fuera de temporada. Algunas playas son accesibles pero el agua est\u00e1 fr\u00eda. Sirve para ver el cabo en modo salvaje, sin nadie. Los restaurantes y alojamientos del \u00e1rea pueden estar cerrados.<\/li>\n<\/ul>\n<blockquote>\n<p>Nosotros viajamos a fines de Mayo \/ principios de Junio y fue ideal: d\u00edas c\u00e1lidos, mar agradable, poca gente.<\/p>\n<\/blockquote>\n[\/et_pb_text][et_pb_image src=\u00bbhttps:\/\/www.recalculandoviajes.com\/wp-content\/uploads\/2025\/11\/que-ver-en-capo-vaticano-costa-de-los-dioses.jpg\u00bb alt=\u00bbque ver en capo vaticano -costa de los dioses\u00bb title_text=\u00bbque ver en capo vaticano -costa de los dioses\u00bb align=\u00bbcenter\u00bb _builder_version=\u00bb4.27.4&#8243; _module_preset=\u00bbdefault\u00bb width=\u00bb50%\u00bb global_colors_info=\u00bb{}\u00bb][\/et_pb_image][et_pb_text admin_label=\u00bbItinerario\u00bb _builder_version=\u00bb4.27.4&#8243; _module_preset=\u00bbdefault\u00bb global_colors_info=\u00bb{}\u00bb]\n<h2>Itinerario Sugerido: Qu\u00e9 ver en Capo Vaticano en 2 d\u00edas o 3 d\u00edas<\/h2>\n<p>Para organizar tu visita c\u00f3moda y sin estr\u00e9s, aqu\u00ed un ejemplo de itinerario que seguimos y recomendamos:<\/p>\n<p><strong>D\u00eda 1<\/strong><\/p>\n<ul>\n<li>Llegada y check-in al alojamiento.<\/li>\n<li>Parada inicial en el Mirador del Faro di Capo Vaticano. Vistas al mar y\/o atardecer.<\/li>\n<li>Tarde de playa.<\/li>\n<li>Cena con vistas al mar (trattoria) con platos t\u00edpicos.<\/li>\n<\/ul>\n<p><strong>D\u00eda 2<\/strong><\/p>\n<ul>\n<li>\n<p>Ma\u00f1ana en Spiaggia di Grotticelle: snorkel, paseo, relax.<\/p>\n<\/li>\n<li>\n<p>Excusi\u00f3n en barco \/ tarde en Praia i Focu o en una cala tranquila.<\/p>\n<\/li>\n<li>\n<p>Puesta de sol en la terraza panor\u00e1mica.<\/p>\n<\/li>\n<li>\n<p>Cena en un pueblo cercano, caminando por la noche.<\/p>\n<\/li>\n<\/ul>\n<p><strong>D\u00eda 3<\/strong>\u00a0(opcional)<\/p>\n<ul>\n<li>\n<p>Excursi\u00f3n en barco o caminata costera.<\/p>\n<\/li>\n<li>\n<p>Visita al pueblo de <a href=\"https:\/\/recalculandoviajes.com\/que-ver-en-tropea-la-perla-del-mar-tirreno-italia-road-trip-2022\/\">Tropea<\/a> para almuerzo y paseo.<\/p>\n<\/li>\n<li>\n<p>Relax en la playa al atardecer, despedida de Capo Vaticano.<\/p>\n<\/li>\n<\/ul>\n<p>Este tipo de organizaci\u00f3n es ideal para ver lo esencial sin correr, disfrutar cada momento y llevarnos recuerdos inolvidables.<\/p>\n[\/et_pb_text][et_pb_image src=\u00bbhttps:\/\/www.recalculandoviajes.com\/wp-content\/uploads\/2025\/12\/playas-de-capo-vaticano-que-ver.webp\u00bb alt=\u00bbplayas de capo vaticano que ver\u00bb title_text=\u00bbplayas de capo vaticano que ver\u00bb _builder_version=\u00bb4.27.5&#8243; _module_preset=\u00bbdefault\u00bb global_colors_info=\u00bb{}\u00bb][\/et_pb_image][et_pb_text admin_label=\u00bbAlojamiento\u00bb _builder_version=\u00bb4.27.6&#8243; _module_preset=\u00bbdefault\u00bb global_colors_info=\u00bb{}\u00bb]\n<h2 id=\"alojamiento-d-nde-quedarse\"><a href=\"https:\/\/www.booking.com\/searchresults.es.html?ss=Capo+Vaticano%2C+Calabria%2C+Italia\" target=\"_blank\" rel=\"noopener nofollow\">Alojamiento en Capo Vaticano<\/a>: d\u00f3nde Alojarse<\/h2>\n<p>Dependiendo del estilo de viaje, relajado, lujoso, econ\u00f3mico, la zona de Capo Vaticano ofrece buenas opciones.<\/p>\n<p><strong>Zonas recomendadas:<\/strong><\/p>\n<ul>\n<li>Santa Maria y <strong><a href=\"https:\/\/www.booking.com\/searchresults.es.html?ss=San+Nicol%C3%B2%2C+Calabria%2C+Italia\" target=\"_blank\" rel=\"noopener nofollow\">San Nicol\u00f2<\/a><\/strong>: cercan\u00eda a playas y servicios.<\/li>\n<li><strong><a href=\"https:\/\/www.booking.com\/searchresults.es.html?ss=Capo+Vaticano%2C+Calabria%2C+Italia\" target=\"_blank\" rel=\"noopener nofollow\">Alrededores del mirador\/faro<\/a><\/strong>: vistas m\u00e1s espectaculares, aunque transporte necesario.<\/li>\n<li>Tipos de hospedaje: Desde resorts con spa frente al mar hasta B&amp;B familiares y apartamentos m\u00e1s econ\u00f3micos.<\/li>\n<li><strong><a href=\"https:\/\/www.booking.com\/searchresults.es.html?ss=Capo+Vaticano%2C+Calabria%2C+Italia\" target=\"_blank\" rel=\"nofollow nofollow noopener\">\u27aa RESERVA AQU\u00cd<\/a><\/strong><\/li>\n<li><strong>Otra opci\u00f3n es <a href=\"https:\/\/www.booking.com\/searchresults.es.html?ss=Tropea%2C+Calabria%2C+Italia\" target=\"_blank\" rel=\"noopener nofollow\">alojarse en Tropea<\/a><\/strong> (20 min en coche aprox)<\/li>\n<\/ul>\n<blockquote><p>Nosotros nos <a href=\"https:\/\/www.booking.com\/searchresults.es.html?ss=Pizzo%2C+Calabria%2C+Italia\" target=\"_blank\" rel=\"nofollow noopener\">alojamos en Pizzo<\/a> (M\u00e1s econ\u00f3mico y una hora aprox de Capo Vaticano).<br \/>\n<strong><a href=\"https:\/\/www.booking.com\/searchresults.es.html?ss=Pizzo%2C+Calabria%2C+Italia\" target=\"_blank\" rel=\"nofollow nofollow noopener\">\u27aa RESERVA AQU\u00cd<\/a><\/strong><br \/>\n<strong>Consejo de pareja viajera:<\/strong> busc\u00e1 alojamiento con terraza o balc\u00f3n al mar, y acordate de reservar con antelaci\u00f3n si vas en temporada alta.<\/p><\/blockquote>\n[\/et_pb_text][et_pb_text _builder_version=\u00bb4.27.5&#8243; _module_preset=\u00bbdefault\u00bb global_colors_info=\u00bb{}\u00bb]\n<h2>Donde Dormir en Capo Vaticano y alrededores<\/h2>\n<p>&nbsp;<\/p>\n[\/et_pb_text][et_pb_code _builder_version=\u00bb4.27.5&#8243; _module_preset=\u00bbdefault\u00bb global_colors_info=\u00bb{}\u00bb]<iframe id=\"stay22-widget\" width=\"100%\" height=\"428\" src=\"https:\/\/www.stay22.com\/embed\/696f75ffa82d8b3de1174e3e\" frameborder=\"0\"><\/iframe>[\/et_pb_code][et_pb_text admin_label=\u00bbotros lugares\u00bb _builder_version=\u00bb4.27.6&#8243; _module_preset=\u00bbdefault\u00bb global_colors_info=\u00bb{}\u00bb]\n<h2>Otros lugares y Pueblos cercanos de Capo Vaticano:<\/h2>\n<p>Aunque Capo Vaticano ofrece much\u00edsimo, tambi\u00e9n vale la pena dar una vuelta por los alrededores:<\/p>\n[\/et_pb_text][et_pb_text _builder_version=\u00bb4.27.6&#8243; _module_preset=\u00bbdefault\u00bb global_colors_info=\u00bb{}\u00bb]\n<h3>Visitar Tropea &#8211; La perla de Calabria<\/h3>\n<p><a href=\"https:\/\/www.recalculandoviajes.com\/que-ver-en-tropea-un-dia\/\" target=\"_blank\" rel=\"noopener\">Tropea<\/a> es el pueblo estrella de la Costa degli Dei: construido sobre un acantilado sobre el mar, con una iglesia-santuario colgada sobre las rocas y playas preciosas en la base (<a href=\"https:\/\/www.recalculandoviajes.com\/playa-de-tropea-calabria\/\" target=\"_blank\" rel=\"noopener\">Gu\u00eda sobre las playas de Tropea<\/a>). Es una visita obligada si est\u00e1s en la zona. Combinala con Capo Vaticano en el mismo d\u00eda, son solo 15 minutos.<\/p>\n<blockquote>\n<p><strong>\u279c M\u00e1s Info: <a href=\"https:\/\/www.recalculandoviajes.com\/que-ver-en-tropea-un-dia\/\" target=\"_blank\" rel=\"noopener\">Qu\u00e9 ver en Tropea en un d\u00eda<\/a><\/strong><\/p>\n<\/blockquote>\n[\/et_pb_text][et_pb_text _builder_version=\u00bb4.27.6&#8243; _module_preset=\u00bbdefault\u00bb global_colors_info=\u00bb{}\u00bb]\n<p><strong>Otros rincones:<\/strong> Si ten\u00e9s m\u00e1s d\u00edas, pod\u00e9s explorar poblados m\u00e1s peque\u00f1os, o m\u00e1s playas de la zona, como:<\/p>\n<ul>\n<li><a href=\"https:\/\/recalculandoviajes.com\/que-ver-en-la-marinella-di-zambrone-calabria-es-asombrosa-italia-road-trip-2022\/\" target=\"_blank\" rel=\"noopener\">La playa Marinella Di ZAMBRONE<\/a>.<\/li>\n<\/ul>\n[\/et_pb_text][et_pb_text admin_label=\u00bbConsejos pr\u00e1cticos\u00bb _builder_version=\u00bb4.27.6&#8243; _module_preset=\u00bbdefault\u00bb global_colors_info=\u00bb{}\u00bb]\n<h2>Consejos Pr\u00e1cticos para Visitar Capo Vaticano y alrededores<\/h2>\n<p>Para que tu estad\u00eda en <strong>Capo Vaticano<\/strong> \/ alrededores sea fluida y placentera, te dejamos varios <strong>TIPS<\/strong>:<\/p>\n<ul>\n<li><strong>Lleg\u00e1 temprano en verano:<\/strong> El estacionamiento cerca del mirador y de Baia del Sole se llena r\u00e1pido. Antes de las 10 de la ma\u00f1ana ten\u00e9s todo mucho m\u00e1s tranquilo.<strong><\/strong><\/li>\n<li><strong>Alquiler de auto:<\/strong> aunque no estrictamente obligatorio, es <strong>muy recomendable<\/strong> si quer\u00e9s moverte libremente.<\/li>\n<li><strong>Playa remota:<\/strong> si quer\u00e9s llegar a calas m\u00e1s escondidas, control\u00e1 horarios de barquitos o acced\u00e9 <strong>temprano<\/strong> desde tierra.<\/li>\n<li><strong>Sombrilla\/tumbona:<\/strong> temporada alta implica mayor demanda; <strong>reserv\u00e1 o llev\u00e1 la tuya propia<\/strong>.<\/li>\n<li><strong>Protecci\u00f3n solar:<\/strong> el sol mediterr\u00e1neo pega fuerte, llev\u00e1 <strong>protector, sombrero, agua<\/strong>.<\/li>\n<li><strong>Horarios de comida<\/strong>: en Italia muchas trattorias abren tarde (normal para nosotros); planific\u00e1 cena despu\u00e9s de las 19:30-20\u2009h.<\/li>\n<li><strong>Llev\u00e1 agua y snacks:<\/strong> En las calas m\u00e1s alejadas no hay ning\u00fan servicio. Preparate como si fueras a una excursi\u00f3n.<\/li>\n<li><strong>Respeto al entorno<\/strong>: el paisaje de Capo Vaticano es espectacular, pero tambi\u00e9n fr\u00e1gil. <strong>No dej\u00e9s basura, respet\u00e1 senderos y fauna.<\/strong><\/li>\n<li><strong>Reserva alojamiento con anticipaci\u00f3n si viaj\u00e1s en julio\/agosto.<\/strong><\/li>\n<li><strong>Combin\u00e1 con Tropea y Pizzo:<\/strong> La zona tiene mucho para ver. Capo Vaticano como d\u00eda completo funciona bien si quer\u00e9s explorar en profundidad; si ten\u00e9s menos tiempo, combinalo con Tropea a la ma\u00f1ana o la tarde.<strong><\/strong><\/li>\n<\/ul>\n<p>Con estos simples tips, evit\u00e1s contratiempos y disfrut\u00e1s a pleno.<\/p>\n[\/et_pb_text][et_pb_text _builder_version=\u00bb4.27.6&#8243; _module_preset=\u00bbdefault\u00bb global_colors_info=\u00bb{}\u00bb]\n<h2>\u00bfNecesit\u00e1s un seguro de viaje para Italia?<\/h2>\n<p>Antes de salir, no te olvides del seguro de viaje. Para viajar a <a href=\"https:\/\/www.recalculandoviajes.com\/italia\/\" target=\"_blank\" rel=\"noopener\">Italia<\/a> y por toda <a href=\"https:\/\/www.recalculandoviajes.com\/europa\/\" target=\"_blank\" rel=\"noopener\">Europa<\/a>, nosotros usamos <strong>I<a href=\"https:\/\/www.recalculandoviajes.com\/mejor-seguro-de-viaje\/\" target=\"_blank\" rel=\"noopener\">ATI Seguros<\/a><\/strong>: cubri\u00f3 todas nuestras necesidades durante a\u00f1os de nomadismo. Adem\u00e1s, como lectores de Recalculando Viajes, tienen un <strong>5% de descuento exclusivo<\/strong> que se acumula con las promociones vigentes.<\/p>\n<blockquote>\n<p><strong><a href=\"https:\/\/recalculandoviajes.com\/iati-seguros\" target=\"_blank\" rel=\"noopener\">\u2192 Cotiz\u00e1 tu seguro con IATI y aplic\u00e1 el descuento del 5%<\/a><\/strong><\/p>\n<\/blockquote>\n[\/et_pb_text][\/et_pb_column][\/et_pb_row][et_pb_row column_structure=\u00bb1_5,3_5,1_5&#8243; _builder_version=\u00bb4.22.1&#8243; _module_preset=\u00bbdefault\u00bb global_colors_info=\u00bb{}\u00bb][et_pb_column type=\u00bb1_5&#8243; _builder_version=\u00bb4.22.1&#8243; _module_preset=\u00bbdefault\u00bb global_colors_info=\u00bb{}\u00bb][\/et_pb_column][et_pb_column type=\u00bb3_5&#8243; _builder_version=\u00bb4.22.1&#8243; _module_preset=\u00bbdefault\u00bb global_colors_info=\u00bb{}\u00bb][et_pb_text _builder_version=\u00bb4.27.4&#8243; _module_preset=\u00bbdefault\u00bb global_colors_info=\u00bb{}\u00bb]\n<h3 style=\"text-align: center;\">Mirador en la Costa de los dioses &#8211; Qu\u00e9 ver en Capo Vaticano [Video]<\/h3>\n[\/et_pb_text][et_pb_code _builder_version=\u00bb4.22.1&#8243; _module_preset=\u00bbdefault\u00bb global_colors_info=\u00bb{}\u00bb]<iframe width=\"479\" height=\"851\" src=\"https:\/\/www.youtube.com\/embed\/lX6Qs5peM1I\" title=\"Qu\u00e9 ver en Capo Vaticano \u2013 Costa de los dioses | Italia \ud83c\uddee\ud83c\uddf9 Road Trip 2022 #shorts\" frameborder=\"0\" allow=\"accelerometer; autoplay; clipboard-write; encrypted-media; gyroscope; picture-in-picture; web-share\" allowfullscreen><\/iframe>[\/et_pb_code][\/et_pb_column][et_pb_column type=\u00bb1_5&#8243; _builder_version=\u00bb4.22.1&#8243; _module_preset=\u00bbdefault\u00bb global_colors_info=\u00bb{}\u00bb][\/et_pb_column][\/et_pb_row][et_pb_row _builder_version=\u00bb4.22.1&#8243; _module_preset=\u00bbdefault\u00bb global_colors_info=\u00bb{}\u00bb][et_pb_column type=\u00bb4_4&#8243; _builder_version=\u00bb4.22.1&#8243; _module_preset=\u00bbdefault\u00bb global_colors_info=\u00bb{}\u00bb][et_pb_text admin_label=\u00bbFAQs -\u00bb _builder_version=\u00bb4.27.6&#8243; _module_preset=\u00bbdefault\u00bb global_colors_info=\u00bb{}\u00bb]\n<h2 id=\"faqs-preguntas-frecuentes-sobre-qu-ver-en-capo-vaticano\"><strong>Preguntas Frecuentes sobre Capo Vaticano &#8211; Calabria<\/strong><\/h2>\n<h3>\u00bfQu\u00e9 es Capo Vaticano?<\/h3>\n<p>Capo Vaticano es un cabo en la regi\u00f3n de Calabria, en el sur de Italia, famoso por sus acantilados, sus playas de aguas cristalinas y sus vistas espectaculares. Pertenece al municipio de Ricadi, en la provincia de Vibo Valentia, y forma parte de la llamada Costa degli Dei.<\/p>\n<h3>\u00bfQu\u00e9 hacer en Capo Vaticano?<\/h3>\n<p>En Capo Vaticano puedes disfrutar de sus espectaculares playas, practicar snorkel, ver atardeceres inolvidables y degustar la deliciosa comida calabresa. Tambi\u00e9n puedes visitar el Faro di Capo Vaticano, uno de los mejores miradores con vistas panor\u00e1micas al mar Tirreno.<\/p>\n<h3>\u00bfCu\u00e1ndo es la mejor \u00e9poca para visitar Capo Vaticano?<\/h3>\n<p>La mejor \u00e9poca para visitar Capo Vaticano es durante la primavera y el verano, de mayo a septiembre. Durante estos meses, el clima es c\u00e1lido y perfecto para disfrutar de las playas y actividades al aire libre.<\/p>\n<h3>\u00bfCu\u00e1les son las mejores playas de Capo Vaticano?<\/h3>\n<p>La Baia del Sole es la m\u00e1s conocida y accesible. Las calas al pie de los acantilados del cabo son las m\u00e1s impresionantes visualmente, aunque requieren caminar un poco. La playa de Santa Maria di Ricadi es una buena alternativa m\u00e1s tranquila.<\/p>\n<h3>\u00bfEs necesario alquilar un coche en Capo Vaticano?<\/h3>\n<p>No es estrictamente necesario alquilar un coche, pero es muy recomendable. Alquilar un auto es m\u00e1s conveniente para llegar a todos los lugares y explorar \u00e1reas cercanas, como Tropea.<\/p>\n<h3>\u00bfCu\u00e1l es la mejor playa de Capo Vaticano para snorkel?<\/h3>\n<p>La Spiaggia di Grotticelle tiene aguas transparentes y fondo variado; tambi\u00e9n Riaci y otras calas de rocas ofrecen buena experiencia de snorkel.<\/p>\n<h3>\u00bfCu\u00e1nto tiempo se necesita para explorar Capo Vaticano?<\/h3>\n<p>Una estancia de tres a cinco d\u00edas es suficiente para explorar la mayor\u00eda de las atracciones de Capo Vaticano y disfrutar de su belleza natural.<\/p>\n<h3>\u00bfCu\u00e1les son las playas m\u00e1s famosas en Capo Vaticano?<\/h3>\n<p>Algunas de las playas m\u00e1s famosas en Capo Vaticano incluyen Spiaggia di Grotticelle, Praia di Fuoco (accesible solo en barco), Spiaggia Santa Maria, Torre Ruffa, Formicoli y Riaci. Estas playas son ideales para relajarse, tomar el sol y practicar snorkel o buceo.<\/p>\n<h3>\u00bfQu\u00e9 comidas locales son recomendadas?<\/h3>\n<p>Puedes degustar la aut\u00e9ntica comida local de Calabria, que incluye platos como Macarrones con &#8216;Nduja, una pasta llamada \u00abfileja\u00bb, y la famosa cebolla roja de Tropea. El postre Tartufo de Pizzo. Los vinos locales tambi\u00e9n son una gran elecci\u00f3n.<\/p>\n<h3>\u00bfQu\u00e9 actividades al aire libre se pueden hacer en Capo Vaticano?<\/h3>\n<p>Adem\u00e1s de disfrutar de las playas, puedes presenciar impresionantes puestas de sol desde miradores como el Faro de Capo Vaticano. Tambi\u00e9n hay senderos esc\u00e9nicos para practicar senderismo y explorar la naturaleza y la fauna local.<\/p>\n<h3>\u00bfQu\u00e9 lugares cercanos se pueden visitar desde Capo Vaticano?<\/h3>\n<p>Puedes visitar Tropea, una pintoresca ciudad costera a pocos kil\u00f3metros de Capo Vaticano. Explora sus calles adoquinadas, visita la iglesia de Santa Mar\u00eda y disfruta de las vistas panor\u00e1micas desde la ciudad.<\/p>\n<h3>\u00bfQu\u00e9 alojamientos recomend\u00e1s para una pareja?<\/h3>\n<p>Una opci\u00f3n con vistas al mar, terraza privada y ubicaci\u00f3n tranquila cerca del mirador o playa es ideal. Verific\u00e1 que tenga balcon o jard\u00edn para disfrutar juntos al atardecer.<\/p>\n<h3>\u00bfCu\u00e1l es la mejor \u00e9poca para visitar Capo Vaticano sin tantas multitudes?<\/h3>\n<p>Los mejores meses para combinar buen clima con menor afluencia tur\u00edstica son junio y septiembre.<\/p>\n<h3>\u00bfQu\u00e9 es el Amaro del Capo?<\/h3>\n<p>Es un licor de hierbas t\u00edpico de Calabria que lleva el nombre del cabo. Se produce en Vibo Valentia y est\u00e1 elaborado con 29 hierbas y especias. Se sirve muy fr\u00edo como digestivo y es uno de los m\u00e1s famosos de Italia.<\/p>\n<h3>\u00bfC\u00f3mo llegar a Capo Vaticano?<\/h3>\n<p>Puedes llegar a Capo Vaticano en avi\u00f3n a trav\u00e9s de los aeropuertos cercanos o en tren y autob\u00fas desde otras ciudades italianas. Desde Tropea, que tiene estaci\u00f3n de tren, son solo 15 minutos en auto.<\/p>\n<h3>\u00bfEs posible visitar Capo Vaticano en un d\u00eda desde Tropea?<\/h3>\n<p>Perfectamente. Desde Tropea son solo 15 minutos en coche. Se puede combinar una ma\u00f1ana en Tropea con una tarde en Capo Vaticano, o dedicarle el d\u00eda entero al cabo si quer\u00e9s explorar varias playas y senderos.<\/p>\n[\/et_pb_text][et_pb_text _builder_version=\u00bb4.27.5&#8243; _module_preset=\u00bbdefault\u00bb global_colors_info=\u00bb{}\u00bb]\n<h3>\u00bfPor qu\u00e9 elegir unas vacaciones en este destino?<\/h3>\n<p>Si buscas un lugar tranquilo para desconectar este verano, planear unas <b>vacaciones Capo Vaticano<\/b> es una opci\u00f3n fant\u00e1stica. Aqu\u00ed el tiempo pasa m\u00e1s despacio y podr\u00e1s disfrutar del mar y la naturaleza sin las prisas de otros sitios tur\u00edsticos m\u00e1s masificados. Es el refugio perfecto para descansar de verdad.<\/p>\n[\/et_pb_text][et_pb_code admin_label=\u00bbFAQ google\u00bb _builder_version=\u00bb4.27.6&#8243; _module_preset=\u00bbdefault\u00bb global_colors_info=\u00bb{}\u00bb]    <script type=\"application\/ld+json\"><!-- [et_pb_line_break_holder] -->    {<!-- [et_pb_line_break_holder] -->      \"@context\": \"https:\/\/schema.org\",<!-- [et_pb_line_break_holder] -->      \"@type\": \"FAQPage\",<!-- [et_pb_line_break_holder] -->      \"mainEntity\": [{<!-- [et_pb_line_break_holder] -->        \"@type\": \"Question\",<!-- [et_pb_line_break_holder] -->        \"name\": \"\u00bfQu\u00e9 es Capo Vaticano?\",<!-- [et_pb_line_break_holder] -->        \"acceptedAnswer\": {<!-- [et_pb_line_break_holder] -->          \"@type\": \"Answer\",<!-- [et_pb_line_break_holder] -->          \"text\": \"Capo Vaticano es un cabo en la regi\u00f3n de Calabria, en el sur de Italia, famoso por sus acantilados, playas de aguas cristalinas y vistas espectaculares. Pertenece al municipio de Ricadi y forma parte de la Costa degli Dei.\"<!-- [et_pb_line_break_holder] -->        }<!-- [et_pb_line_break_holder] -->      },{<!-- [et_pb_line_break_holder] -->        \"@type\": \"Question\",<!-- [et_pb_line_break_holder] -->        \"name\": \"\u00bfQu\u00e9 hacer en Capo Vaticano?\",<!-- [et_pb_line_break_holder] -->        \"acceptedAnswer\": {<!-- [et_pb_line_break_holder] -->          \"@type\": \"Answer\",<!-- [et_pb_line_break_holder] -->          \"text\": \"Puedes disfrutar de playas paradis\u00edacas, practicar snorkel, ver atardeceres inolvidables, degustar gastronom\u00eda local y visitar el Faro di Capo Vaticano con vistas panor\u00e1micas al mar Tirreno.\"<!-- [et_pb_line_break_holder] -->        }<!-- [et_pb_line_break_holder] -->      },{<!-- [et_pb_line_break_holder] -->        \"@type\": \"Question\",<!-- [et_pb_line_break_holder] -->        \"name\": \"\u00bfCu\u00e1ndo es la mejor \u00e9poca para visitar Capo Vaticano?\",<!-- [et_pb_line_break_holder] -->        \"acceptedAnswer\": {<!-- [et_pb_line_break_holder] -->          \"@type\": \"Answer\",<!-- [et_pb_line_break_holder] -->          \"text\": \"La mejor \u00e9poca es de mayo a septiembre, cuando el clima es c\u00e1lido y perfecto para disfrutar de la playa y actividades al aire libre.\"<!-- [et_pb_line_break_holder] -->        }<!-- [et_pb_line_break_holder] -->      },{<!-- [et_pb_line_break_holder] -->        \"@type\": \"Question\",<!-- [et_pb_line_break_holder] -->        \"name\": \"\u00bfCu\u00e1les son las mejores playas de Capo Vaticano?\",<!-- [et_pb_line_break_holder] -->        \"acceptedAnswer\": {<!-- [et_pb_line_break_holder] -->          \"@type\": \"Answer\",<!-- [et_pb_line_break_holder] -->          \"text\": \"Baia del Sole es la m\u00e1s accesible, mientras que las calas bajo los acantilados son las m\u00e1s impresionantes. La playa de Santa Maria di Ricadi es una alternativa m\u00e1s tranquila.\"<!-- [et_pb_line_break_holder] -->        }<!-- [et_pb_line_break_holder] -->      },{<!-- [et_pb_line_break_holder] -->        \"@type\": \"Question\",<!-- [et_pb_line_break_holder] -->        \"name\": \"\u00bfEs necesario alquilar un coche en Capo Vaticano?\",<!-- [et_pb_line_break_holder] -->        \"acceptedAnswer\": {<!-- [et_pb_line_break_holder] -->          \"@type\": \"Answer\",<!-- [et_pb_line_break_holder] -->          \"text\": \"No es obligatorio, pero s\u00ed muy recomendable para explorar la zona y visitar lugares cercanos como Tropea con mayor comodidad.\"<!-- [et_pb_line_break_holder] -->        }<!-- [et_pb_line_break_holder] -->      },{<!-- [et_pb_line_break_holder] -->        \"@type\": \"Question\",<!-- [et_pb_line_break_holder] -->        \"name\": \"\u00bfCu\u00e1l es la mejor playa para hacer snorkel?\",<!-- [et_pb_line_break_holder] -->        \"acceptedAnswer\": {<!-- [et_pb_line_break_holder] -->          \"@type\": \"Answer\",<!-- [et_pb_line_break_holder] -->          \"text\": \"Spiaggia di Grotticelle destaca por sus aguas cristalinas y fondo marino variado. Tambi\u00e9n Riaci y otras calas rocosas ofrecen excelentes condiciones.\"<!-- [et_pb_line_break_holder] -->        }<!-- [et_pb_line_break_holder] -->      },{<!-- [et_pb_line_break_holder] -->        \"@type\": \"Question\",<!-- [et_pb_line_break_holder] -->        \"name\": \"\u00bfCu\u00e1nto tiempo se necesita para explorar Capo Vaticano?\",<!-- [et_pb_line_break_holder] -->        \"acceptedAnswer\": {<!-- [et_pb_line_break_holder] -->          \"@type\": \"Answer\",<!-- [et_pb_line_break_holder] -->          \"text\": \"Una estancia de tres a cinco d\u00edas es suficiente para conocer sus principales playas, miradores y disfrutar de su entorno natural.\"<!-- [et_pb_line_break_holder] -->        }<!-- [et_pb_line_break_holder] -->      },{<!-- [et_pb_line_break_holder] -->        \"@type\": \"Question\",<!-- [et_pb_line_break_holder] -->        \"name\": \"\u00bfCu\u00e1les son las playas m\u00e1s famosas en Capo Vaticano?\",<!-- [et_pb_line_break_holder] -->        \"acceptedAnswer\": {<!-- [et_pb_line_break_holder] -->          \"@type\": \"Answer\",<!-- [et_pb_line_break_holder] -->          \"text\": \"Las m\u00e1s conocidas son Spiaggia di Grotticelle, Praia di Fuoco, Spiaggia Santa Maria, Torre Ruffa, Formicoli y Riaci, ideales para relajarse y practicar snorkel o buceo.\"<!-- [et_pb_line_break_holder] -->        }<!-- [et_pb_line_break_holder] -->      },{<!-- [et_pb_line_break_holder] -->        \"@type\": \"Question\",<!-- [et_pb_line_break_holder] -->        \"name\": \"\u00bfQu\u00e9 comidas locales son recomendadas?\",<!-- [et_pb_line_break_holder] -->        \"acceptedAnswer\": {<!-- [et_pb_line_break_holder] -->          \"@type\": \"Answer\",<!-- [et_pb_line_break_holder] -->          \"text\": \"Se recomienda probar platos como macarrones con nduja, pasta fileja, la cebolla roja de Tropea, el postre Tartufo de Pizzo y vinos locales.\"<!-- [et_pb_line_break_holder] -->        }<!-- [et_pb_line_break_holder] -->      },{<!-- [et_pb_line_break_holder] -->        \"@type\": \"Question\",<!-- [et_pb_line_break_holder] -->        \"name\": \"\u00bfQu\u00e9 actividades al aire libre se pueden hacer?\",<!-- [et_pb_line_break_holder] -->        \"acceptedAnswer\": {<!-- [et_pb_line_break_holder] -->          \"@type\": \"Answer\",<!-- [et_pb_line_break_holder] -->          \"text\": \"Adem\u00e1s de la playa, puedes disfrutar de senderismo, explorar miradores como el Faro y observar la naturaleza y fauna local.\"<!-- [et_pb_line_break_holder] -->        }<!-- [et_pb_line_break_holder] -->      },{<!-- [et_pb_line_break_holder] -->        \"@type\": \"Question\",<!-- [et_pb_line_break_holder] -->        \"name\": \"\u00bfQu\u00e9 lugares cercanos se pueden visitar?\",<!-- [et_pb_line_break_holder] -->        \"acceptedAnswer\": {<!-- [et_pb_line_break_holder] -->          \"@type\": \"Answer\",<!-- [et_pb_line_break_holder] -->          \"text\": \"Tropea es el destino m\u00e1s cercano y popular, con calles hist\u00f3ricas, vistas panor\u00e1micas y la iglesia de Santa Mar\u00eda.\"<!-- [et_pb_line_break_holder] -->        }<!-- [et_pb_line_break_holder] -->      },{<!-- [et_pb_line_break_holder] -->        \"@type\": \"Question\",<!-- [et_pb_line_break_holder] -->        \"name\": \"\u00bfQu\u00e9 alojamiento es recomendable para una pareja?\",<!-- [et_pb_line_break_holder] -->        \"acceptedAnswer\": {<!-- [et_pb_line_break_holder] -->          \"@type\": \"Answer\",<!-- [et_pb_line_break_holder] -->          \"text\": \"Se recomienda elegir alojamientos tranquilos con vistas al mar, terraza privada y cercanos a playas o miradores, idealmente con balc\u00f3n o jard\u00edn.\"<!-- [et_pb_line_break_holder] -->        }<!-- [et_pb_line_break_holder] -->      },{<!-- [et_pb_line_break_holder] -->        \"@type\": \"Question\",<!-- [et_pb_line_break_holder] -->        \"name\": \"\u00bfCu\u00e1l es la mejor \u00e9poca para evitar multitudes?\",<!-- [et_pb_line_break_holder] -->        \"acceptedAnswer\": {<!-- [et_pb_line_break_holder] -->          \"@type\": \"Answer\",<!-- [et_pb_line_break_holder] -->          \"text\": \"Junio y septiembre son los mejores meses para disfrutar de buen clima con menos turistas.\"<!-- [et_pb_line_break_holder] -->        }<!-- [et_pb_line_break_holder] -->      },{<!-- [et_pb_line_break_holder] -->        \"@type\": \"Question\",<!-- [et_pb_line_break_holder] -->        \"name\": \"\u00bfQu\u00e9 es el Amaro del Capo?\",<!-- [et_pb_line_break_holder] -->        \"acceptedAnswer\": {<!-- [et_pb_line_break_holder] -->          \"@type\": \"Answer\",<!-- [et_pb_line_break_holder] -->          \"text\": \"Es un licor de hierbas t\u00edpico de Calabria elaborado con 29 ingredientes, producido en Vibo Valentia y servido muy fr\u00edo como digestivo.\"<!-- [et_pb_line_break_holder] -->        }<!-- [et_pb_line_break_holder] -->      },{<!-- [et_pb_line_break_holder] -->        \"@type\": \"Question\",<!-- [et_pb_line_break_holder] -->        \"name\": \"\u00bfC\u00f3mo llegar a Capo Vaticano?\",<!-- [et_pb_line_break_holder] -->        \"acceptedAnswer\": {<!-- [et_pb_line_break_holder] -->          \"@type\": \"Answer\",<!-- [et_pb_line_break_holder] -->          \"text\": \"Se puede llegar en avi\u00f3n a aeropuertos cercanos, o en tren y autob\u00fas. Desde Tropea, el trayecto es de unos 15 minutos en coche.\"<!-- [et_pb_line_break_holder] -->        }<!-- [et_pb_line_break_holder] -->      },{<!-- [et_pb_line_break_holder] -->        \"@type\": \"Question\",<!-- [et_pb_line_break_holder] -->        \"name\": \"\u00bfSe puede visitar Capo Vaticano en un d\u00eda desde Tropea?\",<!-- [et_pb_line_break_holder] -->        \"acceptedAnswer\": {<!-- [et_pb_line_break_holder] -->          \"@type\": \"Answer\",<!-- [et_pb_line_break_holder] -->          \"text\": \"S\u00ed, es totalmente posible. Se puede combinar con una visita a Tropea o dedicar el d\u00eda completo a recorrer playas y miradores.\"<!-- [et_pb_line_break_holder] -->        }<!-- [et_pb_line_break_holder] -->      }]<!-- [et_pb_line_break_holder] -->    }<!-- [et_pb_line_break_holder] -->    <\/script><!-- [et_pb_line_break_holder] -->[\/et_pb_code][et_pb_text admin_label=\u00bbConclusi\u00f3n\u00bb _builder_version=\u00bb4.27.6&#8243; _module_preset=\u00bbdefault\u00bb global_colors_info=\u00bb{}\u00bb]\n<h2>Conclusi\u00f3n<\/h2>\n<p>En nuestra experiencia como pareja viajera de Recalculando Viajes, <strong>qu\u00e9 ver en Capo Vaticano<\/strong>\u00a0result\u00f3 ser mucho m\u00e1s que una lista de lugares bonitos: fue un <strong>descubrimiento aut\u00e9ntico de mar, naturaleza, historia y sabores<\/strong>. Este rinc\u00f3n de Calabria combina la <strong>paz de un para\u00edso costero<\/strong> con la magia de un pasado ancestral y la calidez de la gastronom\u00eda local.<\/p>\n<p>Si est\u00e1s buscando un destino para relajarte, caminar con vistas al infinito, sumergirte en aguas cristalinas y saborear la Italia menos conocida&#8230; <strong>Capo Vaticano lo tiene todo. Prepar\u00e1 las valijas, reserv\u00e1 con anticipaci\u00f3n<\/strong> y dejate conquistar por esta joya del Tirreno. \u00a1Nos enamor\u00f3 y estamos seguros de que a vos tambi\u00e9n te va a encantar!<\/p>\n<p>Si quer\u00e9s seguir descubriendo la zona, tambi\u00e9n te recomendamos leer nuestra gu\u00eda sobre <a href=\"https:\/\/www.recalculandoviajes.com\/que-ver-en-finale-di-pollina-sicilia-italia\/\" target=\"_blank\" rel=\"noopener\">qu\u00e9 ver en Finale di Pollina<\/a> (Sicilia) o explorar <a href=\"https:\/\/www.recalculandoviajes.com\/que-ver-en-florencia\/\" target=\"_blank\" rel=\"noopener\">otras joyas italianas<\/a>. \u00a1Buen viaje!<\/p>\n[\/et_pb_text][\/et_pb_column][\/et_pb_row][et_pb_row admin_label=\u00bbLinks \u00fatiles 2025&#8243; _builder_version=\u00bb4.27.4&#8243; _module_preset=\u00bbdefault\u00bb locked=\u00bboff\u00bb global_colors_info=\u00bb{}\u00bb][et_pb_column type=\u00bb4_4&#8243; _builder_version=\u00bb4.27.4&#8243; _module_preset=\u00bbdefault\u00bb global_colors_info=\u00bb{}\u00bb][et_pb_text _builder_version=\u00bb4.27.4&#8243; _module_preset=\u00bbdefault\u00bb global_colors_info=\u00bb{}\u00bb]\n<p><strong>\u2139\ufe0f **Transparencia Total**<\/strong><\/p>\n<p>Este art\u00edculo contiene enlaces de afiliados. Si contratas a trav\u00e9s de estos enlaces, podemos recibir una peque\u00f1a comisi\u00f3n sin coste adicional para ti. Solo recomendamos servicios que usamos en nuestros viajes y en los que confiamos. Esto nos ayuda a mantener este blog gratuito y seguir creando contenido \u00fatil para ti. \u00a1Gracias por tu apoyo!<\/p>\n[\/et_pb_text][et_pb_code _builder_version=\u00bb4.27.4&#8243; _module_preset=\u00bbdefault\u00bb global_colors_info=\u00bb{}\u00bb]\n<style><!-- [et_pb_line_break_holder] -->.hakoit-links {<!-- [et_pb_line_break_holder] -->}<!-- [et_pb_line_break_holder] --><!-- [et_pb_line_break_holder] -->.hakoit-links .links-utiles-a {<!-- [et_pb_line_break_holder] -->  background: linear-gradient(135deg, #b8174a 0%, #d41f5c 100%);<!-- [et_pb_line_break_holder] -->  padding: 25px 20px;<!-- [et_pb_line_break_holder] -->  border-radius: 12px;<!-- [et_pb_line_break_holder] -->  margin: 40px 0;<!-- [et_pb_line_break_holder] -->}<!-- [et_pb_line_break_holder] --><!-- [et_pb_line_break_holder] -->.hakoit-links .links-utiles-a h2 {<!-- [et_pb_line_break_holder] -->  color: white;<!-- [et_pb_line_break_holder] -->  font-size: 24px;<!-- [et_pb_line_break_holder] -->  margin-bottom: 20px;<!-- [et_pb_line_break_holder] -->  text-align: center;<!-- [et_pb_line_break_holder] -->  text-shadow: 0 2px 4px rgba(0,0,0,0.2);<!-- [et_pb_line_break_holder] -->}<!-- [et_pb_line_break_holder] --><!-- [et_pb_line_break_holder] -->.hakoit-links .cards-grid-a {<!-- [et_pb_line_break_holder] -->  display: grid;<!-- [et_pb_line_break_holder] -->  grid-template-columns: repeat(auto-fit, minmax(280px, 1fr));<!-- [et_pb_line_break_holder] -->  gap: 12px;<!-- [et_pb_line_break_holder] -->}<!-- [et_pb_line_break_holder] --><!-- [et_pb_line_break_holder] -->.hakoit-links .card-a {<!-- [et_pb_line_break_holder] -->  background: white;<!-- [et_pb_line_break_holder] -->  border-radius: 8px;<!-- [et_pb_line_break_holder] -->  padding: 15px;<!-- [et_pb_line_break_holder] -->  display: flex;<!-- [et_pb_line_break_holder] -->  align-items: center;<!-- [et_pb_line_break_holder] -->  gap: 12px;<!-- [et_pb_line_break_holder] -->  transition: all 0.3s ease;<!-- [et_pb_line_break_holder] -->  text-decoration: none;<!-- [et_pb_line_break_holder] -->  color: #333;<!-- [et_pb_line_break_holder] -->  box-shadow: 0 2px 8px rgba(0,0,0,0.1);<!-- [et_pb_line_break_holder] -->}<!-- [et_pb_line_break_holder] --><!-- [et_pb_line_break_holder] -->.hakoit-links .card-a:hover {<!-- [et_pb_line_break_holder] -->  transform: translateY(-3px);<!-- [et_pb_line_break_holder] -->  box-shadow: 0 6px 16px rgba(184, 23, 74, 0.25);<!-- [et_pb_line_break_holder] -->}<!-- [et_pb_line_break_holder] --><!-- [et_pb_line_break_holder] -->.hakoit-links .card-icon-a {<!-- [et_pb_line_break_holder] -->  font-size: 28px;<!-- [et_pb_line_break_holder] -->  min-width: 45px;<!-- [et_pb_line_break_holder] -->  text-align: center;<!-- [et_pb_line_break_holder] -->}<!-- [et_pb_line_break_holder] --><!-- [et_pb_line_break_holder] -->.hakoit-links .card-content-a {<!-- [et_pb_line_break_holder] -->  flex: 1;<!-- [et_pb_line_break_holder] -->}<!-- [et_pb_line_break_holder] --><!-- [et_pb_line_break_holder] -->.hakoit-links .card-content-a strong {<!-- [et_pb_line_break_holder] -->  display: block;<!-- [et_pb_line_break_holder] -->  font-size: 15px;<!-- [et_pb_line_break_holder] -->  color: #b8174a;<!-- [et_pb_line_break_holder] -->  margin-bottom: 2px;<!-- [et_pb_line_break_holder] -->  line-height: 1.3;<!-- [et_pb_line_break_holder] -->}<!-- [et_pb_line_break_holder] --><!-- [et_pb_line_break_holder] -->.hakoit-links .card-content-a span {<!-- [et_pb_line_break_holder] -->  font-size: 12px;<!-- [et_pb_line_break_holder] -->  color: #666666;<!-- [et_pb_line_break_holder] -->  line-height: 1.3;<!-- [et_pb_line_break_holder] -->}<!-- [et_pb_line_break_holder] --><!-- [et_pb_line_break_holder] -->.hakoit-links .badge-a {<!-- [et_pb_line_break_holder] -->  background: linear-gradient(135deg, #ff6b6b, #ff5252);<!-- [et_pb_line_break_holder] -->  color: white;<!-- [et_pb_line_break_holder] -->  padding: 4px 8px;<!-- [et_pb_line_break_holder] -->  border-radius: 12px;<!-- [et_pb_line_break_holder] -->  font-size: 10px;<!-- [et_pb_line_break_holder] -->  font-weight: bold;<!-- [et_pb_line_break_holder] -->  white-space: nowrap;<!-- [et_pb_line_break_holder] -->}<!-- [et_pb_line_break_holder] --><!-- [et_pb_line_break_holder] -->.hakoit-links .ver-descuentos-a {<!-- [et_pb_line_break_holder] -->  text-align: center;<!-- [et_pb_line_break_holder] -->  margin-top: 30px;<!-- [et_pb_line_break_holder] -->}<!-- [et_pb_line_break_holder] --><!-- [et_pb_line_break_holder] -->.hakoit-links .ver-descuentos-a a {<!-- [et_pb_line_break_holder] -->  display: inline-block;<!-- [et_pb_line_break_holder] -->  background: white;<!-- [et_pb_line_break_holder] -->  color: #b8174a;<!-- [et_pb_line_break_holder] -->  padding: 12px 22px;<!-- [et_pb_line_break_holder] -->  border-radius: 10px;<!-- [et_pb_line_break_holder] -->  text-decoration: none;<!-- [et_pb_line_break_holder] -->  font-weight: bold;<!-- [et_pb_line_break_holder] -->  box-shadow: 0 3px 10px rgba(0,0,0,0.15);<!-- [et_pb_line_break_holder] -->  transition: all 0.3s ease;<!-- [et_pb_line_break_holder] -->}<!-- [et_pb_line_break_holder] --><!-- [et_pb_line_break_holder] -->.hakoit-links .ver-descuentos-a a:hover {<!-- [et_pb_line_break_holder] --><!-- [et_pb_line_break_holder] -->  transform: translateY(-2px);<!-- [et_pb_line_break_holder] -->  box-shadow: 0 4px 12px rgba(184,23,74,0.3);<!-- [et_pb_line_break_holder] -->}<!-- [et_pb_line_break_holder] --><!-- [et_pb_line_break_holder] -->\/* Optimizaci\u00f3n m\u00f3vil *\/<!-- [et_pb_line_break_holder] -->@media (max-width: 768px) {<!-- [et_pb_line_break_holder] -->  .hakoit-links .links-utiles-a {<!-- [et_pb_line_break_holder] -->    padding: 20px 15px;<!-- [et_pb_line_break_holder] -->  }<!-- [et_pb_line_break_holder] --><!-- [et_pb_line_break_holder] -->  .hakoit-links .links-utiles-a h2 {<!-- [et_pb_line_break_holder] -->    font-size: 20px;<!-- [et_pb_line_break_holder] -->    margin-bottom: 15px;<!-- [et_pb_line_break_holder] -->  }<!-- [et_pb_line_break_holder] --><!-- [et_pb_line_break_holder] -->  .hakoit-links .cards-grid-a {<!-- [et_pb_line_break_holder] -->    grid-template-columns: 1fr;<!-- [et_pb_line_break_holder] -->    gap: 10px;<!-- [et_pb_line_break_holder] -->  }<!-- [et_pb_line_break_holder] --><!-- [et_pb_line_break_holder] -->  .hakoit-links .card-a {<!-- [et_pb_line_break_holder] -->    padding: 12px;<!-- [et_pb_line_break_holder] -->  }<!-- [et_pb_line_break_holder] --><!-- [et_pb_line_break_holder] -->  .hakoit-links .card-icon-a {<!-- [et_pb_line_break_holder] -->    font-size: 24px;<!-- [et_pb_line_break_holder] -->    min-width: 40px;<!-- [et_pb_line_break_holder] -->  }<!-- [et_pb_line_break_holder] --><!-- [et_pb_line_break_holder] -->  .hakoit-links .card-content-a strong {<!-- [et_pb_line_break_holder] -->    font-size: 14px;<!-- [et_pb_line_break_holder] -->  }<!-- [et_pb_line_break_holder] --><!-- [et_pb_line_break_holder] -->  .hakoit-links .card-content-a span {<!-- [et_pb_line_break_holder] -->    font-size: 11px;<!-- [et_pb_line_break_holder] -->  }<!-- [et_pb_line_break_holder] --><!-- [et_pb_line_break_holder] -->  .hakoit-links .ver-descuentos-a a {<!-- [et_pb_line_break_holder] -->    display: block;<!-- [et_pb_line_break_holder] -->    margin: 0 auto;<!-- [et_pb_line_break_holder] -->    font-size: 16px;<!-- [et_pb_line_break_holder] -->    padding: 14px 0;<!-- [et_pb_line_break_holder] -->    width: 100%;<!-- [et_pb_line_break_holder] -->    max-width: 320px;<!-- [et_pb_line_break_holder] -->  }<!-- [et_pb_line_break_holder] -->}<!-- [et_pb_line_break_holder] --><\/style>\n[\/et_pb_code][et_pb_code _builder_version=\u00bb4.27.4&#8243; _module_preset=\u00bbdefault\u00bb global_colors_info=\u00bb{}\u00bb]<!-- [et_pb_line_break_holder] --><\/p>\n<div class=\"hakoit-links\"><!-- [et_pb_line_break_holder] -->  <\/p>\n<div class=\"links-utiles-a\"><!-- [et_pb_line_break_holder] -->    <\/p>\n<h2>\ud83d\udd17 Recursos y Links \u00datiles para tu Viaje a Capo Vaticano<\/h2>\n<p><!-- [et_pb_line_break_holder] -->    <\/p>\n<div class=\"cards-grid-a\"><!-- [et_pb_line_break_holder] --><!-- [et_pb_line_break_holder] -->      <a href=\"https:\/\/recalculandoviajes.com\/asistencia-al-viajero\/\" target=\"_blank\" rel=\"noopener noreferrer\" class=\"card-a\"><!-- [et_pb_line_break_holder] -->        <\/p>\n<div class=\"card-icon-a\">\ud83d\udc68\u200d\u2695\ufe0f<\/div>\n<p><!-- [et_pb_line_break_holder] -->        <\/p>\n<div class=\"card-content-a\"><!-- [et_pb_line_break_holder] -->          <strong>Asistencia al Viajero<\/strong><!-- [et_pb_line_break_holder] -->          <span>Cotiz\u00e1 y contrat\u00e1 online<\/span><!-- [et_pb_line_break_holder] -->        <\/div>\n<p><!-- [et_pb_line_break_holder] -->        <span class=\"badge-a\">-5%<\/span><!-- [et_pb_line_break_holder] -->      <\/a><!-- [et_pb_line_break_holder] --><!-- [et_pb_line_break_holder] -->      <a href=\"https:\/\/recalculandoviajes.com\/booking-off\" target=\"_blank\" rel=\"noopener noreferrer\" class=\"card-a\"><!-- [et_pb_line_break_holder] -->        <\/p>\n<div class=\"card-icon-a\">\ud83c\udfe8<\/div>\n<p><!-- [et_pb_line_break_holder] -->        <\/p>\n<div class=\"card-content-a\"><!-- [et_pb_line_break_holder] -->          <strong>Alojamiento en Capo Vaticano<\/strong><!-- [et_pb_line_break_holder] -->          <span>Mejores precios garantizados<\/span><!-- [et_pb_line_break_holder] -->        <\/div>\n<p><!-- [et_pb_line_break_holder] -->        <span class=\"badge-a\">Hasta -20%<\/span><!-- [et_pb_line_break_holder] -->      <\/a><!-- [et_pb_line_break_holder] --><!-- [et_pb_line_break_holder] -->      <a href=\"https:\/\/www.civitatis.com\/es\/tropea\/?aid=102442\" target=\"_blank\" rel=\"noopener noreferrer\" class=\"card-a\"><!-- [et_pb_line_break_holder] -->        <\/p>\n<div class=\"card-icon-a\">\ud83c\udfaf<\/div>\n<p><!-- [et_pb_line_break_holder] -->        <\/p>\n<div class=\"card-content-a\"><!-- [et_pb_line_break_holder] -->          <strong>Tours, Actividades y Excursiones<\/strong><!-- [et_pb_line_break_holder] -->          <span>Tours En Espa\u00f1ol<\/span><!-- [et_pb_line_break_holder] -->        <\/div>\n<p><!-- [et_pb_line_break_holder] -->      <\/a><!-- [et_pb_line_break_holder] --><!-- [et_pb_line_break_holder] -->      <a href=\"https:\/\/recalculandoviajes.com\/holafly-off\" target=\"_blank\" rel=\"noopener noreferrer\" class=\"card-a\"><!-- [et_pb_line_break_holder] -->        <\/p>\n<div class=\"card-icon-a\">\ud83d\udcf1<\/div>\n<p><!-- [et_pb_line_break_holder] -->        <\/p>\n<div class=\"card-content-a\"><!-- [et_pb_line_break_holder] -->          <strong>eSIM con Datos<\/strong><!-- [et_pb_line_break_holder] -->          <span>Internet ilimitado en Italia\/Europa<\/span><!-- [et_pb_line_break_holder] -->        <\/div>\n<p><!-- [et_pb_line_break_holder] -->        <span class=\"badge-a\">-5%<\/span><!-- [et_pb_line_break_holder] -->      <\/a><!-- [et_pb_line_break_holder] --><!-- [et_pb_line_break_holder] -->      <a href=\"https:\/\/recalculandoviajes.com\/omio-off\" target=\"_blank\" rel=\"noopener noreferrer\" class=\"card-a\"><!-- [et_pb_line_break_holder] -->        <\/p>\n<div class=\"card-icon-a\">\ud83d\ude86<\/div>\n<p><!-- [et_pb_line_break_holder] -->        <\/p>\n<div class=\"card-content-a\"><!-- [et_pb_line_break_holder] -->          <strong>Transporte<\/strong><!-- [et_pb_line_break_holder] -->          <span>Trenes, buses y vuelos baratos<\/span><!-- [et_pb_line_break_holder] -->        <\/div>\n<p><!-- [et_pb_line_break_holder] -->                <span class=\"badge-a\">-\u20ac10<\/span><!-- [et_pb_line_break_holder] -->      <\/a><!-- [et_pb_line_break_holder] --><!-- [et_pb_line_break_holder] -->      <a href=\"https:\/\/recalculandoviajes.com\/italia\" target=\"_blank\" class=\"card-a\"><!-- [et_pb_line_break_holder] -->        <\/p>\n<div class=\"card-icon-a\">\u2708\ufe0f<\/div>\n<p><!-- [et_pb_line_break_holder] -->        <\/p>\n<div class=\"card-content-a\"><!-- [et_pb_line_break_holder] -->          <strong>Gu\u00eda completa de Italia<\/strong><!-- [et_pb_line_break_holder] -->          <span>Todo lo que necesit\u00e1s saber<\/span><!-- [et_pb_line_break_holder] -->        <\/div>\n<p><!-- [et_pb_line_break_holder] -->      <\/a><!-- [et_pb_line_break_holder] -->    <\/div>\n<p><!-- [et_pb_line_break_holder] -->    <\/p>\n<div class=\"ver-descuentos-a\"><!-- [et_pb_line_break_holder] -->      <a href=\"https:\/\/recalculandoviajes.com\/descuentos\" target=\"_blank\" rel=\"noopener noreferrer\"><!-- [et_pb_line_break_holder] -->        \ud83d\udc49 <strong>Todos los Descuentos \u2b50\ufe0f<\/strong><!-- [et_pb_line_break_holder] -->      <\/a><!-- [et_pb_line_break_holder] -->    <\/div>\n<p>    <!-- [et_pb_line_break_holder] -->  <\/div>\n<p><!-- [et_pb_line_break_holder] --><\/div>\n<p><!-- [et_pb_line_break_holder] -->[\/et_pb_code][et_pb_text _builder_version=\u00bb4.27.4&#8243; _module_preset=\u00bbdefault\u00bb global_colors_info=\u00bb{}\u00bb]\n<blockquote>\n<p>\u00bfTen\u00e9s dudas o quer\u00e9s sumar tus propias recomendaciones sobre <strong data-start=\"526\" data-end=\"550\">qu\u00e9 ver en Capo Vaticano y alrededores<\/strong>?<br \/>\ud83d\udcac Dej\u00e1 tu comentario o <a href=\"https:\/\/recalculandoviajes.com\/contacto\/\" target=\"_blank\" rel=\"noopener\">escribinos<\/a>, nos encanta leer las experiencias de otros viajeros.<br data-start=\"644\" data-end=\"647\" \/>\u00a1Muchas Gracias por ser parte de esta aventura!<\/p>\n<p>\u2014\u00a0<strong>Nanu &amp; Facu \ud83c\udf0e | Recalculando Viajes \ud83d\udc9c<\/strong><\/p>\n<\/blockquote>\n[\/et_pb_text][\/et_pb_column][\/et_pb_row][\/et_pb_section]\n<div class=\"pklrl69f5c11a7138f\" ><br\/>\n<div class=\"rpbt_shortcode\">\n<h3>Tambi\u00e9n podr\u00eda interesarte:<\/h3>\n<style type=\"text\/css\">\n\t\t\t#rpbt-related-gallery-1 {\n\t\t\t\tmargin: auto;\n\t\t\t}\n\t\t\t#rpbt-related-gallery-1 .gallery-item {\n\t\t\t\tfloat: left;\n\t\t\t\tmargin-top: 10px;\n\t\t\t\ttext-align: center;\n\t\t\t\twidth: 33%;\n\t\t\t}\n\t\t\t#rpbt-related-gallery-1 img {\n\t\t\t\tborder: 2px solid #cfcfcf;\n\t\t\t}\n\t\t\t#rpbt-related-gallery-1 .gallery-caption {\n\t\t\t\tmargin-left: 0;\n\t\t\t}\n\t\t\t\/* see gallery_shortcode() in wp-includes\/media.php *\/\n\t\t<\/style>\n\t\t<div id='rpbt-related-gallery-1' class='gallery related-gallery related-galleryid-8708 gallery-columns-3 gallery-size-large'><dl class='gallery-item' role='figure' aria-label='Qu\u00e9 ver en Tropea en un d\u00eda: Gu\u00eda esencial con los mejores lugares 2026 | Italia Road Trip'>\n\t\t\t<dt class='gallery-icon landscape'>\n\t\t\t\t<a href='https:\/\/www.recalculandoviajes.com\/que-ver-en-tropea-un-dia\/'><img width=\"1080\" height=\"675\" src=\"https:\/\/www.recalculandoviajes.com\/wp-content\/uploads\/2026\/04\/que-ver-en-tropea-un-dia.webp\" class=\"attachment-large size-large\" alt=\"que ver en tropea un dia\" aria-describedby=\"rpbt-related-gallery-1-6027\" srcset=\"https:\/\/www.recalculandoviajes.com\/wp-content\/uploads\/2026\/04\/que-ver-en-tropea-un-dia.webp 1080w, https:\/\/www.recalculandoviajes.com\/wp-content\/uploads\/2026\/04\/que-ver-en-tropea-un-dia-980x613.webp 980w, https:\/\/www.recalculandoviajes.com\/wp-content\/uploads\/2026\/04\/que-ver-en-tropea-un-dia-480x300.webp 480w\" sizes=\"(min-width: 0px) and (max-width: 480px) 480px, (min-width: 481px) and (max-width: 980px) 980px, (min-width: 981px) 1080px, 100vw\" \/><\/a>\n\t\t\t<\/dt>\n\t\t\t\t<dd class='wp-caption-text gallery-caption' id='rpbt-related-gallery-1-6027'>\n\t\t\t\t<a href=\"https:\/\/www.recalculandoviajes.com\/que-ver-en-tropea-un-dia\/\">Qu\u00e9 ver en Tropea en un d\u00eda: Gu\u00eda esencial con los mejores lugares 2026 | Italia Road Trip<\/a>\n\t\t\t\t<\/dd><\/dl><dl class='gallery-item' role='figure' aria-label='Playa de Tropea, Calabria: Gu\u00eda Completa e Imperdible 2026 | Italia'>\n\t\t\t<dt class='gallery-icon landscape'>\n\t\t\t\t<a href='https:\/\/www.recalculandoviajes.com\/playa-de-tropea-calabria\/'><img width=\"1080\" height=\"675\" src=\"https:\/\/www.recalculandoviajes.com\/wp-content\/uploads\/2026\/04\/playa-de-tropea-calabria.webp\" class=\"attachment-large size-large\" alt=\"playa de tropea calabria\" aria-describedby=\"rpbt-related-gallery-1-6034\" srcset=\"https:\/\/www.recalculandoviajes.com\/wp-content\/uploads\/2026\/04\/playa-de-tropea-calabria.webp 1080w, https:\/\/www.recalculandoviajes.com\/wp-content\/uploads\/2026\/04\/playa-de-tropea-calabria-980x613.webp 980w, https:\/\/www.recalculandoviajes.com\/wp-content\/uploads\/2026\/04\/playa-de-tropea-calabria-480x300.webp 480w\" sizes=\"(min-width: 0px) and (max-width: 480px) 480px, (min-width: 481px) and (max-width: 980px) 980px, (min-width: 981px) 1080px, 100vw\" \/><\/a>\n\t\t\t<\/dt>\n\t\t\t\t<dd class='wp-caption-text gallery-caption' id='rpbt-related-gallery-1-6034'>\n\t\t\t\t<a href=\"https:\/\/www.recalculandoviajes.com\/playa-de-tropea-calabria\/\">Playa de Tropea, Calabria: Gu\u00eda Completa e Imperdible 2026 | Italia<\/a>\n\t\t\t\t<\/dd><\/dl><dl class='gallery-item' role='figure' aria-label='Mirador de Tropea en la costa de los dioses &#8211; Calabria un sue\u00f1o del sur de Italia &#8211; Road Trip'>\n\t\t\t<dt class='gallery-icon portrait'>\n\t\t\t\t<a href='https:\/\/www.recalculandoviajes.com\/mirador-de-tropea-en-la-costa-de-los-dioses-calabria-un-sueno-del-sur-de-italia-road-trip-2022\/'><img width=\"608\" height=\"1080\" src=\"https:\/\/www.recalculandoviajes.com\/wp-content\/uploads\/2022\/09\/Tropea-y-su-costa-Calabria-un-sueno-del-sur-de-608x1080.jpg\" class=\"attachment-large size-large\" alt=\"Mirador de Tropea\" aria-describedby=\"rpbt-related-gallery-1-6019\" \/><\/a>\n\t\t\t<\/dt>\n\t\t\t\t<dd class='wp-caption-text gallery-caption' id='rpbt-related-gallery-1-6019'>\n\t\t\t\t<a href=\"https:\/\/www.recalculandoviajes.com\/mirador-de-tropea-en-la-costa-de-los-dioses-calabria-un-sueno-del-sur-de-italia-road-trip-2022\/\">Mirador de Tropea en la costa de los dioses &#8211; Calabria un sue\u00f1o del sur de Italia &#8211; Road Trip<\/a>\n\t\t\t\t<\/dd><\/dl><br style=\"clear: both\" \/>\n\t\t<\/div>\n<\/div><\/div><style type=\"text\/css\">\r\n@media screen and (min-width: 1201px) {\r\n.pklrl69f5c11a7138f {\r\ndisplay: block;\r\n}\r\n}\r\n@media screen and (min-width: 993px) and (max-width: 1200px) {\r\n.pklrl69f5c11a7138f {\r\ndisplay: block;\r\n}\r\n}\r\n@media screen and (min-width: 769px) and (max-width: 992px) {\r\n.pklrl69f5c11a7138f {\r\ndisplay: block;\r\n}\r\n}\r\n@media screen and (min-width: 768px) and (max-width: 768px) {\r\n.pklrl69f5c11a7138f {\r\ndisplay: block;\r\n}\r\n}\r\n@media screen and (max-width: 767px) {\r\n.pklrl69f5c11a7138f {\r\ndisplay: block;\r\n}\r\n}\r\n<\/style>\r\n","protected":false},"excerpt":{"rendered":"<p>Cuando planeamos nuestro road-trip por el sur de Italia, inmediatamente nos llam\u00f3 la atenci\u00f3n ese fue\u00a0Capo Vaticano. La famosa Costa degli Dei (costa de los dioses), es uno de los secretos mejor guardados de Italia. Acantilados que caen en picada sobre un mar de un azul imposible, calas escondidas entre rocas y un ambiente que [&hellip;]<\/p>\n","protected":false},"author":2,"featured_media":14528,"comment_status":"open","ping_status":"open","sticky":false,"template":"","format":"standard","meta":{"_et_pb_use_builder":"on","_et_pb_old_content":"Qu\u00e9 ver en Capo Vaticano \ud83c\udfa5 \u3030\ufe0f Costa degli Dei \ud83d\udcab\u2728.\r\n\u2022\r\nFotos desde el mirador \"Terrazza panoramica\" donde esta el faro de Faro di Capo Vaticano.\r\nLa Costa degli Dei (Costa de los dioses), es un tramo de la costa calabresa, con 55 kil\u00f3metros de playas alucinantes con un mar turquesa y cristalino que va desde Nicotera hasta Pizzo.\r\n\r\nHay una peque\u00f1a bajada hacia la izquierda y se llega a la terraza \"Terrazza panoramica\" mirador. Es, sin lugar a dudas, uno de los mares m\u00e1s bellos de Calabria.\r\n\u2022\r\nUna verdadera joya \ud83d\udc8e del sur de Italia \ud83c\uddee\ud83c\uddf9.\r\n\u2022\r\nQu\u00e9 les parece ??? \ud83d\udc42\ud83d\udc42.\r\n\r\n\u2022\u2022\u2022\u2022\u2022\u2022\u2022\u2022\u2022\u2022\u2022\u2022\u2022\u2022\u2022\u2022\u2022\u2022\u2022\u2022\u2022\u2022\u2022\u2022\u2022\u2022\u2022\u2022\u2022\u2022\u2022\u2022\u2022\u2022\u2022\u2022\u2022\u2022\u2022\u2022\u2022\u2022\u2022\u2022\u2022\u2022\u2022\u2022\u2022\u2022\r\n<blockquote class=\"instagram-media\" style=\"background: border:0; border-radius: 3px; box-shadow: 0 0 1px 0 rgba(0,0,0,0.5),0 1px 10px 0 rgba(0,0,0,0.15); margin: 1px; max-width: 658px; padding: 0; width: calc(100% - 2px);\" data-instgrm-permalink=\"http:\/\/instagram.com\/p\/Cjln6Y1q4zk\" data-instgrm-version=\"8\">\u00a0<\/blockquote>\r\n<script async defer src=\"\/\/www.instagram.com\/embed.js\"><\/script>\r\n\r\n\u00a0\r\n<div style=\"padding: 10px; border: 10px outset #b8174a; border-radius: 15px;\"><center><strong>Aca les compartimos \ud83d\udcb2<a href=\"https:\/\/recalculandoviajes.com\/descuentos\/\">Descuentos para tus viajes $$$<\/a> \u2708\ufe0f: Airbnb - Booking y m\u00e1s! <\/strong><\/center><\/div>\r\n<img style=\"display: none;\" src=\"https:\/\/recalculandoviajes.com\/wp-content\/uploads\/2022\/10\/Capo-Vaticano-Costa-degli-Dei-La-Costa-degli-Dei-Costa.jpg\" alt=\"RecalculandoViajes\" \/>\r\n\r\n\u00a0\r\n\r\n\u00a0\r\n\r\n\u00a0\r\n\r\n\u00a0\r\n<blockquote class=\"instagram-media\" style=\"background: #FFF; border: 0; border-radius: 3px; box-shadow: 0 0 1px 0 rgba(0,0,0,0.5),0 1px 10px 0 rgba(0,0,0,0.15); margin: 1px; max-width: 658px; padding: 0; width: calc(100% - 2px);\" data-instgrm-permalink=\"http:\/\/instagram.com\/p\/Cjln6Y1q4zk\" data-instgrm-version=\"8\">\u00a0<\/blockquote>\r\n<script async defer src=\"\/\/www.instagram.com\/embed.js\"><\/script>\r\n\r\n\u00a0\r\n<blockquote class=\"instagram-media\" style=\"background: #FFF; border: 0; border-radius: 3px; box-shadow: 0 0 1px 0 rgba(0,0,0,0.5),0 1px 10px 0 rgba(0,0,0,0.15); margin: 1px; max-width: 658px; padding: 0; width: calc(100% - 2px);\" data-instgrm-captioned=\"\" data-instgrm-version=\"6\">\r\n<div style=\"padding: 8px;\">\r\n<div style=\"background: #F8F8F8; line-height: 0; margin-top: 40px; padding: 50.0% 0; text-align: center; width: 100%;\">\r\n<div style=\"background: url(data:image\/png; base64,ivborw0kggoaaaansuheugaaacwaaaascamaaaapwqozaaaagfbmveuiiii9pt0ehh4gib4hibkchbwchbwchbydr+jqaaaachrstlmaba4yhyqsm5jtamwaaadfsurbvdjl7zvbegmhcaqbaf\/\/42xcnbpaqakcm0ftumfaaibe81iqbjds3ls6zs3bipb9wed3yyxfpmhrft8sgyrcp1x8ueuxlmznwelfoycv6mhwwwmzdpekhlhlw7nwjqkhc4uizphavdza2jpzudsbzzinae2s6owh8xpmx8g7zzgkeopuoyhvgz1tbcxmkd3kwnvbu0gkhkx+izilf77iofhry1nyfnb\/lqpb79drwoyjva\/davg9b\/rlb4cc+nqgdz\/tvbbbnr6gbreqn\/nrmdgaqeej7whonozjf+y2i\/fzou\/qaaaaaelftksuqmcc); display: block; height: 44px; margin: 0 auto -44px; position: relative; top: -22px; width: 44px;\"><\/div>\r\n<\/div>\r\n<p style=\"margin: 8px 0 0 0; padding: 0 4px;\"><a style=\"color: #000; font-family: Arial,sans-serif; font-size: 14px; font-style: normal; font-weight: normal; line-height: 17px; text-decoration: none; word-wrap: break-word;\" href=\"http:\/\/instagram.com\/p\/Cjln6Y1q4zk\" target=\"_blank\" rel=\"noopener\">\ud83c\udfa5Capo Vaticano \u3030\ufe0f Costa degli Dei \ud83d\udcab\u2728.\r\n\u2022\r\nLa Costa degli Dei (Costa de los dioses), es un tramo de la costa calabresa, con 55 kil\u00f3metros de playas alucinantes con un mar turquesa y cristalino que va desde Nicotera hasta Pizzo.\r\n\u2022\r\nUna verdadera joya \ud83d\udc8e del sur de Italia \ud83c\uddee\ud83c\uddf9.\r\n\u2022\r\nQue les parece ??? \ud83d\udc42\ud83d\udc42.<\/a><\/p>\r\n\u2022\u2022\u2022\u2022\u2022\u2022\u2022\u2022\u2022\u2022\u2022\u2022\u2022\u2022\u2022\u2022\u2022\u2022\u2022\u2022\u2022\u2022\u2022\u2022\u2022\u2022\u2022\u2022\u2022\u2022\u2022\u2022\u2022\u2022\u2022\u2022\u2022\u2022\u2022\u2022\u2022\u2022\u2022\u2022\u2022\u2022\u2022\u2022\u2022\u2022\r\n#recalculando #recalculandoviajes #travel #viajes #viajar #voyage #travelphotography #traveling #travelblog #travels #cuoplesinlove #wanderlust #coupletravel #couplegoals #blogtravel #lifestyleblogger #lifetravel #lifetraveling #europa #europe #roadtrip #italia #italy #calabria #capovaticano #costadeglidei\r\n<blockquote class=\"instagram-media\" style=\"background: #FFF; border: 0; border-radius: 3px; box-shadow: 0 0 1px 0 rgba(0,0,0,0.5),0 1px 10px 0 rgba(0,0,0,0.15); margin: 1px; max-width: 658px; padding: 0; width: calc(100% - 2px);\" data-instgrm-permalink=\"http:\/\/instagram.com\/p\/Cjln6Y1q4zk\" data-instgrm-version=\"8\">\u00a0<\/blockquote>\r\n<script async defer src=\"\/\/www.instagram.com\/embed.js\"><\/script>\r\n<p style=\"color: #c9c8cd; font-family: Arial,sans-serif; font-size: 14px; line-height: 17px; margin-bottom: 0; margin-top: 8px; overflow: hidden; padding: 8px 0 7px; text-align: center; text-overflow: ellipsis; white-space: nowrap;\">A photo posted by \u211d\ud835\udd56\ud835\udd54\ud835\udd52\ud835\udd5d\ud835\udd54\ud835\udd66\ud835\udd5d\ud835\udd52\ud835\udd5f\ud835\udd55\ud835\udd60 \ud835\udd67\ud835\udd5a\ud835\udd52\ud835\udd5b\ud835\udd56\ud835\udd64 (@recalculandoviajes) on <time style=\"font-family: Arial,sans-serif; font-size: 14px; line-height: 17px;\" datetime=\"2022-10-11 21:18:35\">2022-10-11 21:18:35<\/time><\/p>\r\n\r\n<\/div><\/blockquote>\r\n<script async defer src=\"\/\/platform.instagram.com\/en_US\/embeds.js\"><\/script>\r\nQu\u00e9 ver en Capo Vaticano, playas en Capo Vaticano, Spiagge Capo Vaticano, Mirador de Capo Vaticano (Belvedere Capo Vaticano)\u00a0 , Italia Road Trip 2022\r\n<a href=\"http:\/\/instagram.com\/p\/Cjln6Y1q4zk\">Instagram Link<\/a>","_et_gb_content_width":"","footnotes":""},"categories":[3,24,48,115],"tags":[118,41,117,170,85,168,169,165,166,49],"class_list":["post-8708","post","type-post","status-publish","format-standard","has-post-thumbnail","hentry","category-blog","category-europa","category-italia","category-lugares","tag-destinos","tag-italia","tag-lugares","tag-mirador","tag-playas","tag-playas-de-calabria","tag-que-ver-en-capo-vaticano","tag-road-trip","tag-spiaggia","tag-viajes"],"yoast_head":"<!-- This site is optimized with the Yoast SEO plugin v27.5 - https:\/\/yoast.com\/product\/yoast-seo-wordpress\/ -->\n<title>Qu\u00e9 ver en Capo Vaticano - Gu\u00eda completa 2026 La Costa de los dioses | Italia - Recalculando Viajes<\/title>\n<meta name=\"description\" content=\"Todo lo que ten\u00e9s que saber para visitar Capo Vaticano en Calabria: playas, miradores, c\u00f3mo llegar y consejos de viajeros. Gu\u00eda 2026\" \/>\n<meta name=\"robots\" content=\"index, follow, max-snippet:-1, max-image-preview:large, max-video-preview:-1\" \/>\n<link rel=\"canonical\" href=\"https:\/\/www.recalculandoviajes.com\/que-ver-en-capo-vaticano-italia\/\" \/>\n<meta property=\"og:locale\" content=\"es_ES\" \/>\n<meta property=\"og:type\" content=\"article\" \/>\n<meta property=\"og:title\" content=\"Qu\u00e9 ver en Capo Vaticano - Gu\u00eda completa 2026 La Costa de los dioses | Italia - Recalculando Viajes\" \/>\n<meta property=\"og:description\" content=\"Todo lo que ten\u00e9s que saber para visitar Capo Vaticano en Calabria: playas, miradores, c\u00f3mo llegar y consejos de viajeros. Gu\u00eda 2026\" \/>\n<meta property=\"og:url\" content=\"https:\/\/www.recalculandoviajes.com\/que-ver-en-capo-vaticano-italia\/\" \/>\n<meta property=\"og:site_name\" content=\"Recalculando Viajes\" \/>\n<meta property=\"article:publisher\" content=\"https:\/\/www.facebook.com\/recalculandov\/\" \/>\n<meta property=\"article:published_time\" content=\"2026-02-05T12:02:25+00:00\" \/>\n<meta property=\"article:modified_time\" content=\"2026-04-12T16:30:23+00:00\" \/>\n<meta property=\"og:image\" content=\"https:\/\/www.recalculandoviajes.com\/wp-content\/uploads\/2026\/02\/que-ver-en-capo-vaticano-italia.webp\" \/>\n\t<meta property=\"og:image:width\" content=\"1080\" \/>\n\t<meta property=\"og:image:height\" content=\"675\" \/>\n\t<meta property=\"og:image:type\" content=\"image\/webp\" \/>\n<meta name=\"author\" content=\"Recalculando\" \/>\n<meta name=\"twitter:card\" content=\"summary_large_image\" \/>\n<meta name=\"twitter:label1\" content=\"Escrito por\" \/>\n\t<meta name=\"twitter:data1\" content=\"Recalculando\" \/>\n\t<meta name=\"twitter:label2\" content=\"Tiempo de lectura\" \/>\n\t<meta name=\"twitter:data2\" content=\"20 minutos\" \/>\n<script type=\"application\/ld+json\" class=\"yoast-schema-graph\">{\"@context\":\"https:\\\/\\\/schema.org\",\"@graph\":[{\"@type\":\"Article\",\"@id\":\"https:\\\/\\\/www.recalculandoviajes.com\\\/que-ver-en-capo-vaticano-italia\\\/#article\",\"isPartOf\":{\"@id\":\"https:\\\/\\\/www.recalculandoviajes.com\\\/que-ver-en-capo-vaticano-italia\\\/\"},\"author\":{\"name\":\"Recalculando\",\"@id\":\"https:\\\/\\\/www.recalculandoviajes.com\\\/#\\\/schema\\\/person\\\/45c0b1c25ad93f6f5e6a9a87bd3c39f4\"},\"headline\":\"Qu\u00e9 ver en Capo Vaticano &#8211; Gu\u00eda completa 2026 La Costa de los dioses | Italia\",\"datePublished\":\"2026-02-05T12:02:25+00:00\",\"dateModified\":\"2026-04-12T16:30:23+00:00\",\"mainEntityOfPage\":{\"@id\":\"https:\\\/\\\/www.recalculandoviajes.com\\\/que-ver-en-capo-vaticano-italia\\\/\"},\"wordCount\":5717,\"commentCount\":0,\"publisher\":{\"@id\":\"https:\\\/\\\/www.recalculandoviajes.com\\\/#organization\"},\"image\":{\"@id\":\"https:\\\/\\\/www.recalculandoviajes.com\\\/que-ver-en-capo-vaticano-italia\\\/#primaryimage\"},\"thumbnailUrl\":\"https:\\\/\\\/www.recalculandoviajes.com\\\/wp-content\\\/uploads\\\/2026\\\/02\\\/que-ver-en-capo-vaticano-italia.webp\",\"keywords\":[\"destinos\",\"Italia\",\"lugares\",\"mirador\",\"Playas\",\"playas de Calabria\",\"qu\u00e9 ver en Capo Vaticano\",\"Road-Trip\",\"Spiaggia\",\"Viajes\"],\"articleSection\":[\"Blog\",\"Europa\",\"Italia\",\"Lugares\"],\"inLanguage\":\"es\",\"potentialAction\":[{\"@type\":\"CommentAction\",\"name\":\"Comment\",\"target\":[\"https:\\\/\\\/www.recalculandoviajes.com\\\/que-ver-en-capo-vaticano-italia\\\/#respond\"]}]},{\"@type\":\"WebPage\",\"@id\":\"https:\\\/\\\/www.recalculandoviajes.com\\\/que-ver-en-capo-vaticano-italia\\\/\",\"url\":\"https:\\\/\\\/www.recalculandoviajes.com\\\/que-ver-en-capo-vaticano-italia\\\/\",\"name\":\"Qu\u00e9 ver en Capo Vaticano - Gu\u00eda completa 2026 La Costa de los dioses | Italia - Recalculando Viajes\",\"isPartOf\":{\"@id\":\"https:\\\/\\\/www.recalculandoviajes.com\\\/#website\"},\"primaryImageOfPage\":{\"@id\":\"https:\\\/\\\/www.recalculandoviajes.com\\\/que-ver-en-capo-vaticano-italia\\\/#primaryimage\"},\"image\":{\"@id\":\"https:\\\/\\\/www.recalculandoviajes.com\\\/que-ver-en-capo-vaticano-italia\\\/#primaryimage\"},\"thumbnailUrl\":\"https:\\\/\\\/www.recalculandoviajes.com\\\/wp-content\\\/uploads\\\/2026\\\/02\\\/que-ver-en-capo-vaticano-italia.webp\",\"datePublished\":\"2026-02-05T12:02:25+00:00\",\"dateModified\":\"2026-04-12T16:30:23+00:00\",\"description\":\"Todo lo que ten\u00e9s que saber para visitar Capo Vaticano en Calabria: playas, miradores, c\u00f3mo llegar y consejos de viajeros. Gu\u00eda 2026\",\"breadcrumb\":{\"@id\":\"https:\\\/\\\/www.recalculandoviajes.com\\\/que-ver-en-capo-vaticano-italia\\\/#breadcrumb\"},\"inLanguage\":\"es\",\"potentialAction\":[{\"@type\":\"ReadAction\",\"target\":[\"https:\\\/\\\/www.recalculandoviajes.com\\\/que-ver-en-capo-vaticano-italia\\\/\"]}]},{\"@type\":\"ImageObject\",\"inLanguage\":\"es\",\"@id\":\"https:\\\/\\\/www.recalculandoviajes.com\\\/que-ver-en-capo-vaticano-italia\\\/#primaryimage\",\"url\":\"https:\\\/\\\/www.recalculandoviajes.com\\\/wp-content\\\/uploads\\\/2026\\\/02\\\/que-ver-en-capo-vaticano-italia.webp\",\"contentUrl\":\"https:\\\/\\\/www.recalculandoviajes.com\\\/wp-content\\\/uploads\\\/2026\\\/02\\\/que-ver-en-capo-vaticano-italia.webp\",\"width\":1080,\"height\":675,\"caption\":\"que ver en capo vaticano - italia\"},{\"@type\":\"BreadcrumbList\",\"@id\":\"https:\\\/\\\/www.recalculandoviajes.com\\\/que-ver-en-capo-vaticano-italia\\\/#breadcrumb\",\"itemListElement\":[{\"@type\":\"ListItem\",\"position\":1,\"name\":\"Portada\",\"item\":\"https:\\\/\\\/www.recalculandoviajes.com\\\/\"},{\"@type\":\"ListItem\",\"position\":2,\"name\":\"Qu\u00e9 ver en Capo Vaticano &#8211; Gu\u00eda completa 2026 La Costa de los dioses | Italia\"}]},{\"@type\":\"WebSite\",\"@id\":\"https:\\\/\\\/www.recalculandoviajes.com\\\/#website\",\"url\":\"https:\\\/\\\/www.recalculandoviajes.com\\\/\",\"name\":\"Recalculando viajes\",\"description\":\"Compartimos nuestra gran aventura de Vivir viajando\",\"publisher\":{\"@id\":\"https:\\\/\\\/www.recalculandoviajes.com\\\/#organization\"},\"potentialAction\":[{\"@type\":\"SearchAction\",\"target\":{\"@type\":\"EntryPoint\",\"urlTemplate\":\"https:\\\/\\\/www.recalculandoviajes.com\\\/?s={search_term_string}\"},\"query-input\":{\"@type\":\"PropertyValueSpecification\",\"valueRequired\":true,\"valueName\":\"search_term_string\"}}],\"inLanguage\":\"es\"},{\"@type\":\"Organization\",\"@id\":\"https:\\\/\\\/www.recalculandoviajes.com\\\/#organization\",\"name\":\"Recalculando Viajes\",\"url\":\"https:\\\/\\\/www.recalculandoviajes.com\\\/\",\"logo\":{\"@type\":\"ImageObject\",\"inLanguage\":\"es\",\"@id\":\"https:\\\/\\\/www.recalculandoviajes.com\\\/#\\\/schema\\\/logo\\\/image\\\/\",\"url\":\"https:\\\/\\\/recalculandoviajes.com\\\/wp-content\\\/uploads\\\/2018\\\/07\\\/RecalculandoLogo-1.png\",\"contentUrl\":\"https:\\\/\\\/recalculandoviajes.com\\\/wp-content\\\/uploads\\\/2018\\\/07\\\/RecalculandoLogo-1.png\",\"width\":581,\"height\":591,\"caption\":\"Recalculando Viajes\"},\"image\":{\"@id\":\"https:\\\/\\\/www.recalculandoviajes.com\\\/#\\\/schema\\\/logo\\\/image\\\/\"},\"sameAs\":[\"https:\\\/\\\/www.facebook.com\\\/recalculandov\\\/\",\"https:\\\/\\\/instagram.com\\\/recalculandoviajes\",\"https:\\\/\\\/www.pinterest.com\\\/recalculandoviajes\\\/\",\"https:\\\/\\\/www.youtube.com\\\/channel\\\/UCl9mlzCiqE_YLnQkoL9tzqA\"]},{\"@type\":\"Person\",\"@id\":\"https:\\\/\\\/www.recalculandoviajes.com\\\/#\\\/schema\\\/person\\\/45c0b1c25ad93f6f5e6a9a87bd3c39f4\",\"name\":\"Recalculando\",\"image\":{\"@type\":\"ImageObject\",\"inLanguage\":\"es\",\"@id\":\"https:\\\/\\\/secure.gravatar.com\\\/avatar\\\/58d2e33768366ade0cef2e2c7a9373a6fac4865a9ac09e8feef3ba56ceddb9b0?s=96&d=mm&r=g\",\"url\":\"https:\\\/\\\/secure.gravatar.com\\\/avatar\\\/58d2e33768366ade0cef2e2c7a9373a6fac4865a9ac09e8feef3ba56ceddb9b0?s=96&d=mm&r=g\",\"contentUrl\":\"https:\\\/\\\/secure.gravatar.com\\\/avatar\\\/58d2e33768366ade0cef2e2c7a9373a6fac4865a9ac09e8feef3ba56ceddb9b0?s=96&d=mm&r=g\",\"caption\":\"Recalculando\"}}]}<\/script>\n<!-- \/ Yoast SEO plugin. -->","yoast_head_json":{"title":"Qu\u00e9 ver en Capo Vaticano - Gu\u00eda completa 2026 La Costa de los dioses | Italia - Recalculando Viajes","description":"Todo lo que ten\u00e9s que saber para visitar Capo Vaticano en Calabria: playas, miradores, c\u00f3mo llegar y consejos de viajeros. Gu\u00eda 2026","robots":{"index":"index","follow":"follow","max-snippet":"max-snippet:-1","max-image-preview":"max-image-preview:large","max-video-preview":"max-video-preview:-1"},"canonical":"https:\/\/www.recalculandoviajes.com\/que-ver-en-capo-vaticano-italia\/","og_locale":"es_ES","og_type":"article","og_title":"Qu\u00e9 ver en Capo Vaticano - Gu\u00eda completa 2026 La Costa de los dioses | Italia - Recalculando Viajes","og_description":"Todo lo que ten\u00e9s que saber para visitar Capo Vaticano en Calabria: playas, miradores, c\u00f3mo llegar y consejos de viajeros. Gu\u00eda 2026","og_url":"https:\/\/www.recalculandoviajes.com\/que-ver-en-capo-vaticano-italia\/","og_site_name":"Recalculando Viajes","article_publisher":"https:\/\/www.facebook.com\/recalculandov\/","article_published_time":"2026-02-05T12:02:25+00:00","article_modified_time":"2026-04-12T16:30:23+00:00","og_image":[{"width":1080,"height":675,"url":"https:\/\/www.recalculandoviajes.com\/wp-content\/uploads\/2026\/02\/que-ver-en-capo-vaticano-italia.webp","type":"image\/webp"}],"author":"Recalculando","twitter_card":"summary_large_image","twitter_misc":{"Escrito por":"Recalculando","Tiempo de lectura":"20 minutos"},"schema":{"@context":"https:\/\/schema.org","@graph":[{"@type":"Article","@id":"https:\/\/www.recalculandoviajes.com\/que-ver-en-capo-vaticano-italia\/#article","isPartOf":{"@id":"https:\/\/www.recalculandoviajes.com\/que-ver-en-capo-vaticano-italia\/"},"author":{"name":"Recalculando","@id":"https:\/\/www.recalculandoviajes.com\/#\/schema\/person\/45c0b1c25ad93f6f5e6a9a87bd3c39f4"},"headline":"Qu\u00e9 ver en Capo Vaticano &#8211; Gu\u00eda completa 2026 La Costa de los dioses | Italia","datePublished":"2026-02-05T12:02:25+00:00","dateModified":"2026-04-12T16:30:23+00:00","mainEntityOfPage":{"@id":"https:\/\/www.recalculandoviajes.com\/que-ver-en-capo-vaticano-italia\/"},"wordCount":5717,"commentCount":0,"publisher":{"@id":"https:\/\/www.recalculandoviajes.com\/#organization"},"image":{"@id":"https:\/\/www.recalculandoviajes.com\/que-ver-en-capo-vaticano-italia\/#primaryimage"},"thumbnailUrl":"https:\/\/www.recalculandoviajes.com\/wp-content\/uploads\/2026\/02\/que-ver-en-capo-vaticano-italia.webp","keywords":["destinos","Italia","lugares","mirador","Playas","playas de Calabria","qu\u00e9 ver en Capo Vaticano","Road-Trip","Spiaggia","Viajes"],"articleSection":["Blog","Europa","Italia","Lugares"],"inLanguage":"es","potentialAction":[{"@type":"CommentAction","name":"Comment","target":["https:\/\/www.recalculandoviajes.com\/que-ver-en-capo-vaticano-italia\/#respond"]}]},{"@type":"WebPage","@id":"https:\/\/www.recalculandoviajes.com\/que-ver-en-capo-vaticano-italia\/","url":"https:\/\/www.recalculandoviajes.com\/que-ver-en-capo-vaticano-italia\/","name":"Qu\u00e9 ver en Capo Vaticano - Gu\u00eda completa 2026 La Costa de los dioses | Italia - Recalculando Viajes","isPartOf":{"@id":"https:\/\/www.recalculandoviajes.com\/#website"},"primaryImageOfPage":{"@id":"https:\/\/www.recalculandoviajes.com\/que-ver-en-capo-vaticano-italia\/#primaryimage"},"image":{"@id":"https:\/\/www.recalculandoviajes.com\/que-ver-en-capo-vaticano-italia\/#primaryimage"},"thumbnailUrl":"https:\/\/www.recalculandoviajes.com\/wp-content\/uploads\/2026\/02\/que-ver-en-capo-vaticano-italia.webp","datePublished":"2026-02-05T12:02:25+00:00","dateModified":"2026-04-12T16:30:23+00:00","description":"Todo lo que ten\u00e9s que saber para visitar Capo Vaticano en Calabria: playas, miradores, c\u00f3mo llegar y consejos de viajeros. Gu\u00eda 2026","breadcrumb":{"@id":"https:\/\/www.recalculandoviajes.com\/que-ver-en-capo-vaticano-italia\/#breadcrumb"},"inLanguage":"es","potentialAction":[{"@type":"ReadAction","target":["https:\/\/www.recalculandoviajes.com\/que-ver-en-capo-vaticano-italia\/"]}]},{"@type":"ImageObject","inLanguage":"es","@id":"https:\/\/www.recalculandoviajes.com\/que-ver-en-capo-vaticano-italia\/#primaryimage","url":"https:\/\/www.recalculandoviajes.com\/wp-content\/uploads\/2026\/02\/que-ver-en-capo-vaticano-italia.webp","contentUrl":"https:\/\/www.recalculandoviajes.com\/wp-content\/uploads\/2026\/02\/que-ver-en-capo-vaticano-italia.webp","width":1080,"height":675,"caption":"que ver en capo vaticano - italia"},{"@type":"BreadcrumbList","@id":"https:\/\/www.recalculandoviajes.com\/que-ver-en-capo-vaticano-italia\/#breadcrumb","itemListElement":[{"@type":"ListItem","position":1,"name":"Portada","item":"https:\/\/www.recalculandoviajes.com\/"},{"@type":"ListItem","position":2,"name":"Qu\u00e9 ver en Capo Vaticano &#8211; Gu\u00eda completa 2026 La Costa de los dioses | Italia"}]},{"@type":"WebSite","@id":"https:\/\/www.recalculandoviajes.com\/#website","url":"https:\/\/www.recalculandoviajes.com\/","name":"Recalculando viajes","description":"Compartimos nuestra gran aventura de Vivir viajando","publisher":{"@id":"https:\/\/www.recalculandoviajes.com\/#organization"},"potentialAction":[{"@type":"SearchAction","target":{"@type":"EntryPoint","urlTemplate":"https:\/\/www.recalculandoviajes.com\/?s={search_term_string}"},"query-input":{"@type":"PropertyValueSpecification","valueRequired":true,"valueName":"search_term_string"}}],"inLanguage":"es"},{"@type":"Organization","@id":"https:\/\/www.recalculandoviajes.com\/#organization","name":"Recalculando Viajes","url":"https:\/\/www.recalculandoviajes.com\/","logo":{"@type":"ImageObject","inLanguage":"es","@id":"https:\/\/www.recalculandoviajes.com\/#\/schema\/logo\/image\/","url":"https:\/\/recalculandoviajes.com\/wp-content\/uploads\/2018\/07\/RecalculandoLogo-1.png","contentUrl":"https:\/\/recalculandoviajes.com\/wp-content\/uploads\/2018\/07\/RecalculandoLogo-1.png","width":581,"height":591,"caption":"Recalculando Viajes"},"image":{"@id":"https:\/\/www.recalculandoviajes.com\/#\/schema\/logo\/image\/"},"sameAs":["https:\/\/www.facebook.com\/recalculandov\/","https:\/\/instagram.com\/recalculandoviajes","https:\/\/www.pinterest.com\/recalculandoviajes\/","https:\/\/www.youtube.com\/channel\/UCl9mlzCiqE_YLnQkoL9tzqA"]},{"@type":"Person","@id":"https:\/\/www.recalculandoviajes.com\/#\/schema\/person\/45c0b1c25ad93f6f5e6a9a87bd3c39f4","name":"Recalculando","image":{"@type":"ImageObject","inLanguage":"es","@id":"https:\/\/secure.gravatar.com\/avatar\/58d2e33768366ade0cef2e2c7a9373a6fac4865a9ac09e8feef3ba56ceddb9b0?s=96&d=mm&r=g","url":"https:\/\/secure.gravatar.com\/avatar\/58d2e33768366ade0cef2e2c7a9373a6fac4865a9ac09e8feef3ba56ceddb9b0?s=96&d=mm&r=g","contentUrl":"https:\/\/secure.gravatar.com\/avatar\/58d2e33768366ade0cef2e2c7a9373a6fac4865a9ac09e8feef3ba56ceddb9b0?s=96&d=mm&r=g","caption":"Recalculando"}}]}},"_links":{"self":[{"href":"https:\/\/www.recalculandoviajes.com\/recalculando-api\/wp\/v2\/posts\/8708","targetHints":{"allow":["GET"]}}],"collection":[{"href":"https:\/\/www.recalculandoviajes.com\/recalculando-api\/wp\/v2\/posts"}],"about":[{"href":"https:\/\/www.recalculandoviajes.com\/recalculando-api\/wp\/v2\/types\/post"}],"author":[{"embeddable":true,"href":"https:\/\/www.recalculandoviajes.com\/recalculando-api\/wp\/v2\/users\/2"}],"replies":[{"embeddable":true,"href":"https:\/\/www.recalculandoviajes.com\/recalculando-api\/wp\/v2\/comments?post=8708"}],"version-history":[{"count":40,"href":"https:\/\/www.recalculandoviajes.com\/recalculando-api\/wp\/v2\/posts\/8708\/revisions"}],"predecessor-version":[{"id":14532,"href":"https:\/\/www.recalculandoviajes.com\/recalculando-api\/wp\/v2\/posts\/8708\/revisions\/14532"}],"wp:featuredmedia":[{"embeddable":true,"href":"https:\/\/www.recalculandoviajes.com\/recalculando-api\/wp\/v2\/media\/14528"}],"wp:attachment":[{"href":"https:\/\/www.recalculandoviajes.com\/recalculando-api\/wp\/v2\/media?parent=8708"}],"wp:term":[{"taxonomy":"category","embeddable":true,"href":"https:\/\/www.recalculandoviajes.com\/recalculando-api\/wp\/v2\/categories?post=8708"},{"taxonomy":"post_tag","embeddable":true,"href":"https:\/\/www.recalculandoviajes.com\/recalculando-api\/wp\/v2\/tags?post=8708"}],"curies":[{"name":"wp","href":"https:\/\/api.w.org\/{rel}","templated":true}]}}