{"id":7316,"date":"2023-08-15T19:14:28","date_gmt":"2023-08-15T22:14:28","guid":{"rendered":"https:\/\/recalculandoviajes.com\/conociendo-priego-de-cordoba-primer-destino-de-el-road-t\/"},"modified":"2023-09-01T16:33:38","modified_gmt":"2023-09-01T19:33:38","slug":"que-ver-en-priego-de-cordoba-en-un-dia","status":"publish","type":"post","link":"https:\/\/www.recalculandoviajes.com\/que-ver-en-priego-de-cordoba-en-un-dia\/","title":{"rendered":"\u27a3 Qu\u00e9 Ver en Priego de C\u00f3rdoba en un d\u00eda \ud83e\udd29 | Primer destino del Road Trip Espa\u00f1a 2023"},"content":{"rendered":"[et_pb_section fb_built=\u00bb1&#8243; _builder_version=\u00bb4.16&#8243; global_colors_info=\u00bb{}\u00bb][et_pb_row _builder_version=\u00bb4.21.0&#8243; background_size=\u00bbinitial\u00bb background_position=\u00bbtop_left\u00bb background_repeat=\u00bbrepeat\u00bb global_colors_info=\u00bb{}\u00bb][et_pb_column type=\u00bb4_4&#8243; _builder_version=\u00bb4.16&#8243; custom_padding=\u00bb|||\u00bb global_colors_info=\u00bb{}\u00bb custom_padding__hover=\u00bb|||\u00bb][et_pb_text _builder_version=\u00bb4.22.1&#8243; _module_preset=\u00bbdefault\u00bb hover_enabled=\u00bb0&#8243; global_colors_info=\u00bb{}\u00bb sticky_enabled=\u00bb0&#8243;]\n<p><strong>Descubriendo la Belleza de Priego de C\u00f3rdoba | \ud83c\uddea\ud83c\uddf8 Espa\u00f1a. <\/strong>Este fue nuestro primer destino de el Road Trip \ud83d\ude99 de este verano 2023 \ud83e\udef6.<strong>.<\/strong> Una joya escondida en el coraz\u00f3n de <strong><a href=\"https:\/\/recalculandoviajes.com\/espana\/\" target=\"_blank\" rel=\"noopener\">Espa\u00f1a<\/a><\/strong>, es un destino que captura la esencia de la cultura andaluza y la historia de la regi\u00f3n. Desde su arquitectura encantadora hasta sus paisajes de ensue\u00f1o, <strong>Priego de C\u00f3rdoba<\/strong> ofrece a los viajeros una experiencia \u00fanica. No te pierdas los lugares qu\u00e9 ver en Priego de C\u00f3rdoba en un d\u00eda en este bello pueblo.<\/p>\n<p>A continuaci\u00f3n, exploraremos los lugares m\u00e1s destacados que no puedes dejar de visitar durante tu estancia en este <strong>encantador pueblo<\/strong>.<\/p><div class=\"rfbic69f5fb5856972\" ><div style=\"text-align: center; backdrop-filter: blur(10px); background: linear-gradient(135deg, #ff6a6a, #ff884d); border-radius: 15px; padding: 20px 30px; box-shadow: 0 8px 32px rgba(0, 0, 0, 0.2); border: 1px solid rgba(255, 255, 255, 0.18); color: #fff; max-width: 600px; margin: 50px auto;\">\n  <h2 style=\"font-size: 2rem; font-weight: bold; margin-bottom: 10px; color: #ffffff !important; text-shadow: 0 2px 5px rgba(0, 0, 0, 0.4);\">\ud83c\udf0d Seguro de Viaje:  Descuento de 5% en IATI Seguros! \ud83c\udf1f<\/h2>\n  <p style=\"font-size: 1rem; margin-bottom: 20px; line-height: 1.5;\">Aprovecha esta oferta y viaja seguro.<\/p>\n  <a href=\"https:\/\/recalculandoviajes.com\/iati-seguros\" target=\"_blank\" style=\"display: inline-block; padding: 15px 25px; font-size: 1.2rem; font-weight: bold; color: #fff; text-decoration: none; border-radius: 30px; background: linear-gradient(135deg, #ff5722, #e91e63); transition: all 0.3s ease; box-shadow: 0 6px 15px rgba(233, 30, 99, 0.6); border: 2px solid rgba(255, 255, 255, 0.3);\" rel=\"noopener\">Quiero mi 5% de Descuento<\/a>\n<\/div><\/div><style type=\"text\/css\">\r\n@media screen and (min-width: 1201px) {\r\n.rfbic69f5fb5856972 {\r\ndisplay: block;\r\n}\r\n}\r\n@media screen and (min-width: 993px) and (max-width: 1200px) {\r\n.rfbic69f5fb5856972 {\r\ndisplay: block;\r\n}\r\n}\r\n@media screen and (min-width: 769px) and (max-width: 992px) {\r\n.rfbic69f5fb5856972 {\r\ndisplay: block;\r\n}\r\n}\r\n@media screen and (min-width: 768px) and (max-width: 768px) {\r\n.rfbic69f5fb5856972 {\r\ndisplay: block;\r\n}\r\n}\r\n@media screen and (max-width: 767px) {\r\n.rfbic69f5fb5856972 {\r\ndisplay: block;\r\n}\r\n}\r\n<\/style>\r\n\n[\/et_pb_text][et_pb_text _builder_version=\u00bb4.22.1&#8243; _module_preset=\u00bbdefault\u00bb hover_enabled=\u00bb0&#8243; global_colors_info=\u00bb{}\u00bb sticky_enabled=\u00bb0&#8243;]\n<h3>&#8211; El Castillo de Priego de C\u00f3rdoba: Historia en lo Alto<\/h3>\n<p>Ubicado en lo alto de una colina, el imponente <strong>Castillo de Priego de C\u00f3rdoba<\/strong> ofrece vistas panor\u00e1micas impresionantes de la ciudad y sus alrededores. Pasea por las antiguas murallas y sum\u00e9rgete en la historia medieval de la regi\u00f3n.<\/p>\n<h3>&#8211; Caminata por el Barrio de la Villa y sus miradores<\/h3>\n<p>Explor\u00e1 el bello <strong>Barrio de la Villa<\/strong> de Priego a trav\u00e9s de sus peque\u00f1as callejuelas y casitas con encanto. El Barrio de la Villa y el Balc\u00f3n del Adarve en Priego de C\u00f3rdoba son dos imprescindibles qu\u00e9 ver en Priego de C\u00f3rdoba. El barrio fue declarado Conjunto Hist\u00f3rico-Art\u00edstico en 1972, es un \u00e1rea hist\u00f3rica y pintoresca que presenta influencias medievales y musulmanas, calles encantadoras y el impresionante<strong> Balc\u00f3n del Adarve<\/strong> que ofrece vistas panor\u00e1micas \u00fanicas del paisaje andaluz.<\/p>\n[\/et_pb_text][et_pb_image src=\u00bbhttps:\/\/recalculandoviajes.com\/wp-content\/uploads\/2023\/08\/que-hacer-en-priego-de-cordoba-barrio-de-la-villa.jpg\u00bb alt=\u00bbQue hacer en Priego de C\u00f3rdoba: Barrio de la Villa\u00bb title_text=\u00bbQue hacer en Priego de C\u00f3rdoba: Barrio de la Villa\u00bb align=\u00bbcenter\u00bb _builder_version=\u00bb4.21.0&#8243; _module_preset=\u00bbdefault\u00bb width=\u00bb50%\u00bb global_colors_info=\u00bb{}\u00bb][\/et_pb_image][et_pb_image src=\u00bbhttps:\/\/recalculandoviajes.com\/wp-content\/uploads\/2023\/08\/que-ver-en-priego-de-cordoba-Balcon-del-Adarve.jpg\u00bb alt=\u00bbque ver en priego de cordoba: Balco\u0301n del Adarve\u00bb title_text=\u00bbque ver en priego de cordoba: Balco\u0301n del Adarve\u00bb align=\u00bbcenter\u00bb _builder_version=\u00bb4.21.0&#8243; _module_preset=\u00bbdefault\u00bb width=\u00bb50%\u00bb global_colors_info=\u00bb{}\u00bb][\/et_pb_image][et_pb_text _builder_version=\u00bb4.22.1&#8243; _module_preset=\u00bbdefault\u00bb hover_enabled=\u00bb0&#8243; global_colors_info=\u00bb{}\u00bb sticky_enabled=\u00bb0&#8243;]\n<div style=\"padding: 10px; border: 10px outset #b8174a; border-radius: 15px;\"><center><strong>Aca les compartimos \ud83d\udcb2<a href=\"https:\/\/recalculandoviajes.com\/descuentos\/\">Descuentos para tus viajes $$$<\/a> \u2708\ufe0f: Airbnb &#8211; Booking y m\u00e1s! <\/strong><\/center><\/div>\n<p>&nbsp;<\/p>\n<h3>&#8211; La Fuente del Rey: Un Oasis de Belleza Natural<\/h3>\n<p>Un punto de partida perfecto es la <strong>Fuente del Rey<\/strong>, un rinc\u00f3n de serenidad en medio de la ciudad. Rodeada de vegetaci\u00f3n exuberante, esta fuente hist\u00f3rica es ideal para un paseo relajante. Es un punto principal qu\u00e9 ver en Priego de C\u00f3rdoba!.<\/p>\n[\/et_pb_text][et_pb_image src=\u00bbhttps:\/\/recalculandoviajes.com\/wp-content\/uploads\/2023\/08\/que-ver-en-priego-de-cordoba-la-fuente-del-rey.jpg\u00bb alt=\u00bbque ver en priego de cordoba: la fuente del rey\u00bb title_text=\u00bbque ver en priego de cordoba: la fuente del rey\u00bb align=\u00bbcenter\u00bb _builder_version=\u00bb4.21.0&#8243; _module_preset=\u00bbdefault\u00bb width=\u00bb50%\u00bb global_colors_info=\u00bb{}\u00bb][\/et_pb_image][et_pb_text _builder_version=\u00bb4.22.1&#8243; _module_preset=\u00bbdefault\u00bb global_colors_info=\u00bb{}\u00bb]\n<h3>-Iglesia de la Asunci\u00f3n: Un Tesoro Arquitect\u00f3nico<\/h3>\n<p>La <strong>Iglesia de la Asunci\u00f3n<\/strong> es una obra maestra arquitect\u00f3nica que combina elementos renacentistas y barrocos. Su fachada elaboradamente tallada y su interior ornamentado son testigos del esplendor art\u00edstico de la \u00e9poca. Una visita a esta iglesia es un viaje en el tiempo a trav\u00e9s de la rica historia de Priego.<\/p>\n<p>&nbsp;<\/p>\n<h2>14 lugares que ver en Priego de C\u00f3rdoba<\/h2>\n<ol>\n<li><strong>Castillo de Priego de C\u00f3rdoba<\/strong><\/li>\n<li><strong>Fuente de La Salud<\/strong><\/li>\n<li><strong>Barrio de La Villa<\/strong><\/li>\n<li><strong>Recreo de Castilla \/ Huerta de las Infantas<\/strong><\/li>\n<li><strong>Fuente del Rey<\/strong><\/li>\n<li><strong>Casa Museo Don Niceto Alcal\u00e1-Zamora y Torres<\/strong><\/li>\n<li><strong>Carnicer\u00edas Reales<\/strong><\/li>\n<li><strong>Iglesia de San Francisco<\/strong><\/li>\n<li><strong>Balc\u00f3n del Adarve<\/strong><\/li>\n<li><strong>Paseo de Colombia<\/strong><\/li>\n<li><strong>Antiguo Lavadero P\u00fablico<\/strong><\/li>\n<li><strong>Iglesia Virgen de la Aurora y San Nicasio<\/strong><\/li>\n<li><strong>Ermita del Calvario<\/strong><\/li>\n<li><strong>Casa Museo Adolfo Lozano Sidro<\/strong><\/li>\n<\/ol>\n[\/et_pb_text][\/et_pb_column][\/et_pb_row][et_pb_row column_structure=\u00bb1_5,3_5,1_5&#8243; _builder_version=\u00bb4.22.1&#8243; _module_preset=\u00bbdefault\u00bb global_colors_info=\u00bb{}\u00bb][et_pb_column type=\u00bb1_5&#8243; _builder_version=\u00bb4.22.1&#8243; _module_preset=\u00bbdefault\u00bb global_colors_info=\u00bb{}\u00bb][\/et_pb_column][et_pb_column type=\u00bb3_5&#8243; _builder_version=\u00bb4.22.1&#8243; _module_preset=\u00bbdefault\u00bb global_colors_info=\u00bb{}\u00bb][et_pb_text _builder_version=\u00bb4.22.1&#8243; _module_preset=\u00bbdefault\u00bb global_colors_info=\u00bb{}\u00bb]\n<h2 class=\"entry-title\" style=\"text-align: center;\">Qu\u00e9 Ver en Priego de C\u00f3rdoba en un d\u00eda [Video]<\/h2>\n[\/et_pb_text][et_pb_code admin_label=\u00bbyoutube video\u00bb _builder_version=\u00bb4.22.1&#8243; _module_preset=\u00bbdefault\u00bb global_colors_info=\u00bb{}\u00bb]<iframe width=\"479\" height=\"851\" src=\"https:\/\/www.youtube.com\/embed\/yJjabS3jxMo\" title=\"\u27a3 Qu\u00e9 Ver en Priego de C\u00f3rdoba en 1 d\u00eda \ud83e\udd29 | Espa\u00f1a Road Trip 2023\" frameborder=\"0\" allow=\"accelerometer; autoplay; clipboard-write; encrypted-media; gyroscope; picture-in-picture; web-share\" allowfullscreen><\/iframe>[\/et_pb_code][\/et_pb_column][et_pb_column type=\u00bb1_5&#8243; _builder_version=\u00bb4.22.1&#8243; _module_preset=\u00bbdefault\u00bb global_colors_info=\u00bb{}\u00bb][\/et_pb_column][\/et_pb_row][et_pb_row _builder_version=\u00bb4.22.1&#8243; _module_preset=\u00bbdefault\u00bb global_colors_info=\u00bb{}\u00bb][et_pb_column type=\u00bb4_4&#8243; _builder_version=\u00bb4.22.1&#8243; _module_preset=\u00bbdefault\u00bb global_colors_info=\u00bb{}\u00bb][et_pb_code admin_label=\u00bbFaq\u00bb _builder_version=\u00bb4.22.1&#8243; _module_preset=\u00bbdefault\u00bb global_colors_info=\u00bb{}\u00bb]<html><!-- [et_pb_line_break_holder] -->  <head><!-- [et_pb_line_break_holder] -->    <title>Sitio de Ejemplo &#8211; Preguntas Frecuentes (FAQ)<\/title><!-- [et_pb_line_break_holder] -->    <script type=\"application\/ld+json\"><!-- [et_pb_line_break_holder] -->    {<!-- [et_pb_line_break_holder] -->      \"@context\": \"https:\/\/schema.org\",<!-- [et_pb_line_break_holder] -->      \"@type\": \"FAQPage\",<!-- [et_pb_line_break_holder] -->      \"mainEntity\": [{<!-- [et_pb_line_break_holder] -->        \"@type\": \"Question\",<!-- [et_pb_line_break_holder] -->        \"name\": \"\u00bfCu\u00e1les son los lugares que no puedo perderme de hacer en Priego de C\u00f3rdoba en un d\u00eda?\",<!-- [et_pb_line_break_holder] -->        \"acceptedAnswer\": {<!-- [et_pb_line_break_holder] -->          \"@type\": \"Answer\",<!-- [et_pb_line_break_holder] -->          \"text\": \"Algunos lugares que no debes perderte en Priego de C\u00f3rdoba en un d\u00eda incluyen la Fuente del Rey, el Barrio de la Villa, la Iglesia de la Asunci\u00f3n, el Castillo de Priego y sus miradores como el Balc\u00f3n del Adarve. Estos lugares ofrecen una experiencia \u00fanica de la cultura andaluza y la historia de la regi\u00f3n.\"<!-- [et_pb_line_break_holder] -->        }<!-- [et_pb_line_break_holder] -->      }, {<!-- [et_pb_line_break_holder] -->        \"@type\": \"Question\",<!-- [et_pb_line_break_holder] -->        \"name\": \"\u00bfCu\u00e1les son los mejores miradores para disfrutar de vistas panor\u00e1micas en Priego de C\u00f3rdoba?\",<!-- [et_pb_line_break_holder] -->        \"acceptedAnswer\": {<!-- [et_pb_line_break_holder] -->          \"@type\": \"Answer\",<!-- [et_pb_line_break_holder] -->          \"text\": \"Los miradores m\u00e1s destacados incluyen el Mirador del Adarve, Balc\u00f3n del Adarve y el Mirador de la Fuente de la Salud, desde donde puedes disfrutar de vistas espectaculares de la ciudad y sus alrededores.\"<!-- [et_pb_line_break_holder] -->        }<!-- [et_pb_line_break_holder] -->      }, {<!-- [et_pb_line_break_holder] -->        \"@type\": \"Question\",<!-- [et_pb_line_break_holder] -->        \"name\": \"\u00bfCu\u00e1l es la mejor manera de recorrer el centro hist\u00f3rico de Priego de C\u00f3rdoba?\",<!-- [et_pb_line_break_holder] -->        \"acceptedAnswer\": {<!-- [et_pb_line_break_holder] -->          \"@type\": \"Answer\",<!-- [et_pb_line_break_holder] -->          \"text\": \"La mejor manera de recorrer el centro hist\u00f3rico es a pie. Sus calles estrechas y empedradas son perfectas para explorar a pie y descubrir la arquitectura encantadora.\"<!-- [et_pb_line_break_holder] -->        }<!-- [et_pb_line_break_holder] -->      }, {<!-- [et_pb_line_break_holder] -->        \"@type\": \"Question\",<!-- [et_pb_line_break_holder] -->        \"name\": \"\u00bfQu\u00e9 opciones de gastronom\u00eda local recomiendan probar durante mi visita?\",<!-- [et_pb_line_break_holder] -->        \"acceptedAnswer\": {<!-- [et_pb_line_break_holder] -->          \"@type\": \"Answer\",<!-- [et_pb_line_break_holder] -->          \"text\": \"Debes probar platos tradicionales como el salmorejo, el flamenqu\u00edn y el aceite de oliva virgen extra de la regi\u00f3n. Los restaurantes locales son ideales para degustar estas delicias.\"<!-- [et_pb_line_break_holder] -->        }<!-- [et_pb_line_break_holder] -->      }, {<!-- [et_pb_line_break_holder] -->        \"@type\": \"Question\",<!-- [et_pb_line_break_holder] -->        \"name\": \"\u00bfExisten actividades al aire libre o senderos para los amantes de la naturaleza en Priego de C\u00f3rdoba?\",<!-- [et_pb_line_break_holder] -->        \"acceptedAnswer\": {<!-- [et_pb_line_break_holder] -->          \"@type\": \"Answer\",<!-- [et_pb_line_break_holder] -->          \"text\": \"S\u00ed, adem\u00e1s de los senderos mencionados, puedes explorar el Parque Natural de las Sierras Subb\u00e9ticas y disfrutar de actividades como el senderismo y la observaci\u00f3n de aves.\"<!-- [et_pb_line_break_holder] -->        }<!-- [et_pb_line_break_holder] -->      }, {<!-- [et_pb_line_break_holder] -->        \"@type\": \"Question\",<!-- [et_pb_line_break_holder] -->        \"name\": \"\u00bfCu\u00e1l es la mejor \u00e9poca del a\u00f1o para visitar Priego de C\u00f3rdoba y por qu\u00e9?\",<!-- [et_pb_line_break_holder] -->        \"acceptedAnswer\": {<!-- [et_pb_line_break_holder] -->          \"@type\": \"Answer\",<!-- [et_pb_line_break_holder] -->          \"text\": \"La primavera y el oto\u00f1o son las mejores \u00e9pocas para visitar, ya que el clima es suave y agradable, y puedes disfrutar plenamente de los paisajes naturales y la vida al aire libre.\"<!-- [et_pb_line_break_holder] -->        }<!-- [et_pb_line_break_holder] -->      }, {<!-- [et_pb_line_break_holder] -->        \"@type\": \"Question\",<!-- [et_pb_line_break_holder] -->        \"name\": \"\u00bfCu\u00e1l es la historia del Castillo de Priego de C\u00f3rdoba?\",<!-- [et_pb_line_break_holder] -->        \"acceptedAnswer\": {<!-- [et_pb_line_break_holder] -->          \"@type\": \"Answer\",<!-- [et_pb_line_break_holder] -->          \"text\": \"El Castillo de Priego de C\u00f3rdoba es una fortaleza ubicada en lo alto de una colina y ofrece vistas panor\u00e1micas impresionantes de la ciudad y sus alrededores. Su historia se remonta a la \u00e9poca medieval y es un testimonio de la historia de la regi\u00f3n. Puedes pasear por las antiguas murallas y sumergirte en su rica historia.\"<!-- [et_pb_line_break_holder] -->        }<!-- [et_pb_line_break_holder] -->      }, {<!-- [et_pb_line_break_holder] -->        \"@type\": \"Question\",<!-- [et_pb_line_break_holder] -->        \"name\": \"\u00bfQu\u00e9 puedo esperar en el Barrio de la Villa en Priego de C\u00f3rdoba?\",<!-- [et_pb_line_break_holder] -->        \"acceptedAnswer\": {<!-- [et_pb_line_break_holder] -->          \"@type\": \"Answer\",<!-- [et_pb_line_break_holder] -->          \"text\": \"El Barrio de la Villa en Priego de C\u00f3rdoba es una zona hist\u00f3rica y pintoresca que presenta influencias medievales y musulmanas. Puedes explorar sus peque\u00f1as callejuelas, casitas con encanto y visitar el impresionante Balc\u00f3n del Adarve para disfrutar de vistas panor\u00e1micas del paisaje andaluz.\"<!-- [et_pb_line_break_holder] -->        }<!-- [et_pb_line_break_holder] -->      }, {<!-- [et_pb_line_break_holder] -->        \"@type\": \"Question\",<!-- [et_pb_line_break_holder] -->        \"name\": \"\u00bfQu\u00e9 es la Fuente del Rey en Priego de C\u00f3rdoba?\",<!-- [et_pb_line_break_holder] -->        \"acceptedAnswer\": {<!-- [et_pb_line_break_holder] -->          \"@type\": \"Answer\",<!-- [et_pb_line_break_holder] -->          \"text\": \"La Fuente del Rey es un lugar de serenidad en medio de la ciudad. Rodeada de vegetaci\u00f3n exuberante, esta fuente hist\u00f3rica es ideal para un paseo relajante. Es un punto de partida perfecto para explorar Priego de C\u00f3rdoba y capturar su belleza natural.\"<!-- [et_pb_line_break_holder] -->        }<!-- [et_pb_line_break_holder] -->      }, {<!-- [et_pb_line_break_holder] -->        \"@type\": \"Question\",<!-- [et_pb_line_break_holder] -->        \"name\": \"\u00bfCu\u00e1l es la importancia de la Iglesia de la Asunci\u00f3n en Priego de C\u00f3rdoba?\",<!-- [et_pb_line_break_holder] -->        \"acceptedAnswer\": {<!-- [et_pb_line_break_holder] -->          \"@type\": \"Answer\",<!-- [et_pb_line_break_holder] -->          \"text\": \"La Iglesia de la Asunci\u00f3n es una obra maestra arquitect\u00f3nica que combina elementos renacentistas y barrocos. Su fachada elaboradamente tallada y su interior ornamentado son ejemplos del esplendor art\u00edstico de la \u00e9poca. Visitar esta iglesia es como hacer un viaje en el tiempo a trav\u00e9s de la rica historia de Priego.\"<!-- [et_pb_line_break_holder] -->        }<!-- [et_pb_line_break_holder] -->      }]<!-- [et_pb_line_break_holder] -->    }<!-- [et_pb_line_break_holder] -->    <\/script><!-- [et_pb_line_break_holder] -->  <\/head><!-- [et_pb_line_break_holder] -->  <body><!-- [et_pb_line_break_holder] -->  <\/body><!-- [et_pb_line_break_holder] --><\/html><!-- [et_pb_line_break_holder] -->[\/et_pb_code][et_pb_text _builder_version=\u00bb4.22.1&#8243; background_size=\u00bbinitial\u00bb background_position=\u00bbtop_left\u00bb background_repeat=\u00bbrepeat\u00bb global_colors_info=\u00bb{}\u00bb]\n<p>\u2022\u2022\u2022\u2022\u2022\u2022\u2022\u2022\u2022\u2022\u2022\u2022\u2022\u2022\u2022\u2022\u2022\u2022\u2022\u2022\u2022\u2022\u2022\u2022\u2022\u2022\u2022\u2022\u2022\u2022\u2022\u2022\u2022\u2022\u2022\u2022\u2022\u2022\u2022\u2022\u2022\u2022\u2022\u2022\u2022\u2022\u2022\u2022\u2022\u2022<\/p>\n<p><script async defer src=\"\/\/www.instagram.com\/embed.js\"><\/script> \u00a0 \u00a0 <img decoding=\"async\" style=\"display: none;\" src=\"https:\/\/recalculandoviajes.com\/wp-content\/uploads\/2023\/08\/Conociendo-Priego-de-Cordoba-Primer-destino-de-el-Road-t.jpg\" alt=\"RecalculandoViajes\" \/> Priego de C\u00f3rdoba \u00a0 \u00a0 <\/p>\n<blockquote class=\"instagram-media\" style=\"background: #FFF; border: 0; border-radius: 3px; box-shadow: 0 0 1px 0 rgba(0,0,0,0.5),0 1px 10px 0 rgba(0,0,0,0.15); margin: 1px; max-width: 658px; padding: 0; width: calc(100% - 2px);\" data-instgrm-captioned=\"\" data-instgrm-version=\"6\">\n<p><\/p>\n<div style=\"padding: 8px;\"><\/p>\n<div style=\"background: #F8F8F8; line-height: 0; margin-top: 40px; padding: 50.0% 0; text-align: center; width: 100%;\"><\/p>\n<div style=\"background: url(data:image\/png; base64,ivborw0kggoaaaansuheugaaacwaaaascamaaaapwqozaaaagfbmveuiiii9pt0ehh4gib4hibkchbwchbwchbydr+jqaaaachrstlmaba4yhyqsm5jtamwaaadfsurbvdjl7zvbegmhcaqbaf\/\/42xcnbpaqakcm0ftumfaaibe81iqbjds3ls6zs3bipb9wed3yyxfpmhrft8sgyrcp1x8ueuxlmznwelfoycv6mhwwwmzdpekhlhlw7nwjqkhc4uizphavdza2jpzudsbzzinae2s6owh8xpmx8g7zzgkeopuoyhvgz1tbcxmkd3kwnvbu0gkhkx+izilf77iofhry1nyfnb\/lqpb79drwoyjva\/davg9b\/rlb4cc+nqgdz\/tvbbbnr6gbreqn\/nrmdgaqeej7whonozjf+y2i\/fzou\/qaaaaaelftksuqmcc); display: block; height: 44px; margin: 0 auto -44px; position: relative; top: -22px; width: 44px;\">\u00a0<\/div>\n<p>&nbsp;<\/p>\n<\/div>\n<p><a style=\"color: #000; font-family: Arial,sans-serif; font-size: 14px; font-style: normal; font-weight: normal; line-height: 17px; text-decoration: none; word-wrap: break-word;\" href=\"http:\/\/instagram.com\/p\/Cv-0YHDo7mZ\" target=\"_blank\" rel=\"noopener\">Conociendo Priego de C\u00f3rdoba \ud83c\uddea\ud83c\uddf8. \u2022 Primer destino de el Road trip \ud83d\ude99 de este verano \ud83e\udef6. \u2022 \u2022 \u2022<\/a> \u2022\u2022\u2022\u2022\u2022\u2022\u2022\u2022\u2022\u2022\u2022\u2022\u2022\u2022\u2022\u2022\u2022\u2022\u2022\u2022\u2022\u2022\u2022\u2022\u2022\u2022\u2022\u2022\u2022\u2022\u2022\u2022\u2022\u2022\u2022\u2022\u2022\u2022\u2022\u2022\u2022\u2022\u2022\u2022\u2022\u2022\u2022\u2022\u2022\u2022 #recalculando #recalculandoviajes #travel #viajes #viajar #voyage #travelphotography #traveling #travelblog #travels #cuoplesinlove #wanderlust #coupletravel #couplegoals #blogtravel #lifestyleblogger #lifetravel #lifetraveling #europa #europe #espan\u0303a #spain #spain\ud83c\uddea\ud83c\uddf8 #espan\u0303a\ud83c\uddea\ud83c\uddf8 #priegodecordoba \u00a0<\/p>\n<\/div>\n<p>&nbsp;<\/p>\n<\/blockquote>\n<p><script async defer src=\"\/\/www.instagram.com\/embed.js\"><\/script> A photo posted by \u211d\ud835\udd56\ud835\udd54\ud835\udd52\ud835\udd5d\ud835\udd54\ud835\udd66\ud835\udd5d\ud835\udd52\ud835\udd5f\ud835\udd55\ud835\udd60 \ud835\udd67\ud835\udd5a\ud835\udd52\ud835\udd5b\ud835\udd56\ud835\udd64 (@recalculandoviajes) on <time style=\"font-family: Arial,sans-serif; font-size: 14px; line-height: 17px;\" datetime=\"2023-08-15 22:14:28\">2023-08-15 22:14:28<\/time><\/p><div class=\"qrmxu69f5fb585694e\" ><div style=\"padding: 10px; border: 10px outset #b8174a; border-radius: 15px;\"><center><strong>\n\u261d\ufe0f <a href=\"https:\/\/recalculandoviajes.com\/iati-seguros\">VIAJA SEGURO - DESCUENTOS \/ 5% OFF IATI<\/a>!!<br\/>\ud83d\udc69\u200d\u2695\ufe0f\ud83d\udc68\u200d\u2695\ufe0f Requisito indispensable para viajar sin preocupaciones! \ud83c\udf0e\u2708\ufe0f <a href=\"https:\/\/recalculandoviajes.com\/asistencia-al-viajero\/\">Cotiz\u00e1, Compar\u00e1 y Contrat\u00e1<\/a><\/strong><\/center><\/div><br\/><\/div><style type=\"text\/css\">\r\n@media screen and (min-width: 1201px) {\r\n.qrmxu69f5fb585694e {\r\ndisplay: block;\r\n}\r\n}\r\n@media screen and (min-width: 993px) and (max-width: 1200px) {\r\n.qrmxu69f5fb585694e {\r\ndisplay: block;\r\n}\r\n}\r\n@media screen and (min-width: 769px) and (max-width: 992px) {\r\n.qrmxu69f5fb585694e {\r\ndisplay: block;\r\n}\r\n}\r\n@media screen and (min-width: 768px) and (max-width: 768px) {\r\n.qrmxu69f5fb585694e {\r\ndisplay: block;\r\n}\r\n}\r\n@media screen and (max-width: 767px) {\r\n.qrmxu69f5fb585694e {\r\ndisplay: block;\r\n}\r\n}\r\n<\/style>\r\n\n<p>&nbsp;<\/p>\n<p><script async defer src=\"\/\/platform.instagram.com\/en_US\/embeds.js\"><\/script><\/p>\n<p><a href=\"http:\/\/instagram.com\/p\/Cv-0YHDo7mZ\">Instagram Link<\/a><\/p>\n[\/et_pb_text][et_pb_text _builder_version=\u00bb4.22.1&#8243; _module_preset=\u00bbdefault\u00bb global_colors_info=\u00bb{}\u00bb]\n<h2>\u00bfCu\u00e1les son los lugares que no puedo perderme de hacer en Priego de C\u00f3rdoba en un d\u00eda?<\/h2>\n<p>Algunos lugares que no debes perderte en Priego de C\u00f3rdoba en un d\u00eda incluyen la Fuente del Rey, el Barrio de la Villa, la Iglesia de la Asunci\u00f3n, el Castillo de Priego sus miradores como el Balc\u00f3n del Adarve. Estos lugares ofrecen una experiencia \u00fanica de la cultura andaluza y la historia de la regi\u00f3n.<\/p>\n<h2>\u00bfCu\u00e1les son los mejores miradores para disfrutar de vistas panor\u00e1micas en Priego de C\u00f3rdoba?<\/h2>\n<p>Los miradores m\u00e1s destacados incluyen el Mirador del Adarve, Balc\u00f3n del Adarve y el Mirador de la Fuente de la Salud, desde donde puedes disfrutar de vistas espectaculares de la ciudad y sus alrededores.<\/p>\n<h2>\u00bfCu\u00e1l es la mejor manera de recorrer el centro hist\u00f3rico?<\/h2>\n<p>La mejor manera de recorrer el centro hist\u00f3rico es a pie. Sus calles estrechas y empedradas son perfectas para explorar a pie y descubrir la arquitectura encantadora.<\/p>\n<h2>\u00bfQu\u00e9 comidas locales son t\u00edpicas de la zona?<\/h2>\n<p>Debes probar platos tradicionales como el salmorejo, el flamenqu\u00edn y el aceite de oliva virgen extra de la regi\u00f3n. Los restaurantes locales son ideales para degustar estas delicias.<\/p>\n<h2>\u00bfExisten actividades al aire libre o senderos para los amantes de la naturaleza en Priego de C\u00f3rdoba?<\/h2>\n<p>S\u00ed, adem\u00e1s de los senderos mencionados, puedes explorar el Parque Natural de las Sierras Subb\u00e9ticas y disfrutar de actividades como el senderismo y la observaci\u00f3n de aves.<\/p>\n<h2>\u00bfCu\u00e1l es la mejor \u00e9poca del a\u00f1o para visitar Priego de C\u00f3rdoba y por qu\u00e9?<\/h2>\n<p>La primavera y el oto\u00f1o son las mejores \u00e9pocas para visitar, ya que el clima es suave y agradable, y puedes disfrutar plenamente de los paisajes naturales y la vida al aire libre.<\/p>\n<h2>\u00bfCu\u00e1l es la historia del Castillo?<\/h2>\n<p>El Castillo de Priego de C\u00f3rdoba es una fortaleza ubicada en lo alto de una colina y ofrece vistas panor\u00e1micas impresionantes de la ciudad y sus alrededores. Su historia se remonta a la \u00e9poca medieval y es un testimonio de la historia de la regi\u00f3n. Puedes pasear por las antiguas murallas y sumergirte en su rica historia.<\/p>\n<h2>\u00bfQu\u00e9 puedo esperar en el Barrio de la Villa en Priego de C\u00f3rdoba?<\/h2>\n<p>El Barrio de la Villa en Priego de C\u00f3rdoba es una zona hist\u00f3rica y pintoresca que presenta influencias medievales y musulmanas. Puedes explorar sus peque\u00f1as callejuelas, casitas con encanto y visitar el impresionante Balc\u00f3n del Adarve para disfrutar de vistas panor\u00e1micas del paisaje andaluz.<\/p>\n<h2>\u00bfQu\u00e9 es la Fuente del Rey en Priego de C\u00f3rdoba?<\/h2>\n<p>La Fuente del Rey es una plaza, un lugar de serenidad en medio de la ciudad. Rodeada de vegetaci\u00f3n exuberante, esta fuente hist\u00f3rica es ideal para un paseo relajante. Es un punto de partida perfecto para explorar Priego de C\u00f3rdoba y capturar su belleza natural.<\/p>\n<h2>\u00bfCu\u00e1l es la importancia de la Iglesia de la Asunci\u00f3n?<\/h2>\n<p>La Iglesia de la Asunci\u00f3n es una obra maestra arquitect\u00f3nica que combina elementos renacentistas y barrocos. Su fachada elaboradamente tallada y su interior ornamentado son ejemplos del esplendor art\u00edstico de la \u00e9poca. Visitar esta iglesia es como hacer un viaje en el tiempo a trav\u00e9s de la rica historia de Priego.<\/p>\n[\/et_pb_text][et_pb_text admin_label=\u00bbLinks \u00fatiles\u00bb _builder_version=\u00bb4.21.0&#8243; locked=\u00bboff\u00bb global_colors_info=\u00bb{}\u00bb]\n<h2><span style=\"font-weight: 400;\">Links \u00fatiles en Priego de C\u00f3rdoba<\/span><\/h2>\n<ul>\n<li>Cotiz\u00e1, Compar\u00e1 y Contrat\u00e1 tu\u00a0<a href=\"https:\/\/recalculandoviajes.com\/asistencia-al-viajero\/\">Asistencia al viajero<\/a><strong>\ud83d\udc68\u200d\u2695\ufe0f\ud83c\udf0e\ud83d\udc69\u200d\u2695\ufe0f\u00a0<\/strong>online.*<\/li>\n<li>Los mejores precios de \ud83c\udfe1 <a href=\"https:\/\/www.booking.com\/searchresults.en.html?city=-397624&amp;aid=7982993&amp;no_rooms=1&amp;group_adults=2&amp;room1=A%2CA\" target=\"_blank\" rel=\"noopener\">Alojamiento en Priego de C\u00f3rdoba<\/a> <em>*.<\/em><\/li>\n<li>Las mejores <a href=\"https:\/\/www.civitatis.com\/es\/priego-de-cordoba\/?aid=102442\" target=\"_blank\" rel=\"noopener\">Excursiones y Tours en Priego de C\u00f3rdoba<\/a> *.<\/li>\n<li>Toda la informaci\u00f3n sobre viajar \u2708\ufe0f a <a href=\"https:\/\/recalculandoviajes.com\/espana\/\" target=\"_blank\" rel=\"noopener\">Espa\u00f1a<\/a> \ud83c\uddea\ud83c\uddf8.<\/li>\n<\/ul>\n<p><em>*Link Afiliado,<\/em> en caso de comprar, obtendremos una comisi\u00f3n pero no tendr\u00e1s cargos extras.<\/p>\n<p><strong>Cualquier duda, consulta, recomendaci\u00f3n de Cosas que hacer en Andaluc\u00eda. D\u00e9janos un comentario debajo o <a href=\"https:\/\/recalculandoviajes.com\/contacto\/\" target=\"_blank\" rel=\"noopener noreferrer\">cont\u00e1ctanos<\/a>, Muchas gracias!<\/strong><\/p>\n[\/et_pb_text][\/et_pb_column][\/et_pb_row][\/et_pb_section]\n<div class=\"juqpr69f5fb5841c76\" ><br\/>\n<div class=\"rpbt_shortcode\">\n<h3>Tambi\u00e9n podr\u00eda interesarte:<\/h3>\n<style type=\"text\/css\">\n\t\t\t#rpbt-related-gallery-1 {\n\t\t\t\tmargin: auto;\n\t\t\t}\n\t\t\t#rpbt-related-gallery-1 .gallery-item {\n\t\t\t\tfloat: left;\n\t\t\t\tmargin-top: 10px;\n\t\t\t\ttext-align: center;\n\t\t\t\twidth: 33%;\n\t\t\t}\n\t\t\t#rpbt-related-gallery-1 img {\n\t\t\t\tborder: 2px solid #cfcfcf;\n\t\t\t}\n\t\t\t#rpbt-related-gallery-1 .gallery-caption {\n\t\t\t\tmargin-left: 0;\n\t\t\t}\n\t\t\t\/* see gallery_shortcode() in wp-includes\/media.php *\/\n\t\t<\/style>\n\t\t<div id='rpbt-related-gallery-1' class='gallery related-gallery related-galleryid-7316 gallery-columns-3 gallery-size-large'><dl class='gallery-item' role='figure' aria-label='Mirador de Cofete &#8211; Fuerteventura: &#8211; Descubriendo el otro Impresionante lado de la isla'>\n\t\t\t<dt class='gallery-icon landscape'>\n\t\t\t\t<a href='https:\/\/www.recalculandoviajes.com\/mirador-de-cofete-fuerteventura\/'><img width=\"1080\" height=\"675\" src=\"https:\/\/www.recalculandoviajes.com\/wp-content\/uploads\/2021\/10\/mirador-de-cofete-fuerteventura.jpg\" class=\"attachment-large size-large\" alt=\"\" aria-describedby=\"rpbt-related-gallery-1-5564\" srcset=\"https:\/\/www.recalculandoviajes.com\/wp-content\/uploads\/2021\/10\/mirador-de-cofete-fuerteventura.jpg 1080w, https:\/\/www.recalculandoviajes.com\/wp-content\/uploads\/2021\/10\/mirador-de-cofete-fuerteventura-980x613.jpg 980w, https:\/\/www.recalculandoviajes.com\/wp-content\/uploads\/2021\/10\/mirador-de-cofete-fuerteventura-480x300.jpg 480w\" sizes=\"(min-width: 0px) and (max-width: 480px) 480px, (min-width: 481px) and (max-width: 980px) 980px, (min-width: 981px) 1080px, 100vw\" \/><\/a>\n\t\t\t<\/dt>\n\t\t\t\t<dd class='wp-caption-text gallery-caption' id='rpbt-related-gallery-1-5564'>\n\t\t\t\t<a href=\"https:\/\/www.recalculandoviajes.com\/mirador-de-cofete-fuerteventura\/\">Mirador de Cofete &#8211; Fuerteventura: &#8211; Descubriendo el otro Impresionante lado de la isla<\/a>\n\t\t\t\t<\/dd><\/dl><dl class='gallery-item' role='figure' aria-label='Qu\u00e9 ver Lloret de Mar &#8211; Playas, Naturaleza'>\n\t\t\t<dt class='gallery-icon landscape'>\n\t\t\t\t<a href='https:\/\/www.recalculandoviajes.com\/que-ver-en-lloret-de-mar\/'><img width=\"1080\" height=\"1080\" src=\"https:\/\/www.recalculandoviajes.com\/wp-content\/uploads\/2020\/12\/Lloret-de-Mar-nuestra-casa-en-estos-meses-tan-especial.jpg\" class=\"attachment-large size-large\" alt=\"qu\u00e9 ver lloret de mar\" aria-describedby=\"rpbt-related-gallery-1-4107\" srcset=\"https:\/\/www.recalculandoviajes.com\/wp-content\/uploads\/2020\/12\/Lloret-de-Mar-nuestra-casa-en-estos-meses-tan-especial.jpg 1080w, https:\/\/www.recalculandoviajes.com\/wp-content\/uploads\/2020\/12\/Lloret-de-Mar-nuestra-casa-en-estos-meses-tan-especial-980x980.jpg 980w, https:\/\/www.recalculandoviajes.com\/wp-content\/uploads\/2020\/12\/Lloret-de-Mar-nuestra-casa-en-estos-meses-tan-especial-480x480.jpg 480w\" sizes=\"(min-width: 0px) and (max-width: 480px) 480px, (min-width: 481px) and (max-width: 980px) 980px, (min-width: 981px) 1080px, 100vw\" \/><\/a>\n\t\t\t<\/dt>\n\t\t\t\t<dd class='wp-caption-text gallery-caption' id='rpbt-related-gallery-1-4107'>\n\t\t\t\t<a href=\"https:\/\/www.recalculandoviajes.com\/que-ver-en-lloret-de-mar\/\">Qu\u00e9 ver Lloret de Mar &#8211; Playas, Naturaleza<\/a>\n\t\t\t\t<\/dd><\/dl><dl class='gallery-item' role='figure' aria-label='Mirador de Vallebron: Gu\u00eda Esencial para Visitarlo en 2026 &#8211; Fuerteventura'>\n\t\t\t<dt class='gallery-icon landscape'>\n\t\t\t\t<a href='https:\/\/www.recalculandoviajes.com\/mirador-de-vallebron-fuerteventura\/'><img width=\"1080\" height=\"675\" src=\"https:\/\/www.recalculandoviajes.com\/wp-content\/uploads\/2026\/03\/mirador-de-vallebron.webp\" class=\"attachment-large size-large\" alt=\"mirador de vallebron\" aria-describedby=\"rpbt-related-gallery-1-5485\" srcset=\"https:\/\/www.recalculandoviajes.com\/wp-content\/uploads\/2026\/03\/mirador-de-vallebron.webp 1080w, https:\/\/www.recalculandoviajes.com\/wp-content\/uploads\/2026\/03\/mirador-de-vallebron-980x613.webp 980w, https:\/\/www.recalculandoviajes.com\/wp-content\/uploads\/2026\/03\/mirador-de-vallebron-480x300.webp 480w\" sizes=\"(min-width: 0px) and (max-width: 480px) 480px, (min-width: 481px) and (max-width: 980px) 980px, (min-width: 981px) 1080px, 100vw\" \/><\/a>\n\t\t\t<\/dt>\n\t\t\t\t<dd class='wp-caption-text gallery-caption' id='rpbt-related-gallery-1-5485'>\n\t\t\t\t<a href=\"https:\/\/www.recalculandoviajes.com\/mirador-de-vallebron-fuerteventura\/\">Mirador de Vallebron: Gu\u00eda Esencial para Visitarlo en 2026 &#8211; Fuerteventura<\/a>\n\t\t\t\t<\/dd><\/dl><br style=\"clear: both\" \/>\n\t\t<\/div>\n<\/div><\/div><style type=\"text\/css\">\r\n@media screen and (min-width: 1201px) {\r\n.juqpr69f5fb5841c76 {\r\ndisplay: block;\r\n}\r\n}\r\n@media screen and (min-width: 993px) and (max-width: 1200px) {\r\n.juqpr69f5fb5841c76 {\r\ndisplay: block;\r\n}\r\n}\r\n@media screen and (min-width: 769px) and (max-width: 992px) {\r\n.juqpr69f5fb5841c76 {\r\ndisplay: block;\r\n}\r\n}\r\n@media screen and (min-width: 768px) and (max-width: 768px) {\r\n.juqpr69f5fb5841c76 {\r\ndisplay: block;\r\n}\r\n}\r\n@media screen and (max-width: 767px) {\r\n.juqpr69f5fb5841c76 {\r\ndisplay: block;\r\n}\r\n}\r\n<\/style>\r\n","protected":false},"excerpt":{"rendered":"<p>Descubriendo la Belleza de Priego de C\u00f3rdoba | \ud83c\uddea\ud83c\uddf8 Espa\u00f1a. Este fue nuestro primer destino de el Road Trip \ud83d\ude99 de este verano 2023 \ud83e\udef6.. Una joya escondida en el coraz\u00f3n de Espa\u00f1a, es un destino que captura la esencia de la cultura andaluza y la historia de la regi\u00f3n. Desde su arquitectura encantadora hasta [&hellip;]<\/p>\n","protected":false},"author":3,"featured_media":7317,"comment_status":"open","ping_status":"open","sticky":false,"template":"","format":"standard","meta":{"_et_pb_use_builder":"on","_et_pb_old_content":"Conociendo Priego de C\u00f3rdoba \ud83c\uddea\ud83c\uddf8.\r\n\u2022\r\nPrimer destino de el Road trip \ud83d\ude99 de este verano \ud83e\udef6.\r\n\u2022\r\n\u2022\r\n\u2022\r\n\r\n\u2022\u2022\u2022\u2022\u2022\u2022\u2022\u2022\u2022\u2022\u2022\u2022\u2022\u2022\u2022\u2022\u2022\u2022\u2022\u2022\u2022\u2022\u2022\u2022\u2022\u2022\u2022\u2022\u2022\u2022\u2022\u2022\u2022\u2022\u2022\u2022\u2022\u2022\u2022\u2022\u2022\u2022\u2022\u2022\u2022\u2022\u2022\u2022\u2022\u2022\r\n<blockquote class=\"instagram-media\" style=\"background: border:0; border-radius: 3px; box-shadow: 0 0 1px 0 rgba(0,0,0,0.5),0 1px 10px 0 rgba(0,0,0,0.15); margin: 1px; max-width: 658px; padding: 0; width: calc(100% - 2px);\" data-instgrm-permalink=\"http:\/\/instagram.com\/p\/Cv-0YHDo7mZ\" data-instgrm-version=\"8\">\u00a0<\/blockquote>\r\n<script async defer src=\"\/\/www.instagram.com\/embed.js\"><\/script>\r\n\r\n\u00a0\r\n<div style=\"padding: 10px; border: 10px outset #b8174a; border-radius: 15px;\"><center><strong>Aca les compartimos \ud83d\udcb2<a href=\"https:\/\/recalculandoviajes.com\/descuentos\/\">Descuentos para tus viajes $$$<\/a> \u2708\ufe0f: Airbnb - Booking y m\u00e1s! <\/strong><\/center><\/div>\r\n<script async src=\"https:\/\/pagead2.googlesyndication.com\/pagead\/js\/adsbygoogle.js\"><\/script>\r\n<!-- Anuncio display Horizontal -->\r\n<ins class=\"adsbygoogle\" style=\"display: block;\" data-ad-client=\"ca-pub-6665028185941630\" data-ad-slot=\"5141091675\" data-ad-format=\"auto\" data-full-width-responsive=\"true\"><\/ins>\r\n<script>\r\n     (adsbygoogle = window.adsbygoogle || []).push();\r\n<\/script>\r\n\r\n<img style=\"display: none;\" src=\"https:\/\/recalculandoviajes.com\/wp-content\/uploads\/2023\/08\/Conociendo-Priego-de-Cordoba-Primer-destino-de-el-Road-t.jpg\" alt=\"RecalculandoViajes\" \/>\r\n\r\n\u00a0\r\n\r\n\u00a0\r\n\r\nPriego de C\u00f3rdoba\r\n\r\n\u00a0\r\n\r\n\u00a0\r\n<blockquote class=\"instagram-media\" style=\"background: #FFF; border: 0; border-radius: 3px; box-shadow: 0 0 1px 0 rgba(0,0,0,0.5),0 1px 10px 0 rgba(0,0,0,0.15); margin: 1px; max-width: 658px; padding: 0; width: calc(100% - 2px);\" data-instgrm-captioned=\"\" data-instgrm-version=\"6\">\r\n<div style=\"padding: 8px;\">\r\n<div style=\"background: #F8F8F8; line-height: 0; margin-top: 40px; padding: 50.0% 0; text-align: center; width: 100%;\">\r\n<div style=\"background: url(data:image\/png; base64,ivborw0kggoaaaansuheugaaacwaaaascamaaaapwqozaaaagfbmveuiiii9pt0ehh4gib4hibkchbwchbwchbydr+jqaaaachrstlmaba4yhyqsm5jtamwaaadfsurbvdjl7zvbegmhcaqbaf\/\/42xcnbpaqakcm0ftumfaaibe81iqbjds3ls6zs3bipb9wed3yyxfpmhrft8sgyrcp1x8ueuxlmznwelfoycv6mhwwwmzdpekhlhlw7nwjqkhc4uizphavdza2jpzudsbzzinae2s6owh8xpmx8g7zzgkeopuoyhvgz1tbcxmkd3kwnvbu0gkhkx+izilf77iofhry1nyfnb\/lqpb79drwoyjva\/davg9b\/rlb4cc+nqgdz\/tvbbbnr6gbreqn\/nrmdgaqeej7whonozjf+y2i\/fzou\/qaaaaaelftksuqmcc); display: block; height: 44px; margin: 0 auto -44px; position: relative; top: -22px; width: 44px;\"><\/div>\r\n<\/div>\r\n<p style=\"margin: 8px 0 0 0; padding: 0 4px;\"><a style=\"color: #000; font-family: Arial,sans-serif; font-size: 14px; font-style: normal; font-weight: normal; line-height: 17px; text-decoration: none; word-wrap: break-word;\" href=\"http:\/\/instagram.com\/p\/Cv-0YHDo7mZ\" target=\"_blank\" rel=\"noopener\">Conociendo Priego de C\u00f3rdoba \ud83c\uddea\ud83c\uddf8.\r\n\u2022\r\nPrimer destino de el Road trip \ud83d\ude99 de este verano \ud83e\udef6.\r\n\u2022\r\n\u2022\r\n\u2022<\/a><\/p>\r\n\u2022\u2022\u2022\u2022\u2022\u2022\u2022\u2022\u2022\u2022\u2022\u2022\u2022\u2022\u2022\u2022\u2022\u2022\u2022\u2022\u2022\u2022\u2022\u2022\u2022\u2022\u2022\u2022\u2022\u2022\u2022\u2022\u2022\u2022\u2022\u2022\u2022\u2022\u2022\u2022\u2022\u2022\u2022\u2022\u2022\u2022\u2022\u2022\u2022\u2022\r\n#recalculando #recalculandoviajes #travel #viajes #viajar #voyage #travelphotography #traveling #travelblog #travels #cuoplesinlove #wanderlust #coupletravel #couplegoals #blogtravel #lifestyleblogger #lifetravel #lifetraveling #europa #europe #espan\u0303a #spain #spain\ud83c\uddea\ud83c\uddf8 #espan\u0303a\ud83c\uddea\ud83c\uddf8 #priegodecordoba\r\n<blockquote class=\"instagram-media\" style=\"background: #FFF; border: 0; border-radius: 3px; box-shadow: 0 0 1px 0 rgba(0,0,0,0.5),0 1px 10px 0 rgba(0,0,0,0.15); margin: 1px; max-width: 658px; padding: 0; width: calc(100% - 2px);\" data-instgrm-permalink=\"http:\/\/instagram.com\/p\/Cv-0YHDo7mZ\" data-instgrm-version=\"8\">\u00a0<\/blockquote>\r\n<script async defer src=\"\/\/www.instagram.com\/embed.js\"><\/script>\r\n<p style=\"color: #c9c8cd; font-family: Arial,sans-serif; font-size: 14px; line-height: 17px; margin-bottom: 0; margin-top: 8px; overflow: hidden; padding: 8px 0 7px; text-align: center; text-overflow: ellipsis; white-space: nowrap;\">A photo posted by \u211d\ud835\udd56\ud835\udd54\ud835\udd52\ud835\udd5d\ud835\udd54\ud835\udd66\ud835\udd5d\ud835\udd52\ud835\udd5f\ud835\udd55\ud835\udd60 \ud835\udd67\ud835\udd5a\ud835\udd52\ud835\udd5b\ud835\udd56\ud835\udd64 (@recalculandoviajes) on <time style=\"font-family: Arial,sans-serif; font-size: 14px; line-height: 17px;\" datetime=\"2023-08-15 22:14:28\">2023-08-15 22:14:28<\/time><\/p>\r\n\r\n<\/div><\/blockquote>\r\n<script async defer src=\"\/\/platform.instagram.com\/en_US\/embeds.js\"><\/script>\r\n\r\n<a href=\"http:\/\/instagram.com\/p\/Cv-0YHDo7mZ\">Instagram Link<\/a>","_et_gb_content_width":"","footnotes":""},"categories":[3,67,24,115],"tags":[61,235,118,116,117,245,141,49],"class_list":["post-7316","post","type-post","status-publish","format-standard","has-post-thumbnail","hentry","category-blog","category-espana","category-europa","category-lugares","tag-andalucia","tag-castillo","tag-destinos","tag-instagram","tag-lugares","tag-miradores","tag-pueblos-de-cuento","tag-viajes"],"yoast_head":"<!-- This site is optimized with the Yoast SEO plugin v27.5 - https:\/\/yoast.com\/product\/yoast-seo-wordpress\/ -->\n<title>\u27a3 Qu\u00e9 Ver en Priego de C\u00f3rdoba en un d\u00eda \ud83e\udd29 | Primer destino del Road Trip Espa\u00f1a 2023 - Recalculando Viajes<\/title>\n<meta name=\"description\" content=\"Descubre la fascinante belleza de Priego de C\u00f3rdoba, Espa\u00f1a. Explora qu\u00e9 ver en Priego de C\u00f3rdoba en un d\u00eda. \u00a1Planifica tu viaje ahora!\" \/>\n<meta name=\"robots\" content=\"index, follow, max-snippet:-1, max-image-preview:large, max-video-preview:-1\" \/>\n<link rel=\"canonical\" href=\"https:\/\/www.recalculandoviajes.com\/que-ver-en-priego-de-cordoba-en-un-dia\/\" \/>\n<meta property=\"og:locale\" content=\"es_ES\" \/>\n<meta property=\"og:type\" content=\"article\" \/>\n<meta property=\"og:title\" content=\"\u27a3 Qu\u00e9 Ver en Priego de C\u00f3rdoba en un d\u00eda \ud83e\udd29 | Primer destino del Road Trip Espa\u00f1a 2023 - Recalculando Viajes\" \/>\n<meta property=\"og:description\" content=\"Descubre la fascinante belleza de Priego de C\u00f3rdoba, Espa\u00f1a. Explora qu\u00e9 ver en Priego de C\u00f3rdoba en un d\u00eda. \u00a1Planifica tu viaje ahora!\" \/>\n<meta property=\"og:url\" content=\"https:\/\/www.recalculandoviajes.com\/que-ver-en-priego-de-cordoba-en-un-dia\/\" \/>\n<meta property=\"og:site_name\" content=\"Recalculando Viajes\" \/>\n<meta property=\"article:publisher\" content=\"https:\/\/www.facebook.com\/recalculandov\/\" \/>\n<meta property=\"article:published_time\" content=\"2023-08-15T22:14:28+00:00\" \/>\n<meta property=\"article:modified_time\" content=\"2023-09-01T19:33:38+00:00\" \/>\n<meta property=\"og:image\" content=\"https:\/\/www.recalculandoviajes.com\/wp-content\/uploads\/2023\/08\/Conociendo-Priego-de-Cordoba-Primer-destino-de-el-Road-t-scaled.jpg\" \/>\n\t<meta property=\"og:image:width\" content=\"1440\" \/>\n\t<meta property=\"og:image:height\" content=\"2560\" \/>\n\t<meta property=\"og:image:type\" content=\"image\/jpeg\" \/>\n<meta name=\"author\" content=\"Recalculando\" \/>\n<meta name=\"twitter:card\" content=\"summary_large_image\" \/>\n<meta name=\"twitter:label1\" content=\"Escrito por\" \/>\n\t<meta name=\"twitter:data1\" content=\"Recalculando\" \/>\n\t<meta name=\"twitter:label2\" content=\"Tiempo de lectura\" \/>\n\t<meta name=\"twitter:data2\" content=\"6 minutos\" \/>\n<script type=\"application\/ld+json\" class=\"yoast-schema-graph\">{\"@context\":\"https:\\\/\\\/schema.org\",\"@graph\":[{\"@type\":\"Article\",\"@id\":\"https:\\\/\\\/www.recalculandoviajes.com\\\/que-ver-en-priego-de-cordoba-en-un-dia\\\/#article\",\"isPartOf\":{\"@id\":\"https:\\\/\\\/www.recalculandoviajes.com\\\/que-ver-en-priego-de-cordoba-en-un-dia\\\/\"},\"author\":{\"name\":\"Recalculando\",\"@id\":\"https:\\\/\\\/www.recalculandoviajes.com\\\/#\\\/schema\\\/person\\\/4d45b86e19dbffb46f89625badbd0c1b\"},\"headline\":\"\u27a3 Qu\u00e9 Ver en Priego de C\u00f3rdoba en un d\u00eda \ud83e\udd29 | Primer destino del Road Trip Espa\u00f1a 2023\",\"datePublished\":\"2023-08-15T22:14:28+00:00\",\"dateModified\":\"2023-09-01T19:33:38+00:00\",\"mainEntityOfPage\":{\"@id\":\"https:\\\/\\\/www.recalculandoviajes.com\\\/que-ver-en-priego-de-cordoba-en-un-dia\\\/\"},\"wordCount\":1676,\"commentCount\":3,\"publisher\":{\"@id\":\"https:\\\/\\\/www.recalculandoviajes.com\\\/#organization\"},\"image\":{\"@id\":\"https:\\\/\\\/www.recalculandoviajes.com\\\/que-ver-en-priego-de-cordoba-en-un-dia\\\/#primaryimage\"},\"thumbnailUrl\":\"https:\\\/\\\/www.recalculandoviajes.com\\\/wp-content\\\/uploads\\\/2023\\\/08\\\/Conociendo-Priego-de-Cordoba-Primer-destino-de-el-Road-t-scaled.jpg\",\"keywords\":[\"Andaluc\u00eda\",\"castillo\",\"destinos\",\"instagram\",\"lugares\",\"miradores\",\"pueblos de cuento\",\"Viajes\"],\"articleSection\":[\"Blog\",\"Espa\u00f1a\",\"Europa\",\"Lugares\"],\"inLanguage\":\"es\",\"potentialAction\":[{\"@type\":\"CommentAction\",\"name\":\"Comment\",\"target\":[\"https:\\\/\\\/www.recalculandoviajes.com\\\/que-ver-en-priego-de-cordoba-en-un-dia\\\/#respond\"]}]},{\"@type\":\"WebPage\",\"@id\":\"https:\\\/\\\/www.recalculandoviajes.com\\\/que-ver-en-priego-de-cordoba-en-un-dia\\\/\",\"url\":\"https:\\\/\\\/www.recalculandoviajes.com\\\/que-ver-en-priego-de-cordoba-en-un-dia\\\/\",\"name\":\"\u27a3 Qu\u00e9 Ver en Priego de C\u00f3rdoba en un d\u00eda \ud83e\udd29 | Primer destino del Road Trip Espa\u00f1a 2023 - Recalculando Viajes\",\"isPartOf\":{\"@id\":\"https:\\\/\\\/www.recalculandoviajes.com\\\/#website\"},\"primaryImageOfPage\":{\"@id\":\"https:\\\/\\\/www.recalculandoviajes.com\\\/que-ver-en-priego-de-cordoba-en-un-dia\\\/#primaryimage\"},\"image\":{\"@id\":\"https:\\\/\\\/www.recalculandoviajes.com\\\/que-ver-en-priego-de-cordoba-en-un-dia\\\/#primaryimage\"},\"thumbnailUrl\":\"https:\\\/\\\/www.recalculandoviajes.com\\\/wp-content\\\/uploads\\\/2023\\\/08\\\/Conociendo-Priego-de-Cordoba-Primer-destino-de-el-Road-t-scaled.jpg\",\"datePublished\":\"2023-08-15T22:14:28+00:00\",\"dateModified\":\"2023-09-01T19:33:38+00:00\",\"description\":\"Descubre la fascinante belleza de Priego de C\u00f3rdoba, Espa\u00f1a. Explora qu\u00e9 ver en Priego de C\u00f3rdoba en un d\u00eda. \u00a1Planifica tu viaje ahora!\",\"breadcrumb\":{\"@id\":\"https:\\\/\\\/www.recalculandoviajes.com\\\/que-ver-en-priego-de-cordoba-en-un-dia\\\/#breadcrumb\"},\"inLanguage\":\"es\",\"potentialAction\":[{\"@type\":\"ReadAction\",\"target\":[\"https:\\\/\\\/www.recalculandoviajes.com\\\/que-ver-en-priego-de-cordoba-en-un-dia\\\/\"]}]},{\"@type\":\"ImageObject\",\"inLanguage\":\"es\",\"@id\":\"https:\\\/\\\/www.recalculandoviajes.com\\\/que-ver-en-priego-de-cordoba-en-un-dia\\\/#primaryimage\",\"url\":\"https:\\\/\\\/www.recalculandoviajes.com\\\/wp-content\\\/uploads\\\/2023\\\/08\\\/Conociendo-Priego-de-Cordoba-Primer-destino-de-el-Road-t-scaled.jpg\",\"contentUrl\":\"https:\\\/\\\/www.recalculandoviajes.com\\\/wp-content\\\/uploads\\\/2023\\\/08\\\/Conociendo-Priego-de-Cordoba-Primer-destino-de-el-Road-t-scaled.jpg\",\"width\":1440,\"height\":2560,\"caption\":\"Qu\u00e9 ver en Priego de C\u00f3rdoba en un d\u00eda\"},{\"@type\":\"BreadcrumbList\",\"@id\":\"https:\\\/\\\/www.recalculandoviajes.com\\\/que-ver-en-priego-de-cordoba-en-un-dia\\\/#breadcrumb\",\"itemListElement\":[{\"@type\":\"ListItem\",\"position\":1,\"name\":\"Portada\",\"item\":\"https:\\\/\\\/www.recalculandoviajes.com\\\/\"},{\"@type\":\"ListItem\",\"position\":2,\"name\":\"\u27a3 Qu\u00e9 Ver en Priego de C\u00f3rdoba en un d\u00eda \ud83e\udd29 | Primer destino del Road Trip Espa\u00f1a 2023\"}]},{\"@type\":\"WebSite\",\"@id\":\"https:\\\/\\\/www.recalculandoviajes.com\\\/#website\",\"url\":\"https:\\\/\\\/www.recalculandoviajes.com\\\/\",\"name\":\"Recalculando viajes\",\"description\":\"Compartimos nuestra gran aventura de Vivir viajando\",\"publisher\":{\"@id\":\"https:\\\/\\\/www.recalculandoviajes.com\\\/#organization\"},\"potentialAction\":[{\"@type\":\"SearchAction\",\"target\":{\"@type\":\"EntryPoint\",\"urlTemplate\":\"https:\\\/\\\/www.recalculandoviajes.com\\\/?s={search_term_string}\"},\"query-input\":{\"@type\":\"PropertyValueSpecification\",\"valueRequired\":true,\"valueName\":\"search_term_string\"}}],\"inLanguage\":\"es\"},{\"@type\":\"Organization\",\"@id\":\"https:\\\/\\\/www.recalculandoviajes.com\\\/#organization\",\"name\":\"Recalculando Viajes\",\"url\":\"https:\\\/\\\/www.recalculandoviajes.com\\\/\",\"logo\":{\"@type\":\"ImageObject\",\"inLanguage\":\"es\",\"@id\":\"https:\\\/\\\/www.recalculandoviajes.com\\\/#\\\/schema\\\/logo\\\/image\\\/\",\"url\":\"https:\\\/\\\/recalculandoviajes.com\\\/wp-content\\\/uploads\\\/2018\\\/07\\\/RecalculandoLogo-1.png\",\"contentUrl\":\"https:\\\/\\\/recalculandoviajes.com\\\/wp-content\\\/uploads\\\/2018\\\/07\\\/RecalculandoLogo-1.png\",\"width\":581,\"height\":591,\"caption\":\"Recalculando Viajes\"},\"image\":{\"@id\":\"https:\\\/\\\/www.recalculandoviajes.com\\\/#\\\/schema\\\/logo\\\/image\\\/\"},\"sameAs\":[\"https:\\\/\\\/www.facebook.com\\\/recalculandov\\\/\",\"https:\\\/\\\/instagram.com\\\/recalculandoviajes\",\"https:\\\/\\\/www.pinterest.com\\\/recalculandoviajes\\\/\",\"https:\\\/\\\/www.youtube.com\\\/channel\\\/UCl9mlzCiqE_YLnQkoL9tzqA\"]},{\"@type\":\"Person\",\"@id\":\"https:\\\/\\\/www.recalculandoviajes.com\\\/#\\\/schema\\\/person\\\/4d45b86e19dbffb46f89625badbd0c1b\",\"name\":\"Recalculando\",\"image\":{\"@type\":\"ImageObject\",\"inLanguage\":\"es\",\"@id\":\"https:\\\/\\\/secure.gravatar.com\\\/avatar\\\/0a8f4205066a2aa397b89ca406750e0680a072b66293ad538ae5ab59b0f14e64?s=96&d=mm&r=g\",\"url\":\"https:\\\/\\\/secure.gravatar.com\\\/avatar\\\/0a8f4205066a2aa397b89ca406750e0680a072b66293ad538ae5ab59b0f14e64?s=96&d=mm&r=g\",\"contentUrl\":\"https:\\\/\\\/secure.gravatar.com\\\/avatar\\\/0a8f4205066a2aa397b89ca406750e0680a072b66293ad538ae5ab59b0f14e64?s=96&d=mm&r=g\",\"caption\":\"Recalculando\"}}]}<\/script>\n<!-- \/ Yoast SEO plugin. -->","yoast_head_json":{"title":"\u27a3 Qu\u00e9 Ver en Priego de C\u00f3rdoba en un d\u00eda \ud83e\udd29 | Primer destino del Road Trip Espa\u00f1a 2023 - Recalculando Viajes","description":"Descubre la fascinante belleza de Priego de C\u00f3rdoba, Espa\u00f1a. Explora qu\u00e9 ver en Priego de C\u00f3rdoba en un d\u00eda. \u00a1Planifica tu viaje ahora!","robots":{"index":"index","follow":"follow","max-snippet":"max-snippet:-1","max-image-preview":"max-image-preview:large","max-video-preview":"max-video-preview:-1"},"canonical":"https:\/\/www.recalculandoviajes.com\/que-ver-en-priego-de-cordoba-en-un-dia\/","og_locale":"es_ES","og_type":"article","og_title":"\u27a3 Qu\u00e9 Ver en Priego de C\u00f3rdoba en un d\u00eda \ud83e\udd29 | Primer destino del Road Trip Espa\u00f1a 2023 - Recalculando Viajes","og_description":"Descubre la fascinante belleza de Priego de C\u00f3rdoba, Espa\u00f1a. Explora qu\u00e9 ver en Priego de C\u00f3rdoba en un d\u00eda. \u00a1Planifica tu viaje ahora!","og_url":"https:\/\/www.recalculandoviajes.com\/que-ver-en-priego-de-cordoba-en-un-dia\/","og_site_name":"Recalculando Viajes","article_publisher":"https:\/\/www.facebook.com\/recalculandov\/","article_published_time":"2023-08-15T22:14:28+00:00","article_modified_time":"2023-09-01T19:33:38+00:00","og_image":[{"width":1440,"height":2560,"url":"https:\/\/www.recalculandoviajes.com\/wp-content\/uploads\/2023\/08\/Conociendo-Priego-de-Cordoba-Primer-destino-de-el-Road-t-scaled.jpg","type":"image\/jpeg"}],"author":"Recalculando","twitter_card":"summary_large_image","twitter_misc":{"Escrito por":"Recalculando","Tiempo de lectura":"6 minutos"},"schema":{"@context":"https:\/\/schema.org","@graph":[{"@type":"Article","@id":"https:\/\/www.recalculandoviajes.com\/que-ver-en-priego-de-cordoba-en-un-dia\/#article","isPartOf":{"@id":"https:\/\/www.recalculandoviajes.com\/que-ver-en-priego-de-cordoba-en-un-dia\/"},"author":{"name":"Recalculando","@id":"https:\/\/www.recalculandoviajes.com\/#\/schema\/person\/4d45b86e19dbffb46f89625badbd0c1b"},"headline":"\u27a3 Qu\u00e9 Ver en Priego de C\u00f3rdoba en un d\u00eda \ud83e\udd29 | Primer destino del Road Trip Espa\u00f1a 2023","datePublished":"2023-08-15T22:14:28+00:00","dateModified":"2023-09-01T19:33:38+00:00","mainEntityOfPage":{"@id":"https:\/\/www.recalculandoviajes.com\/que-ver-en-priego-de-cordoba-en-un-dia\/"},"wordCount":1676,"commentCount":3,"publisher":{"@id":"https:\/\/www.recalculandoviajes.com\/#organization"},"image":{"@id":"https:\/\/www.recalculandoviajes.com\/que-ver-en-priego-de-cordoba-en-un-dia\/#primaryimage"},"thumbnailUrl":"https:\/\/www.recalculandoviajes.com\/wp-content\/uploads\/2023\/08\/Conociendo-Priego-de-Cordoba-Primer-destino-de-el-Road-t-scaled.jpg","keywords":["Andaluc\u00eda","castillo","destinos","instagram","lugares","miradores","pueblos de cuento","Viajes"],"articleSection":["Blog","Espa\u00f1a","Europa","Lugares"],"inLanguage":"es","potentialAction":[{"@type":"CommentAction","name":"Comment","target":["https:\/\/www.recalculandoviajes.com\/que-ver-en-priego-de-cordoba-en-un-dia\/#respond"]}]},{"@type":"WebPage","@id":"https:\/\/www.recalculandoviajes.com\/que-ver-en-priego-de-cordoba-en-un-dia\/","url":"https:\/\/www.recalculandoviajes.com\/que-ver-en-priego-de-cordoba-en-un-dia\/","name":"\u27a3 Qu\u00e9 Ver en Priego de C\u00f3rdoba en un d\u00eda \ud83e\udd29 | Primer destino del Road Trip Espa\u00f1a 2023 - Recalculando Viajes","isPartOf":{"@id":"https:\/\/www.recalculandoviajes.com\/#website"},"primaryImageOfPage":{"@id":"https:\/\/www.recalculandoviajes.com\/que-ver-en-priego-de-cordoba-en-un-dia\/#primaryimage"},"image":{"@id":"https:\/\/www.recalculandoviajes.com\/que-ver-en-priego-de-cordoba-en-un-dia\/#primaryimage"},"thumbnailUrl":"https:\/\/www.recalculandoviajes.com\/wp-content\/uploads\/2023\/08\/Conociendo-Priego-de-Cordoba-Primer-destino-de-el-Road-t-scaled.jpg","datePublished":"2023-08-15T22:14:28+00:00","dateModified":"2023-09-01T19:33:38+00:00","description":"Descubre la fascinante belleza de Priego de C\u00f3rdoba, Espa\u00f1a. Explora qu\u00e9 ver en Priego de C\u00f3rdoba en un d\u00eda. \u00a1Planifica tu viaje ahora!","breadcrumb":{"@id":"https:\/\/www.recalculandoviajes.com\/que-ver-en-priego-de-cordoba-en-un-dia\/#breadcrumb"},"inLanguage":"es","potentialAction":[{"@type":"ReadAction","target":["https:\/\/www.recalculandoviajes.com\/que-ver-en-priego-de-cordoba-en-un-dia\/"]}]},{"@type":"ImageObject","inLanguage":"es","@id":"https:\/\/www.recalculandoviajes.com\/que-ver-en-priego-de-cordoba-en-un-dia\/#primaryimage","url":"https:\/\/www.recalculandoviajes.com\/wp-content\/uploads\/2023\/08\/Conociendo-Priego-de-Cordoba-Primer-destino-de-el-Road-t-scaled.jpg","contentUrl":"https:\/\/www.recalculandoviajes.com\/wp-content\/uploads\/2023\/08\/Conociendo-Priego-de-Cordoba-Primer-destino-de-el-Road-t-scaled.jpg","width":1440,"height":2560,"caption":"Qu\u00e9 ver en Priego de C\u00f3rdoba en un d\u00eda"},{"@type":"BreadcrumbList","@id":"https:\/\/www.recalculandoviajes.com\/que-ver-en-priego-de-cordoba-en-un-dia\/#breadcrumb","itemListElement":[{"@type":"ListItem","position":1,"name":"Portada","item":"https:\/\/www.recalculandoviajes.com\/"},{"@type":"ListItem","position":2,"name":"\u27a3 Qu\u00e9 Ver en Priego de C\u00f3rdoba en un d\u00eda \ud83e\udd29 | Primer destino del Road Trip Espa\u00f1a 2023"}]},{"@type":"WebSite","@id":"https:\/\/www.recalculandoviajes.com\/#website","url":"https:\/\/www.recalculandoviajes.com\/","name":"Recalculando viajes","description":"Compartimos nuestra gran aventura de Vivir viajando","publisher":{"@id":"https:\/\/www.recalculandoviajes.com\/#organization"},"potentialAction":[{"@type":"SearchAction","target":{"@type":"EntryPoint","urlTemplate":"https:\/\/www.recalculandoviajes.com\/?s={search_term_string}"},"query-input":{"@type":"PropertyValueSpecification","valueRequired":true,"valueName":"search_term_string"}}],"inLanguage":"es"},{"@type":"Organization","@id":"https:\/\/www.recalculandoviajes.com\/#organization","name":"Recalculando Viajes","url":"https:\/\/www.recalculandoviajes.com\/","logo":{"@type":"ImageObject","inLanguage":"es","@id":"https:\/\/www.recalculandoviajes.com\/#\/schema\/logo\/image\/","url":"https:\/\/recalculandoviajes.com\/wp-content\/uploads\/2018\/07\/RecalculandoLogo-1.png","contentUrl":"https:\/\/recalculandoviajes.com\/wp-content\/uploads\/2018\/07\/RecalculandoLogo-1.png","width":581,"height":591,"caption":"Recalculando Viajes"},"image":{"@id":"https:\/\/www.recalculandoviajes.com\/#\/schema\/logo\/image\/"},"sameAs":["https:\/\/www.facebook.com\/recalculandov\/","https:\/\/instagram.com\/recalculandoviajes","https:\/\/www.pinterest.com\/recalculandoviajes\/","https:\/\/www.youtube.com\/channel\/UCl9mlzCiqE_YLnQkoL9tzqA"]},{"@type":"Person","@id":"https:\/\/www.recalculandoviajes.com\/#\/schema\/person\/4d45b86e19dbffb46f89625badbd0c1b","name":"Recalculando","image":{"@type":"ImageObject","inLanguage":"es","@id":"https:\/\/secure.gravatar.com\/avatar\/0a8f4205066a2aa397b89ca406750e0680a072b66293ad538ae5ab59b0f14e64?s=96&d=mm&r=g","url":"https:\/\/secure.gravatar.com\/avatar\/0a8f4205066a2aa397b89ca406750e0680a072b66293ad538ae5ab59b0f14e64?s=96&d=mm&r=g","contentUrl":"https:\/\/secure.gravatar.com\/avatar\/0a8f4205066a2aa397b89ca406750e0680a072b66293ad538ae5ab59b0f14e64?s=96&d=mm&r=g","caption":"Recalculando"}}]}},"_links":{"self":[{"href":"https:\/\/www.recalculandoviajes.com\/recalculando-api\/wp\/v2\/posts\/7316","targetHints":{"allow":["GET"]}}],"collection":[{"href":"https:\/\/www.recalculandoviajes.com\/recalculando-api\/wp\/v2\/posts"}],"about":[{"href":"https:\/\/www.recalculandoviajes.com\/recalculando-api\/wp\/v2\/types\/post"}],"author":[{"embeddable":true,"href":"https:\/\/www.recalculandoviajes.com\/recalculando-api\/wp\/v2\/users\/3"}],"replies":[{"embeddable":true,"href":"https:\/\/www.recalculandoviajes.com\/recalculando-api\/wp\/v2\/comments?post=7316"}],"version-history":[{"count":20,"href":"https:\/\/www.recalculandoviajes.com\/recalculando-api\/wp\/v2\/posts\/7316\/revisions"}],"predecessor-version":[{"id":7631,"href":"https:\/\/www.recalculandoviajes.com\/recalculando-api\/wp\/v2\/posts\/7316\/revisions\/7631"}],"wp:featuredmedia":[{"embeddable":true,"href":"https:\/\/www.recalculandoviajes.com\/recalculando-api\/wp\/v2\/media\/7317"}],"wp:attachment":[{"href":"https:\/\/www.recalculandoviajes.com\/recalculando-api\/wp\/v2\/media?parent=7316"}],"wp:term":[{"taxonomy":"category","embeddable":true,"href":"https:\/\/www.recalculandoviajes.com\/recalculando-api\/wp\/v2\/categories?post=7316"},{"taxonomy":"post_tag","embeddable":true,"href":"https:\/\/www.recalculandoviajes.com\/recalculando-api\/wp\/v2\/tags?post=7316"}],"curies":[{"name":"wp","href":"https:\/\/api.w.org\/{rel}","templated":true}]}}