{"id":5675,"date":"2025-11-14T16:43:39","date_gmt":"2025-11-14T19:43:39","guid":{"rendered":"https:\/\/recalculandoviajes.com\/feliz-navidad-para-todos-los-mercaditos-de-innsbruc\/"},"modified":"2026-01-02T09:25:05","modified_gmt":"2026-01-02T12:25:05","slug":"que-ver-en-innsbruck-en-navidad-austria","status":"publish","type":"post","link":"https:\/\/www.recalculandoviajes.com\/que-ver-en-innsbruck-en-navidad-austria\/","title":{"rendered":"Qu\u00e9 ver en Innsbruck en Navidad: Gu\u00eda completa para una experiencia m\u00e1gica | Austria \ud83c\udde6\ud83c\uddf9"},"content":{"rendered":"[et_pb_section fb_built=\u00bb1&#8243; _builder_version=\u00bb4.16&#8243; global_colors_info=\u00bb{}\u00bb][et_pb_row _builder_version=\u00bb4.16&#8243; background_size=\u00bbinitial\u00bb background_position=\u00bbtop_left\u00bb background_repeat=\u00bbrepeat\u00bb global_colors_info=\u00bb{}\u00bb][et_pb_column type=\u00bb4_4&#8243; _builder_version=\u00bb4.16&#8243; custom_padding=\u00bb|||\u00bb global_colors_info=\u00bb{}\u00bb custom_padding__hover=\u00bb|||\u00bb][et_pb_text admin_label=\u00bbIntroducci\u00f3n al encanto navide\u00f1o de Innsbruck\u00bb _builder_version=\u00bb4.27.5&#8243; _module_preset=\u00bbdefault\u00bb global_colors_info=\u00bb{}\u00bb]\n<h2><strong>Introducci\u00f3n al encanto navide\u00f1o de Innsbruck<\/strong><\/h2>\n<p>\u00bfQuer\u00e9s descubrir\u00a0<strong>qu\u00e9 ver en Innsbruck en Navidad<\/strong>\u00a0de manera aut\u00e9ntica y m\u00e1gica? Nosotros, desde Recalculando Viajes, te contamos c\u00f3mo esta ciudad alpina se transforma en un escenario festivo de cuento durante diciembre. Entre luces incrustadas en fachadas medievales, mercados que aromatizan el aire con dulces y especias, y monta\u00f1as nevadas casi a la vista desde el centro, Innsbruck propone una experiencia navide\u00f1a que combina ciudad y naturaleza de forma \u00fanica.<\/p>\n<p>A continuaci\u00f3n exploraremos los principales puntos de inter\u00e9s navide\u00f1os, actividades imprescindibles, excursiones cercanas, consejos pr\u00e1cticos y momentos especiales que vivimos ah\u00ed. As\u00ed pod\u00e9s planear tu viaje con seguridad, entusiasmo y realismo.<\/p><div class=\"wphcr69f05fa63f6d5\" ><div style=\"text-align: center; backdrop-filter: blur(10px); background: linear-gradient(135deg, #ff6a6a, #ff884d); border-radius: 15px; padding: 20px 30px; box-shadow: 0 8px 32px rgba(0, 0, 0, 0.2); border: 1px solid rgba(255, 255, 255, 0.18); color: #fff; max-width: 600px; margin: 50px auto;\">\n  <h2 style=\"font-size: 2rem; font-weight: bold; margin-bottom: 10px; color: #ffffff !important; text-shadow: 0 2px 5px rgba(0, 0, 0, 0.4);\">\ud83c\udf0d Seguro de Viaje:  Descuento de 5% en IATI Seguros! \ud83c\udf1f<\/h2>\n  <p style=\"font-size: 1rem; margin-bottom: 20px; line-height: 1.5;\">Aprovecha esta oferta y viaja seguro.<\/p>\n  <a href=\"https:\/\/recalculandoviajes.com\/iati-seguros\" target=\"_blank\" style=\"display: inline-block; padding: 15px 25px; font-size: 1.2rem; font-weight: bold; color: #fff; text-decoration: none; border-radius: 30px; background: linear-gradient(135deg, #ff5722, #e91e63); transition: all 0.3s ease; box-shadow: 0 6px 15px rgba(233, 30, 99, 0.6); border: 2px solid rgba(255, 255, 255, 0.3);\" rel=\"noopener\">Quiero mi 5% de Descuento<\/a>\n<\/div><\/div><style type=\"text\/css\">\r\n@media screen and (min-width: 1201px) {\r\n.wphcr69f05fa63f6d5 {\r\ndisplay: block;\r\n}\r\n}\r\n@media screen and (min-width: 993px) and (max-width: 1200px) {\r\n.wphcr69f05fa63f6d5 {\r\ndisplay: block;\r\n}\r\n}\r\n@media screen and (min-width: 769px) and (max-width: 992px) {\r\n.wphcr69f05fa63f6d5 {\r\ndisplay: block;\r\n}\r\n}\r\n@media screen and (min-width: 768px) and (max-width: 768px) {\r\n.wphcr69f05fa63f6d5 {\r\ndisplay: block;\r\n}\r\n}\r\n@media screen and (max-width: 767px) {\r\n.wphcr69f05fa63f6d5 {\r\ndisplay: block;\r\n}\r\n}\r\n<\/style>\r\n\n[\/et_pb_text][et_pb_text _builder_version=\u00bb4.27.5&#8243; _module_preset=\u00bbdefault\u00bb global_colors_info=\u00bb{}\u00bb]\n<h2>\u00bfPor qu\u00e9 elegir este destino?<\/h2>\n<p>No hay muchos lugares que superen la experiencia de vivir en <b>Innsbruck Austria Navidad<\/b>. La combinaci\u00f3n de los Alpes austriacos de fondo con la decoraci\u00f3n del casco antiguo crea una atm\u00f3sfera que dif\u00edcilmente encontrar\u00e1s en otras ciudades europeas.<\/p>\n[\/et_pb_text][et_pb_text _builder_version=\u00bb4.27.5&#8243; _module_preset=\u00bbdefault\u00bb global_colors_info=\u00bb{}\u00bb]\n<h2 id=\"-panorama-temporal-cu-ndo-es-navidad-en-innsbruck-y-clima-t-pico-\"><strong>Panorama temporal: cu\u00e1ndo es Navidad en Innsbruck y clima t\u00edpico<\/strong><\/h2>\n<p>La temporada navide\u00f1a en Innsbruck generalmente empieza a finales de noviembre y se extiende hasta principios de enero. Los mercados m\u00e1s importantes <strong>abren hacia el 20-25 de noviembre<\/strong>, y <strong>muchos cierran antes de Navidad<\/strong> o justo despu\u00e9s del <strong>D\u00eda de Reyes (6 de enero).<\/strong> Las fechas exactas var\u00edan a\u00f1o a a\u00f1o, por lo que conviene revisar el calendario oficial local.<\/p>\n<p>En cuanto al <strong>clima<\/strong>, diciembre y principios de enero traen d\u00edas fr\u00edos con temperaturas <strong>medias entre -5 \u00b0C y +3 \u00b0C<\/strong>. Durante el d\u00eda puede subir un poco, pero las ma\u00f1anas y noches son heladas. Las horas de luz son limitadas (aproximadamente entre 8 a 9 horas), por lo que el recorrido al mediod\u00eda es valioso. La nieve es m\u00e1s frecuente en las monta\u00f1as que dentro de la ciudad misma, aunque ocasionalmente cae en el casco urbano, dotando todo de una est\u00e9tica blanca de ensue\u00f1o.<\/p>\n<blockquote>\n<p><strong>Viajar a Innsbruck en diciembre<\/strong> es la mejor decisi\u00f3n si buscas nieve y ambiente festivo asegurado. A diferencia de <strong>noviembre<\/strong>, fue la \u00e9poca que fuimos (no nev\u00f3, eso si agradecimos mucho los d\u00edas soleados para nuestro gusti), el clima es variable, al visitar Innsbruck diciembre suele regalarte esa postal blanca perfecta que todos so\u00f1amos ver al menos una vez en la vida.<\/p>\n<\/blockquote>\n[\/et_pb_text][et_pb_text _builder_version=\u00bb4.27.5&#8243; _module_preset=\u00bbdefault\u00bb global_colors_info=\u00bb{}\u00bb]\n<h2>Mercados navide\u00f1os en Innsbruck [Actualizado 2025]<\/h2>\n<p>Los mercados de Navidad en Innsbruck son los epicentros del ambiente festivo. Al recorrerlos, vas a ver luces c\u00e1lidas, puestos artesanales, delicias dulces y el bullicio alegre de locales y turistas mezclados.<\/p>\n<blockquote>\n<p>Elegir un solo <b>mercado navide\u00f1o Innsbruck<\/b> es dif\u00edcil porque todos tienen algo especial. Sin embargo, si tienes poco tiempo, el <b>Innsbruck mercado navide\u00f1o<\/b> del Tejado Dorado es el imprescindible por su ubicaci\u00f3n hist\u00f3rica y sus puestos tradicionales.<\/p>\n<\/blockquote>\n<p>Aqu\u00ed los m\u00e1s destacados:<\/p>\n<ul>\n<li><strong>Altstadt \/ Tejado Dorado (Christkindlmarkt Altstadt):<\/strong>\u00a0Este es el mercado m\u00e1s emblem\u00e1tico, ubicado frente al famoso \u00abGoldenes Dachl\u00bb. Es perfecto para pasear, comprar adornos y sentir el coraz\u00f3n navide\u00f1o de la ciudad.<\/li>\n<li><strong>Marktplatz:<\/strong>\u00a0En la plaza principal, este mercado es m\u00e1s compacto pero con una excelente selecci\u00f3n de productos artesanales y comida t\u00edpica.<\/li>\n<li><strong>Maria-Theresien-Stra\u00dfe:<\/strong>\u00a0Ubicado sobre la avenida peatonal m\u00e1s elegante, este mercado combina estilo con tradici\u00f3n. Las luces colgantes sobre la calle le dan un ambiente muy especial.<\/li>\n<li><strong>Hungerburg (mercado panor\u00e1mico):<\/strong>\u00a0Acced\u00e9s subiendo en funicular. M\u00e1s tranquilo, con vistas de altura y un ambiente ideal para quienes quieren algo m\u00e1s contemplativo.<\/li>\n<li><strong>Wilten:<\/strong>\u00a0En este barrio tradicional pod\u00e9s encontrar puestos menos tur\u00edsticos, buen ambiente local y precios moderados.<\/li>\n<li><strong>San Nicol\u00e1s (St. Nikolaus):<\/strong>\u00a0Mercado m\u00e1s alternativo, con propuestas locales, dise\u00f1o independiente y ambiente bohemio.<\/li>\n<\/ul>\n<p>Cada mercado tiene su identidad: algunos se lucen por tama\u00f1o o ubicaci\u00f3n, otros por autenticidad y precios. Nosotros recomendamos visitarlos todos, pero si el tiempo es corto, prioriz\u00e1 Altstadt y Hungerburg.<\/p>\n<p>Los mercados navide\u00f1os ofrecen una gran variedad de productos artesanales, como velas, joyas, juguetes y decoraciones navide\u00f1as. Tambi\u00e9n hay una gran variedad de comida y bebida, como el Kiachl, un bu\u00f1uelo con relleno dulce o salado reci\u00e9n horneado, y el ponche, una bebida caliente y dulce que es perfecta para combatir el fr\u00edo.<\/p>\n<h3>Magia navide\u00f1a en el casco antiguo<\/h3>\n<blockquote>\n<p>Del 15 de noviembre al 23 de diciembre de 2025<br \/>El mercado navide\u00f1o del casco antiguo abre todos los d\u00edas de 11:00 a 21:00.<\/p>\n<\/blockquote>\n<p>Aqu\u00ed hay una tabla que resume los mercados navide\u00f1os en Innsbruck:<\/p>\n[\/et_pb_text][et_pb_code _builder_version=\u00bb4.27.4&#8243; _module_preset=\u00bbdefault\u00bb global_colors_info=\u00bb{}\u00bb]\n<style type=\"text\/css\"><!-- [et_pb_line_break_holder] -->#tab-table {<!-- [et_pb_line_break_holder] -->    font-size: 12px;<!-- [et_pb_line_break_holder] -->    border: 1px solid #CCC; <!-- [et_pb_line_break_holder] -->    font-family: Arial, Helvetica, sans-serif;<!-- [et_pb_line_break_holder] -->    border-collapse: collapse;<!-- [et_pb_line_break_holder] -->    width: 100%;<!-- [et_pb_line_break_holder] -->} <!-- [et_pb_line_break_holder] -->#tab-table td {<!-- [et_pb_line_break_holder] -->    padding: 4px;<!-- [et_pb_line_break_holder] -->    margin: 3px;<!-- [et_pb_line_break_holder] -->    border: 1px solid #CCC;<!-- [et_pb_line_break_holder] -->}<!-- [et_pb_line_break_holder] -->#tab-table th {<!-- [et_pb_line_break_holder] -->    text-align: center;<!-- [et_pb_line_break_holder] -->    background-color: #B8174A;<!-- [et_pb_line_break_holder] -->    color: white;<!-- [et_pb_line_break_holder] -->    font-weight: bold;<!-- [et_pb_line_break_holder] -->}<!-- [et_pb_line_break_holder] --><\/style>\n<p><!-- [et_pb_line_break_holder] --><!-- [et_pb_line_break_holder] --><\/p>\n<table id=\"tab-table\"><!-- [et_pb_line_break_holder] --><\/p>\n<thead><!-- [et_pb_line_break_holder] --><\/p>\n<tr class=\"tab-firstrow\"><!-- [et_pb_line_break_holder] -->  <\/p>\n<th>Mercados Navide\u00f1os Innsbruck [Actualizado 2025\/2026]<\/th>\n<p><!-- [et_pb_line_break_holder] -->  <\/p>\n<th>Ubicaci\u00f3n<\/th>\n<p><!-- [et_pb_line_break_holder] -->  <\/p>\n<th>Fechas y Horarios<\/th>\n<p><!-- [et_pb_line_break_holder] --><\/tr>\n<p><!-- [et_pb_line_break_holder] --><\/thead>\n<p><!-- [et_pb_line_break_holder] --><\/p>\n<tbody><!-- [et_pb_line_break_holder] -->  <\/p>\n<tr><!-- [et_pb_line_break_holder] -->    <\/p>\n<td>Christmas Magic in the Old Town \/ Tejado de Oro<\/td>\n<p><!-- [et_pb_line_break_holder] -->    <\/p>\n<td>Centro hist\u00f3rico (Altstadt)<\/td>\n<p><!-- [et_pb_line_break_holder] -->    <\/p>\n<td>15\/11\/2025 &#8211; 23\/12\/2025<!\u2013- [et_pb_br_holder] -\u2013>Abierto todos los d\u00edas de 11:00 a 21:00<\/td>\n<p><!-- [et_pb_line_break_holder] -->  <\/tr>\n<p><!-- [et_pb_line_break_holder] --><!-- [et_pb_line_break_holder] -->  <\/p>\n<tr><!-- [et_pb_line_break_holder] -->    <\/p>\n<td>Light and Modern \u2013 Mercado de Navidad en calle Maria Theresien<\/td>\n<p><!-- [et_pb_line_break_holder] -->    <\/p>\n<td>Maria-Theresien-Stra\u00dfe<\/td>\n<p><!-- [et_pb_line_break_holder] -->    <\/p>\n<td>25\/11\/2025 &#8211; 06\/01\/2026<!\u2013- [et_pb_br_holder] -\u2013><!-- [et_pb_line_break_holder] -->      Todos los d\u00edas: 11:00 &#8211; 21:00<!\u2013- [et_pb_br_holder] -\u2013><!-- [et_pb_line_break_holder] -->      24\/12: 11:00 &#8211; 15:00<!\u2013- [et_pb_br_holder] -\u2013><!-- [et_pb_line_break_holder] -->      31\/12: 11:00 &#8211; 19:00<!-- [et_pb_line_break_holder] -->    <\/td>\n<p><!-- [et_pb_line_break_holder] -->  <\/tr>\n<p><!-- [et_pb_line_break_holder] --><!-- [et_pb_line_break_holder] -->  <\/p>\n<tr><!-- [et_pb_line_break_holder] -->    <\/p>\n<td>Mercado de Navidad en Marktplatz\/Advent at the Market Square<\/td>\n<p><!-- [et_pb_line_break_holder] -->    <\/p>\n<td>Marktplatz<\/td>\n<p><!-- [et_pb_line_break_holder] -->    <\/p>\n<td>15\/11\/2025 &#8211; 23\/12\/2025<!\u2013- [et_pb_br_holder] -\u2013>Todos los d\u00edas: 11:00 &#8211; 21:00<\/td>\n<p><!-- [et_pb_line_break_holder] -->  <\/tr>\n<p><!-- [et_pb_line_break_holder] --><!-- [et_pb_line_break_holder] -->  <\/p>\n<tr><!-- [et_pb_line_break_holder] -->    <\/p>\n<td>Mercado de Navidad panor\u00e1mico en Hungerburg \/ Christmas Atmosphere in Hungerburg<\/td>\n<p><!-- [et_pb_line_break_holder] -->    <\/p>\n<td>Hungerburg (accesible por funicular)<\/td>\n<p><!-- [et_pb_line_break_holder] -->    <\/p>\n<td>21\/11\/2025 &#8211; 06\/01\/2026<!\u2013- [et_pb_br_holder] -\u2013><!-- [et_pb_line_break_holder] -->      <strong>Hasta el 24\/12:<\/strong><!\u2013- [et_pb_br_holder] -\u2013><!-- [et_pb_line_break_holder] -->      Lunes &#8211; Viernes: 13:00 &#8211; 19:00<!\u2013- [et_pb_br_holder] -\u2013><!-- [et_pb_line_break_holder] -->      S\u00e1bado &#8211; Domingo: 12:00 &#8211; 19:00<!\u2013- [et_pb_br_holder] -\u2013><!-- [et_pb_line_break_holder] -->      24\/12: 12:00 &#8211; 15:00<!\u2013- [et_pb_br_holder] -\u2013><!\u2013- [et_pb_br_holder] -\u2013><!-- [et_pb_line_break_holder] -->      <strong>Del 25\/12 al 06\/01:<\/strong><!\u2013- [et_pb_br_holder] -\u2013><!-- [et_pb_line_break_holder] -->      Lunes &#8211; Viernes: 13:00 &#8211; 18:00<!\u2013- [et_pb_br_holder] -\u2013><!-- [et_pb_line_break_holder] -->      S\u00e1bado &#8211; Domingo: 12:00 &#8211; 18:00<!\u2013- [et_pb_br_holder] -\u2013><!-- [et_pb_line_break_holder] -->      31\/12: 12:00 &#8211; 17:00<!-- [et_pb_line_break_holder] -->    <\/td>\n<p><!-- [et_pb_line_break_holder] -->  <\/tr>\n<p><!-- [et_pb_line_break_holder] --><!-- [et_pb_line_break_holder] -->  <\/p>\n<tr><!-- [et_pb_line_break_holder] -->    <\/p>\n<td>Mercado de Navidad en San Nicol\u00e1s \/ Insider Tip \u2013 St. Nikolaus<\/td>\n<p><!-- [et_pb_line_break_holder] -->    <\/p>\n<td>Barrio de St. Nikolaus<\/td>\n<p><!-- [et_pb_line_break_holder] -->    <\/p>\n<td>21\/11\/2025 &#8211; 23\/12\/2025<!\u2013- [et_pb_br_holder] -\u2013>Todos los d\u00edas: 16:00 &#8211; 21:00<\/td>\n<p><!-- [et_pb_line_break_holder] -->  <\/tr>\n<p><!-- [et_pb_line_break_holder] --><!-- [et_pb_line_break_holder] -->  <\/p>\n<tr><!-- [et_pb_line_break_holder] -->    <\/p>\n<td>Navidad en Wilten \/ Christmas Magic in Wilten<\/td>\n<p><!-- [et_pb_line_break_holder] -->    <\/p>\n<td>Wilten District<\/td>\n<p><!-- [et_pb_line_break_holder] -->    <\/p>\n<td>21\/11\/2025 &#8211; 21\/12\/2025<!\u2013- [et_pb_br_holder] -\u2013>Todos los d\u00edas: 16:00 &#8211; 20:00<\/td>\n<p><!-- [et_pb_line_break_holder] -->  <\/tr>\n<p><!-- [et_pb_line_break_holder] --><!-- [et_pb_line_break_holder] -->  <\/p>\n<tr><!-- [et_pb_line_break_holder] -->    <\/p>\n<td>Kaiserweihnacht am Bergisel<\/td>\n<p><!-- [et_pb_line_break_holder] -->    <\/p>\n<td>Bergisel<\/td>\n<p><!-- [et_pb_line_break_holder] -->    <\/p>\n<td>14\/11\/2025 &#8211; 21\/12\/2025 (solo viernes a domingo)<!\u2013- [et_pb_br_holder] -\u2013><!-- [et_pb_line_break_holder] -->      Viernes: 14:00 &#8211; 20:00<!\u2013- [et_pb_br_holder] -\u2013><!-- [et_pb_line_break_holder] -->      S\u00e1bado y Domingo: 11:00 &#8211; 20:00<!-- [et_pb_line_break_holder] -->    <\/td>\n<p><!-- [et_pb_line_break_holder] -->  <\/tr>\n<p><!-- [et_pb_line_break_holder] --><\/tbody>\n<p><!-- [et_pb_line_break_holder] --><\/table>\n<p><!-- [et_pb_line_break_holder] -->[\/et_pb_code][et_pb_text _builder_version=\u00bb4.27.4&#8243; _module_preset=\u00bbdefault\u00bb global_colors_info=\u00bb{}\u00bb]\n<p>M\u00e1s info: <a href=\"https:\/\/www.austria.info\/es\">Austria<\/a> \/ <a href=\"https:\/\/www.innsbruck.info\/\" target=\"_blank\" rel=\"noopener\">Innsbruck<\/a><\/p>\n[\/et_pb_text][et_pb_text admin_label=\u00bbcomida\u00bb _builder_version=\u00bb4.27.4&#8243; _module_preset=\u00bbdefault\u00bb global_colors_info=\u00bb{}\u00bb]\n<h2>Comidas y bebidas en Innsbruck en Navidad<\/h2>\n<p>La comida y la bebida son una parte importante de cualquier viaje, y Innsbruck no decepciona. Aqu\u00ed hay algunas de las comidas y bebidas que no te puedes perder en Innsbruck:<\/p>\n<ul>\n<li><strong>Kiachl:<\/strong> El Kiachl es un bu\u00f1uelo con relleno dulce o salado reci\u00e9n horneado. Es una comida tradicional de Tirol y se puede encontrar en los mercados navide\u00f1os de Innsbruck .<\/li>\n<li><strong>Ponche sin alcohol:<\/strong> El ponche es una bebida caliente arom\u00e1tica y dulce que es perfecta para combatir el fr\u00edo. El ponche se puede encontrar en los mercados navide\u00f1os de Innsbruck .<\/li>\n<li><strong>Gl\u00fchwein:<\/strong> El Gluhwein es vino caliente especiado con clavo, canela y c\u00e1scara de naranja. Obligatorio en los mercados. Es popular en toda Europa durante la Navidad. El Gluhwein se puede encontrar en los mercados navide\u00f1os de Innsbruck .<\/li>\n<li>\n<p><strong>Almendras tostadas (gebrannte Mandeln):<\/strong>\u00a0almendras cubiertas de caramelo que desprenden aromas de az\u00facar y nuez.<\/p>\n<\/li>\n<li>\n<p><strong>Strudel de manzana y Kaiserschmarrn:<\/strong>\u00a0postres cl\u00e1sicos tiroleses que reconfortan.<\/p>\n<\/li>\n<li>\n<p><strong>Salchichas (Bratwurst, K\u00e4sekrainer):<\/strong>\u00a0con pan r\u00fastico, mostaza local y acompa\u00f1amientos regionales.<\/p>\n<\/li>\n<li>\n<p><strong>Chocolate caliente con \u00abSchuss\u00bb:<\/strong>\u00a0versi\u00f3n tradicional con un toque de licor (opcional).<\/p>\n<\/li>\n<\/ul>\n<p>Nosotros empez\u00e1bamos nuestras caminatas con un Gl\u00fchwein y termin\u00e1bamos con algo m\u00e1s para picar. Es parte del ritual navide\u00f1o.<\/p>\n<p>&nbsp;<\/p>\n<p>&nbsp;<\/p>\n[\/et_pb_text][et_pb_text admin_label=\u00bbExperiencias luminiscentes\u00bb _builder_version=\u00bb4.27.4&#8243; _module_preset=\u00bbdefault\u00bb global_colors_info=\u00bb{}\u00bb]\n<h2 id=\"-experiencias-luminiscentes-iluminaci-n-espect-culos-y-adornos-\"><strong>Experiencias luminiscentes: iluminaci\u00f3n, espect\u00e1culos y adornos<\/strong><\/h2>\n<p>M\u00e1s all\u00e1 de los puestos, parte de lo que hay <strong>que ver en Innsbruck en Navidad<\/strong> es el espect\u00e1culo de luces que envuelve la ciudad. A medida que cae la tarde, las fachadas barrocas, los balcones decorados y los techos medievales comienzan a brillar. Las calles principales como <strong>Maria-Theresien-Stra\u00dfe<\/strong> se transforman en t\u00faneles dorados de luz.<\/p>\n<p>Adem\u00e1s de la iluminaci\u00f3n fija, suele haber proyecciones arquitect\u00f3nicas o shows de mapping en edificios hist\u00f3ricos, sobre todo durante los fines de semana. En algunas noches, los comercios o plazas organizan conciertos al aire libre con coros locales o peque\u00f1os ensambles. Tambi\u00e9n, en fechas se\u00f1aladas como el 6 de diciembre (San Nicol\u00e1s) se realizan pasacalles con linternas, personajes tradicionales y m\u00fasica.<\/p>\n<blockquote>\n<p>Andar de noche por el casco antiguo con nieve leve cayendo y luces doradas encima es, sin exagerar, un momento de pel\u00edcula. No subestimen lo que una caminata tranquila puede ofrecer: el ambiente navide\u00f1o se respira, se siente y se disfruta.<\/p>\n<\/blockquote>\n[\/et_pb_text][et_pb_text admin_label=\u00bbMiradores y puntos panor\u00e1micos nevados\u00bb _builder_version=\u00bb4.27.4&#8243; _module_preset=\u00bbdefault\u00bb global_colors_info=\u00bb{}\u00bb]\n<h2 id=\"-miradores-y-panoramas-nevados-\"><strong>Miradores y puntos panor\u00e1micos nevados<\/strong><\/h2>\n<p>Uno de los placeres de visitar Innsbruck en invierno es subir a los miradores nevados y contemplar la ciudad desde arriba:<\/p>\n<ul>\n<li><strong>Nordkettebahn \u2192 Seegrube \/ Hafelekar:<\/strong>\u00a0esta ruta en telef\u00e9rico te lleva desde el centro hasta m\u00e1s de 2.300 m de altura. Las vistas de Innsbruck nevada y los valles circundantes son espectaculares.<\/li>\n<li><strong>Hungerburg vantage:<\/strong>\u00a0el funicular Hungerburgbahn sube desde el centro hasta Hungerburg y m\u00e1s all\u00e1, con paradas panor\u00e1micas.<\/li>\n<li><strong>Funiculares y telef\u00e9ricos locales:<\/strong>\u00a0para acceso m\u00e1s r\u00e1pido a colinas cercanas con buenas vistas.<\/li>\n<li><strong>Plataformas elevadas o terrazas de hoteles\/caf\u00e9s:<\/strong>\u00a0algunos alojamientos tienen terrazas con panoramas privilegiados de la ciudad en su versi\u00f3n invernal.<\/li>\n<\/ul>\n[\/et_pb_text][\/et_pb_column][\/et_pb_row][et_pb_row column_structure=\u00bb1_3,1_3,1_3&#8243; _builder_version=\u00bb4.27.4&#8243; _module_preset=\u00bbdefault\u00bb global_colors_info=\u00bb{}\u00bb][et_pb_column type=\u00bb1_3&#8243; _builder_version=\u00bb4.27.4&#8243; _module_preset=\u00bbdefault\u00bb global_colors_info=\u00bb{}\u00bb][et_pb_image src=\u00bbhttps:\/\/www.recalculandoviajes.com\/wp-content\/uploads\/2025\/10\/navidad-en-innsbruck-mirador.jpg\u00bb alt=\u00bbnavidad en innsbruck mirador\u00bb title_text=\u00bbnavidad en innsbruck mirador\u00bb _builder_version=\u00bb4.27.4&#8243; _module_preset=\u00bbdefault\u00bb global_colors_info=\u00bb{}\u00bb][\/et_pb_image][\/et_pb_column][et_pb_column type=\u00bb1_3&#8243; _builder_version=\u00bb4.27.4&#8243; _module_preset=\u00bbdefault\u00bb global_colors_info=\u00bb{}\u00bb][et_pb_image src=\u00bbhttps:\/\/www.recalculandoviajes.com\/wp-content\/uploads\/2025\/10\/navidad-en-innsbruck.jpg\u00bb alt=\u00bbnavidad en innsbruck\u00bb title_text=\u00bbnavidad en innsbruck\u00bb _builder_version=\u00bb4.27.4&#8243; _module_preset=\u00bbdefault\u00bb global_colors_info=\u00bb{}\u00bb][\/et_pb_image][\/et_pb_column][et_pb_column type=\u00bb1_3&#8243; _builder_version=\u00bb4.27.4&#8243; _module_preset=\u00bbdefault\u00bb global_colors_info=\u00bb{}\u00bb][et_pb_image src=\u00bbhttps:\/\/www.recalculandoviajes.com\/wp-content\/uploads\/2025\/10\/navidad-en-innsbruck-que-ver.jpg\u00bb alt=\u00bbnavidad en innsbruck que ver\u00bb title_text=\u00bbnavidad en innsbruck que ver\u00bb _builder_version=\u00bb4.27.4&#8243; _module_preset=\u00bbdefault\u00bb global_colors_info=\u00bb{}\u00bb][\/et_pb_image][\/et_pb_column][\/et_pb_row][et_pb_row _builder_version=\u00bb4.27.4&#8243; _module_preset=\u00bbdefault\u00bb global_colors_info=\u00bb{}\u00bb][et_pb_column type=\u00bb4_4&#8243; _builder_version=\u00bb4.27.4&#8243; _module_preset=\u00bbdefault\u00bb global_colors_info=\u00bb{}\u00bb][et_pb_text admin_label=\u00bbAtracciones arquitect\u00f3nicas\u00bb _builder_version=\u00bb4.27.4&#8243; _module_preset=\u00bbdefault\u00bb global_colors_info=\u00bb{}\u00bb]\n<h2 id=\"-atracciones-arquitect-nicas-en-invierno-\"><strong>Atracciones arquitect\u00f3nicas en invierno<\/strong><\/h2>\n<p>Aunque la ciudad est\u00e9 nevada, muchas de las joyas arquitect\u00f3nicas de Innsbruck permanecen visibles y resaltan a\u00fan m\u00e1s bajo ese manto blanco. Al visitar en Navidad, vale la pena detenerse en:<\/p>\n<ul>\n<li><strong>Tejado Dorado (Goldenes Dachl):<\/strong>\u00a0s\u00edmbolo iconogr\u00e1fico de Innsbruck, ubicado en el casco antiguo, es uno de los lugares m\u00e1s fotog\u00e9nicos.<\/li>\n<li><strong>Catedral de Innsbruck (Dom zu St. Jakob):<\/strong>\u00a0su interior barroco y su decoraci\u00f3n navide\u00f1a lo convierten en parada obligada.<\/li>\n<li><strong>Hofburg (Palacio Imperial):<\/strong>\u00a0con sus salones hist\u00f3ricos y decoraciones festivas. A veces tiene eventos especiales de temporada.<\/li>\n<li><strong>Iglesias barrocas y capillas locales:<\/strong>\u00a0muchas con belenes (pesebres) detallados, m\u00fasica navide\u00f1a y vitrales iluminados.<\/li>\n<\/ul>\n<p>Durante el invierno, estas edificaciones adquieren un aura distinta: la nieve sobre tejados, faroles encendidos y calles empedradas iluminadas. Es ideal visitarlas al mediod\u00eda, cuando la luz natural acompa\u00f1a mejor, y revisitar algunas de noche para ver c\u00f3mo cambian con la iluminaci\u00f3n nocturna.<\/p>\n[\/et_pb_text][et_pb_text admin_label=\u00bbActividades de invierno\u00bb _builder_version=\u00bb4.27.4&#8243; _module_preset=\u00bbdefault\u00bb global_colors_info=\u00bb{}\u00bb]\n<h2 id=\"-actividades-de-invierno-esenciales-\"><strong>Actividades de invierno en Innsbruck [Navidad]<\/strong><\/h2>\n<p>Para complementar lo que ver en Innsbruck en Navidad, hay que moverse, deslizarse y experimentar la nieve:<\/p><div class=\"vbfje69f05fa63f693\" ><div style=\"padding: 10px; border: 10px outset #b8174a; border-radius: 15px;\"><center><strong>\n\u261d\ufe0f <a href=\"https:\/\/recalculandoviajes.com\/iati-seguros\">VIAJA SEGURO - DESCUENTOS \/ 5% OFF IATI<\/a>!!<br\/>\ud83d\udc69\u200d\u2695\ufe0f\ud83d\udc68\u200d\u2695\ufe0f Requisito indispensable para viajar sin preocupaciones! \ud83c\udf0e\u2708\ufe0f <a href=\"https:\/\/recalculandoviajes.com\/asistencia-al-viajero\/\">Cotiz\u00e1, Compar\u00e1 y Contrat\u00e1<\/a><\/strong><\/center><\/div><br\/><\/div><style type=\"text\/css\">\r\n@media screen and (min-width: 1201px) {\r\n.vbfje69f05fa63f693 {\r\ndisplay: block;\r\n}\r\n}\r\n@media screen and (min-width: 993px) and (max-width: 1200px) {\r\n.vbfje69f05fa63f693 {\r\ndisplay: block;\r\n}\r\n}\r\n@media screen and (min-width: 769px) and (max-width: 992px) {\r\n.vbfje69f05fa63f693 {\r\ndisplay: block;\r\n}\r\n}\r\n@media screen and (min-width: 768px) and (max-width: 768px) {\r\n.vbfje69f05fa63f693 {\r\ndisplay: block;\r\n}\r\n}\r\n@media screen and (max-width: 767px) {\r\n.vbfje69f05fa63f693 {\r\ndisplay: block;\r\n}\r\n}\r\n<\/style>\r\n\n<ul>\n<li><strong>Patinaje sobre hielo:<\/strong>\u00a0en pistas c\u00e9ntricas como la de Hofburg o en plazas temporales. Es divertido y apto para todas las edades.<\/li>\n<li><strong>Trineo \/ sledding:<\/strong>\u00a0descendimientos cortos en pistas cercanas a Muttereralm, para descargar adrenalina con buena vista.<\/li>\n<li><strong>Esqu\u00ed de fondo y raquetas de nieve:<\/strong>\u00a0rutas en valles serranos cercanos permiten caminatas silenciosas entre bosques.<\/li>\n<li><strong>Excursiones con raquetas guiadas:<\/strong>\u00a0caminatas nocturnas iluminadas con antorchas por senderos nevados cercanos.<\/li>\n<li><strong>Tours en trineo con caballos ( Pferdeschlitten):<\/strong>\u00a0en rutas rurales cerca de Innsbruck, para una experiencia rom\u00e1ntica cl\u00e1sica.<\/li>\n<li><strong>Tours guiados en ciudad bajo la nieve:<\/strong>\u00a0recorridos nocturnos con gu\u00edas que relatan historias navide\u00f1as, mitos tiroleses y an\u00e9cdotas locales.<\/li>\n<\/ul>\n<p>Estas actividades le ponen emoci\u00f3n y variedad al recorrido. Planific\u00e1 uno o dos d\u00edas centrados en nieve para equilibrar con las jornadas de ciudad.<\/p>\n<h2 id=\"-excursiones-cercanas-que-conviene-visitar-\"><strong>Excursiones cercanas que se pueden visitar<\/strong><\/h2>\n<p>Si quer\u00e9s ampliar tu base de lo que ver en Innsbruck en Navidad hacia los alrededores, ten\u00e9s varias opciones magn\u00edficas:<\/p>\n<ul>\n<li><strong>Valle de Stubai (Stubaital):<\/strong>\u00a0paisajes de monta\u00f1a, estaciones de esqu\u00ed, rutas para caminatas y pueblos alpinos encantadores.<\/li>\n<li><strong>Pueblos alpinos cercanos:<\/strong>\u00a0Hall in Tirol, Seefeld, Rattenberg, Arzl; cada uno con mercados, casas tradicionales y ambiente m\u00e1s relajado.<\/li>\n<li><strong>Swarovski Kristallwelten (Watens):<\/strong> es una excursi\u00f3n cercana imperdible: jardines de cristal, fachadas iluminadas y exposiciones de fantas\u00eda. El mundo de cristal es una excursi\u00f3n muy valorada por su magia visual.<\/li>\n<li><strong>Tirol del Norte \/ Bergweihnachtsdorf locales:<\/strong>\u00a0poblaciones peque\u00f1as que montan sus propios mercados alpinos pintorescos, lejos de las multitudes.<\/li>\n<\/ul>\n<p>Estas escapadas proveen contraste: m\u00e1s calma, naturaleza profunda, sabor local diferente y postales que no se repiten.<\/p>\n[\/et_pb_text][et_pb_text admin_label=\u00bbTexto\u00bb _builder_version=\u00bb4.27.4&#8243; _module_preset=\u00bbdefault\u00bb global_colors_info=\u00bb{}\u00bb]\n<h2>Excursiones y actividades que hacer en Innsbruck<\/h2>\n[\/et_pb_text][et_pb_code admin_label=\u00bbads civitatis\u00bb _builder_version=\u00bb4.27.4&#8243; _module_preset=\u00bbdefault\u00bb global_colors_info=\u00bb{}\u00bb]\n<div style='text-align:center;'><script>function loadScript(url, callback){var script=document.createElement('script'); script.type='text\/javascript'; if (script.readyState){script.onreadystatechange=function(){if (script.readyState=='loaded' || script.readyState=='complete'){script.onreadystatechange=null; callback();}};}else{script.onload=function(){callback();};}script.src=url; document.getElementsByTagName('head')[0].appendChild(script);}loadScript('https:\/\/www.civitatis.com\/f\/js\/vendor\/iframeResizer.min.js', function(){iFrameResize({checkOrigin:false,initCallback:function(iframe){setTimeout(function(){var resizeEvent = window.document.createEvent('UIEvents'); resizeEvent.initUIEvent('resize', true, false, window, 0); iframe.dispatchEvent(resizeEvent);});}})})<\/script><iframe class='civitatis-iframe' src='https:\/\/www.civitatis.com\/widget-activities\/?affiliated=102442&#038;display=compact&#038;cant=6&#038;lang=es&#038;currency=EUR&#038;destination=937&#038;transfer=0&#038;cmp=Widget_Innsbruck_ES&#038;width=100%&#038;hideButton=0&#038;centerContent=1&#038;typeSelection=all&#038;color=b8174a&#038;typography=Montserrat&#038;removeBackground=1&#038;showShadow=1&#038;roundedButtons=1' width='100%'  frameborder='0' data-maxwidth='100%' style='max-width: 100%' ><\/iframe><\/div>\n[\/et_pb_code][et_pb_text _builder_version=\u00bb4.27.5&#8243; _module_preset=\u00bbdefault\u00bb hover_enabled=\u00bb0&#8243; sticky_enabled=\u00bb0&#8243;]\n<h2>Experiencias y actividades imprescindibles en Innsbruck<\/h2>\n<p>Disfruta de Innsbruck con vistas panor\u00e1micas desde la Nordkette, mundos de cristal, espect\u00e1culos tiroleses y actividades de monta\u00f1a para todas las \u00e9pocas del a\u00f1o.<\/p>\n<h3><a href=\"https:\/\/www.getyourguide.es\/innsbruck-l164\/cima-de-innsbruck-ticket-de-entrada-al-teleferico-de-ida-y-vuelta-t42327\/\" target=\"_blank\" rel=\"nofollow noopener\">Cima de Innsbruck: ticket de entrada al telef\u00e9rico de ida y vuelta<\/a><\/h3>\n<p>Sube en telef\u00e9rico hasta la Nordkette y disfruta de unas vistas espectaculares de Innsbruck y los Alpes, con m\u00faltiples paradas panor\u00e1micas.<\/p>\n<p><a href=\"https:\/\/www.getyourguide.es\/innsbruck-l164\/cima-de-innsbruck-ticket-de-entrada-al-teleferico-de-ida-y-vuelta-t42327\/\" target=\"_blank\" rel=\"nofollow noopener\">\u27aa RESERVA AQU\u00cd<\/a><br \/><strong>Precio:<\/strong> Desde 56 \u20ac por persona.<br \/><strong>Duraci\u00f3n:<\/strong> 1 d\u00eda.<br \/><strong>Valoraci\u00f3n:<\/strong> 4,8 \/ 5 (903 opiniones)<\/p>\n<h3><a href=\"https:\/\/www.getyourguide.es\/innsbruck-l164\/innsbruck-mundos-de-cristal-swarovski-ticket-de-entrada-y-traslado-t60173\/\" target=\"_blank\" rel=\"nofollow noopener\">Innsbruck: Mundos de Cristal Swarovski con ticket de entrada y traslado<\/a><\/h3>\n<p>Visita los famosos Mundos de Cristal Swarovski con traslados incluidos desde Innsbruck y exposiciones brillantes bajo tierra.<\/p>\n<p><a href=\"https:\/\/www.getyourguide.es\/innsbruck-l164\/innsbruck-mundos-de-cristal-swarovski-ticket-de-entrada-y-traslado-t60173\/\" target=\"_blank\" rel=\"nofollow noopener\">\u27aa RESERVA AQU\u00cd<\/a><br \/><strong>Precio:<\/strong> Desde 36 \u20ac por persona.<br \/><strong>Duraci\u00f3n:<\/strong> 1 d\u00eda, con opci\u00f3n de audiogu\u00eda.<br \/><strong>Valoraci\u00f3n:<\/strong> 4,5 \/ 5 (601 opiniones)<\/p>\n<h3><a href=\"https:\/\/www.getyourguide.es\/innsbruck-l164\/veladas-tirolesas-familia-gundolf-en-innsbruck-t1465\/\" target=\"_blank\" rel=\"nofollow noopener\">Veladas tirolesas Familia Gundolf en Innsbruck<\/a><\/h3>\n<p>Espect\u00e1culo tradicional tirol\u00e9s con m\u00fasica, danzas y trajes t\u00edpicos, una noche divertida y muy local en Innsbruck.<\/p>\n<p><a href=\"https:\/\/www.getyourguide.es\/innsbruck-l164\/veladas-tirolesas-familia-gundolf-en-innsbruck-t1465\/\" target=\"_blank\" rel=\"nofollow noopener\">\u27aa RESERVA AQU\u00cd<\/a><br \/><strong>Precio:<\/strong> Desde 39 \u20ac por persona.<br \/><strong>Duraci\u00f3n:<\/strong> 1,5 a 3 horas (seg\u00fan opci\u00f3n).<br \/><strong>Valoraci\u00f3n:<\/strong> 4,7 \/ 5 (929 opiniones)<\/p>\n<h3><a href=\"https:\/\/www.getyourguide.es\/innsbruck-l164\/innsbruck-tarjeta-turistica-con-transporte-publico-incluido-t228532\/\" target=\"_blank\" rel=\"nofollow noopener\">Innsbruck: tarjeta tur\u00edstica con transporte p\u00fablico incluido<\/a><\/h3>\n<p>Tarjeta ciudad que incluye transporte p\u00fablico y entrada a diversas atracciones, ideal para moverte y ahorrar durante tu estancia.<\/p>\n<p><a href=\"https:\/\/www.getyourguide.es\/innsbruck-l164\/innsbruck-tarjeta-turistica-con-transporte-publico-incluido-t228532\/\" target=\"_blank\" rel=\"nofollow noopener\">\u27aa RESERVA AQU\u00cd<\/a><br \/><strong>Precio:<\/strong> Desde 69 \u20ac por persona.<br \/><strong>Duraci\u00f3n:<\/strong> 1 d\u00eda (otras duraciones disponibles).<br \/><strong>Valoraci\u00f3n:<\/strong> 4,7 \/ 5 (403 opiniones)<\/p>\n<h3><a href=\"https:\/\/www.getyourguide.es\/wattens-l152858\/mundos-de-cristal-swarovski-solo-admision-t60804\/\" target=\"_blank\" rel=\"nofollow noopener\">Ticket de entrada a los Mundos de Cristal Swarovski<\/a><\/h3>\n<p>Entrada sin colas a los Mundos de Cristal Swarovski en Wattens, con instalaciones art\u00edsticas, jardines y tienda \u00fanica.<\/p>\n<p><a href=\"https:\/\/www.getyourguide.es\/wattens-l152858\/mundos-de-cristal-swarovski-solo-admision-t60804\/\" target=\"_blank\" rel=\"nofollow noopener\">\u27aa RESERVA AQU\u00cd<\/a><br \/><strong>Precio:<\/strong> Desde 24 \u20ac por persona.<br \/><strong>Duraci\u00f3n:<\/strong> 1 d\u00eda.<br \/><strong>Valoraci\u00f3n:<\/strong> 4,5 \/ 5 (1.346 opiniones)<\/p>\n<h3><a href=\"https:\/\/www.getyourguide.es\/innsbruck-l164\/lumagica-innsbruck-2526-t869125\/\" target=\"_blank\" rel=\"nofollow noopener\">LUMAGICA Innsbruck 25\/26<\/a><\/h3>\n<p>Parque de luces y figuras iluminadas en Innsbruck, perfecto para una visita nocturna m\u00e1gica en temporada invernal.<\/p>\n<p><a href=\"https:\/\/www.getyourguide.es\/innsbruck-l164\/lumagica-innsbruck-2526-t869125\/\" target=\"_blank\" rel=\"nofollow noopener\">\u27aa RESERVA AQU\u00cd<\/a><br \/><strong>Precio:<\/strong> Desde 24 \u20ac por persona.<br \/><strong>Duraci\u00f3n:<\/strong> 1 d\u00eda.<br \/><strong>Valoraci\u00f3n:<\/strong> 4,7 \/ 5 (72 opiniones)<\/p>\n<h3><a href=\"https:\/\/www.getyourguide.es\/innsbruck-l164\/innsbruck-billete-combinado-alpenzoo-y-cima-de-innsbruck-t414680\/\" target=\"_blank\" rel=\"nofollow noopener\">Ticket combinado Alpenzoo &amp; Top of Innsbruck<\/a><\/h3>\n<p>Billete combinado que incluye la subida a la cima de Innsbruck y la entrada al Alpenzoo, ideal para un d\u00eda completo en familia.<\/p>\n<p><a href=\"https:\/\/www.getyourguide.es\/innsbruck-l164\/innsbruck-billete-combinado-alpenzoo-y-cima-de-innsbruck-t414680\/\" target=\"_blank\" rel=\"nofollow noopener\">\u27aa RESERVA AQU\u00cd<\/a><br \/><strong>Precio:<\/strong> Desde 61 \u20ac por persona.<br \/><strong>Duraci\u00f3n:<\/strong> 1 d\u00eda.<br \/><strong>Valoraci\u00f3n:<\/strong> 4,6 \/ 5 (331 opiniones)<\/p>\n<h3><a href=\"https:\/\/www.getyourguide.es\/zoo-alpino-innsbruck-l111257\/ticket-de-entrada-combinado-al-zoo-alpino-y-hungerburg-t208911\/\" target=\"_blank\" rel=\"nofollow noopener\">Ticket combinado Zoo Alpino y Hungerburg<\/a><\/h3>\n<p>Incluye subida en funicular a Hungerburg y entrada al Zoo Alpino de Innsbruck, con vistas y fauna alpina.<\/p>\n<p><a href=\"https:\/\/www.getyourguide.es\/zoo-alpino-innsbruck-l111257\/ticket-de-entrada-combinado-al-zoo-alpino-y-hungerburg-t208911\/\" target=\"_blank\" rel=\"nofollow noopener\">\u27aa RESERVA AQU\u00cd<\/a><br \/><strong>Precio:<\/strong> Desde 23 \u20ac por persona.<br \/><strong>Duraci\u00f3n:<\/strong> 1 d\u00eda.<br \/><strong>Valoraci\u00f3n:<\/strong> 4,4 \/ 5 (607 opiniones)<\/p>\n[\/et_pb_text][\/et_pb_column][\/et_pb_row][et_pb_row column_structure=\u00bb1_5,3_5,1_5&#8243; _builder_version=\u00bb4.22.1&#8243; _module_preset=\u00bbdefault\u00bb global_colors_info=\u00bb{}\u00bb][et_pb_column type=\u00bb1_5&#8243; _builder_version=\u00bb4.22.1&#8243; _module_preset=\u00bbdefault\u00bb global_colors_info=\u00bb{}\u00bb][\/et_pb_column][et_pb_column type=\u00bb3_5&#8243; _builder_version=\u00bb4.22.1&#8243; _module_preset=\u00bbdefault\u00bb global_colors_info=\u00bb{}\u00bb][et_pb_text _builder_version=\u00bb4.23.1&#8243; _module_preset=\u00bbdefault\u00bb global_colors_info=\u00bb{}\u00bb]\n<h2 class=\"entry-title\" style=\"text-align: center;\">Navidad en Innsbruck [Video]<\/h2>\n[\/et_pb_text][et_pb_code admin_label=\u00bbyoutube video\u00bb _builder_version=\u00bb4.23.1&#8243; _module_preset=\u00bbdefault\u00bb global_colors_info=\u00bb{}\u00bb]<iframe width=\"479\" height=\"851\" src=\"https:\/\/www.youtube.com\/embed\/uw0sni88o6Q\" title=\"Navidad m\u00e1gica en Innsbruck! - Mercado de Navidad de Innsbruck Inolvidable! #shorts\" frameborder=\"0\" allow=\"accelerometer; autoplay; clipboard-write; encrypted-media; gyroscope; picture-in-picture; web-share\" allowfullscreen><\/iframe>[\/et_pb_code][\/et_pb_column][et_pb_column type=\u00bb1_5&#8243; _builder_version=\u00bb4.22.1&#8243; _module_preset=\u00bbdefault\u00bb global_colors_info=\u00bb{}\u00bb][\/et_pb_column][\/et_pb_row][et_pb_row _builder_version=\u00bb4.23.1&#8243; _module_preset=\u00bbdefault\u00bb global_colors_info=\u00bb{}\u00bb][et_pb_column type=\u00bb4_4&#8243; _builder_version=\u00bb4.23.1&#8243; _module_preset=\u00bbdefault\u00bb global_colors_info=\u00bb{}\u00bb][et_pb_text admin_label=\u00bbitinerarios\u00bb _builder_version=\u00bb4.27.4&#8243; _module_preset=\u00bbdefault\u00bb global_colors_info=\u00bb{}\u00bb]\n<h2 id=\"-itinerarios-sugeridos-por-d-as-\"><strong>Itinerarios por d\u00edas<\/strong><\/h2>\n<p>Aqu\u00ed algunas opciones para armar tu viaje seg\u00fan los d\u00edas disponibles:<\/p>\n<h3><strong>Itinerario de 3 d\u00edas:<\/strong><\/h3>\n<ul>\n<li>D\u00eda 1: Llegada, paseo por Altstadt y mercado Tejado Dorado, iluminaci\u00f3n nocturna.<\/li>\n<li>D\u00eda 2: Subida con Nordkettebahn (Seegrube\/Hafelekar), tarde en museo, mercado Maria-Theresien.<\/li>\n<li>D\u00eda 3: Excursi\u00f3n cercana (Swarovski o pueblo alpino) y despedida caminando por Marktplatz.<\/li>\n<\/ul>\n<h3><strong>Itinerario de 4 d\u00edas:<\/strong><\/h3>\n<ul>\n<li>D\u00eda 1: Llegada y ambientaci\u00f3n en mercados.<\/li>\n<li>D\u00eda 2: Nordkette y miradores.<\/li>\n<li>D\u00eda 3: Actividad invernal (trineo o esqu\u00ed de fondo) + museo.<\/li>\n<li>D\u00eda 4: Excursi\u00f3n cercana y paseos finales.<\/li>\n<\/ul>\n<h3><strong>Itinerario de 5 d\u00edas:<\/strong><\/h3>\n<ul>\n<li>D\u00eda 1: Llegada, mercado Altstadt.<\/li>\n<li>D\u00eda 2: Nordkette y Hafelekar.<\/li>\n<li>D\u00eda 3: D\u00eda nublado: museos y visitas interiores.<\/li>\n<li>D\u00eda 4: Excursi\u00f3n al valle o Swarovski.<\/li>\n<li>D\u00eda 5: Despedida tranquila: compras locales, iluminaci\u00f3n final, caf\u00e9s.<\/li>\n<\/ul>\n<p>Estos esquemas los adaptamos seg\u00fan clima y ritmo, pero te dan una base clara para no quedarte sin ver lo esencial.<\/p>\n<h2 id=\"-errores-frecuentes-y-c-mo-evitarlos-\"><strong>Errores frecuentes y c\u00f3mo evitarlos<\/strong><\/h2>\n<p>Al planear qu\u00e9 ver en Innsbruck en Navidad, hay trampas comunes:<\/p>\n<ul>\n<li>No reservar alojamiento con anticipaci\u00f3n (se llenan r\u00e1pido en temporada).<\/li>\n<li>Depender del buen clima sin plan alternativo: tener d\u00edas bajo techo listos.<\/li>\n<li>No verificar horarios: algunos mercados o museos cierran temprano durante festivos.<\/li>\n<li>No llevar ropa adecuada: el fr\u00edo puede arruinar partes del d\u00eda.<\/li>\n<li>Querer abarcar demasiado: mejor pocos lugares bien vividos que muchos superficiales.<\/li>\n<li>No validar transporte: en d\u00edas nevados algunas rutas pueden estar interrumpidas.<\/li>\n<\/ul>\n<p>Nosotros encontramos que planear con margen para imprevistos y d\u00edas \u00abde recuperaci\u00f3n\u00bb fue clave para no frustrarnos si el clima jugaba en contra.<\/p>\n[\/et_pb_text][et_pb_text _builder_version=\u00bb4.27.4&#8243; _module_preset=\u00bbdefault\u00bb global_colors_info=\u00bb{}\u00bb]\n<h2 id=\"-zonas-recomendadas-para-pasear-y-alojarse-\"><strong>Zonas recomendadas para pasear y alojarse<\/strong><\/h2>\n<p>Elegir d\u00f3nde caminar o dormir hace la diferencia:<\/p>\n<ul>\n<li><strong>Casco antiguo (Altstadt):<\/strong>\u00a0ideal para estar cerca de mercados, monumentos y caf\u00e9s. Camin\u00e1 sin prisa para absorber el encanto.<\/li>\n<li><strong>Alrededor de Marktplatz \/ Maria-Theresien-Stra\u00dfe:<\/strong>\u00a0excelente ubicaci\u00f3n para moverse a pie.<\/li>\n<li><strong>Hungerburg \/ zonas elevadas:<\/strong>\u00a0para quienes valoran vistas y proximidad a funiculares.<\/li>\n<li><strong>Wilten \/ St. Nikolaus:<\/strong>\u00a0barrios tranquilos, buena conexi\u00f3n de transporte y ambiente local.<\/li>\n<li><strong>Alojamientos boutique alpinos:<\/strong>\u00a0muchas pensiones nuevas ofrecen desayunos tradicionales y decoraci\u00f3n tem\u00e1tica invernal.<\/li>\n<\/ul>\n<p>Nosotros preferimos quedarnos cerca casco antiguo y usar transporte local para llegar a colinas o excursiones. Eso nos permiti\u00f3 maximizar tiempo y disfrutar la atm\u00f3sfera nocturna sin depender de movimiento pesado. Sobre todo para salir de noche, a ver las luces con el fr\u00edo!, es bastante recomendable estar cerca de los mercados.<\/p>\n[\/et_pb_text][et_pb_text admin_label=\u00bbdescuentos\u00bb _builder_version=\u00bb4.27.4&#8243; background_size=\u00bbinitial\u00bb background_position=\u00bbtop_left\u00bb background_repeat=\u00bbrepeat\u00bb global_colors_info=\u00bb{}\u00bb]\n<p>&nbsp;<\/p>\n<div style=\"padding: 10px; border: 10px outset #b8174a; border-radius: 15px;\"><center><strong>Aca les compartimos \ud83d\udcb2<a href=\"https:\/\/recalculandoviajes.com\/descuentos\/\">Descuentos para tus viajes $$$<\/a> \u2708\ufe0f: Airbnb &#8211; Booking y m\u00e1s! <\/strong><\/center><\/div>\n<p><img decoding=\"async\" style=\"display: none;\" src=\"https:\/\/recalculandoviajes.com\/wp-content\/uploads\/2021\/12\/Feliz-navidad-para-todos-Los-mercaditos-de-Innsbruc.jpg\" alt=\"RecalculandoViajes\" \/><\/p>\n[\/et_pb_text][et_pb_text admin_label=\u00bbMovilidad y transporte\u00bb _builder_version=\u00bb4.27.5&#8243; _module_preset=\u00bbdefault\u00bb global_colors_info=\u00bb{}\u00bb]\n<h2 id=\"-movilidad-y-transporte-en-poca-navide-a-\"><strong>Movilidad y transporte en \u00e9poca navide\u00f1a<\/strong><\/h2>\n<p>Una clave para disfrutar bien es moverse sin sobresaltos:<\/p>\n<ul>\n<li><strong>Tranv\u00edas y buses urbanos:<\/strong>\u00a0eficientes, con rutas que conectan mercados, estaciones y barrios.<\/li>\n<li><strong>Funicular Hungerburgbahn:<\/strong>\u00a0sube desde el centro a zonas elevadas y conecta con miradores.<\/li>\n<li><strong>Nordkettebahn \/ telef\u00e9ricos:<\/strong>\u00a0permiten ascensos panor\u00e1micos desde la ciudad misma.<\/li>\n<li><strong>Zonas peatonales en el casco antiguo:<\/strong>\u00a0algunas calles se vuelven exclusivas para caminantes durante diciembre.<\/li>\n<li><strong>Transportes hacia monta\u00f1as o valles cercanos:<\/strong>\u00a0buses especiales o transfers privados seg\u00fan la zona.<\/li>\n<li><strong>Tarjetas de transporte \/ Innsbruck Card:<\/strong>\u00a0muchas incluyen transporte p\u00fablico ilimitado y descuentos en atracciones.<\/li>\n<\/ul>\n<p>Puedes adquirir una tarjeta de transporte local, planear qu\u00e9 usar cada d\u00eda y evitar depender del coche dentro de la ciudad.<\/p>\n<h2 id=\"-consejos-de-vestimenta-y-preparaci-n-para-el-fr-o-alpino-\"><strong>Consejos de vestimenta y preparaci\u00f3n para el fr\u00edo alpino<\/strong><\/h2>\n<p>El clima alpino exige atenci\u00f3n al guardarropa:<\/p>\n<ul>\n<li>Vest\u00ed por capas: camiseta t\u00e9rmica, polar, chaqueta impermeable y cortavientos.<\/li>\n<li>Gorro, bufanda y guantes aislantes (mejor si tienen forro t\u00e9rmico).<\/li>\n<li>Calzado impermeable y con buena suela antideslizante.<\/li>\n<li>Calcetines de lana merino: secos, c\u00e1lidos y evacuantes del sudor.<\/li>\n<li>Ropa interior t\u00e9rmica si plane\u00e1s largas caminatas.<\/li>\n<li>Protecciones para la piel (labial, crema facial), ya que el viento y el fr\u00edo resecan.<\/li>\n<li>Mochila de d\u00eda con espacio para capas extra, agua o snacks.<\/li>\n<li>Power bank, linterna peque\u00f1a y bolsas impermeables para proteger equipos.<\/li>\n<\/ul>\n<p>Durante nuestro viaje, un d\u00eda salimos sin guantes adecuados y terminamos sufriendo m\u00e1s de la cuenta. Desde ese momento llevamos siempre uno de repuesto.<\/p>\n[\/et_pb_text][et_pb_text admin_label=\u00bbfaq\u00bb _builder_version=\u00bb4.27.4&#8243; _module_preset=\u00bbdefault\u00bb global_colors_info=\u00bb{}\u00bb]\n<h2 id=\"-preguntas-frecuentes-sobre-qu-ver-en-innsbruck-en-navidad-\"><strong>Preguntas frecuentes sobre qu\u00e9 ver en Innsbruck en Navidad<\/strong><\/h2>\n<h2><strong>\u00bfCu\u00e1ntos mercados navide\u00f1os hay en Innsbruck?<\/strong><\/h2>\n<p>Al menos seis mercados principales se instalan cada a\u00f1o: Altstadt, Marktplatz, Maria-Theresien, Hungerburg, Wilten y San Nicol\u00e1s, cada uno con su car\u00e1cter propio.<\/p>\n<h2><strong>\u00bfEs posible ver nieve en el centro de Innsbruck durante Navidad?<\/strong><\/h2>\n<p>No siempre. La nieve es m\u00e1s probable en las monta\u00f1as circundantes. Pero si hay ca\u00edda invernal, el casco urbano puede cubrirse levemente de blanco.<\/p>\n<h2><strong>\u00bfConviene subir al Nordkette en invierno?<\/strong><\/h2>\n<p>S\u00ed, si el clima lo permite. Es una de las mejores formas de ver la ciudad desde las alturas y apreciar el contraste entre ciudad y monta\u00f1a.<\/p>\n<h2><strong>\u00bfCu\u00e1ntos d\u00edas son necesarios para ver lo esencial en Navidad en Innsbruck?<\/strong><\/h2>\n<p>Con 3 a 4 d\u00edas bien planeados pod\u00e9s ver lo esencial (mercados, miradores, alguna excursi\u00f3n). Si ten\u00e9s 5 d\u00edas, sum\u00e1s m\u00e1s calma y escapes cercanas.<\/p>\n<h2><strong>\u00bfLos museos tienen horarios reducidos en Navidad?<\/strong><\/h2>\n<p>S\u00ed, algunos museos y atracciones pueden cerrar m\u00e1s temprano o incluso tener d\u00edas sin actividad durante feriados. Siempre conviene revisar los horarios oficiales antes de ir.<\/p>\n<h2><strong>\u00bfEs Innsbruck caro en Navidad?<\/strong><\/h2>\n<p>S\u00ed, los precios durante la temporada navide\u00f1a suben: alojamiento, excursiones y comidas pueden costar m\u00e1s. Pero con planificaci\u00f3n y reservas con antelaci\u00f3n se puede manejar bien el presupuesto.<\/p>\n[\/et_pb_text][et_pb_code admin_label=\u00bbfaq google\u00bb _builder_version=\u00bb4.27.4&#8243; _module_preset=\u00bbdefault\u00bb global_colors_info=\u00bb{}\u00bb]<html><!-- [et_pb_line_break_holder] -->  <head><!-- [et_pb_line_break_holder] -->    <title>Preguntas frecuentes sobre qu\u00e9 ver en Innsbruck en Navidad<\/title><!-- [et_pb_line_break_holder] -->    <script type=\"application\/ld+json\"><!-- [et_pb_line_break_holder] -->    {<!-- [et_pb_line_break_holder] -->      \"@context\": \"https:\/\/schema.org\",<!-- [et_pb_line_break_holder] -->      \"@type\": \"FAQPage\",<!-- [et_pb_line_break_holder] -->      \"mainEntity\": [{<!-- [et_pb_line_break_holder] -->        \"@type\": \"Question\",<!-- [et_pb_line_break_holder] -->        \"name\": \"\u00bfCu\u00e1ntos mercados navide\u00f1os hay en Innsbruck?\",<!-- [et_pb_line_break_holder] -->        \"acceptedAnswer\": {<!-- [et_pb_line_break_holder] -->          \"@type\": \"Answer\",<!-- [et_pb_line_break_holder] -->          \"text\": \"Cada a\u00f1o se instalan al menos seis mercados principales: Altstadt, Marktplatz, Maria-Theresien, Hungerburg, Wilten y San Nicol\u00e1s, cada uno con su propio encanto y estilo.\"<!-- [et_pb_line_break_holder] -->        }<!-- [et_pb_line_break_holder] -->      }, {<!-- [et_pb_line_break_holder] -->        \"@type\": \"Question\",<!-- [et_pb_line_break_holder] -->        \"name\": \"\u00bfEs posible ver nieve en el centro de Innsbruck durante Navidad?\",<!-- [et_pb_line_break_holder] -->        \"acceptedAnswer\": {<!-- [et_pb_line_break_holder] -->          \"@type\": \"Answer\",<!-- [et_pb_line_break_holder] -->          \"text\": \"No siempre hay nieve en el centro, aunque suele verse en las monta\u00f1as cercanas. Si hay una nevada invernal, el casco urbano puede cubrirse levemente de blanco.\"<!-- [et_pb_line_break_holder] -->        }<!-- [et_pb_line_break_holder] -->      }, {<!-- [et_pb_line_break_holder] -->        \"@type\": \"Question\",<!-- [et_pb_line_break_holder] -->        \"name\": \"\u00bfConviene subir al Nordkette en invierno?\",<!-- [et_pb_line_break_holder] -->        \"acceptedAnswer\": {<!-- [et_pb_line_break_holder] -->          \"@type\": \"Answer\",<!-- [et_pb_line_break_holder] -->          \"text\": \"S\u00ed, siempre que el clima lo permita. Es una de las mejores formas de disfrutar las vistas de Innsbruck y apreciar el contraste entre la ciudad y los Alpes.\"<!-- [et_pb_line_break_holder] -->        }<!-- [et_pb_line_break_holder] -->      }, {<!-- [et_pb_line_break_holder] -->        \"@type\": \"Question\",<!-- [et_pb_line_break_holder] -->        \"name\": \"\u00bfCu\u00e1ntos d\u00edas son necesarios para ver lo esencial en Navidad en Innsbruck?\",<!-- [et_pb_line_break_holder] -->        \"acceptedAnswer\": {<!-- [et_pb_line_break_holder] -->          \"@type\": \"Answer\",<!-- [et_pb_line_break_holder] -->          \"text\": \"Con 3 a 4 d\u00edas pod\u00e9s recorrer lo esencial: mercados navide\u00f1os, miradores y alguna excursi\u00f3n. Si cont\u00e1s con 5 d\u00edas, pod\u00e9s disfrutarlo con m\u00e1s calma y explorar alrededores.\"<!-- [et_pb_line_break_holder] -->        }<!-- [et_pb_line_break_holder] -->      }, {<!-- [et_pb_line_break_holder] -->        \"@type\": \"Question\",<!-- [et_pb_line_break_holder] -->        \"name\": \"\u00bfLos museos tienen horarios reducidos en Navidad?\",<!-- [et_pb_line_break_holder] -->        \"acceptedAnswer\": {<!-- [et_pb_line_break_holder] -->          \"@type\": \"Answer\",<!-- [et_pb_line_break_holder] -->          \"text\": \"S\u00ed, varios museos y atracciones pueden cerrar antes o no abrir durante los feriados. Es recomendable verificar los horarios oficiales antes de la visita.\"<!-- [et_pb_line_break_holder] -->        }<!-- [et_pb_line_break_holder] -->      }, {<!-- [et_pb_line_break_holder] -->        \"@type\": \"Question\",<!-- [et_pb_line_break_holder] -->        \"name\": \"\u00bfEs Innsbruck caro en Navidad?\",<!-- [et_pb_line_break_holder] -->        \"acceptedAnswer\": {<!-- [et_pb_line_break_holder] -->          \"@type\": \"Answer\",<!-- [et_pb_line_break_holder] -->          \"text\": \"S\u00ed, durante la temporada navide\u00f1a los precios suelen subir. Alojamiento, comidas y excursiones cuestan m\u00e1s, pero con planificaci\u00f3n y reservas anticipadas se puede ahorrar.\"<!-- [et_pb_line_break_holder] -->        }<!-- [et_pb_line_break_holder] -->      }]<!-- [et_pb_line_break_holder] -->    }<!-- [et_pb_line_break_holder] -->    <\/script><!-- [et_pb_line_break_holder] -->  <\/head><!-- [et_pb_line_break_holder] -->  <body><!-- [et_pb_line_break_holder] -->  <\/body><!-- [et_pb_line_break_holder] --><\/html><!-- [et_pb_line_break_holder] -->[\/et_pb_code][et_pb_text admin_label=\u00bbConclusi\u00f3n\u00bb _builder_version=\u00bb4.27.4&#8243; _module_preset=\u00bbdefault\u00bb global_colors_info=\u00bb{}\u00bb]\n<h2>Conclusi\u00f3n al planear tu viaje alpino<\/h2>\n<p>Innsbruck en Navidad es ese lugar donde la fantas\u00eda se junta con la realidad alpina: mercados que desprenden aromas \u00fanicos, luces que despiertan emoci\u00f3n, monta\u00f1as que invitan a la aventura y rincones arquitect\u00f3nicos que parecen salidos de un cuento. Nosotros quedamos enamorados de cada rinc\u00f3n que recorrimos, su naturaleza, sus caf\u00e9s y puestos navide\u00f1os.<\/p>\n<p>Si est\u00e1s pensando qu\u00e9 ver en Innsbruck en Navidad, esta gu\u00eda es tu punto de partida: combin\u00e1 mercados, cultura, monta\u00f1a y gastronom\u00eda. Planific\u00e1 con anticipaci\u00f3n, dejate sorprender por lo inesperado y arm\u00e1 un itinerario que balancee lo esencial con momentos de descanso.<\/p>\n[\/et_pb_text][et_pb_text _builder_version=\u00bb4.27.5&#8243; _module_preset=\u00bbdefault\u00bb global_colors_info=\u00bb{}\u00bb]\n<p><strong>Palabras finales: <\/strong>Este art\u00edculo est\u00e1 basado en nuestra experiencia recorriendo <strong>Innsbruck en Navidad<\/strong>\u00a0y en informaci\u00f3n actualizada para 2025. Ten\u00e9 en cuenta que los horarios y fechas de los mercados pueden variar cada a\u00f1o, por eso te recomendamos siempre chequear las\u00a0<strong>fuentes oficiales<\/strong>\u00a0antes de tu viaje. Y si est\u00e1s planeando tu aventura navide\u00f1a en <a href=\"https:\/\/recalculandoviajes.com\/austria\/\" target=\"_blank\" rel=\"noopener\">Austria<\/a>, no olvides contratar un\u00a0<strong>seguro de viaje,<\/strong>nosotros usamos y recomendamos <a href=\"https:\/\/www.recalculandoviajes.com\/iati-seguros\" target=\"_blank\" rel=\"noopener\"><strong>IATI Seguros<\/strong><\/a>, una opci\u00f3n confiable y con muy buena relaci\u00f3n precio-calidad.<\/p>\n<p>Dej\u00e1 que el esp\u00edritu navide\u00f1o te envuelva en las calles de\u00a0<strong>Innsbruck<\/strong>, disfrut\u00e1 de sus luces, su historia, su gente y ese encanto alpino que la hace tan especial. <strong>Viaj\u00e1 con conciencia, \u00a1Felices viajes y que la nieve te reciba con magia!<\/strong>\u00a0\ud83c\udf84\u2728<\/p>\n[\/et_pb_text][\/et_pb_column][\/et_pb_row][et_pb_row admin_label=\u00bbLinks \u00fatiles 2025&#8243; _builder_version=\u00bb4.27.4&#8243; _module_preset=\u00bbdefault\u00bb locked=\u00bboff\u00bb global_colors_info=\u00bb{}\u00bb][et_pb_column type=\u00bb4_4&#8243; _builder_version=\u00bb4.27.4&#8243; _module_preset=\u00bbdefault\u00bb global_colors_info=\u00bb{}\u00bb][et_pb_text _builder_version=\u00bb4.27.4&#8243; _module_preset=\u00bbdefault\u00bb global_colors_info=\u00bb{}\u00bb]\n<p><strong>\u2139\ufe0f **Transparencia Total**<\/strong><\/p>\n<p>Este art\u00edculo contiene enlaces de afiliados. Si contratas a trav\u00e9s de estos enlaces, podemos recibir una peque\u00f1a comisi\u00f3n sin coste adicional para ti. Solo recomendamos servicios que usamos en nuestros viajes y en los que confiamos. Esto nos ayuda a mantener este blog gratuito y seguir creando contenido \u00fatil para ti. \u00a1Gracias por tu apoyo!<\/p>\n[\/et_pb_text][et_pb_code _builder_version=\u00bb4.27.4&#8243; _module_preset=\u00bbdefault\u00bb global_colors_info=\u00bb{}\u00bb]\n<style><!-- [et_pb_line_break_holder] -->.hakoit-links {<!-- [et_pb_line_break_holder] -->}<!-- [et_pb_line_break_holder] --><!-- [et_pb_line_break_holder] -->.hakoit-links .links-utiles-a {<!-- [et_pb_line_break_holder] -->  background: linear-gradient(135deg, #b8174a 0%, #d41f5c 100%);<!-- [et_pb_line_break_holder] -->  padding: 25px 20px;<!-- [et_pb_line_break_holder] -->  border-radius: 12px;<!-- [et_pb_line_break_holder] -->  margin: 40px 0;<!-- [et_pb_line_break_holder] -->}<!-- [et_pb_line_break_holder] --><!-- [et_pb_line_break_holder] -->.hakoit-links .links-utiles-a h2 {<!-- [et_pb_line_break_holder] -->  color: white;<!-- [et_pb_line_break_holder] -->  font-size: 24px;<!-- [et_pb_line_break_holder] -->  margin-bottom: 20px;<!-- [et_pb_line_break_holder] -->  text-align: center;<!-- [et_pb_line_break_holder] -->  text-shadow: 0 2px 4px rgba(0,0,0,0.2);<!-- [et_pb_line_break_holder] -->}<!-- [et_pb_line_break_holder] --><!-- [et_pb_line_break_holder] -->.hakoit-links .cards-grid-a {<!-- [et_pb_line_break_holder] -->  display: grid;<!-- [et_pb_line_break_holder] -->  grid-template-columns: repeat(auto-fit, minmax(280px, 1fr));<!-- [et_pb_line_break_holder] -->  gap: 12px;<!-- [et_pb_line_break_holder] -->}<!-- [et_pb_line_break_holder] --><!-- [et_pb_line_break_holder] -->.hakoit-links .card-a {<!-- [et_pb_line_break_holder] -->  background: white;<!-- [et_pb_line_break_holder] -->  border-radius: 8px;<!-- [et_pb_line_break_holder] -->  padding: 15px;<!-- [et_pb_line_break_holder] -->  display: flex;<!-- [et_pb_line_break_holder] -->  align-items: center;<!-- [et_pb_line_break_holder] -->  gap: 12px;<!-- [et_pb_line_break_holder] -->  transition: all 0.3s ease;<!-- [et_pb_line_break_holder] -->  text-decoration: none;<!-- [et_pb_line_break_holder] -->  color: #333;<!-- [et_pb_line_break_holder] -->  box-shadow: 0 2px 8px rgba(0,0,0,0.1);<!-- [et_pb_line_break_holder] -->}<!-- [et_pb_line_break_holder] --><!-- [et_pb_line_break_holder] -->.hakoit-links .card-a:hover {<!-- [et_pb_line_break_holder] -->  transform: translateY(-3px);<!-- [et_pb_line_break_holder] -->  box-shadow: 0 6px 16px rgba(184, 23, 74, 0.25);<!-- [et_pb_line_break_holder] -->}<!-- [et_pb_line_break_holder] --><!-- [et_pb_line_break_holder] -->.hakoit-links .card-icon-a {<!-- [et_pb_line_break_holder] -->  font-size: 28px;<!-- [et_pb_line_break_holder] -->  min-width: 45px;<!-- [et_pb_line_break_holder] -->  text-align: center;<!-- [et_pb_line_break_holder] -->}<!-- [et_pb_line_break_holder] --><!-- [et_pb_line_break_holder] -->.hakoit-links .card-content-a {<!-- [et_pb_line_break_holder] -->  flex: 1;<!-- [et_pb_line_break_holder] -->}<!-- [et_pb_line_break_holder] --><!-- [et_pb_line_break_holder] -->.hakoit-links .card-content-a strong {<!-- [et_pb_line_break_holder] -->  display: block;<!-- [et_pb_line_break_holder] -->  font-size: 15px;<!-- [et_pb_line_break_holder] -->  color: #b8174a;<!-- [et_pb_line_break_holder] -->  margin-bottom: 2px;<!-- [et_pb_line_break_holder] -->  line-height: 1.3;<!-- [et_pb_line_break_holder] -->}<!-- [et_pb_line_break_holder] --><!-- [et_pb_line_break_holder] -->.hakoit-links .card-content-a span {<!-- [et_pb_line_break_holder] -->  font-size: 12px;<!-- [et_pb_line_break_holder] -->  color: #666666;<!-- [et_pb_line_break_holder] -->  line-height: 1.3;<!-- [et_pb_line_break_holder] -->}<!-- [et_pb_line_break_holder] --><!-- [et_pb_line_break_holder] -->.hakoit-links .badge-a {<!-- [et_pb_line_break_holder] -->  background: linear-gradient(135deg, #ff6b6b, #ff5252);<!-- [et_pb_line_break_holder] -->  color: white;<!-- [et_pb_line_break_holder] -->  padding: 4px 8px;<!-- [et_pb_line_break_holder] -->  border-radius: 12px;<!-- [et_pb_line_break_holder] -->  font-size: 10px;<!-- [et_pb_line_break_holder] -->  font-weight: bold;<!-- [et_pb_line_break_holder] -->  white-space: nowrap;<!-- [et_pb_line_break_holder] -->}<!-- [et_pb_line_break_holder] --><!-- [et_pb_line_break_holder] -->.hakoit-links .ver-descuentos-a {<!-- [et_pb_line_break_holder] -->  text-align: center;<!-- [et_pb_line_break_holder] -->  margin-top: 30px;<!-- [et_pb_line_break_holder] -->}<!-- [et_pb_line_break_holder] --><!-- [et_pb_line_break_holder] -->.hakoit-links .ver-descuentos-a a {<!-- [et_pb_line_break_holder] -->  display: inline-block;<!-- [et_pb_line_break_holder] -->  background: white;<!-- [et_pb_line_break_holder] -->  color: #b8174a;<!-- [et_pb_line_break_holder] -->  padding: 12px 22px;<!-- [et_pb_line_break_holder] -->  border-radius: 10px;<!-- [et_pb_line_break_holder] -->  text-decoration: none;<!-- [et_pb_line_break_holder] -->  font-weight: bold;<!-- [et_pb_line_break_holder] -->  box-shadow: 0 3px 10px rgba(0,0,0,0.15);<!-- [et_pb_line_break_holder] -->  transition: all 0.3s ease;<!-- [et_pb_line_break_holder] -->}<!-- [et_pb_line_break_holder] --><!-- [et_pb_line_break_holder] -->.hakoit-links .ver-descuentos-a a:hover {<!-- [et_pb_line_break_holder] --><!-- [et_pb_line_break_holder] -->  transform: translateY(-2px);<!-- [et_pb_line_break_holder] -->  box-shadow: 0 4px 12px rgba(184,23,74,0.3);<!-- [et_pb_line_break_holder] -->}<!-- [et_pb_line_break_holder] --><!-- [et_pb_line_break_holder] -->\/* Optimizaci\u00f3n m\u00f3vil *\/<!-- [et_pb_line_break_holder] -->@media (max-width: 768px) {<!-- [et_pb_line_break_holder] -->  .hakoit-links .links-utiles-a {<!-- [et_pb_line_break_holder] -->    padding: 20px 15px;<!-- [et_pb_line_break_holder] -->  }<!-- [et_pb_line_break_holder] --><!-- [et_pb_line_break_holder] -->  .hakoit-links .links-utiles-a h2 {<!-- [et_pb_line_break_holder] -->    font-size: 20px;<!-- [et_pb_line_break_holder] -->    margin-bottom: 15px;<!-- [et_pb_line_break_holder] -->  }<!-- [et_pb_line_break_holder] --><!-- [et_pb_line_break_holder] -->  .hakoit-links .cards-grid-a {<!-- [et_pb_line_break_holder] -->    grid-template-columns: 1fr;<!-- [et_pb_line_break_holder] -->    gap: 10px;<!-- [et_pb_line_break_holder] -->  }<!-- [et_pb_line_break_holder] --><!-- [et_pb_line_break_holder] -->  .hakoit-links .card-a {<!-- [et_pb_line_break_holder] -->    padding: 12px;<!-- [et_pb_line_break_holder] -->  }<!-- [et_pb_line_break_holder] --><!-- [et_pb_line_break_holder] -->  .hakoit-links .card-icon-a {<!-- [et_pb_line_break_holder] -->    font-size: 24px;<!-- [et_pb_line_break_holder] -->    min-width: 40px;<!-- [et_pb_line_break_holder] -->  }<!-- [et_pb_line_break_holder] --><!-- [et_pb_line_break_holder] -->  .hakoit-links .card-content-a strong {<!-- [et_pb_line_break_holder] -->    font-size: 14px;<!-- [et_pb_line_break_holder] -->  }<!-- [et_pb_line_break_holder] --><!-- [et_pb_line_break_holder] -->  .hakoit-links .card-content-a span {<!-- [et_pb_line_break_holder] -->    font-size: 11px;<!-- [et_pb_line_break_holder] -->  }<!-- [et_pb_line_break_holder] --><!-- [et_pb_line_break_holder] -->  .hakoit-links .ver-descuentos-a a {<!-- [et_pb_line_break_holder] -->    display: block;<!-- [et_pb_line_break_holder] -->    margin: 0 auto;<!-- [et_pb_line_break_holder] -->    font-size: 16px;<!-- [et_pb_line_break_holder] -->    padding: 14px 0;<!-- [et_pb_line_break_holder] -->    width: 100%;<!-- [et_pb_line_break_holder] -->    max-width: 320px;<!-- [et_pb_line_break_holder] -->  }<!-- [et_pb_line_break_holder] -->}<!-- [et_pb_line_break_holder] --><\/style>\n[\/et_pb_code][et_pb_code _builder_version=\u00bb4.27.4&#8243; _module_preset=\u00bbdefault\u00bb global_colors_info=\u00bb{}\u00bb]<!-- [et_pb_line_break_holder] --><\/p>\n<div class=\"hakoit-links\"><!-- [et_pb_line_break_holder] -->  <\/p>\n<div class=\"links-utiles-a\"><!-- [et_pb_line_break_holder] -->    <\/p>\n<h2>\ud83d\udd17 Recursos y Links \u00datiles para tu Viaje a Innsbruck<\/h2>\n<p><!-- [et_pb_line_break_holder] -->    <\/p>\n<div class=\"cards-grid-a\"><!-- [et_pb_line_break_holder] --><!-- [et_pb_line_break_holder] -->      <a href=\"https:\/\/recalculandoviajes.com\/asistencia-al-viajero\/\" target=\"_blank\" rel=\"noopener noreferrer\" class=\"card-a\"><!-- [et_pb_line_break_holder] -->        <\/p>\n<div class=\"card-icon-a\">\ud83d\udc68\u200d\u2695\ufe0f<\/div>\n<p><!-- [et_pb_line_break_holder] -->        <\/p>\n<div class=\"card-content-a\"><!-- [et_pb_line_break_holder] -->          <strong>Asistencia al Viajero<\/strong><!-- [et_pb_line_break_holder] -->          <span>Cotiz\u00e1 y contrat\u00e1 online<\/span><!-- [et_pb_line_break_holder] -->        <\/div>\n<p><!-- [et_pb_line_break_holder] -->        <span class=\"badge-a\">-5%<\/span><!-- [et_pb_line_break_holder] -->      <\/a><!-- [et_pb_line_break_holder] --><!-- [et_pb_line_break_holder] -->      <a href=\"https:\/\/recalculandoviajes.com\/booking-off\" target=\"_blank\" rel=\"noopener noreferrer\" class=\"card-a\"><!-- [et_pb_line_break_holder] -->        <\/p>\n<div class=\"card-icon-a\">\ud83c\udfe8<\/div>\n<p><!-- [et_pb_line_break_holder] -->        <\/p>\n<div class=\"card-content-a\"><!-- [et_pb_line_break_holder] -->          <strong>Alojamiento en Innsbruck<\/strong><!-- [et_pb_line_break_holder] -->          <span>Mejores precios garantizados<\/span><!-- [et_pb_line_break_holder] -->        <\/div>\n<p><!-- [et_pb_line_break_holder] -->        <span class=\"badge-a\">Hasta -20%<\/span><!-- [et_pb_line_break_holder] -->      <\/a><!-- [et_pb_line_break_holder] --><!-- [et_pb_line_break_holder] -->      <a href=\"https:\/\/www.civitatis.com\/es\/innsbruck\/?aid=102442\" target=\"_blank\" rel=\"noopener noreferrer\" class=\"card-a\"><!-- [et_pb_line_break_holder] -->        <\/p>\n<div class=\"card-icon-a\">\ud83c\udfaf<\/div>\n<p><!-- [et_pb_line_break_holder] -->        <\/p>\n<div class=\"card-content-a\"><!-- [et_pb_line_break_holder] -->          <strong>Tours, Actividades y Excursiones<\/strong><!-- [et_pb_line_break_holder] -->          <span>Tours En Espa\u00f1ol<\/span><!-- [et_pb_line_break_holder] -->        <\/div>\n<p><!-- [et_pb_line_break_holder] -->      <\/a><!-- [et_pb_line_break_holder] --><!-- [et_pb_line_break_holder] -->      <a href=\"https:\/\/recalculandoviajes.com\/holafly-off\" target=\"_blank\" rel=\"noopener noreferrer\" class=\"card-a\"><!-- [et_pb_line_break_holder] -->        <\/p>\n<div class=\"card-icon-a\">\ud83d\udcf1<\/div>\n<p><!-- [et_pb_line_break_holder] -->        <\/p>\n<div class=\"card-content-a\"><!-- [et_pb_line_break_holder] -->          <strong>eSIM con Datos<\/strong><!-- [et_pb_line_break_holder] -->          <span>Internet ilimitado en Austria\/Europa<\/span><!-- [et_pb_line_break_holder] -->        <\/div>\n<p><!-- [et_pb_line_break_holder] -->        <span class=\"badge-a\">-5%<\/span><!-- [et_pb_line_break_holder] -->      <\/a><!-- [et_pb_line_break_holder] --><!-- [et_pb_line_break_holder] -->      <a href=\"https:\/\/recalculandoviajes.com\/omio-off\" target=\"_blank\" rel=\"noopener noreferrer\" class=\"card-a\"><!-- [et_pb_line_break_holder] -->        <\/p>\n<div class=\"card-icon-a\">\ud83d\ude86<\/div>\n<p><!-- [et_pb_line_break_holder] -->        <\/p>\n<div class=\"card-content-a\"><!-- [et_pb_line_break_holder] -->          <strong>Transporte<\/strong><!-- [et_pb_line_break_holder] -->          <span>Trenes, buses y vuelos baratos<\/span><!-- [et_pb_line_break_holder] -->        <\/div>\n<p><!-- [et_pb_line_break_holder] -->                <span class=\"badge-a\">-\u20ac10<\/span><!-- [et_pb_line_break_holder] -->      <\/a><!-- [et_pb_line_break_holder] --><!-- [et_pb_line_break_holder] -->      <a href=\"https:\/\/recalculandoviajes.com\/austria\" target=\"_blank\" class=\"card-a\"><!-- [et_pb_line_break_holder] -->        <\/p>\n<div class=\"card-icon-a\">\u2708\ufe0f<\/div>\n<p><!-- [et_pb_line_break_holder] -->        <\/p>\n<div class=\"card-content-a\"><!-- [et_pb_line_break_holder] -->          <strong>Gu\u00eda completa de Austria<\/strong><!-- [et_pb_line_break_holder] -->          <span>Todo lo que necesit\u00e1s saber<\/span><!-- [et_pb_line_break_holder] -->        <\/div>\n<p><!-- [et_pb_line_break_holder] -->      <\/a><!-- [et_pb_line_break_holder] -->    <\/div>\n<p><!-- [et_pb_line_break_holder] -->    <\/p>\n<div class=\"ver-descuentos-a\"><!-- [et_pb_line_break_holder] -->      <a href=\"https:\/\/recalculandoviajes.com\/descuentos\" target=\"_blank\" rel=\"noopener noreferrer\"><!-- [et_pb_line_break_holder] -->        \ud83d\udc49 <strong>Todos los Descuentos \u2b50\ufe0f<\/strong><!-- [et_pb_line_break_holder] -->      <\/a><!-- [et_pb_line_break_holder] -->    <\/div>\n<p>    <!-- [et_pb_line_break_holder] -->  <\/div>\n<p><!-- [et_pb_line_break_holder] --><\/div>\n<p><!-- [et_pb_line_break_holder] -->[\/et_pb_code][et_pb_text _builder_version=\u00bb4.27.4&#8243; _module_preset=\u00bbdefault\u00bb global_colors_info=\u00bb{}\u00bb]\n<blockquote>\n<p>\u00bfTen\u00e9s dudas o quer\u00e9s sumar tus propias recomendaciones sobre <strong data-start=\"526\" data-end=\"550\">qu\u00e9 ver en Innsbruck<\/strong>?<br \/>\ud83d\udcac Dej\u00e1 tu comentario o <a href=\"https:\/\/recalculandoviajes.com\/contacto\/\" target=\"_blank\" rel=\"noopener\">escribinos<\/a>, nos encanta leer las experiencias de otros viajeros.<br data-start=\"644\" data-end=\"647\" \/>\u00a1Muchas Gracias por ser parte de esta aventura!<\/p>\n<p>\u2014\u00a0<strong>Nanu &amp; Facu \ud83c\udf0e | Recalculando Viajes \ud83d\udc9c<\/strong><\/p>\n<\/blockquote>\n[\/et_pb_text][\/et_pb_column][\/et_pb_row][\/et_pb_section]\n<div class=\"skxvw69f05fa61f22f\" ><br\/>\n<div class=\"rpbt_shortcode\">\n<h3>Tambi\u00e9n podr\u00eda interesarte:<\/h3>\n<style type=\"text\/css\">\n\t\t\t#rpbt-related-gallery-1 {\n\t\t\t\tmargin: auto;\n\t\t\t}\n\t\t\t#rpbt-related-gallery-1 .gallery-item {\n\t\t\t\tfloat: left;\n\t\t\t\tmargin-top: 10px;\n\t\t\t\ttext-align: center;\n\t\t\t\twidth: 33%;\n\t\t\t}\n\t\t\t#rpbt-related-gallery-1 img {\n\t\t\t\tborder: 2px solid #cfcfcf;\n\t\t\t}\n\t\t\t#rpbt-related-gallery-1 .gallery-caption {\n\t\t\t\tmargin-left: 0;\n\t\t\t}\n\t\t\t\/* see gallery_shortcode() in wp-includes\/media.php *\/\n\t\t<\/style>\n\t\t<div id='rpbt-related-gallery-1' class='gallery related-gallery related-galleryid-5675 gallery-columns-3 gallery-size-large'><dl class='gallery-item' role='figure' aria-label='Navidad en Graz &#8211; Qu\u00e9 ver en Graz | Gu\u00eda para vivir una experiencia m\u00e1gica! | Austria \ud83c\udde6\ud83c\uddf9'>\n\t\t\t<dt class='gallery-icon landscape'>\n\t\t\t\t<a href='https:\/\/www.recalculandoviajes.com\/graz-en-navidad-austria\/'><img width=\"1080\" height=\"675\" src=\"https:\/\/www.recalculandoviajes.com\/wp-content\/uploads\/2022\/12\/navidad-en-graz.jpg\" class=\"attachment-large size-large\" alt=\"navidad en graz\" aria-describedby=\"rpbt-related-gallery-1-6235\" srcset=\"https:\/\/www.recalculandoviajes.com\/wp-content\/uploads\/2022\/12\/navidad-en-graz.jpg 1080w, https:\/\/www.recalculandoviajes.com\/wp-content\/uploads\/2022\/12\/navidad-en-graz-980x613.jpg 980w, https:\/\/www.recalculandoviajes.com\/wp-content\/uploads\/2022\/12\/navidad-en-graz-480x300.jpg 480w\" sizes=\"(min-width: 0px) and (max-width: 480px) 480px, (min-width: 481px) and (max-width: 980px) 980px, (min-width: 981px) 1080px, 100vw\" \/><\/a>\n\t\t\t<\/dt>\n\t\t\t\t<dd class='wp-caption-text gallery-caption' id='rpbt-related-gallery-1-6235'>\n\t\t\t\t<a href=\"https:\/\/www.recalculandoviajes.com\/graz-en-navidad-austria\/\">Navidad en Graz &#8211; Qu\u00e9 ver en Graz | Gu\u00eda para vivir una experiencia m\u00e1gica! | Austria \ud83c\udde6\ud83c\uddf9<\/a>\n\t\t\t\t<\/dd><\/dl><dl class='gallery-item' role='figure' aria-label='Qu\u00e9 ver en Hallstatt &#8211; Gu\u00eda Imperdible 2026 para descubrir el pueblo m\u00e1s m\u00e1gico de Austria \ud83c\udde6\ud83c\uddf9'>\n\t\t\t<dt class='gallery-icon landscape'>\n\t\t\t\t<a href='https:\/\/www.recalculandoviajes.com\/que-ver-en-hallstatt-austria\/'><img width=\"1080\" height=\"675\" src=\"https:\/\/www.recalculandoviajes.com\/wp-content\/uploads\/2020\/04\/que-ver-en-hallstatt-austria-1080.jpg\" class=\"attachment-large size-large\" alt=\"que ver en hallstatt Austria\" aria-describedby=\"rpbt-related-gallery-1-4220\" srcset=\"https:\/\/www.recalculandoviajes.com\/wp-content\/uploads\/2020\/04\/que-ver-en-hallstatt-austria-1080.jpg 1080w, https:\/\/www.recalculandoviajes.com\/wp-content\/uploads\/2020\/04\/que-ver-en-hallstatt-austria-1080-980x613.jpg 980w, https:\/\/www.recalculandoviajes.com\/wp-content\/uploads\/2020\/04\/que-ver-en-hallstatt-austria-1080-480x300.jpg 480w\" sizes=\"(min-width: 0px) and (max-width: 480px) 480px, (min-width: 481px) and (max-width: 980px) 980px, (min-width: 981px) 1080px, 100vw\" \/><\/a>\n\t\t\t<\/dt>\n\t\t\t\t<dd class='wp-caption-text gallery-caption' id='rpbt-related-gallery-1-4220'>\n\t\t\t\t<a href=\"https:\/\/www.recalculandoviajes.com\/que-ver-en-hallstatt-austria\/\">Qu\u00e9 ver en Hallstatt &#8211; Gu\u00eda Imperdible 2026 para descubrir el pueblo m\u00e1s m\u00e1gico de Austria \ud83c\udde6\ud83c\uddf9<\/a>\n\t\t\t\t<\/dd><\/dl><dl class='gallery-item' role='figure' aria-label='Navidad en Graz y sus bellos mercados Navide\u00f1os'>\n\t\t\t<dt class='gallery-icon portrait'>\n\t\t\t\t<a href='https:\/\/www.recalculandoviajes.com\/mercados-navidenos-en-graz\/'><img width=\"608\" height=\"1080\" src=\"https:\/\/www.recalculandoviajes.com\/wp-content\/uploads\/2023\/01\/Si-hubo-algo-que-hicimos-estas-navidades-fue-recorrer-Merca-608x1080.jpg\" class=\"attachment-large size-large\" alt=\"RecalculandoViajes\" aria-describedby=\"rpbt-related-gallery-1-6264\" \/><\/a>\n\t\t\t<\/dt>\n\t\t\t\t<dd class='wp-caption-text gallery-caption' id='rpbt-related-gallery-1-6264'>\n\t\t\t\t<a href=\"https:\/\/www.recalculandoviajes.com\/mercados-navidenos-en-graz\/\">Navidad en Graz y sus bellos mercados Navide\u00f1os<\/a>\n\t\t\t\t<\/dd><\/dl><br style=\"clear: both\" \/>\n\t\t<\/div>\n<\/div><\/div><style type=\"text\/css\">\r\n@media screen and (min-width: 1201px) {\r\n.skxvw69f05fa61f22f {\r\ndisplay: block;\r\n}\r\n}\r\n@media screen and (min-width: 993px) and (max-width: 1200px) {\r\n.skxvw69f05fa61f22f {\r\ndisplay: block;\r\n}\r\n}\r\n@media screen and (min-width: 769px) and (max-width: 992px) {\r\n.skxvw69f05fa61f22f {\r\ndisplay: block;\r\n}\r\n}\r\n@media screen and (min-width: 768px) and (max-width: 768px) {\r\n.skxvw69f05fa61f22f {\r\ndisplay: block;\r\n}\r\n}\r\n@media screen and (max-width: 767px) {\r\n.skxvw69f05fa61f22f {\r\ndisplay: block;\r\n}\r\n}\r\n<\/style>\r\n","protected":false},"excerpt":{"rendered":"<p>Introducci\u00f3n al encanto navide\u00f1o de Innsbruck \u00bfQuer\u00e9s descubrir\u00a0qu\u00e9 ver en Innsbruck en Navidad\u00a0de manera aut\u00e9ntica y m\u00e1gica? Nosotros, desde Recalculando Viajes, te contamos c\u00f3mo esta ciudad alpina se transforma en un escenario festivo de cuento durante diciembre. Entre luces incrustadas en fachadas medievales, mercados que aromatizan el aire con dulces y especias, y monta\u00f1as nevadas [&hellip;]<\/p>\n","protected":false},"author":3,"featured_media":9037,"comment_status":"open","ping_status":"open","sticky":false,"template":"","format":"standard","meta":{"_et_pb_use_builder":"on","_et_pb_old_content":"<p><script async src=\"https:\/\/pagead2.googlesyndication.com\/pagead\/js\/adsbygoogle.js\"><\/script><br \/><!-- Anuncio display Horizontal --><br \/><ins class=\"adsbygoogle\" style=\"display: block;\" data-ad-client=\"ca-pub-6665028185941630\" data-ad-slot=\"5141091675\" data-ad-format=\"auto\" data-full-width-responsive=\"true\"><\/ins><br \/><script>\r\n     (adsbygoogle = window.adsbygoogle || []).push();\r\n<\/script><\/p><p>Feliz navidad \ud83c\udf84\u2665\ufe0f para todos!.<br \/>\u2022<br \/>\u2022<br \/>\u2022<br \/>\ud83c\udfa5Los mercaditos de Innsbruck Austria \ud83c\udde6\ud83c\uddf9.<br \/>\u2022<\/p><div style=\"padding: 10px; border: 10px outset #b8174a; border-radius: 15px;\"><center><strong>Aca les compartimos \ud83d\udcb2<a href=\"https:\/\/recalculandoviajes.com\/descuentos\/\">Descuentos para tus viajes $$$<\/a> \u2708\ufe0f: Airbnb - Booking y m\u00e1s! <\/strong><\/center><\/div><p><br \/><img style=\"display: none;\" src=\"https:\/\/recalculandoviajes.com\/wp-content\/uploads\/2021\/12\/Feliz-navidad-para-todos-Los-mercaditos-de-Innsbruc.jpg\" alt=\"RecalculandoViajes\" \/><\/p><p>Innsbruck, Astria<\/p><center><\/center><blockquote class=\"instagram-media\" style=\"background: #FFF; border: 0; border-radius: 3px; box-shadow: 0 0 1px 0 rgba(0,0,0,0.5),0 1px 10px 0 rgba(0,0,0,0.15); margin: 1px; max-width: 658px; padding: 0; width: calc(100% - 2px);\" data-instgrm-captioned=\"\" data-instgrm-version=\"6\"><div style=\"padding: 8px;\"><div style=\"background: #F8F8F8; line-height: 0; margin-top: 40px; padding: 50.0% 0; text-align: center; width: 100%;\"><div style=\"background: url(data:image\/png; base64,ivborw0kggoaaaansuheugaaacwaaaascamaaaapwqozaaaagfbmveuiiii9pt0ehh4gib4hibkchbwchbwchbydr+jqaaaachrstlmaba4yhyqsm5jtamwaaadfsurbvdjl7zvbegmhcaqbaf\/\/42xcnbpaqakcm0ftumfaaibe81iqbjds3ls6zs3bipb9wed3yyxfpmhrft8sgyrcp1x8ueuxlmznwelfoycv6mhwwwmzdpekhlhlw7nwjqkhc4uizphavdza2jpzudsbzzinae2s6owh8xpmx8g7zzgkeopuoyhvgz1tbcxmkd3kwnvbu0gkhkx+izilf77iofhry1nyfnb\/lqpb79drwoyjva\/davg9b\/rlb4cc+nqgdz\/tvbbbnr6gbreqn\/nrmdgaqeej7whonozjf+y2i\/fzou\/qaaaaaelftksuqmcc); display: block; height: 44px; margin: 0 auto -44px; position: relative; top: -22px; width: 44px;\">\u00a0<\/div><\/div><p style=\"margin: 8px 0 0 0; padding: 0 4px;\"><a style=\"color: #000; font-family: Arial,sans-serif; font-size: 14px; font-style: normal; font-weight: normal; line-height: 17px; text-decoration: none; word-wrap: break-word;\" href=\"http:\/\/instagram.com\/p\/CX6v89wqwN8\" target=\"_blank\" rel=\"noopener\">Feliz navidad \ud83c\udf84\u2665\ufe0f para todos!.<br \/>\u2022<br \/>\u2022<br \/>\u2022<br \/>\ud83c\udfa5Los mercaditos de Innsbruck Austria \ud83c\udde6\ud83c\uddf9.<br \/>\u2022<\/a><\/p><p>\u2022\u2022\u2022\u2022\u2022\u2022\u2022\u2022\u2022\u2022\u2022\u2022\u2022\u2022\u2022\u2022\u2022\u2022\u2022\u2022\u2022\u2022\u2022\u2022\u2022\u2022\u2022\u2022\u2022\u2022\u2022\u2022\u2022\u2022\u2022\u2022\u2022\u2022\u2022\u2022\u2022\u2022\u2022\u2022\u2022\u2022\u2022\u2022\u2022\u2022<br \/>#recalculando #recalculandoviajes #travel #viajes #viajar #voyage #travelphotography #traveling #travelblog #travels #cuoplesinlove #wanderlust #coupletravel #couplegoals #blogtravel #lifestyleblogger #lifetravel #lifetraveling #europa #europe #austria #innsbruck #tirol #navidad #feliznavidad #christmas #christmastree<\/p><blockquote class=\"instagram-media\" style=\"background: #FFF; border: 0; border-radius: 3px; box-shadow: 0 0 1px 0 rgba(0,0,0,0.5),0 1px 10px 0 rgba(0,0,0,0.15); margin: 1px; max-width: 658px; padding: 0; width: calc(100% - 2px);\" data-instgrm-permalink=\"http:\/\/instagram.com\/p\/CX6v89wqwN8\" data-instgrm-version=\"8\"><p>\u00a0<\/p><\/blockquote><p><script async defer src=\"\/\/www.instagram.com\/embed.js\"><\/script><\/p><p style=\"color: #c9c8cd; font-family: Arial,sans-serif; font-size: 14px; line-height: 17px; margin-bottom: 0; margin-top: 8px; overflow: hidden; padding: 8px 0 7px; text-align: center; text-overflow: ellipsis; white-space: nowrap;\">A photo posted by \u211d\ud835\udd56\ud835\udd54\ud835\udd52\ud835\udd5d\ud835\udd54\ud835\udd66\ud835\udd5d\ud835\udd52\ud835\udd5f\ud835\udd55\ud835\udd60 \ud835\udd67\ud835\udd5a\ud835\udd52\ud835\udd5b\ud835\udd56\ud835\udd64 (@recalculandoviajes) on <time style=\"font-family: Arial,sans-serif; font-size: 14px; line-height: 17px;\" datetime=\"2021-12-25 19:43:39\">2021-12-25 19:43:39<\/time><\/p><\/div><\/blockquote><p><script async defer src=\"\/\/platform.instagram.com\/en_US\/embeds.js\"><\/script><br \/><br \/><a href=\"http:\/\/instagram.com\/p\/CX6v89wqwN8\">Instagram Link<\/a><br \/><br \/><\/p>","_et_gb_content_width":"","footnotes":""},"categories":[143,3,24,115],"tags":[142,118,281,282,116,117,280,283,49],"class_list":["post-5675","post","type-post","status-publish","format-standard","has-post-thumbnail","hentry","category-austria","category-blog","category-europa","category-lugares","tag-austria","tag-destinos","tag-innsbruck","tag-innsbruck-en-navidad","tag-instagram","tag-lugares","tag-mercados-navidenos","tag-navidad-en-innsbruck","tag-viajes"],"yoast_head":"<!-- This site is optimized with the Yoast SEO plugin v27.4 - https:\/\/yoast.com\/product\/yoast-seo-wordpress\/ -->\n<title>Qu\u00e9 ver en Innsbruck en Navidad: Gu\u00eda completa para una experiencia m\u00e1gica | Austria \ud83c\udde6\ud83c\uddf9 - Recalculando Viajes<\/title>\n<meta name=\"description\" content=\"Viv\u00ed la magia de Innsbruck en Navidad: Qu\u00e9 ver en Innsbruck en Navidad, mercados, luces, nieve y el encanto \u00fanico de los Alpes austr\u00edacos\" \/>\n<meta name=\"robots\" content=\"index, follow, max-snippet:-1, max-image-preview:large, max-video-preview:-1\" \/>\n<link rel=\"canonical\" href=\"https:\/\/www.recalculandoviajes.com\/que-ver-en-innsbruck-en-navidad-austria\/\" \/>\n<meta property=\"og:locale\" content=\"es_ES\" \/>\n<meta property=\"og:type\" content=\"article\" \/>\n<meta property=\"og:title\" content=\"Qu\u00e9 ver en Innsbruck en Navidad: Gu\u00eda completa para una experiencia m\u00e1gica | Austria \ud83c\udde6\ud83c\uddf9 - Recalculando Viajes\" \/>\n<meta property=\"og:description\" content=\"Viv\u00ed la magia de Innsbruck en Navidad: Qu\u00e9 ver en Innsbruck en Navidad, mercados, luces, nieve y el encanto \u00fanico de los Alpes austr\u00edacos\" \/>\n<meta property=\"og:url\" content=\"https:\/\/www.recalculandoviajes.com\/que-ver-en-innsbruck-en-navidad-austria\/\" \/>\n<meta property=\"og:site_name\" content=\"Recalculando Viajes\" \/>\n<meta property=\"article:publisher\" content=\"https:\/\/www.facebook.com\/recalculandov\/\" \/>\n<meta property=\"article:published_time\" content=\"2025-11-14T19:43:39+00:00\" \/>\n<meta property=\"article:modified_time\" content=\"2026-01-02T12:25:05+00:00\" \/>\n<meta property=\"og:image\" content=\"https:\/\/www.recalculandoviajes.com\/wp-content\/uploads\/2025\/10\/que-ver-en-innsbruck-en-navidad-1080.jpg\" \/>\n\t<meta property=\"og:image:width\" content=\"1080\" \/>\n\t<meta property=\"og:image:height\" content=\"675\" \/>\n\t<meta property=\"og:image:type\" content=\"image\/jpeg\" \/>\n<meta name=\"author\" content=\"Recalculando\" \/>\n<meta name=\"twitter:card\" content=\"summary_large_image\" \/>\n<meta name=\"twitter:label1\" content=\"Escrito por\" \/>\n\t<meta name=\"twitter:data1\" content=\"Recalculando\" \/>\n\t<meta name=\"twitter:label2\" content=\"Tiempo de lectura\" \/>\n\t<meta name=\"twitter:data2\" content=\"14 minutos\" \/>\n<script type=\"application\/ld+json\" class=\"yoast-schema-graph\">{\"@context\":\"https:\\\/\\\/schema.org\",\"@graph\":[{\"@type\":\"Article\",\"@id\":\"https:\\\/\\\/www.recalculandoviajes.com\\\/que-ver-en-innsbruck-en-navidad-austria\\\/#article\",\"isPartOf\":{\"@id\":\"https:\\\/\\\/www.recalculandoviajes.com\\\/que-ver-en-innsbruck-en-navidad-austria\\\/\"},\"author\":{\"name\":\"Recalculando\",\"@id\":\"https:\\\/\\\/www.recalculandoviajes.com\\\/#\\\/schema\\\/person\\\/4d45b86e19dbffb46f89625badbd0c1b\"},\"headline\":\"Qu\u00e9 ver en Innsbruck en Navidad: Gu\u00eda completa para una experiencia m\u00e1gica | Austria \ud83c\udde6\ud83c\uddf9\",\"datePublished\":\"2025-11-14T19:43:39+00:00\",\"dateModified\":\"2026-01-02T12:25:05+00:00\",\"mainEntityOfPage\":{\"@id\":\"https:\\\/\\\/www.recalculandoviajes.com\\\/que-ver-en-innsbruck-en-navidad-austria\\\/\"},\"wordCount\":4485,\"commentCount\":6,\"publisher\":{\"@id\":\"https:\\\/\\\/www.recalculandoviajes.com\\\/#organization\"},\"image\":{\"@id\":\"https:\\\/\\\/www.recalculandoviajes.com\\\/que-ver-en-innsbruck-en-navidad-austria\\\/#primaryimage\"},\"thumbnailUrl\":\"https:\\\/\\\/www.recalculandoviajes.com\\\/wp-content\\\/uploads\\\/2025\\\/10\\\/que-ver-en-innsbruck-en-navidad-1080.jpg\",\"keywords\":[\"Austria\",\"destinos\",\"innsbruck\",\"innsbruck en navidad\",\"instagram\",\"lugares\",\"mercados navide\u00f1os\",\"navidad en innsbruck\",\"Viajes\"],\"articleSection\":[\"Austria\",\"Blog\",\"Europa\",\"Lugares\"],\"inLanguage\":\"es\",\"potentialAction\":[{\"@type\":\"CommentAction\",\"name\":\"Comment\",\"target\":[\"https:\\\/\\\/www.recalculandoviajes.com\\\/que-ver-en-innsbruck-en-navidad-austria\\\/#respond\"]}]},{\"@type\":\"WebPage\",\"@id\":\"https:\\\/\\\/www.recalculandoviajes.com\\\/que-ver-en-innsbruck-en-navidad-austria\\\/\",\"url\":\"https:\\\/\\\/www.recalculandoviajes.com\\\/que-ver-en-innsbruck-en-navidad-austria\\\/\",\"name\":\"Qu\u00e9 ver en Innsbruck en Navidad: Gu\u00eda completa para una experiencia m\u00e1gica | Austria \ud83c\udde6\ud83c\uddf9 - Recalculando Viajes\",\"isPartOf\":{\"@id\":\"https:\\\/\\\/www.recalculandoviajes.com\\\/#website\"},\"primaryImageOfPage\":{\"@id\":\"https:\\\/\\\/www.recalculandoviajes.com\\\/que-ver-en-innsbruck-en-navidad-austria\\\/#primaryimage\"},\"image\":{\"@id\":\"https:\\\/\\\/www.recalculandoviajes.com\\\/que-ver-en-innsbruck-en-navidad-austria\\\/#primaryimage\"},\"thumbnailUrl\":\"https:\\\/\\\/www.recalculandoviajes.com\\\/wp-content\\\/uploads\\\/2025\\\/10\\\/que-ver-en-innsbruck-en-navidad-1080.jpg\",\"datePublished\":\"2025-11-14T19:43:39+00:00\",\"dateModified\":\"2026-01-02T12:25:05+00:00\",\"description\":\"Viv\u00ed la magia de Innsbruck en Navidad: Qu\u00e9 ver en Innsbruck en Navidad, mercados, luces, nieve y el encanto \u00fanico de los Alpes austr\u00edacos\",\"breadcrumb\":{\"@id\":\"https:\\\/\\\/www.recalculandoviajes.com\\\/que-ver-en-innsbruck-en-navidad-austria\\\/#breadcrumb\"},\"inLanguage\":\"es\",\"potentialAction\":[{\"@type\":\"ReadAction\",\"target\":[\"https:\\\/\\\/www.recalculandoviajes.com\\\/que-ver-en-innsbruck-en-navidad-austria\\\/\"]}]},{\"@type\":\"ImageObject\",\"inLanguage\":\"es\",\"@id\":\"https:\\\/\\\/www.recalculandoviajes.com\\\/que-ver-en-innsbruck-en-navidad-austria\\\/#primaryimage\",\"url\":\"https:\\\/\\\/www.recalculandoviajes.com\\\/wp-content\\\/uploads\\\/2025\\\/10\\\/que-ver-en-innsbruck-en-navidad-1080.jpg\",\"contentUrl\":\"https:\\\/\\\/www.recalculandoviajes.com\\\/wp-content\\\/uploads\\\/2025\\\/10\\\/que-ver-en-innsbruck-en-navidad-1080.jpg\",\"width\":1080,\"height\":675,\"caption\":\"que ver en innsbruck en navidad\"},{\"@type\":\"BreadcrumbList\",\"@id\":\"https:\\\/\\\/www.recalculandoviajes.com\\\/que-ver-en-innsbruck-en-navidad-austria\\\/#breadcrumb\",\"itemListElement\":[{\"@type\":\"ListItem\",\"position\":1,\"name\":\"Portada\",\"item\":\"https:\\\/\\\/www.recalculandoviajes.com\\\/\"},{\"@type\":\"ListItem\",\"position\":2,\"name\":\"Qu\u00e9 ver en Innsbruck en Navidad: Gu\u00eda completa para una experiencia m\u00e1gica | Austria \ud83c\udde6\ud83c\uddf9\"}]},{\"@type\":\"WebSite\",\"@id\":\"https:\\\/\\\/www.recalculandoviajes.com\\\/#website\",\"url\":\"https:\\\/\\\/www.recalculandoviajes.com\\\/\",\"name\":\"Recalculando viajes\",\"description\":\"Compartimos nuestra gran aventura de Vivir viajando\",\"publisher\":{\"@id\":\"https:\\\/\\\/www.recalculandoviajes.com\\\/#organization\"},\"potentialAction\":[{\"@type\":\"SearchAction\",\"target\":{\"@type\":\"EntryPoint\",\"urlTemplate\":\"https:\\\/\\\/www.recalculandoviajes.com\\\/?s={search_term_string}\"},\"query-input\":{\"@type\":\"PropertyValueSpecification\",\"valueRequired\":true,\"valueName\":\"search_term_string\"}}],\"inLanguage\":\"es\"},{\"@type\":\"Organization\",\"@id\":\"https:\\\/\\\/www.recalculandoviajes.com\\\/#organization\",\"name\":\"Recalculando Viajes\",\"url\":\"https:\\\/\\\/www.recalculandoviajes.com\\\/\",\"logo\":{\"@type\":\"ImageObject\",\"inLanguage\":\"es\",\"@id\":\"https:\\\/\\\/www.recalculandoviajes.com\\\/#\\\/schema\\\/logo\\\/image\\\/\",\"url\":\"https:\\\/\\\/recalculandoviajes.com\\\/wp-content\\\/uploads\\\/2018\\\/07\\\/RecalculandoLogo-1.png\",\"contentUrl\":\"https:\\\/\\\/recalculandoviajes.com\\\/wp-content\\\/uploads\\\/2018\\\/07\\\/RecalculandoLogo-1.png\",\"width\":581,\"height\":591,\"caption\":\"Recalculando Viajes\"},\"image\":{\"@id\":\"https:\\\/\\\/www.recalculandoviajes.com\\\/#\\\/schema\\\/logo\\\/image\\\/\"},\"sameAs\":[\"https:\\\/\\\/www.facebook.com\\\/recalculandov\\\/\",\"https:\\\/\\\/instagram.com\\\/recalculandoviajes\",\"https:\\\/\\\/www.pinterest.com\\\/recalculandoviajes\\\/\",\"https:\\\/\\\/www.youtube.com\\\/channel\\\/UCl9mlzCiqE_YLnQkoL9tzqA\"]},{\"@type\":\"Person\",\"@id\":\"https:\\\/\\\/www.recalculandoviajes.com\\\/#\\\/schema\\\/person\\\/4d45b86e19dbffb46f89625badbd0c1b\",\"name\":\"Recalculando\",\"image\":{\"@type\":\"ImageObject\",\"inLanguage\":\"es\",\"@id\":\"https:\\\/\\\/secure.gravatar.com\\\/avatar\\\/0a8f4205066a2aa397b89ca406750e0680a072b66293ad538ae5ab59b0f14e64?s=96&d=mm&r=g\",\"url\":\"https:\\\/\\\/secure.gravatar.com\\\/avatar\\\/0a8f4205066a2aa397b89ca406750e0680a072b66293ad538ae5ab59b0f14e64?s=96&d=mm&r=g\",\"contentUrl\":\"https:\\\/\\\/secure.gravatar.com\\\/avatar\\\/0a8f4205066a2aa397b89ca406750e0680a072b66293ad538ae5ab59b0f14e64?s=96&d=mm&r=g\",\"caption\":\"Recalculando\"}}]}<\/script>\n<!-- \/ Yoast SEO plugin. -->","yoast_head_json":{"title":"Qu\u00e9 ver en Innsbruck en Navidad: Gu\u00eda completa para una experiencia m\u00e1gica | Austria \ud83c\udde6\ud83c\uddf9 - Recalculando Viajes","description":"Viv\u00ed la magia de Innsbruck en Navidad: Qu\u00e9 ver en Innsbruck en Navidad, mercados, luces, nieve y el encanto \u00fanico de los Alpes austr\u00edacos","robots":{"index":"index","follow":"follow","max-snippet":"max-snippet:-1","max-image-preview":"max-image-preview:large","max-video-preview":"max-video-preview:-1"},"canonical":"https:\/\/www.recalculandoviajes.com\/que-ver-en-innsbruck-en-navidad-austria\/","og_locale":"es_ES","og_type":"article","og_title":"Qu\u00e9 ver en Innsbruck en Navidad: Gu\u00eda completa para una experiencia m\u00e1gica | Austria \ud83c\udde6\ud83c\uddf9 - Recalculando Viajes","og_description":"Viv\u00ed la magia de Innsbruck en Navidad: Qu\u00e9 ver en Innsbruck en Navidad, mercados, luces, nieve y el encanto \u00fanico de los Alpes austr\u00edacos","og_url":"https:\/\/www.recalculandoviajes.com\/que-ver-en-innsbruck-en-navidad-austria\/","og_site_name":"Recalculando Viajes","article_publisher":"https:\/\/www.facebook.com\/recalculandov\/","article_published_time":"2025-11-14T19:43:39+00:00","article_modified_time":"2026-01-02T12:25:05+00:00","og_image":[{"width":1080,"height":675,"url":"https:\/\/www.recalculandoviajes.com\/wp-content\/uploads\/2025\/10\/que-ver-en-innsbruck-en-navidad-1080.jpg","type":"image\/jpeg"}],"author":"Recalculando","twitter_card":"summary_large_image","twitter_misc":{"Escrito por":"Recalculando","Tiempo de lectura":"14 minutos"},"schema":{"@context":"https:\/\/schema.org","@graph":[{"@type":"Article","@id":"https:\/\/www.recalculandoviajes.com\/que-ver-en-innsbruck-en-navidad-austria\/#article","isPartOf":{"@id":"https:\/\/www.recalculandoviajes.com\/que-ver-en-innsbruck-en-navidad-austria\/"},"author":{"name":"Recalculando","@id":"https:\/\/www.recalculandoviajes.com\/#\/schema\/person\/4d45b86e19dbffb46f89625badbd0c1b"},"headline":"Qu\u00e9 ver en Innsbruck en Navidad: Gu\u00eda completa para una experiencia m\u00e1gica | Austria \ud83c\udde6\ud83c\uddf9","datePublished":"2025-11-14T19:43:39+00:00","dateModified":"2026-01-02T12:25:05+00:00","mainEntityOfPage":{"@id":"https:\/\/www.recalculandoviajes.com\/que-ver-en-innsbruck-en-navidad-austria\/"},"wordCount":4485,"commentCount":6,"publisher":{"@id":"https:\/\/www.recalculandoviajes.com\/#organization"},"image":{"@id":"https:\/\/www.recalculandoviajes.com\/que-ver-en-innsbruck-en-navidad-austria\/#primaryimage"},"thumbnailUrl":"https:\/\/www.recalculandoviajes.com\/wp-content\/uploads\/2025\/10\/que-ver-en-innsbruck-en-navidad-1080.jpg","keywords":["Austria","destinos","innsbruck","innsbruck en navidad","instagram","lugares","mercados navide\u00f1os","navidad en innsbruck","Viajes"],"articleSection":["Austria","Blog","Europa","Lugares"],"inLanguage":"es","potentialAction":[{"@type":"CommentAction","name":"Comment","target":["https:\/\/www.recalculandoviajes.com\/que-ver-en-innsbruck-en-navidad-austria\/#respond"]}]},{"@type":"WebPage","@id":"https:\/\/www.recalculandoviajes.com\/que-ver-en-innsbruck-en-navidad-austria\/","url":"https:\/\/www.recalculandoviajes.com\/que-ver-en-innsbruck-en-navidad-austria\/","name":"Qu\u00e9 ver en Innsbruck en Navidad: Gu\u00eda completa para una experiencia m\u00e1gica | Austria \ud83c\udde6\ud83c\uddf9 - Recalculando Viajes","isPartOf":{"@id":"https:\/\/www.recalculandoviajes.com\/#website"},"primaryImageOfPage":{"@id":"https:\/\/www.recalculandoviajes.com\/que-ver-en-innsbruck-en-navidad-austria\/#primaryimage"},"image":{"@id":"https:\/\/www.recalculandoviajes.com\/que-ver-en-innsbruck-en-navidad-austria\/#primaryimage"},"thumbnailUrl":"https:\/\/www.recalculandoviajes.com\/wp-content\/uploads\/2025\/10\/que-ver-en-innsbruck-en-navidad-1080.jpg","datePublished":"2025-11-14T19:43:39+00:00","dateModified":"2026-01-02T12:25:05+00:00","description":"Viv\u00ed la magia de Innsbruck en Navidad: Qu\u00e9 ver en Innsbruck en Navidad, mercados, luces, nieve y el encanto \u00fanico de los Alpes austr\u00edacos","breadcrumb":{"@id":"https:\/\/www.recalculandoviajes.com\/que-ver-en-innsbruck-en-navidad-austria\/#breadcrumb"},"inLanguage":"es","potentialAction":[{"@type":"ReadAction","target":["https:\/\/www.recalculandoviajes.com\/que-ver-en-innsbruck-en-navidad-austria\/"]}]},{"@type":"ImageObject","inLanguage":"es","@id":"https:\/\/www.recalculandoviajes.com\/que-ver-en-innsbruck-en-navidad-austria\/#primaryimage","url":"https:\/\/www.recalculandoviajes.com\/wp-content\/uploads\/2025\/10\/que-ver-en-innsbruck-en-navidad-1080.jpg","contentUrl":"https:\/\/www.recalculandoviajes.com\/wp-content\/uploads\/2025\/10\/que-ver-en-innsbruck-en-navidad-1080.jpg","width":1080,"height":675,"caption":"que ver en innsbruck en navidad"},{"@type":"BreadcrumbList","@id":"https:\/\/www.recalculandoviajes.com\/que-ver-en-innsbruck-en-navidad-austria\/#breadcrumb","itemListElement":[{"@type":"ListItem","position":1,"name":"Portada","item":"https:\/\/www.recalculandoviajes.com\/"},{"@type":"ListItem","position":2,"name":"Qu\u00e9 ver en Innsbruck en Navidad: Gu\u00eda completa para una experiencia m\u00e1gica | Austria \ud83c\udde6\ud83c\uddf9"}]},{"@type":"WebSite","@id":"https:\/\/www.recalculandoviajes.com\/#website","url":"https:\/\/www.recalculandoviajes.com\/","name":"Recalculando viajes","description":"Compartimos nuestra gran aventura de Vivir viajando","publisher":{"@id":"https:\/\/www.recalculandoviajes.com\/#organization"},"potentialAction":[{"@type":"SearchAction","target":{"@type":"EntryPoint","urlTemplate":"https:\/\/www.recalculandoviajes.com\/?s={search_term_string}"},"query-input":{"@type":"PropertyValueSpecification","valueRequired":true,"valueName":"search_term_string"}}],"inLanguage":"es"},{"@type":"Organization","@id":"https:\/\/www.recalculandoviajes.com\/#organization","name":"Recalculando Viajes","url":"https:\/\/www.recalculandoviajes.com\/","logo":{"@type":"ImageObject","inLanguage":"es","@id":"https:\/\/www.recalculandoviajes.com\/#\/schema\/logo\/image\/","url":"https:\/\/recalculandoviajes.com\/wp-content\/uploads\/2018\/07\/RecalculandoLogo-1.png","contentUrl":"https:\/\/recalculandoviajes.com\/wp-content\/uploads\/2018\/07\/RecalculandoLogo-1.png","width":581,"height":591,"caption":"Recalculando Viajes"},"image":{"@id":"https:\/\/www.recalculandoviajes.com\/#\/schema\/logo\/image\/"},"sameAs":["https:\/\/www.facebook.com\/recalculandov\/","https:\/\/instagram.com\/recalculandoviajes","https:\/\/www.pinterest.com\/recalculandoviajes\/","https:\/\/www.youtube.com\/channel\/UCl9mlzCiqE_YLnQkoL9tzqA"]},{"@type":"Person","@id":"https:\/\/www.recalculandoviajes.com\/#\/schema\/person\/4d45b86e19dbffb46f89625badbd0c1b","name":"Recalculando","image":{"@type":"ImageObject","inLanguage":"es","@id":"https:\/\/secure.gravatar.com\/avatar\/0a8f4205066a2aa397b89ca406750e0680a072b66293ad538ae5ab59b0f14e64?s=96&d=mm&r=g","url":"https:\/\/secure.gravatar.com\/avatar\/0a8f4205066a2aa397b89ca406750e0680a072b66293ad538ae5ab59b0f14e64?s=96&d=mm&r=g","contentUrl":"https:\/\/secure.gravatar.com\/avatar\/0a8f4205066a2aa397b89ca406750e0680a072b66293ad538ae5ab59b0f14e64?s=96&d=mm&r=g","caption":"Recalculando"}}]}},"_links":{"self":[{"href":"https:\/\/www.recalculandoviajes.com\/recalculando-api\/wp\/v2\/posts\/5675","targetHints":{"allow":["GET"]}}],"collection":[{"href":"https:\/\/www.recalculandoviajes.com\/recalculando-api\/wp\/v2\/posts"}],"about":[{"href":"https:\/\/www.recalculandoviajes.com\/recalculando-api\/wp\/v2\/types\/post"}],"author":[{"embeddable":true,"href":"https:\/\/www.recalculandoviajes.com\/recalculando-api\/wp\/v2\/users\/3"}],"replies":[{"embeddable":true,"href":"https:\/\/www.recalculandoviajes.com\/recalculando-api\/wp\/v2\/comments?post=5675"}],"version-history":[{"count":39,"href":"https:\/\/www.recalculandoviajes.com\/recalculando-api\/wp\/v2\/posts\/5675\/revisions"}],"predecessor-version":[{"id":11830,"href":"https:\/\/www.recalculandoviajes.com\/recalculando-api\/wp\/v2\/posts\/5675\/revisions\/11830"}],"wp:featuredmedia":[{"embeddable":true,"href":"https:\/\/www.recalculandoviajes.com\/recalculando-api\/wp\/v2\/media\/9037"}],"wp:attachment":[{"href":"https:\/\/www.recalculandoviajes.com\/recalculando-api\/wp\/v2\/media?parent=5675"}],"wp:term":[{"taxonomy":"category","embeddable":true,"href":"https:\/\/www.recalculandoviajes.com\/recalculando-api\/wp\/v2\/categories?post=5675"},{"taxonomy":"post_tag","embeddable":true,"href":"https:\/\/www.recalculandoviajes.com\/recalculando-api\/wp\/v2\/tags?post=5675"}],"curies":[{"name":"wp","href":"https:\/\/api.w.org\/{rel}","templated":true}]}}