{"id":5473,"date":"2021-07-25T19:56:33","date_gmt":"2021-07-25T22:56:33","guid":{"rendered":"https:\/\/recalculandoviajes.com\/las-cuevas-de-ajuy-un-dia-inolvidable-un-muy-lindo-p\/"},"modified":"2023-09-01T20:26:34","modified_gmt":"2023-09-01T23:26:34","slug":"las-cuevas-de-ajuy-un-dia-inolvidable-fuerteventura","status":"publish","type":"post","link":"https:\/\/www.recalculandoviajes.com\/las-cuevas-de-ajuy-un-dia-inolvidable-fuerteventura\/","title":{"rendered":"Las cuevas de Ajuy &#8211; Un d\u00eda inolvidable en Fuerteventura"},"content":{"rendered":"[et_pb_section fb_built=\u00bb1&#8243; _builder_version=\u00bb4.16&#8243; global_colors_info=\u00bb{}\u00bb][et_pb_row _builder_version=\u00bb4.16&#8243; background_size=\u00bbinitial\u00bb background_position=\u00bbtop_left\u00bb background_repeat=\u00bbrepeat\u00bb global_colors_info=\u00bb{}\u00bb][et_pb_column type=\u00bb4_4&#8243; _builder_version=\u00bb4.16&#8243; custom_padding=\u00bb|||\u00bb global_colors_info=\u00bb{}\u00bb custom_padding__hover=\u00bb|||\u00bb][et_pb_text _builder_version=\u00bb4.19.5&#8243; background_size=\u00bbinitial\u00bb background_position=\u00bbtop_left\u00bb background_repeat=\u00bbrepeat\u00bb global_colors_info=\u00bb{}\u00bb]\n<p>Las <strong>cuevas de Ajuy<\/strong> son un impresionante sistema de cuevas naturales ubicadas en la costa centro\/oeste de la isla de <a href=\"https:\/\/recalculandoviajes.com\/category\/europa\/canarias\/fuerteventura\/\">Fuerteventura<\/a>, en las <a href=\"https:\/\/recalculandoviajes.com\/islas-canarias\">Islas Canarias<\/a> (<a href=\"https:\/\/recalculandoviajes.com\/espana\/\">Espa\u00f1a<\/a>).<br \/>\u2022<br \/>Estas cuevas se formaron hace millones de a\u00f1os debido a la erosi\u00f3n causada por el mar y el viento en la roca volc\u00e1nica de la zona.<br \/>\u2022<br \/>Las cuevas de Ajuy \ud83d\udc4a. Un d\u00eda inolvidable \ud83e\udd70.<br \/>\u2022<br \/>Las vistas hacia las cuevas y a la playa desde los <strong>acantilados<\/strong> son bell\u00edsimas\u2665\ufe0f.<br \/>\u2022<br \/>Se pueden ver varias cuevas y entrar a algunas de ellas. Todo <strong>gratis<\/strong> \ud83d\ude4cy el recorrido no requiere demasiado esfuerzo.<br \/>\u2022<\/p>\n<h2>C\u00f3mo llegar a las cuevas de Ajuy?<\/h2>\n<p>Primero hay que llegar al pueblo de Ajuy. Ajuy se encuentra en la costa en centro\/ oeste de la isla de <a href=\"https:\/\/recalculandoviajes.com\/category\/europa\/canarias\/fuerteventura\/\">Fuerteventura<\/a>. Luego, para llegar a las cuevas, se accede por un muy lindo paseo desde la playa de Ajuy! (mirando la playa, el camino est\u00e1 hacia la derecha).<\/p><div class=\"uphkw69f5726c53528\" ><div style=\"text-align: center; backdrop-filter: blur(10px); background: linear-gradient(135deg, #ff6a6a, #ff884d); border-radius: 15px; padding: 20px 30px; box-shadow: 0 8px 32px rgba(0, 0, 0, 0.2); border: 1px solid rgba(255, 255, 255, 0.18); color: #fff; max-width: 600px; margin: 50px auto;\">\n  <h2 style=\"font-size: 2rem; font-weight: bold; margin-bottom: 10px; color: #ffffff !important; text-shadow: 0 2px 5px rgba(0, 0, 0, 0.4);\">\ud83c\udf0d Seguro de Viaje:  Descuento de 5% en IATI Seguros! \ud83c\udf1f<\/h2>\n  <p style=\"font-size: 1rem; margin-bottom: 20px; line-height: 1.5;\">Aprovecha esta oferta y viaja seguro.<\/p>\n  <a href=\"https:\/\/recalculandoviajes.com\/iati-seguros\" target=\"_blank\" style=\"display: inline-block; padding: 15px 25px; font-size: 1.2rem; font-weight: bold; color: #fff; text-decoration: none; border-radius: 30px; background: linear-gradient(135deg, #ff5722, #e91e63); transition: all 0.3s ease; box-shadow: 0 6px 15px rgba(233, 30, 99, 0.6); border: 2px solid rgba(255, 255, 255, 0.3);\" rel=\"noopener\">Quiero mi 5% de Descuento<\/a>\n<\/div><\/div><style type=\"text\/css\">\r\n@media screen and (min-width: 1201px) {\r\n.uphkw69f5726c53528 {\r\ndisplay: block;\r\n}\r\n}\r\n@media screen and (min-width: 993px) and (max-width: 1200px) {\r\n.uphkw69f5726c53528 {\r\ndisplay: block;\r\n}\r\n}\r\n@media screen and (min-width: 769px) and (max-width: 992px) {\r\n.uphkw69f5726c53528 {\r\ndisplay: block;\r\n}\r\n}\r\n@media screen and (min-width: 768px) and (max-width: 768px) {\r\n.uphkw69f5726c53528 {\r\ndisplay: block;\r\n}\r\n}\r\n@media screen and (max-width: 767px) {\r\n.uphkw69f5726c53528 {\r\ndisplay: block;\r\n}\r\n}\r\n<\/style>\r\n\n<p><strong>Algunas distancias de ejemplo para llegar a Ajuy desde distintos lugares de la Isla:<\/strong><br \/>De Corralejo a Ajuy: son 80 km aprox.<br \/>De Puerto del Rosario a Ajuy: son 50 km aprox.<br \/>De Costa Calma a Ajuy: son 40 km aprox.<br \/>De Morro Jable a Ajuy: son 60 km aprox.<\/p>\n<p><strong>Estacionamiento<\/strong>: Sobre la derecha del pueblo hay un parking amplio gratuito.<br \/>\u2022<br \/>\u2022<br \/>\ud83d\udc49Si vienen a la isla no dejen de visitar esta zona.<br \/>\u2022<br \/>\u2022<br \/>\u2022<br \/>\u2022\u2022\u2022\u2022\u2022\u2022\u2022\u2022\u2022\u2022\u2022\u2022\u2022\u2022\u2022\u2022\u2022\u2022\u2022\u2022\u2022\u2022\u2022\u2022\u2022\u2022\u2022\u2022\u2022\u2022\u2022\u2022\u2022\u2022\u2022\u2022\u2022\u2022\u2022\u2022\u2022\u2022\u2022\u2022\u2022\u2022\u2022\u2022\u2022\u2022<br \/><script async src=\"https:\/\/pagead2.googlesyndication.com\/pagead\/js\/adsbygoogle.js\"><\/script> <!-- Anuncio display Horizontal --> <ins class=\"adsbygoogle\" style=\"display: block;\" data-ad-client=\"ca-pub-6665028185941630\" data-ad-slot=\"5141091675\" data-ad-format=\"auto\" data-full-width-responsive=\"true\"><\/ins> <script>\n     (adsbygoogle = window.adsbygoogle || []).push();\n<\/script><\/p>\n<div style=\"padding: 10px; border: 10px outset #b8174a; border-radius: 15px;\"><center><strong>Aca les compartimos \ud83d\udcb2<a href=\"https:\/\/recalculandoviajes.com\/descuentos\/\">Descuentos para tus viajes $$$<\/a> \u2708\ufe0f: Airbnb &#8211; Booking y m\u00e1s! <\/strong><\/center><\/div>\n<p><img decoding=\"async\" src=\"https:\/\/recalculandoviajes.com\/wp-content\/uploads\/2021\/08\/Las-cuevas-de-Ajuy-Un-dia-inolvidable-Un-muy-lindo.jpg\" alt=\"RecalculandoViajes\" \/><\/p>\n<p><strong>&#8211; Descubre la playa de Ajuy:<\/strong> justo al lado de las cuevas, encontrar\u00e1s una hermosa playa de arena negra que es el lugar perfecto para disfrutar de un d\u00eda soleado en la costa. Tener precauci\u00f3n ya que son aguas bastante profundas, depende el d\u00eda hay bastantes olas y corriente.<\/p>\n<p><strong>&#8211; Admira las formaciones rocosas:<\/strong> dentro de las cuevas, podr\u00e1s ver una gran variedad de formaciones rocosas incre\u00edbles, como estalactitas y estalagmitas, que se han formado durante millones de a\u00f1os.<\/p>\n<p><img decoding=\"async\" src=\"https:\/\/recalculandoviajes.com\/wp-content\/uploads\/2021\/08\/1628771188_919_Las-cuevas-de-Ajuy-Un-dia-inolvidable-Un-muy-lindo.jpg\" alt=\"RecalculandoViajes\" \/><\/p>\n<p><strong>&#8211; Explora los senderos costeros<\/strong>: alrededor de las cuevas, encontrar\u00e1s una serie de senderos que te llevar\u00e1n por la costa y te permitir\u00e1n disfrutar de las vistas al mar y a las monta\u00f1as.<\/p>\n<p>Playa Negra de Ajuy Fuerteventura<\/p>\n<p>En resumen, <strong>las cuevas de Ajuy<\/strong> son un destino tur\u00edstico imprescindible si visitas la isla de Fuerteventura. \u00a1No te las pierdas!<\/p>\n<p>&nbsp;<\/p>\n<p>&nbsp;<\/p><div class=\"ahwml69f5726c534f6\" ><div style=\"padding: 10px; border: 10px outset #b8174a; border-radius: 15px;\"><center><strong>\n\u261d\ufe0f <a href=\"https:\/\/recalculandoviajes.com\/iati-seguros\">VIAJA SEGURO - DESCUENTOS \/ 5% OFF IATI<\/a>!!<br\/>\ud83d\udc69\u200d\u2695\ufe0f\ud83d\udc68\u200d\u2695\ufe0f Requisito indispensable para viajar sin preocupaciones! \ud83c\udf0e\u2708\ufe0f <a href=\"https:\/\/recalculandoviajes.com\/asistencia-al-viajero\/\">Cotiz\u00e1, Compar\u00e1 y Contrat\u00e1<\/a><\/strong><\/center><\/div><br\/><\/div><style type=\"text\/css\">\r\n@media screen and (min-width: 1201px) {\r\n.ahwml69f5726c534f6 {\r\ndisplay: block;\r\n}\r\n}\r\n@media screen and (min-width: 993px) and (max-width: 1200px) {\r\n.ahwml69f5726c534f6 {\r\ndisplay: block;\r\n}\r\n}\r\n@media screen and (min-width: 769px) and (max-width: 992px) {\r\n.ahwml69f5726c534f6 {\r\ndisplay: block;\r\n}\r\n}\r\n@media screen and (min-width: 768px) and (max-width: 768px) {\r\n.ahwml69f5726c534f6 {\r\ndisplay: block;\r\n}\r\n}\r\n@media screen and (max-width: 767px) {\r\n.ahwml69f5726c534f6 {\r\ndisplay: block;\r\n}\r\n}\r\n<\/style>\r\n\n<p><center><\/center><\/p>\n<p>&nbsp;<\/p>\n<p>&nbsp;<\/p>\n<p>&nbsp;<\/p>\n<blockquote class=\"instagram-media\" style=\"background: #FFF; border: 0; border-radius: 3px; box-shadow: 0 0 1px 0 rgba(0,0,0,0.5),0 1px 10px 0 rgba(0,0,0,0.15); margin: 1px; max-width: 658px; padding: 0; width: calc(100% - 2px);\" data-instgrm-captioned=\"\" data-instgrm-version=\"6\">\n<div style=\"padding: 8px;\">\n<div style=\"background: #F8F8F8; line-height: 0; margin-top: 40px; padding: 50.0% 0; text-align: center; width: 100%;\">\n<div style=\"background: url(data:image\/png; base64,ivborw0kggoaaaansuheugaaacwaaaascamaaaapwqozaaaagfbmveuiiii9pt0ehh4gib4hibkchbwchbwchbydr+jqaaaachrstlmaba4yhyqsm5jtamwaaadfsurbvdjl7zvbegmhcaqbaf\/\/42xcnbpaqakcm0ftumfaaibe81iqbjds3ls6zs3bipb9wed3yyxfpmhrft8sgyrcp1x8ueuxlmznwelfoycv6mhwwwmzdpekhlhlw7nwjqkhc4uizphavdza2jpzudsbzzinae2s6owh8xpmx8g7zzgkeopuoyhvgz1tbcxmkd3kwnvbu0gkhkx+izilf77iofhry1nyfnb\/lqpb79drwoyjva\/davg9b\/rlb4cc+nqgdz\/tvbbbnr6gbreqn\/nrmdgaqeej7whonozjf+y2i\/fzou\/qaaaaaelftksuqmcc); display: block; height: 44px; margin: 0 auto -44px; position: relative; top: -22px; width: 44px;\">\u00a0<\/div>\n<\/div>\n<p style=\"margin: 8px 0 0 0; padding: 0 4px;\"><a style=\"color: #000; font-family: Arial,sans-serif; font-size: 14px; font-style: normal; font-weight: normal; line-height: 17px; text-decoration: none; word-wrap: break-word;\" href=\"http:\/\/instagram.com\/p\/CRxIiUxhUSe\" target=\"_blank\" rel=\"noopener\">Las cuevas de Ajuy \ud83d\udc4a. Un d\u00eda inolvidable \ud83e\udd70 @alducapdevila .<br \/>\u2022<br \/>Un muy lindo paseo desde la playa de Ajuy!.<br \/>\u2022<br \/>Se pueden ver varias cuevas y entrar a algunas de ellas. Todo gratis \ud83d\ude4cy el recorrido no requiere demasiado esfuerzo.<br \/>\u2022<br \/>Las vistas hacia las cuevas y a la playa desde los acantilados son bell\u00edsimas\u2665\ufe0f.<br \/>\u2022<br \/>\ud83d\udc49Si vienen a la isla no dejen de visitar esta zona.<br \/>\u2022<br \/>\u2022<br \/>\u2022<br \/>\u2022\u2022\u2022\u2022\u2022\u2022\u2022\u2022\u2022\u2022\u2022\u2022\u2022\u2022\u2022\u2022\u2022\u2022\u2022\u2022\u2022\u2022\u2022\u2022\u2022\u2022\u2022\u2022\u2022\u2022\u2022\u2022\u2022\u2022\u2022\u2022\u2022\u2022\u2022\u2022\u2022\u2022\u2022\u2022\u2022\u2022\u2022\u2022\u2022\u2022<br \/>#recalculando #recalculandoviajes #travel #viajes #viajar #voyage #travelphotography #traveling #travelblog #travels #cuoplesinlove #wanderlust #coupletravel #couplegoals #blogtravel #lifestyleblogger #lifetravel #lifetraveling #lovetravel #europa #europe #espan\u0303a #spain #spain\ud83c\uddea\ud83c\uddf8 #espan\u0303a\ud83c\uddea\ud83c\uddf8 #islascanarias #canaryislands #fuerteventura #fuerteventuraisland #canaryislands #cuevasdeajuy<\/a><\/p>\n<p style=\"color: #c9c8cd; font-family: Arial,sans-serif; font-size: 14px; line-height: 17px; margin-bottom: 0; margin-top: 8px; overflow: hidden; padding: 8px 0 7px; text-align: center; text-overflow: ellipsis; white-space: nowrap;\">A photo posted by \u211d\ud835\udd56\ud835\udd54\ud835\udd52\ud835\udd5d\ud835\udd54\ud835\udd66\ud835\udd5d\ud835\udd52\ud835\udd5f\ud835\udd55\ud835\udd60 \ud835\udd67\ud835\udd5a\ud835\udd52\ud835\udd5b\ud835\udd56\ud835\udd64 (@recalculandoviajes) on <time style=\"font-family: Arial,sans-serif; font-size: 14px; line-height: 17px;\" datetime=\"2021-07-25 22:56:33\">2021-07-25 22:56:33<\/time><\/p>\n<\/div>\n<\/blockquote>\n<p><script async defer src=\"\/\/platform.instagram.com\/en_US\/embeds.js\"><\/script><\/p>\n<p><a href=\"http:\/\/instagram.com\/p\/CRxIiUxhUSe\">Instagram Link<\/a><\/p>\n[\/et_pb_text][et_pb_text admin_label=\u00bbAds Tips links\u00bb _builder_version=\u00bb4.16&#8243; locked=\u00bboff\u00bb global_colors_info=\u00bb{}\u00bb]\n<div style=\"padding: 10px; border: 10px outset #b8174a; border-radius: 15px;\"><center><strong>Les compartimos \ud83c\udf0e<a href=\"https:\/\/recalculandoviajes.com\/como-planificar-tu-viaje\/\">Tips para planificar tu viaje ideal !<\/a>\ud83c\udf0e\u2708\ufe0f<\/strong><\/center><\/div>\n[\/et_pb_text][\/et_pb_column][\/et_pb_row][et_pb_row _builder_version=\u00bb4.16&#8243; background_size=\u00bbinitial\u00bb background_position=\u00bbtop_left\u00bb background_repeat=\u00bbrepeat\u00bb locked=\u00bboff\u00bb global_colors_info=\u00bb{}\u00bb][et_pb_column type=\u00bb4_4&#8243; _builder_version=\u00bb4.16&#8243; custom_padding=\u00bb|||\u00bb global_colors_info=\u00bb{}\u00bb custom_padding__hover=\u00bb|||\u00bb][et_pb_text admin_label=\u00bbComentario\u00bb _builder_version=\u00bb4.19.5&#8243; global_colors_info=\u00bb{}\u00bb]\n<h4><span style=\"font-weight: 400;\">\u00bfConoces otras recomendaciones de las Cuevas de Ajuy? D\u00e9janos un comentario debajo! Muchas gracias!<\/span><\/h4>\n[\/et_pb_text][et_pb_text admin_label=\u00bbLinks \u00fatiles\u00bb _builder_version=\u00bb4.19.5&#8243; locked=\u00bboff\u00bb global_colors_info=\u00bb{}\u00bb]\n<h2><span style=\"font-weight: 400;\">Links \u00fatiles de Fuerteventura:<\/span><\/h2>\n<ul>\n<li>Cotiz\u00e1, Compar\u00e1 y Contrat\u00e1 tu <a href=\"https:\/\/recalculandoviajes.com\/asistencia-al-viajero\/\">Asistencia al viajero<\/a> <span style=\"color: #ffffff;\"><strong>\ud83d\udc68\u200d\u2695\ufe0f\ud83c\udf0e\ud83d\udc69\u200d\u2695\ufe0f <\/strong><\/span>online.*<\/li>\n<li>Los mejores precios de <span style=\"color: #ffffff;\">\ud83c\udfe1<\/span> <a href=\"https:\/\/www.booking.com\/searchresults.en.html?region=752&amp;aid=7982993&amp;no_rooms=1&amp;group_adults=2\">Alojamiento en Fuerteventura<\/a>\u00a0 (Booking).<em>*<\/em><\/li>\n<li><a href=\"https:\/\/recalculandoviajes.com\/que-ver-en-fuerteventura-las-mejores-playas-fuerteventura-de-norte-a-sur\/\">Las mejores Playas de Fuerteventura de Norte a Sur.<\/a><\/li>\n<\/ul>\n<p><em>*Link Afiliado,<\/em> podr\u00edamos obtener una comisi\u00f3n pero no tendr\u00e1s cargos extras.<\/p>\n<p><strong>Cualquier duda, consulta o recomendaci\u00f3n no dudes en dejarnos un comentario debajo o <a href=\"https:\/\/recalculandoviajes.com\/contacto\/\" target=\"_blank\" rel=\"noopener noreferrer\">contactarnos<\/a>, Muchas gracias!<\/strong><\/p>\n[\/et_pb_text][et_pb_code admin_label=\u00bbads &#8211; Civitatis\u00bb _builder_version=\u00bb4.22.1&#8243; _module_preset=\u00bbdefault\u00bb hover_enabled=\u00bb0&#8243; global_colors_info=\u00bb{}\u00bb sticky_enabled=\u00bb0&#8243; locked=\u00bboff\u00bb]\n<h2>Excursiones y Tours en Fuerteventura<\/h2>\n<p><!-- [et_pb_line_break_holder] --><\/p>\n<div style='text-align:center;'><script>function loadScript(url, callback){var script=document.createElement('script'); script.type='text\/javascript'; if (script.readyState){script.onreadystatechange=function(){if (script.readyState=='loaded' || script.readyState=='complete'){script.onreadystatechange=null; callback();}};}else{script.onload=function(){callback();};}script.src=url; document.getElementsByTagName('head')[0].appendChild(script);}loadScript('https:\/\/www.civitatis.com\/f\/js\/vendor\/iframeResizer.min.js', function(){iFrameResize({checkOrigin:false,initCallback:function(iframe){setTimeout(function(){var resizeEvent = window.document.createEvent('UIEvents'); resizeEvent.initUIEvent('resize', true, false, window, 0); iframe.dispatchEvent(resizeEvent);});}})})<\/script><iframe class='civitatis-iframe' src='https:\/\/www.civitatis.com\/widget-activities\/?affiliated=102442&#038;display=compact&#038;cant=6&#038;lang=es&#038;currency=EUR&#038;zone=501&#038;transfer=0&#038;cmp=Widget_Fuerteventura_ES&#038;width=100%&#038;hideButton=0&#038;centerContent=1&#038;typeSelection=all&#038;color=f70759&#038;typography=Montserrat&#038;removeBackground=1&#038;showShadow=1&#038;roundedButtons=1' width='100%'  frameborder='0' data-maxwidth='100%' style='max-width: 100%' ><\/iframe><\/div>\n[\/et_pb_code][\/et_pb_column][\/et_pb_row][\/et_pb_section]\n<div class=\"okdkb69f5726c35f91\" ><br\/>\n<div class=\"rpbt_shortcode\">\n<h3>Tambi\u00e9n podr\u00eda interesarte:<\/h3>\n<style type=\"text\/css\">\n\t\t\t#rpbt-related-gallery-1 {\n\t\t\t\tmargin: auto;\n\t\t\t}\n\t\t\t#rpbt-related-gallery-1 .gallery-item {\n\t\t\t\tfloat: left;\n\t\t\t\tmargin-top: 10px;\n\t\t\t\ttext-align: center;\n\t\t\t\twidth: 33%;\n\t\t\t}\n\t\t\t#rpbt-related-gallery-1 img {\n\t\t\t\tborder: 2px solid #cfcfcf;\n\t\t\t}\n\t\t\t#rpbt-related-gallery-1 .gallery-caption {\n\t\t\t\tmargin-left: 0;\n\t\t\t}\n\t\t\t\/* see gallery_shortcode() in wp-includes\/media.php *\/\n\t\t<\/style>\n\t\t<div id='rpbt-related-gallery-1' class='gallery related-gallery related-galleryid-5473 gallery-columns-3 gallery-size-large'><dl class='gallery-item' role='figure' aria-label='Mirador de Vallebron: Gu\u00eda Esencial para Visitarlo en 2026 &#8211; Fuerteventura'>\n\t\t\t<dt class='gallery-icon landscape'>\n\t\t\t\t<a href='https:\/\/www.recalculandoviajes.com\/mirador-de-vallebron-fuerteventura\/'><img width=\"1080\" height=\"675\" src=\"https:\/\/www.recalculandoviajes.com\/wp-content\/uploads\/2026\/03\/mirador-de-vallebron.webp\" class=\"attachment-large size-large\" alt=\"mirador de vallebron\" aria-describedby=\"rpbt-related-gallery-1-5485\" srcset=\"https:\/\/www.recalculandoviajes.com\/wp-content\/uploads\/2026\/03\/mirador-de-vallebron.webp 1080w, https:\/\/www.recalculandoviajes.com\/wp-content\/uploads\/2026\/03\/mirador-de-vallebron-980x613.webp 980w, https:\/\/www.recalculandoviajes.com\/wp-content\/uploads\/2026\/03\/mirador-de-vallebron-480x300.webp 480w\" sizes=\"(min-width: 0px) and (max-width: 480px) 480px, (min-width: 481px) and (max-width: 980px) 980px, (min-width: 981px) 1080px, 100vw\" \/><\/a>\n\t\t\t<\/dt>\n\t\t\t\t<dd class='wp-caption-text gallery-caption' id='rpbt-related-gallery-1-5485'>\n\t\t\t\t<a href=\"https:\/\/www.recalculandoviajes.com\/mirador-de-vallebron-fuerteventura\/\">Mirador de Vallebron: Gu\u00eda Esencial para Visitarlo en 2026 &#8211; Fuerteventura<\/a>\n\t\t\t\t<\/dd><\/dl><dl class='gallery-item' role='figure' aria-label='Qu\u00e9 Ver en El Cotillo: Gu\u00eda 2026, Playas, Surf y Atardeceres (Gu\u00eda Local)'>\n\t\t\t<dt class='gallery-icon landscape'>\n\t\t\t\t<a href='https:\/\/www.recalculandoviajes.com\/que-ver-en-el-cotillo-fuerteventura\/'><img width=\"1080\" height=\"608\" src=\"https:\/\/www.recalculandoviajes.com\/wp-content\/uploads\/2025\/06\/que-ver-en-el-cotillo.jpg\" class=\"attachment-large size-large\" alt=\"que ver en el cotillo\" aria-describedby=\"rpbt-related-gallery-1-5440\" srcset=\"https:\/\/www.recalculandoviajes.com\/wp-content\/uploads\/2025\/06\/que-ver-en-el-cotillo.jpg 1080w, https:\/\/www.recalculandoviajes.com\/wp-content\/uploads\/2025\/06\/que-ver-en-el-cotillo-980x552.jpg 980w, https:\/\/www.recalculandoviajes.com\/wp-content\/uploads\/2025\/06\/que-ver-en-el-cotillo-480x270.jpg 480w\" sizes=\"(min-width: 0px) and (max-width: 480px) 480px, (min-width: 481px) and (max-width: 980px) 980px, (min-width: 981px) 1080px, 100vw\" \/><\/a>\n\t\t\t<\/dt>\n\t\t\t\t<dd class='wp-caption-text gallery-caption' id='rpbt-related-gallery-1-5440'>\n\t\t\t\t<a href=\"https:\/\/www.recalculandoviajes.com\/que-ver-en-el-cotillo-fuerteventura\/\">Qu\u00e9 Ver en El Cotillo: Gu\u00eda 2026, Playas, Surf y Atardeceres (Gu\u00eda Local)<\/a>\n\t\t\t\t<\/dd><\/dl><dl class='gallery-item' role='figure' aria-label='Mirador de Cofete &#8211; Fuerteventura: &#8211; Descubriendo el otro Impresionante lado de la isla'>\n\t\t\t<dt class='gallery-icon landscape'>\n\t\t\t\t<a href='https:\/\/www.recalculandoviajes.com\/mirador-de-cofete-fuerteventura\/'><img width=\"1080\" height=\"675\" src=\"https:\/\/www.recalculandoviajes.com\/wp-content\/uploads\/2021\/10\/mirador-de-cofete-fuerteventura.jpg\" class=\"attachment-large size-large\" alt=\"\" aria-describedby=\"rpbt-related-gallery-1-5564\" srcset=\"https:\/\/www.recalculandoviajes.com\/wp-content\/uploads\/2021\/10\/mirador-de-cofete-fuerteventura.jpg 1080w, https:\/\/www.recalculandoviajes.com\/wp-content\/uploads\/2021\/10\/mirador-de-cofete-fuerteventura-980x613.jpg 980w, https:\/\/www.recalculandoviajes.com\/wp-content\/uploads\/2021\/10\/mirador-de-cofete-fuerteventura-480x300.jpg 480w\" sizes=\"(min-width: 0px) and (max-width: 480px) 480px, (min-width: 481px) and (max-width: 980px) 980px, (min-width: 981px) 1080px, 100vw\" \/><\/a>\n\t\t\t<\/dt>\n\t\t\t\t<dd class='wp-caption-text gallery-caption' id='rpbt-related-gallery-1-5564'>\n\t\t\t\t<a href=\"https:\/\/www.recalculandoviajes.com\/mirador-de-cofete-fuerteventura\/\">Mirador de Cofete &#8211; Fuerteventura: &#8211; Descubriendo el otro Impresionante lado de la isla<\/a>\n\t\t\t\t<\/dd><\/dl><br style=\"clear: both\" \/>\n\t\t<\/div>\n<\/div><\/div><style type=\"text\/css\">\r\n@media screen and (min-width: 1201px) {\r\n.okdkb69f5726c35f91 {\r\ndisplay: block;\r\n}\r\n}\r\n@media screen and (min-width: 993px) and (max-width: 1200px) {\r\n.okdkb69f5726c35f91 {\r\ndisplay: block;\r\n}\r\n}\r\n@media screen and (min-width: 769px) and (max-width: 992px) {\r\n.okdkb69f5726c35f91 {\r\ndisplay: block;\r\n}\r\n}\r\n@media screen and (min-width: 768px) and (max-width: 768px) {\r\n.okdkb69f5726c35f91 {\r\ndisplay: block;\r\n}\r\n}\r\n@media screen and (max-width: 767px) {\r\n.okdkb69f5726c35f91 {\r\ndisplay: block;\r\n}\r\n}\r\n<\/style>\r\n","protected":false},"excerpt":{"rendered":"<p>Las cuevas de Ajuy son un impresionante sistema de cuevas naturales ubicadas en la costa centro\/oeste de la isla de Fuerteventura, en las Islas Canarias (Espa\u00f1a).\u2022Estas cuevas se formaron hace millones de a\u00f1os debido a la erosi\u00f3n causada por el mar y el viento en la roca volc\u00e1nica de la zona.\u2022Las cuevas de Ajuy \ud83d\udc4a. [&hellip;]<\/p>\n","protected":false},"author":3,"featured_media":5474,"comment_status":"open","ping_status":"open","sticky":false,"template":"","format":"standard","meta":{"_et_pb_use_builder":"on","_et_pb_old_content":"<p>Las cuevas de Ajuy son un impresionante sistema de cuevas naturales ubicadas en la costa oeste de la isla de Fuerteventura, en las Islas Canarias (Espa\u00f1a).<br \/>\u2022<br \/>Estas cuevas se formaron hace millones de a\u00f1os debido a la erosi\u00f3n causada por el mar y el viento en la roca volc\u00e1nica de la zona.<br \/>\u2022<br \/>Para llegar, se accede por un muy lindo paseo desde la playa de Ajuy! (mirando la playa, el camino est\u00e1 hacia la derecha).<br \/>\u2022<br \/>Las cuevas de Ajuy \ud83d\udc4a. Un d\u00eda inolvidable \ud83e\udd70.<br \/>\u2022<br \/>Se pueden ver varias cuevas y entrar a algunas de ellas. Todo gratis \ud83d\ude4cy el recorrido no requiere demasiado esfuerzo.<br \/>\u2022<br \/>Las vistas hacia las cuevas y a la playa desde los acantilados son bell\u00edsimas\u2665\ufe0f.<br \/>\u2022<br \/>\ud83d\udc49Si vienen a la isla no dejen de visitar esta zona.<br \/>\u2022<br \/>\u2022<br \/>\u2022<br \/>\u2022\u2022\u2022\u2022\u2022\u2022\u2022\u2022\u2022\u2022\u2022\u2022\u2022\u2022\u2022\u2022\u2022\u2022\u2022\u2022\u2022\u2022\u2022\u2022\u2022\u2022\u2022\u2022\u2022\u2022\u2022\u2022\u2022\u2022\u2022\u2022\u2022\u2022\u2022\u2022\u2022\u2022\u2022\u2022\u2022\u2022\u2022\u2022\u2022\u2022<br \/><script async src=\"https:\/\/pagead2.googlesyndication.com\/pagead\/js\/adsbygoogle.js\"><\/script><br \/><!-- Anuncio display Horizontal --><br \/><ins class=\"adsbygoogle\" style=\"display: block;\" data-ad-client=\"ca-pub-6665028185941630\" data-ad-slot=\"5141091675\" data-ad-format=\"auto\" data-full-width-responsive=\"true\"><\/ins><br \/><script>\r\n     (adsbygoogle = window.adsbygoogle || []).push();\r\n<\/script><\/p><div style=\"padding: 10px; border: 10px outset #b8174a; border-radius: 15px;\"><center><strong>Aca les compartimos \ud83d\udcb2<a href=\"https:\/\/recalculandoviajes.com\/descuentos\/\">Descuentos para tus viajes $$$<\/a> \u2708\ufe0f: Airbnb - Booking y m\u00e1s! <\/strong><\/center><\/div><p><img src=\"https:\/\/recalculandoviajes.com\/wp-content\/uploads\/2021\/08\/Las-cuevas-de-Ajuy-Un-dia-inolvidable-Un-muy-lindo.jpg\" alt=\"RecalculandoViajes\" \/><\/p><p>- Descubre la playa de Ajuy: justo al lado de las cuevas, encontrar\u00e1s una hermosa playa de arena negra que es el lugar perfecto para disfrutar de un d\u00eda soleado en la costa. Tener precauci\u00f3n ya que son aguas bastante profundas, depende el d\u00eda hay bastantes olas y corriente.<\/p><p>- Admira las formaciones rocosas: dentro de las cuevas, podr\u00e1s ver una gran variedad de formaciones rocosas incre\u00edbles, como estalactitas y estalagmitas, que se han formado durante millones de a\u00f1os.<\/p><p><img src=\"https:\/\/recalculandoviajes.com\/wp-content\/uploads\/2021\/08\/1628771188_919_Las-cuevas-de-Ajuy-Un-dia-inolvidable-Un-muy-lindo.jpg\" alt=\"RecalculandoViajes\" \/><\/p><p>- Explora los senderos costeros: alrededor de las cuevas, encontrar\u00e1s una serie de senderos que te llevar\u00e1n por la costa y te permitir\u00e1n disfrutar de las vistas al mar y a las monta\u00f1as.<\/p><p>\u00a0<\/p><p>Playa Negra de Ajuy Fuerteventura<\/p><p>En resumen, las cuevas de Ajuy son un destino tur\u00edstico imprescindible si visitas la isla de Fuerteventura. \u00a1No te las pierdas!<\/p><center><\/center><p>\u00a0<\/p><p>\u00a0<\/p><blockquote class=\"instagram-media\" style=\"background: #FFF; border: 0; border-radius: 3px; box-shadow: 0 0 1px 0 rgba(0,0,0,0.5),0 1px 10px 0 rgba(0,0,0,0.15); margin: 1px; max-width: 658px; padding: 0; width: calc(100% - 2px);\" data-instgrm-captioned=\"\" data-instgrm-version=\"6\"><div style=\"padding: 8px;\"><div style=\"background: #F8F8F8; line-height: 0; margin-top: 40px; padding: 50.0% 0; text-align: center; width: 100%;\"><div style=\"background: url(data:image\/png; base64,ivborw0kggoaaaansuheugaaacwaaaascamaaaapwqozaaaagfbmveuiiii9pt0ehh4gib4hibkchbwchbwchbydr+jqaaaachrstlmaba4yhyqsm5jtamwaaadfsurbvdjl7zvbegmhcaqbaf\/\/42xcnbpaqakcm0ftumfaaibe81iqbjds3ls6zs3bipb9wed3yyxfpmhrft8sgyrcp1x8ueuxlmznwelfoycv6mhwwwmzdpekhlhlw7nwjqkhc4uizphavdza2jpzudsbzzinae2s6owh8xpmx8g7zzgkeopuoyhvgz1tbcxmkd3kwnvbu0gkhkx+izilf77iofhry1nyfnb\/lqpb79drwoyjva\/davg9b\/rlb4cc+nqgdz\/tvbbbnr6gbreqn\/nrmdgaqeej7whonozjf+y2i\/fzou\/qaaaaaelftksuqmcc); display: block; height: 44px; margin: 0 auto -44px; position: relative; top: -22px; width: 44px;\">\u00a0<\/div><\/div><p style=\"margin: 8px 0 0 0; padding: 0 4px;\"><a style=\"color: #000; font-family: Arial,sans-serif; font-size: 14px; font-style: normal; font-weight: normal; line-height: 17px; text-decoration: none; word-wrap: break-word;\" href=\"http:\/\/instagram.com\/p\/CRxIiUxhUSe\" target=\"_blank\" rel=\"noopener\">Las cuevas de Ajuy \ud83d\udc4a. Un d\u00eda inolvidable \ud83e\udd70 @alducapdevila .<br \/>\u2022<br \/>Un muy lindo paseo desde la playa de Ajuy!.<br \/>\u2022<br \/>Se pueden ver varias cuevas y entrar a algunas de ellas. Todo gratis \ud83d\ude4cy el recorrido no requiere demasiado esfuerzo.<br \/>\u2022<br \/>Las vistas hacia las cuevas y a la playa desde los acantilados son bell\u00edsimas\u2665\ufe0f.<br \/>\u2022<br \/>\ud83d\udc49Si vienen a la isla no dejen de visitar esta zona.<br \/>\u2022<br \/>\u2022<br \/>\u2022<br \/>\u2022\u2022\u2022\u2022\u2022\u2022\u2022\u2022\u2022\u2022\u2022\u2022\u2022\u2022\u2022\u2022\u2022\u2022\u2022\u2022\u2022\u2022\u2022\u2022\u2022\u2022\u2022\u2022\u2022\u2022\u2022\u2022\u2022\u2022\u2022\u2022\u2022\u2022\u2022\u2022\u2022\u2022\u2022\u2022\u2022\u2022\u2022\u2022\u2022\u2022<br \/>#recalculando #recalculandoviajes #travel #viajes #viajar #voyage #travelphotography #traveling #travelblog #travels #cuoplesinlove #wanderlust #coupletravel #couplegoals #blogtravel #lifestyleblogger #lifetravel #lifetraveling #lovetravel #europa #europe #espan\u0303a #spain #spain\ud83c\uddea\ud83c\uddf8 #espan\u0303a\ud83c\uddea\ud83c\uddf8 #islascanarias #canaryislands #fuerteventura #fuerteventuraisland #canaryislands #cuevasdeajuy<\/a><\/p><p style=\"color: #c9c8cd; font-family: Arial,sans-serif; font-size: 14px; line-height: 17px; margin-bottom: 0; margin-top: 8px; overflow: hidden; padding: 8px 0 7px; text-align: center; text-overflow: ellipsis; white-space: nowrap;\">A photo posted by \u211d\ud835\udd56\ud835\udd54\ud835\udd52\ud835\udd5d\ud835\udd54\ud835\udd66\ud835\udd5d\ud835\udd52\ud835\udd5f\ud835\udd55\ud835\udd60 \ud835\udd67\ud835\udd5a\ud835\udd52\ud835\udd5b\ud835\udd56\ud835\udd64 (@recalculandoviajes) on <time style=\"font-family: Arial,sans-serif; font-size: 14px; line-height: 17px;\" datetime=\"2021-07-25 22:56:33\">2021-07-25 22:56:33<\/time><\/p><\/div><\/blockquote><p><script async defer src=\"\/\/platform.instagram.com\/en_US\/embeds.js\"><\/script><\/p><p><a href=\"http:\/\/instagram.com\/p\/CRxIiUxhUSe\">Instagram Link<\/a><\/p>","_et_gb_content_width":"","footnotes":""},"categories":[3,161,67,24,187,115],"tags":[118,116,117,49],"class_list":["post-5473","post","type-post","status-publish","format-standard","has-post-thumbnail","hentry","category-blog","category-canarias","category-espana","category-europa","category-fuerteventura","category-lugares","tag-destinos","tag-instagram","tag-lugares","tag-viajes"],"yoast_head":"<!-- This site is optimized with the Yoast SEO plugin v27.5 - https:\/\/yoast.com\/product\/yoast-seo-wordpress\/ -->\n<title>Las cuevas de Ajuy - Un d\u00eda inolvidable en Fuerteventura - Recalculando Viajes<\/title>\n<meta name=\"description\" content=\"Las cuevas de Ajuy en Fuerteventura. Descubre las maravillosas cuevas de Ajuy, un mar espectacular y sendero con unas vistas imperdibles!\" \/>\n<meta name=\"robots\" content=\"index, follow, max-snippet:-1, max-image-preview:large, max-video-preview:-1\" \/>\n<link rel=\"canonical\" href=\"https:\/\/www.recalculandoviajes.com\/las-cuevas-de-ajuy-un-dia-inolvidable-fuerteventura\/\" \/>\n<meta property=\"og:locale\" content=\"es_ES\" \/>\n<meta property=\"og:type\" content=\"article\" \/>\n<meta property=\"og:title\" content=\"Las cuevas de Ajuy - Un d\u00eda inolvidable en Fuerteventura - Recalculando Viajes\" \/>\n<meta property=\"og:description\" content=\"Las cuevas de Ajuy en Fuerteventura. Descubre las maravillosas cuevas de Ajuy, un mar espectacular y sendero con unas vistas imperdibles!\" \/>\n<meta property=\"og:url\" content=\"https:\/\/www.recalculandoviajes.com\/las-cuevas-de-ajuy-un-dia-inolvidable-fuerteventura\/\" \/>\n<meta property=\"og:site_name\" content=\"Recalculando Viajes\" \/>\n<meta property=\"article:publisher\" content=\"https:\/\/www.facebook.com\/recalculandov\/\" \/>\n<meta property=\"article:published_time\" content=\"2021-07-25T22:56:33+00:00\" \/>\n<meta property=\"article:modified_time\" content=\"2023-09-01T23:26:34+00:00\" \/>\n<meta property=\"og:image\" content=\"https:\/\/www.recalculandoviajes.com\/wp-content\/uploads\/2021\/08\/Las-cuevas-de-Ajuy-Un-dia-inolvidable-Un-muy-lindo.jpg\" \/>\n\t<meta property=\"og:image:width\" content=\"1080\" \/>\n\t<meta property=\"og:image:height\" content=\"926\" \/>\n\t<meta property=\"og:image:type\" content=\"image\/jpeg\" \/>\n<meta name=\"author\" content=\"Recalculando\" \/>\n<meta name=\"twitter:card\" content=\"summary_large_image\" \/>\n<meta name=\"twitter:label1\" content=\"Escrito por\" \/>\n\t<meta name=\"twitter:data1\" content=\"Recalculando\" \/>\n\t<meta name=\"twitter:label2\" content=\"Tiempo de lectura\" \/>\n\t<meta name=\"twitter:data2\" content=\"3 minutos\" \/>\n<script type=\"application\/ld+json\" class=\"yoast-schema-graph\">{\"@context\":\"https:\\\/\\\/schema.org\",\"@graph\":[{\"@type\":\"Article\",\"@id\":\"https:\\\/\\\/www.recalculandoviajes.com\\\/las-cuevas-de-ajuy-un-dia-inolvidable-fuerteventura\\\/#article\",\"isPartOf\":{\"@id\":\"https:\\\/\\\/www.recalculandoviajes.com\\\/las-cuevas-de-ajuy-un-dia-inolvidable-fuerteventura\\\/\"},\"author\":{\"name\":\"Recalculando\",\"@id\":\"https:\\\/\\\/www.recalculandoviajes.com\\\/#\\\/schema\\\/person\\\/4d45b86e19dbffb46f89625badbd0c1b\"},\"headline\":\"Las cuevas de Ajuy &#8211; Un d\u00eda inolvidable en Fuerteventura\",\"datePublished\":\"2021-07-25T22:56:33+00:00\",\"dateModified\":\"2023-09-01T23:26:34+00:00\",\"mainEntityOfPage\":{\"@id\":\"https:\\\/\\\/www.recalculandoviajes.com\\\/las-cuevas-de-ajuy-un-dia-inolvidable-fuerteventura\\\/\"},\"wordCount\":786,\"commentCount\":10,\"publisher\":{\"@id\":\"https:\\\/\\\/www.recalculandoviajes.com\\\/#organization\"},\"image\":{\"@id\":\"https:\\\/\\\/www.recalculandoviajes.com\\\/las-cuevas-de-ajuy-un-dia-inolvidable-fuerteventura\\\/#primaryimage\"},\"thumbnailUrl\":\"https:\\\/\\\/www.recalculandoviajes.com\\\/wp-content\\\/uploads\\\/2021\\\/08\\\/Las-cuevas-de-Ajuy-Un-dia-inolvidable-Un-muy-lindo.jpg\",\"keywords\":[\"destinos\",\"instagram\",\"lugares\",\"Viajes\"],\"articleSection\":[\"Blog\",\"Canarias\",\"Espa\u00f1a\",\"Europa\",\"Fuerteventura\",\"Lugares\"],\"inLanguage\":\"es\",\"potentialAction\":[{\"@type\":\"CommentAction\",\"name\":\"Comment\",\"target\":[\"https:\\\/\\\/www.recalculandoviajes.com\\\/las-cuevas-de-ajuy-un-dia-inolvidable-fuerteventura\\\/#respond\"]}]},{\"@type\":\"WebPage\",\"@id\":\"https:\\\/\\\/www.recalculandoviajes.com\\\/las-cuevas-de-ajuy-un-dia-inolvidable-fuerteventura\\\/\",\"url\":\"https:\\\/\\\/www.recalculandoviajes.com\\\/las-cuevas-de-ajuy-un-dia-inolvidable-fuerteventura\\\/\",\"name\":\"Las cuevas de Ajuy - Un d\u00eda inolvidable en Fuerteventura - Recalculando Viajes\",\"isPartOf\":{\"@id\":\"https:\\\/\\\/www.recalculandoviajes.com\\\/#website\"},\"primaryImageOfPage\":{\"@id\":\"https:\\\/\\\/www.recalculandoviajes.com\\\/las-cuevas-de-ajuy-un-dia-inolvidable-fuerteventura\\\/#primaryimage\"},\"image\":{\"@id\":\"https:\\\/\\\/www.recalculandoviajes.com\\\/las-cuevas-de-ajuy-un-dia-inolvidable-fuerteventura\\\/#primaryimage\"},\"thumbnailUrl\":\"https:\\\/\\\/www.recalculandoviajes.com\\\/wp-content\\\/uploads\\\/2021\\\/08\\\/Las-cuevas-de-Ajuy-Un-dia-inolvidable-Un-muy-lindo.jpg\",\"datePublished\":\"2021-07-25T22:56:33+00:00\",\"dateModified\":\"2023-09-01T23:26:34+00:00\",\"description\":\"Las cuevas de Ajuy en Fuerteventura. Descubre las maravillosas cuevas de Ajuy, un mar espectacular y sendero con unas vistas imperdibles!\",\"breadcrumb\":{\"@id\":\"https:\\\/\\\/www.recalculandoviajes.com\\\/las-cuevas-de-ajuy-un-dia-inolvidable-fuerteventura\\\/#breadcrumb\"},\"inLanguage\":\"es\",\"potentialAction\":[{\"@type\":\"ReadAction\",\"target\":[\"https:\\\/\\\/www.recalculandoviajes.com\\\/las-cuevas-de-ajuy-un-dia-inolvidable-fuerteventura\\\/\"]}]},{\"@type\":\"ImageObject\",\"inLanguage\":\"es\",\"@id\":\"https:\\\/\\\/www.recalculandoviajes.com\\\/las-cuevas-de-ajuy-un-dia-inolvidable-fuerteventura\\\/#primaryimage\",\"url\":\"https:\\\/\\\/www.recalculandoviajes.com\\\/wp-content\\\/uploads\\\/2021\\\/08\\\/Las-cuevas-de-Ajuy-Un-dia-inolvidable-Un-muy-lindo.jpg\",\"contentUrl\":\"https:\\\/\\\/www.recalculandoviajes.com\\\/wp-content\\\/uploads\\\/2021\\\/08\\\/Las-cuevas-de-Ajuy-Un-dia-inolvidable-Un-muy-lindo.jpg\",\"width\":1080,\"height\":926,\"caption\":\"Las cuevas de Ajuy\"},{\"@type\":\"BreadcrumbList\",\"@id\":\"https:\\\/\\\/www.recalculandoviajes.com\\\/las-cuevas-de-ajuy-un-dia-inolvidable-fuerteventura\\\/#breadcrumb\",\"itemListElement\":[{\"@type\":\"ListItem\",\"position\":1,\"name\":\"Portada\",\"item\":\"https:\\\/\\\/www.recalculandoviajes.com\\\/\"},{\"@type\":\"ListItem\",\"position\":2,\"name\":\"Las cuevas de Ajuy &#8211; Un d\u00eda inolvidable en Fuerteventura\"}]},{\"@type\":\"WebSite\",\"@id\":\"https:\\\/\\\/www.recalculandoviajes.com\\\/#website\",\"url\":\"https:\\\/\\\/www.recalculandoviajes.com\\\/\",\"name\":\"Recalculando viajes\",\"description\":\"Compartimos nuestra gran aventura de Vivir viajando\",\"publisher\":{\"@id\":\"https:\\\/\\\/www.recalculandoviajes.com\\\/#organization\"},\"potentialAction\":[{\"@type\":\"SearchAction\",\"target\":{\"@type\":\"EntryPoint\",\"urlTemplate\":\"https:\\\/\\\/www.recalculandoviajes.com\\\/?s={search_term_string}\"},\"query-input\":{\"@type\":\"PropertyValueSpecification\",\"valueRequired\":true,\"valueName\":\"search_term_string\"}}],\"inLanguage\":\"es\"},{\"@type\":\"Organization\",\"@id\":\"https:\\\/\\\/www.recalculandoviajes.com\\\/#organization\",\"name\":\"Recalculando Viajes\",\"url\":\"https:\\\/\\\/www.recalculandoviajes.com\\\/\",\"logo\":{\"@type\":\"ImageObject\",\"inLanguage\":\"es\",\"@id\":\"https:\\\/\\\/www.recalculandoviajes.com\\\/#\\\/schema\\\/logo\\\/image\\\/\",\"url\":\"https:\\\/\\\/recalculandoviajes.com\\\/wp-content\\\/uploads\\\/2018\\\/07\\\/RecalculandoLogo-1.png\",\"contentUrl\":\"https:\\\/\\\/recalculandoviajes.com\\\/wp-content\\\/uploads\\\/2018\\\/07\\\/RecalculandoLogo-1.png\",\"width\":581,\"height\":591,\"caption\":\"Recalculando Viajes\"},\"image\":{\"@id\":\"https:\\\/\\\/www.recalculandoviajes.com\\\/#\\\/schema\\\/logo\\\/image\\\/\"},\"sameAs\":[\"https:\\\/\\\/www.facebook.com\\\/recalculandov\\\/\",\"https:\\\/\\\/instagram.com\\\/recalculandoviajes\",\"https:\\\/\\\/www.pinterest.com\\\/recalculandoviajes\\\/\",\"https:\\\/\\\/www.youtube.com\\\/channel\\\/UCl9mlzCiqE_YLnQkoL9tzqA\"]},{\"@type\":\"Person\",\"@id\":\"https:\\\/\\\/www.recalculandoviajes.com\\\/#\\\/schema\\\/person\\\/4d45b86e19dbffb46f89625badbd0c1b\",\"name\":\"Recalculando\",\"image\":{\"@type\":\"ImageObject\",\"inLanguage\":\"es\",\"@id\":\"https:\\\/\\\/secure.gravatar.com\\\/avatar\\\/0a8f4205066a2aa397b89ca406750e0680a072b66293ad538ae5ab59b0f14e64?s=96&d=mm&r=g\",\"url\":\"https:\\\/\\\/secure.gravatar.com\\\/avatar\\\/0a8f4205066a2aa397b89ca406750e0680a072b66293ad538ae5ab59b0f14e64?s=96&d=mm&r=g\",\"contentUrl\":\"https:\\\/\\\/secure.gravatar.com\\\/avatar\\\/0a8f4205066a2aa397b89ca406750e0680a072b66293ad538ae5ab59b0f14e64?s=96&d=mm&r=g\",\"caption\":\"Recalculando\"}}]}<\/script>\n<!-- \/ Yoast SEO plugin. -->","yoast_head_json":{"title":"Las cuevas de Ajuy - Un d\u00eda inolvidable en Fuerteventura - Recalculando Viajes","description":"Las cuevas de Ajuy en Fuerteventura. Descubre las maravillosas cuevas de Ajuy, un mar espectacular y sendero con unas vistas imperdibles!","robots":{"index":"index","follow":"follow","max-snippet":"max-snippet:-1","max-image-preview":"max-image-preview:large","max-video-preview":"max-video-preview:-1"},"canonical":"https:\/\/www.recalculandoviajes.com\/las-cuevas-de-ajuy-un-dia-inolvidable-fuerteventura\/","og_locale":"es_ES","og_type":"article","og_title":"Las cuevas de Ajuy - Un d\u00eda inolvidable en Fuerteventura - Recalculando Viajes","og_description":"Las cuevas de Ajuy en Fuerteventura. Descubre las maravillosas cuevas de Ajuy, un mar espectacular y sendero con unas vistas imperdibles!","og_url":"https:\/\/www.recalculandoviajes.com\/las-cuevas-de-ajuy-un-dia-inolvidable-fuerteventura\/","og_site_name":"Recalculando Viajes","article_publisher":"https:\/\/www.facebook.com\/recalculandov\/","article_published_time":"2021-07-25T22:56:33+00:00","article_modified_time":"2023-09-01T23:26:34+00:00","og_image":[{"width":1080,"height":926,"url":"https:\/\/www.recalculandoviajes.com\/wp-content\/uploads\/2021\/08\/Las-cuevas-de-Ajuy-Un-dia-inolvidable-Un-muy-lindo.jpg","type":"image\/jpeg"}],"author":"Recalculando","twitter_card":"summary_large_image","twitter_misc":{"Escrito por":"Recalculando","Tiempo de lectura":"3 minutos"},"schema":{"@context":"https:\/\/schema.org","@graph":[{"@type":"Article","@id":"https:\/\/www.recalculandoviajes.com\/las-cuevas-de-ajuy-un-dia-inolvidable-fuerteventura\/#article","isPartOf":{"@id":"https:\/\/www.recalculandoviajes.com\/las-cuevas-de-ajuy-un-dia-inolvidable-fuerteventura\/"},"author":{"name":"Recalculando","@id":"https:\/\/www.recalculandoviajes.com\/#\/schema\/person\/4d45b86e19dbffb46f89625badbd0c1b"},"headline":"Las cuevas de Ajuy &#8211; Un d\u00eda inolvidable en Fuerteventura","datePublished":"2021-07-25T22:56:33+00:00","dateModified":"2023-09-01T23:26:34+00:00","mainEntityOfPage":{"@id":"https:\/\/www.recalculandoviajes.com\/las-cuevas-de-ajuy-un-dia-inolvidable-fuerteventura\/"},"wordCount":786,"commentCount":10,"publisher":{"@id":"https:\/\/www.recalculandoviajes.com\/#organization"},"image":{"@id":"https:\/\/www.recalculandoviajes.com\/las-cuevas-de-ajuy-un-dia-inolvidable-fuerteventura\/#primaryimage"},"thumbnailUrl":"https:\/\/www.recalculandoviajes.com\/wp-content\/uploads\/2021\/08\/Las-cuevas-de-Ajuy-Un-dia-inolvidable-Un-muy-lindo.jpg","keywords":["destinos","instagram","lugares","Viajes"],"articleSection":["Blog","Canarias","Espa\u00f1a","Europa","Fuerteventura","Lugares"],"inLanguage":"es","potentialAction":[{"@type":"CommentAction","name":"Comment","target":["https:\/\/www.recalculandoviajes.com\/las-cuevas-de-ajuy-un-dia-inolvidable-fuerteventura\/#respond"]}]},{"@type":"WebPage","@id":"https:\/\/www.recalculandoviajes.com\/las-cuevas-de-ajuy-un-dia-inolvidable-fuerteventura\/","url":"https:\/\/www.recalculandoviajes.com\/las-cuevas-de-ajuy-un-dia-inolvidable-fuerteventura\/","name":"Las cuevas de Ajuy - Un d\u00eda inolvidable en Fuerteventura - Recalculando Viajes","isPartOf":{"@id":"https:\/\/www.recalculandoviajes.com\/#website"},"primaryImageOfPage":{"@id":"https:\/\/www.recalculandoviajes.com\/las-cuevas-de-ajuy-un-dia-inolvidable-fuerteventura\/#primaryimage"},"image":{"@id":"https:\/\/www.recalculandoviajes.com\/las-cuevas-de-ajuy-un-dia-inolvidable-fuerteventura\/#primaryimage"},"thumbnailUrl":"https:\/\/www.recalculandoviajes.com\/wp-content\/uploads\/2021\/08\/Las-cuevas-de-Ajuy-Un-dia-inolvidable-Un-muy-lindo.jpg","datePublished":"2021-07-25T22:56:33+00:00","dateModified":"2023-09-01T23:26:34+00:00","description":"Las cuevas de Ajuy en Fuerteventura. Descubre las maravillosas cuevas de Ajuy, un mar espectacular y sendero con unas vistas imperdibles!","breadcrumb":{"@id":"https:\/\/www.recalculandoviajes.com\/las-cuevas-de-ajuy-un-dia-inolvidable-fuerteventura\/#breadcrumb"},"inLanguage":"es","potentialAction":[{"@type":"ReadAction","target":["https:\/\/www.recalculandoviajes.com\/las-cuevas-de-ajuy-un-dia-inolvidable-fuerteventura\/"]}]},{"@type":"ImageObject","inLanguage":"es","@id":"https:\/\/www.recalculandoviajes.com\/las-cuevas-de-ajuy-un-dia-inolvidable-fuerteventura\/#primaryimage","url":"https:\/\/www.recalculandoviajes.com\/wp-content\/uploads\/2021\/08\/Las-cuevas-de-Ajuy-Un-dia-inolvidable-Un-muy-lindo.jpg","contentUrl":"https:\/\/www.recalculandoviajes.com\/wp-content\/uploads\/2021\/08\/Las-cuevas-de-Ajuy-Un-dia-inolvidable-Un-muy-lindo.jpg","width":1080,"height":926,"caption":"Las cuevas de Ajuy"},{"@type":"BreadcrumbList","@id":"https:\/\/www.recalculandoviajes.com\/las-cuevas-de-ajuy-un-dia-inolvidable-fuerteventura\/#breadcrumb","itemListElement":[{"@type":"ListItem","position":1,"name":"Portada","item":"https:\/\/www.recalculandoviajes.com\/"},{"@type":"ListItem","position":2,"name":"Las cuevas de Ajuy &#8211; Un d\u00eda inolvidable en Fuerteventura"}]},{"@type":"WebSite","@id":"https:\/\/www.recalculandoviajes.com\/#website","url":"https:\/\/www.recalculandoviajes.com\/","name":"Recalculando viajes","description":"Compartimos nuestra gran aventura de Vivir viajando","publisher":{"@id":"https:\/\/www.recalculandoviajes.com\/#organization"},"potentialAction":[{"@type":"SearchAction","target":{"@type":"EntryPoint","urlTemplate":"https:\/\/www.recalculandoviajes.com\/?s={search_term_string}"},"query-input":{"@type":"PropertyValueSpecification","valueRequired":true,"valueName":"search_term_string"}}],"inLanguage":"es"},{"@type":"Organization","@id":"https:\/\/www.recalculandoviajes.com\/#organization","name":"Recalculando Viajes","url":"https:\/\/www.recalculandoviajes.com\/","logo":{"@type":"ImageObject","inLanguage":"es","@id":"https:\/\/www.recalculandoviajes.com\/#\/schema\/logo\/image\/","url":"https:\/\/recalculandoviajes.com\/wp-content\/uploads\/2018\/07\/RecalculandoLogo-1.png","contentUrl":"https:\/\/recalculandoviajes.com\/wp-content\/uploads\/2018\/07\/RecalculandoLogo-1.png","width":581,"height":591,"caption":"Recalculando Viajes"},"image":{"@id":"https:\/\/www.recalculandoviajes.com\/#\/schema\/logo\/image\/"},"sameAs":["https:\/\/www.facebook.com\/recalculandov\/","https:\/\/instagram.com\/recalculandoviajes","https:\/\/www.pinterest.com\/recalculandoviajes\/","https:\/\/www.youtube.com\/channel\/UCl9mlzCiqE_YLnQkoL9tzqA"]},{"@type":"Person","@id":"https:\/\/www.recalculandoviajes.com\/#\/schema\/person\/4d45b86e19dbffb46f89625badbd0c1b","name":"Recalculando","image":{"@type":"ImageObject","inLanguage":"es","@id":"https:\/\/secure.gravatar.com\/avatar\/0a8f4205066a2aa397b89ca406750e0680a072b66293ad538ae5ab59b0f14e64?s=96&d=mm&r=g","url":"https:\/\/secure.gravatar.com\/avatar\/0a8f4205066a2aa397b89ca406750e0680a072b66293ad538ae5ab59b0f14e64?s=96&d=mm&r=g","contentUrl":"https:\/\/secure.gravatar.com\/avatar\/0a8f4205066a2aa397b89ca406750e0680a072b66293ad538ae5ab59b0f14e64?s=96&d=mm&r=g","caption":"Recalculando"}}]}},"_links":{"self":[{"href":"https:\/\/www.recalculandoviajes.com\/recalculando-api\/wp\/v2\/posts\/5473","targetHints":{"allow":["GET"]}}],"collection":[{"href":"https:\/\/www.recalculandoviajes.com\/recalculando-api\/wp\/v2\/posts"}],"about":[{"href":"https:\/\/www.recalculandoviajes.com\/recalculando-api\/wp\/v2\/types\/post"}],"author":[{"embeddable":true,"href":"https:\/\/www.recalculandoviajes.com\/recalculando-api\/wp\/v2\/users\/3"}],"replies":[{"embeddable":true,"href":"https:\/\/www.recalculandoviajes.com\/recalculando-api\/wp\/v2\/comments?post=5473"}],"version-history":[{"count":8,"href":"https:\/\/www.recalculandoviajes.com\/recalculando-api\/wp\/v2\/posts\/5473\/revisions"}],"predecessor-version":[{"id":7509,"href":"https:\/\/www.recalculandoviajes.com\/recalculando-api\/wp\/v2\/posts\/5473\/revisions\/7509"}],"wp:featuredmedia":[{"embeddable":true,"href":"https:\/\/www.recalculandoviajes.com\/recalculando-api\/wp\/v2\/media\/5474"}],"wp:attachment":[{"href":"https:\/\/www.recalculandoviajes.com\/recalculando-api\/wp\/v2\/media?parent=5473"}],"wp:term":[{"taxonomy":"category","embeddable":true,"href":"https:\/\/www.recalculandoviajes.com\/recalculando-api\/wp\/v2\/categories?post=5473"},{"taxonomy":"post_tag","embeddable":true,"href":"https:\/\/www.recalculandoviajes.com\/recalculando-api\/wp\/v2\/tags?post=5473"}],"curies":[{"name":"wp","href":"https:\/\/api.w.org\/{rel}","templated":true}]}}