{"id":4591,"date":"2018-07-02T14:38:38","date_gmt":"2018-07-02T17:38:38","guid":{"rendered":"https:\/\/recalculandoviajes.com\/visitamos-la-basilica-de-la-sagrada-familia-es-enorme-y\/"},"modified":"2021-02-21T09:27:07","modified_gmt":"2021-02-21T12:27:07","slug":"visitamos-la-basilica-de-la-sagrada-familia","status":"publish","type":"post","link":"https:\/\/www.recalculandoviajes.com\/visitamos-la-basilica-de-la-sagrada-familia\/","title":{"rendered":"Visitamos la Bas\u00edlica de la Sagrada Familia"},"content":{"rendered":"<p><ad_1><script async src=\"https:\/\/pagead2.googlesyndication.com\/pagead\/js\/adsbygoogle.js\"><\/script><br \/>\n<!-- Anuncio display Horizontal --><br \/>\n<ins class=\"adsbygoogle\"\n     style=\"display:block\"\n     data-ad-client=\"ca-pub-6665028185941630\"\n     data-ad-slot=\"5141091675\"\n     data-ad-format=\"auto\"\n     data-full-width-responsive=\"true\"><\/ins><br \/>\n<script>\n     (adsbygoogle = window.adsbygoogle || []).push();\n<\/script><\/p>\n<p>Visitamos la Bas\u00edlica de la Sagrada Familia &#8230; es enorme y sin dudas \u00daNICA \ud83d\ude0a &#8230; y por supuesto sigue en construcci\u00f3n \ud83d\udea7 \ud83d\udd28 \ud83d\ude12. Para ser m\u00e1s exactos, se supone que estar\u00eda terminada para el &#8230; \u201c2026\u201d, aunque a simple vista \ud83e\uddd0 parece que va a ser m\u00e1s tiempo\ud83e\udd26\ud83c\udffc\u200d\u2640\ufe0f! La entrada se puede comprar online, si uno quiere elegir horarios, con que se compre 3 d\u00edas antes esta \ud83d\udc4c!!! La entrada cuesta unos 15 \ud83d\udcb6 \ud83d\udc4a\ud83d\udc4a\ud83d\udc4a saladilla \ud83e\udd11!! La verdad que vale la pena entrar, por dentro nos impacto mucho m\u00e1s! La zona de los techos es simplemente ALUCINANTE\ud83e\udd29 ! ********************                                <\/p><div class=\"zwlog69f2b06228c81\" ><div style=\"text-align: center; backdrop-filter: blur(10px); background: linear-gradient(135deg, #ff6a6a, #ff884d); border-radius: 15px; padding: 20px 30px; box-shadow: 0 8px 32px rgba(0, 0, 0, 0.2); border: 1px solid rgba(255, 255, 255, 0.18); color: #fff; max-width: 600px; margin: 50px auto;\">\n  <h2 style=\"font-size: 2rem; font-weight: bold; margin-bottom: 10px; color: #ffffff !important; text-shadow: 0 2px 5px rgba(0, 0, 0, 0.4);\">\ud83c\udf0d Seguro de Viaje:  Descuento de 5% en IATI Seguros! \ud83c\udf1f<\/h2>\n  <p style=\"font-size: 1rem; margin-bottom: 20px; line-height: 1.5;\">Aprovecha esta oferta y viaja seguro.<\/p>\n  <a href=\"https:\/\/recalculandoviajes.com\/iati-seguros\" target=\"_blank\" style=\"display: inline-block; padding: 15px 25px; font-size: 1.2rem; font-weight: bold; color: #fff; text-decoration: none; border-radius: 30px; background: linear-gradient(135deg, #ff5722, #e91e63); transition: all 0.3s ease; box-shadow: 0 6px 15px rgba(233, 30, 99, 0.6); border: 2px solid rgba(255, 255, 255, 0.3);\" rel=\"noopener\">Quiero mi 5% de Descuento<\/a>\n<\/div><\/div><style type=\"text\/css\">\r\n@media screen and (min-width: 1201px) {\r\n.zwlog69f2b06228c81 {\r\ndisplay: block;\r\n}\r\n}\r\n@media screen and (min-width: 993px) and (max-width: 1200px) {\r\n.zwlog69f2b06228c81 {\r\ndisplay: block;\r\n}\r\n}\r\n@media screen and (min-width: 769px) and (max-width: 992px) {\r\n.zwlog69f2b06228c81 {\r\ndisplay: block;\r\n}\r\n}\r\n@media screen and (min-width: 768px) and (max-width: 768px) {\r\n.zwlog69f2b06228c81 {\r\ndisplay: block;\r\n}\r\n}\r\n@media screen and (max-width: 767px) {\r\n.zwlog69f2b06228c81 {\r\ndisplay: block;\r\n}\r\n}\r\n<\/style>\r\n\n<p><ad_2><\/p>\n<div style=\"padding: 10px; border: 10px outset #b8174a; border-radius: 15px;\"><center><strong>Aca les compartimos \ud83d\udcb2<a href=\"https:\/\/recalculandoviajes.com\/descuentos\/\">Descuentos para tus viajes $$$<\/a> \u2708\ufe0f: Airbnb &#8211; Booking y m\u00e1s! <\/strong><\/center><\/div>\n<p>\n<img decoding=\"async\" src=\"https:\/\/recalculandoviajes.com\/wp-content\/uploads\/2021\/02\/Visitamos-la-Basilica-de-la-Sagrada-Familia-es-enorme-y.jpg\" alt=\"RecalculandoViajes\" \/> <\/p>\n<p><\/p>\n<p><img decoding=\"async\" src=\"https:\/\/recalculandoviajes.com\/wp-content\/uploads\/2021\/02\/1613309956_819_Visitamos-la-Basilica-de-la-Sagrada-Familia-es-enorme-y.jpg\" alt=\"RecalculandoViajes\" \/> <\/p>\n<p><\/p>\n<p><img decoding=\"async\" src=\"https:\/\/recalculandoviajes.com\/wp-content\/uploads\/2021\/02\/1613309957_713_Visitamos-la-Basilica-de-la-Sagrada-Familia-es-enorme-y.jpg\" alt=\"RecalculandoViajes\" \/> <\/p>\n<p><\/p><div class=\"moeif69f2b06228c5a\" ><div style=\"padding: 10px; border: 10px outset #b8174a; border-radius: 15px;\"><center><strong>\n\u261d\ufe0f <a href=\"https:\/\/recalculandoviajes.com\/iati-seguros\">VIAJA SEGURO - DESCUENTOS \/ 5% OFF IATI<\/a>!!<br\/>\ud83d\udc69\u200d\u2695\ufe0f\ud83d\udc68\u200d\u2695\ufe0f Requisito indispensable para viajar sin preocupaciones! \ud83c\udf0e\u2708\ufe0f <a href=\"https:\/\/recalculandoviajes.com\/asistencia-al-viajero\/\">Cotiz\u00e1, Compar\u00e1 y Contrat\u00e1<\/a><\/strong><\/center><\/div><br\/><\/div><style type=\"text\/css\">\r\n@media screen and (min-width: 1201px) {\r\n.moeif69f2b06228c5a {\r\ndisplay: block;\r\n}\r\n}\r\n@media screen and (min-width: 993px) and (max-width: 1200px) {\r\n.moeif69f2b06228c5a {\r\ndisplay: block;\r\n}\r\n}\r\n@media screen and (min-width: 769px) and (max-width: 992px) {\r\n.moeif69f2b06228c5a {\r\ndisplay: block;\r\n}\r\n}\r\n@media screen and (min-width: 768px) and (max-width: 768px) {\r\n.moeif69f2b06228c5a {\r\ndisplay: block;\r\n}\r\n}\r\n@media screen and (max-width: 767px) {\r\n.moeif69f2b06228c5a {\r\ndisplay: block;\r\n}\r\n}\r\n<\/style>\r\n\n<p><img decoding=\"async\" src=\"https:\/\/recalculandoviajes.com\/wp-content\/uploads\/2021\/02\/1613309957_116_Visitamos-la-Basilica-de-la-Sagrada-Familia-es-enorme-y.jpg\" alt=\"RecalculandoViajes\" \/> <\/p>\n<p><\/p>\n<p><\/p>\n<p>Bas\u00edlica de la Sagrada Fam\u00edlia<\/p>\n<p>\n<center><\/center><br \/>\n<center><\/p>\n<blockquote class=\"instagram-media\" data-instgrm-captioned data-instgrm-version=\"6\" style=\" background:#FFF; border:0; border-radius:3px; box-shadow:0 0 1px 0 rgba(0,0,0,0.5),0 1px 10px 0 rgba(0,0,0,0.15); margin: 1px; max-width:658px; padding:0; width:99.375%; width:-webkit-calc(100% - 2px); width:calc(100% - 2px);\">\n<div style=\"padding:8px;\">\n<div style=\" background:#F8F8F8; line-height:0; margin-top:40px; padding:50.0% 0; text-align:center; width:100%;\">\n<div style=\" background:url(data:image\/png;base64,iVBORw0KGgoAAAANSUhEUgAAACwAAAAsCAMAAAApWqozAAAAGFBMVEUiIiI9PT0eHh4gIB4hIBkcHBwcHBwcHBydr+JQAAAACHRSTlMABA4YHyQsM5jtaMwAAADfSURBVDjL7ZVBEgMhCAQBAf\/\/42xcNbpAqakcM0ftUmFAAIBE81IqBJdS3lS6zs3bIpB9WED3YYXFPmHRfT8sgyrCP1x8uEUxLMzNWElFOYCV6mHWWwMzdPEKHlhLw7NWJqkHc4uIZphavDzA2JPzUDsBZziNae2S6owH8xPmX8G7zzgKEOPUoYHvGz1TBCxMkd3kwNVbU0gKHkx+iZILf77IofhrY1nYFnB\/lQPb79drWOyJVa\/DAvg9B\/rLB4cC+Nqgdz\/TvBbBnr6GBReqn\/nRmDgaQEej7WhonozjF+Y2I\/fZou\/qAAAAAElFTkSuQmCC); display:block; height:44px; margin:0 auto -44px; position:relative; top:-22px; width:44px;\"><\/div>\n<\/div>\n<p style=\" margin:8px 0 0 0; padding:0 4px;\"> <a href=\"http:\/\/instagram.com\/p\/BkvOosEHqMZ\" style=\" color:#000; font-family:Arial,sans-serif; font-size:14px; font-style:normal; font-weight:normal; line-height:17px; text-decoration:none; word-wrap:break-word;\" target=\"_blank\" rel=\"noopener\">Visitamos la Bas\u00edlica de la Sagrada Familia &#8230; es enorme y sin dudas \u00daNICA \ud83d\ude0a &#8230; y por supuesto sigue en construcci\u00f3n \ud83d\udea7 \ud83d\udd28 \ud83d\ude12. Para ser m\u00e1s exactos, se supone que estar\u00eda terminada para el &#8230; \u201c2026\u201d, aunque a simple vista \ud83e\uddd0 parece que va a ser m\u00e1s tiempo\ud83e\udd26\ud83c\udffc\u200d\u2640\ufe0f! La entrada se puede comprar online, si uno quiere elegir horarios, con que se compre 3 d\u00edas antes esta \ud83d\udc4c!!! La entrada cuesta unos 15 \ud83d\udcb6 \ud83d\udc4a\ud83d\udc4a\ud83d\udc4a saladilla \ud83e\udd11!! La verdad que vale la pena entrar, por dentro nos impacto mucho m\u00e1s! La zona de los techos es simplemente ALUCINANTE\ud83e\udd29 ! ******************** #recalculando #travel #viajes #viajar #voyage #travelphotography #traveling #travelblog #travels #cuoplesinlove #wanderlust #coupletravel  #couplegoals #blogtravel #lifestyleblogger #lifetravel #lifetraveling #lovetravel #photographylife #spain #espa\u00f1a #catalu\u00f1a #catalunya #costabrava #summer #barcelona #sagradafamilia #sagradafamilia #europe #europa<\/a><\/p>\n<p style=\" color:#c9c8cd; font-family:Arial,sans-serif; font-size:14px; line-height:17px; margin-bottom:0; margin-top:8px; overflow:hidden; padding:8px 0 7px; text-align:center; text-overflow:ellipsis; white-space:nowrap;\">A photo posted by \u211d\ud835\udd56\ud835\udd54\ud835\udd52\ud835\udd5d\ud835\udd54\ud835\udd66\ud835\udd5d\ud835\udd52\ud835\udd5f\ud835\udd55\ud835\udd60 \ud835\udd67\ud835\udd5a\ud835\udd52\ud835\udd5b\ud835\udd56\ud835\udd64 (@recalculandoviajes) on <time style=\" font-family:Arial,sans-serif; font-size:14px; line-height:17px;\" datetime=\"2018-07-02 17:38:38\">2018-07-02 17:38:38<\/time><\/p>\n<\/div>\n<\/blockquote>\n<p><script async defer src=\"\/\/platform.instagram.com\/en_US\/embeds.js\"><\/script><\/center><br \/>\n<br \/><a href=\"http:\/\/instagram.com\/p\/BkvOosEHqMZ\">Instagram Link<\/a><br \/><\/p>\n<div class=\"kgxic69f2b06212863\" ><br\/>\n<div class=\"rpbt_shortcode\">\n<h3>Tambi\u00e9n podr\u00eda interesarte:<\/h3>\n<style type=\"text\/css\">\n\t\t\t#rpbt-related-gallery-1 {\n\t\t\t\tmargin: auto;\n\t\t\t}\n\t\t\t#rpbt-related-gallery-1 .gallery-item {\n\t\t\t\tfloat: left;\n\t\t\t\tmargin-top: 10px;\n\t\t\t\ttext-align: center;\n\t\t\t\twidth: 33%;\n\t\t\t}\n\t\t\t#rpbt-related-gallery-1 img {\n\t\t\t\tborder: 2px solid #cfcfcf;\n\t\t\t}\n\t\t\t#rpbt-related-gallery-1 .gallery-caption {\n\t\t\t\tmargin-left: 0;\n\t\t\t}\n\t\t\t\/* see gallery_shortcode() in wp-includes\/media.php *\/\n\t\t<\/style>\n\t\t<div id='rpbt-related-gallery-1' class='gallery related-gallery related-galleryid-4591 gallery-columns-3 gallery-size-large'><dl class='gallery-item' role='figure' aria-label='Mirador de Vallebron: Gu\u00eda Esencial para Visitarlo en 2026 &#8211; Fuerteventura'>\n\t\t\t<dt class='gallery-icon landscape'>\n\t\t\t\t<a href='https:\/\/www.recalculandoviajes.com\/mirador-de-vallebron-fuerteventura\/'><img width=\"1080\" height=\"675\" src=\"https:\/\/www.recalculandoviajes.com\/wp-content\/uploads\/2026\/03\/mirador-de-vallebron.webp\" class=\"attachment-large size-large\" alt=\"mirador de vallebron\" aria-describedby=\"rpbt-related-gallery-1-5485\" srcset=\"https:\/\/www.recalculandoviajes.com\/wp-content\/uploads\/2026\/03\/mirador-de-vallebron.webp 1080w, https:\/\/www.recalculandoviajes.com\/wp-content\/uploads\/2026\/03\/mirador-de-vallebron-980x613.webp 980w, https:\/\/www.recalculandoviajes.com\/wp-content\/uploads\/2026\/03\/mirador-de-vallebron-480x300.webp 480w\" sizes=\"(min-width: 0px) and (max-width: 480px) 480px, (min-width: 481px) and (max-width: 980px) 980px, (min-width: 981px) 1080px, 100vw\" \/><\/a>\n\t\t\t<\/dt>\n\t\t\t\t<dd class='wp-caption-text gallery-caption' id='rpbt-related-gallery-1-5485'>\n\t\t\t\t<a href=\"https:\/\/www.recalculandoviajes.com\/mirador-de-vallebron-fuerteventura\/\">Mirador de Vallebron: Gu\u00eda Esencial para Visitarlo en 2026 &#8211; Fuerteventura<\/a>\n\t\t\t\t<\/dd><\/dl><dl class='gallery-item' role='figure' aria-label='Qu\u00e9 Ver en El Cotillo: Gu\u00eda 2026, Playas, Surf y Atardeceres (Gu\u00eda Local)'>\n\t\t\t<dt class='gallery-icon landscape'>\n\t\t\t\t<a href='https:\/\/www.recalculandoviajes.com\/que-ver-en-el-cotillo-fuerteventura\/'><img width=\"1080\" height=\"608\" src=\"https:\/\/www.recalculandoviajes.com\/wp-content\/uploads\/2025\/06\/que-ver-en-el-cotillo.jpg\" class=\"attachment-large size-large\" alt=\"que ver en el cotillo\" aria-describedby=\"rpbt-related-gallery-1-5440\" srcset=\"https:\/\/www.recalculandoviajes.com\/wp-content\/uploads\/2025\/06\/que-ver-en-el-cotillo.jpg 1080w, https:\/\/www.recalculandoviajes.com\/wp-content\/uploads\/2025\/06\/que-ver-en-el-cotillo-980x552.jpg 980w, https:\/\/www.recalculandoviajes.com\/wp-content\/uploads\/2025\/06\/que-ver-en-el-cotillo-480x270.jpg 480w\" sizes=\"(min-width: 0px) and (max-width: 480px) 480px, (min-width: 481px) and (max-width: 980px) 980px, (min-width: 981px) 1080px, 100vw\" \/><\/a>\n\t\t\t<\/dt>\n\t\t\t\t<dd class='wp-caption-text gallery-caption' id='rpbt-related-gallery-1-5440'>\n\t\t\t\t<a href=\"https:\/\/www.recalculandoviajes.com\/que-ver-en-el-cotillo-fuerteventura\/\">Qu\u00e9 Ver en El Cotillo: Gu\u00eda 2026, Playas, Surf y Atardeceres (Gu\u00eda Local)<\/a>\n\t\t\t\t<\/dd><\/dl><dl class='gallery-item' role='figure' aria-label='Mirador de Cofete &#8211; Fuerteventura: &#8211; Descubriendo el otro Impresionante lado de la isla'>\n\t\t\t<dt class='gallery-icon landscape'>\n\t\t\t\t<a href='https:\/\/www.recalculandoviajes.com\/mirador-de-cofete-fuerteventura\/'><img width=\"1080\" height=\"675\" src=\"https:\/\/www.recalculandoviajes.com\/wp-content\/uploads\/2021\/10\/mirador-de-cofete-fuerteventura.jpg\" class=\"attachment-large size-large\" alt=\"\" aria-describedby=\"rpbt-related-gallery-1-5564\" srcset=\"https:\/\/www.recalculandoviajes.com\/wp-content\/uploads\/2021\/10\/mirador-de-cofete-fuerteventura.jpg 1080w, https:\/\/www.recalculandoviajes.com\/wp-content\/uploads\/2021\/10\/mirador-de-cofete-fuerteventura-980x613.jpg 980w, https:\/\/www.recalculandoviajes.com\/wp-content\/uploads\/2021\/10\/mirador-de-cofete-fuerteventura-480x300.jpg 480w\" sizes=\"(min-width: 0px) and (max-width: 480px) 480px, (min-width: 481px) and (max-width: 980px) 980px, (min-width: 981px) 1080px, 100vw\" \/><\/a>\n\t\t\t<\/dt>\n\t\t\t\t<dd class='wp-caption-text gallery-caption' id='rpbt-related-gallery-1-5564'>\n\t\t\t\t<a href=\"https:\/\/www.recalculandoviajes.com\/mirador-de-cofete-fuerteventura\/\">Mirador de Cofete &#8211; Fuerteventura: &#8211; Descubriendo el otro Impresionante lado de la isla<\/a>\n\t\t\t\t<\/dd><\/dl><br style=\"clear: both\" \/>\n\t\t<\/div>\n<\/div><\/div><style type=\"text\/css\">\r\n@media screen and (min-width: 1201px) {\r\n.kgxic69f2b06212863 {\r\ndisplay: block;\r\n}\r\n}\r\n@media screen and (min-width: 993px) and (max-width: 1200px) {\r\n.kgxic69f2b06212863 {\r\ndisplay: block;\r\n}\r\n}\r\n@media screen and (min-width: 769px) and (max-width: 992px) {\r\n.kgxic69f2b06212863 {\r\ndisplay: block;\r\n}\r\n}\r\n@media screen and (min-width: 768px) and (max-width: 768px) {\r\n.kgxic69f2b06212863 {\r\ndisplay: block;\r\n}\r\n}\r\n@media screen and (max-width: 767px) {\r\n.kgxic69f2b06212863 {\r\ndisplay: block;\r\n}\r\n}\r\n<\/style>\r\n","protected":false},"excerpt":{"rendered":"<p>Visitamos la Bas\u00edlica de la Sagrada Familia &#8230; es enorme y sin dudas \u00daNICA \ud83d\ude0a &#8230; y por supuesto sigue en construcci\u00f3n \ud83d\udea7 \ud83d\udd28 \ud83d\ude12. Para ser m\u00e1s exactos, se supone que estar\u00eda terminada para el &#8230; \u201c2026\u201d, aunque a simple vista \ud83e\uddd0 parece que va a ser m\u00e1s tiempo\ud83e\udd26\ud83c\udffc\u200d\u2640\ufe0f! La entrada se puede comprar [&hellip;]<\/p>\n","protected":false},"author":3,"featured_media":4592,"comment_status":"open","ping_status":"open","sticky":false,"template":"","format":"standard","meta":{"_et_pb_use_builder":"","_et_pb_old_content":"","_et_gb_content_width":"","footnotes":""},"categories":[3,67,24,115],"tags":[118,116,117,49],"class_list":["post-4591","post","type-post","status-publish","format-standard","has-post-thumbnail","hentry","category-blog","category-espana","category-europa","category-lugares","tag-destinos","tag-instagram","tag-lugares","tag-viajes"],"yoast_head":"<!-- This site is optimized with the Yoast SEO plugin v27.4 - https:\/\/yoast.com\/product\/yoast-seo-wordpress\/ -->\n<title>Visitamos la Bas\u00edlica de la Sagrada Familia - Recalculando Viajes<\/title>\n<meta name=\"robots\" content=\"index, follow, max-snippet:-1, max-image-preview:large, max-video-preview:-1\" \/>\n<link rel=\"canonical\" href=\"https:\/\/www.recalculandoviajes.com\/visitamos-la-basilica-de-la-sagrada-familia\/\" \/>\n<meta property=\"og:locale\" content=\"es_ES\" \/>\n<meta property=\"og:type\" content=\"article\" \/>\n<meta property=\"og:title\" content=\"Visitamos la Bas\u00edlica de la Sagrada Familia - Recalculando Viajes\" \/>\n<meta property=\"og:description\" content=\"Visitamos la Bas\u00edlica de la Sagrada Familia &#8230; es enorme y sin dudas \u00daNICA \ud83d\ude0a &#8230; y por supuesto sigue en construcci\u00f3n \ud83d\udea7 \ud83d\udd28 \ud83d\ude12. Para ser m\u00e1s exactos, se supone que estar\u00eda terminada para el &#8230; \u201c2026\u201d, aunque a simple vista \ud83e\uddd0 parece que va a ser m\u00e1s tiempo\ud83e\udd26\ud83c\udffc\u200d\u2640\ufe0f! La entrada se puede comprar [&hellip;]\" \/>\n<meta property=\"og:url\" content=\"https:\/\/www.recalculandoviajes.com\/visitamos-la-basilica-de-la-sagrada-familia\/\" \/>\n<meta property=\"og:site_name\" content=\"Recalculando Viajes\" \/>\n<meta property=\"article:publisher\" content=\"https:\/\/www.facebook.com\/recalculandov\/\" \/>\n<meta property=\"article:published_time\" content=\"2018-07-02T17:38:38+00:00\" \/>\n<meta property=\"article:modified_time\" content=\"2021-02-21T12:27:07+00:00\" \/>\n<meta property=\"og:image\" content=\"https:\/\/www.recalculandoviajes.com\/wp-content\/uploads\/2021\/02\/Visitamos-la-Basilica-de-la-Sagrada-Familia-es-enorme-y.jpg\" \/>\n\t<meta property=\"og:image:width\" content=\"1080\" \/>\n\t<meta property=\"og:image:height\" content=\"1080\" \/>\n\t<meta property=\"og:image:type\" content=\"image\/jpeg\" \/>\n<meta name=\"author\" content=\"Recalculando\" \/>\n<meta name=\"twitter:card\" content=\"summary_large_image\" \/>\n<meta name=\"twitter:label1\" content=\"Escrito por\" \/>\n\t<meta name=\"twitter:data1\" content=\"Recalculando\" \/>\n\t<meta name=\"twitter:label2\" content=\"Tiempo de lectura\" \/>\n\t<meta name=\"twitter:data2\" content=\"1 minuto\" \/>\n<script type=\"application\/ld+json\" class=\"yoast-schema-graph\">{\"@context\":\"https:\\\/\\\/schema.org\",\"@graph\":[{\"@type\":\"Article\",\"@id\":\"https:\\\/\\\/www.recalculandoviajes.com\\\/visitamos-la-basilica-de-la-sagrada-familia\\\/#article\",\"isPartOf\":{\"@id\":\"https:\\\/\\\/www.recalculandoviajes.com\\\/visitamos-la-basilica-de-la-sagrada-familia\\\/\"},\"author\":{\"name\":\"Recalculando\",\"@id\":\"https:\\\/\\\/www.recalculandoviajes.com\\\/#\\\/schema\\\/person\\\/4d45b86e19dbffb46f89625badbd0c1b\"},\"headline\":\"Visitamos la Bas\u00edlica de la Sagrada Familia\",\"datePublished\":\"2018-07-02T17:38:38+00:00\",\"dateModified\":\"2021-02-21T12:27:07+00:00\",\"mainEntityOfPage\":{\"@id\":\"https:\\\/\\\/www.recalculandoviajes.com\\\/visitamos-la-basilica-de-la-sagrada-familia\\\/\"},\"wordCount\":254,\"commentCount\":2,\"publisher\":{\"@id\":\"https:\\\/\\\/www.recalculandoviajes.com\\\/#organization\"},\"image\":{\"@id\":\"https:\\\/\\\/www.recalculandoviajes.com\\\/visitamos-la-basilica-de-la-sagrada-familia\\\/#primaryimage\"},\"thumbnailUrl\":\"https:\\\/\\\/www.recalculandoviajes.com\\\/wp-content\\\/uploads\\\/2021\\\/02\\\/Visitamos-la-Basilica-de-la-Sagrada-Familia-es-enorme-y.jpg\",\"keywords\":[\"destinos\",\"instagram\",\"lugares\",\"Viajes\"],\"articleSection\":[\"Blog\",\"Espa\u00f1a\",\"Europa\",\"Lugares\"],\"inLanguage\":\"es\",\"potentialAction\":[{\"@type\":\"CommentAction\",\"name\":\"Comment\",\"target\":[\"https:\\\/\\\/www.recalculandoviajes.com\\\/visitamos-la-basilica-de-la-sagrada-familia\\\/#respond\"]}]},{\"@type\":\"WebPage\",\"@id\":\"https:\\\/\\\/www.recalculandoviajes.com\\\/visitamos-la-basilica-de-la-sagrada-familia\\\/\",\"url\":\"https:\\\/\\\/www.recalculandoviajes.com\\\/visitamos-la-basilica-de-la-sagrada-familia\\\/\",\"name\":\"Visitamos la Bas\u00edlica de la Sagrada Familia - Recalculando Viajes\",\"isPartOf\":{\"@id\":\"https:\\\/\\\/www.recalculandoviajes.com\\\/#website\"},\"primaryImageOfPage\":{\"@id\":\"https:\\\/\\\/www.recalculandoviajes.com\\\/visitamos-la-basilica-de-la-sagrada-familia\\\/#primaryimage\"},\"image\":{\"@id\":\"https:\\\/\\\/www.recalculandoviajes.com\\\/visitamos-la-basilica-de-la-sagrada-familia\\\/#primaryimage\"},\"thumbnailUrl\":\"https:\\\/\\\/www.recalculandoviajes.com\\\/wp-content\\\/uploads\\\/2021\\\/02\\\/Visitamos-la-Basilica-de-la-Sagrada-Familia-es-enorme-y.jpg\",\"datePublished\":\"2018-07-02T17:38:38+00:00\",\"dateModified\":\"2021-02-21T12:27:07+00:00\",\"breadcrumb\":{\"@id\":\"https:\\\/\\\/www.recalculandoviajes.com\\\/visitamos-la-basilica-de-la-sagrada-familia\\\/#breadcrumb\"},\"inLanguage\":\"es\",\"potentialAction\":[{\"@type\":\"ReadAction\",\"target\":[\"https:\\\/\\\/www.recalculandoviajes.com\\\/visitamos-la-basilica-de-la-sagrada-familia\\\/\"]}]},{\"@type\":\"ImageObject\",\"inLanguage\":\"es\",\"@id\":\"https:\\\/\\\/www.recalculandoviajes.com\\\/visitamos-la-basilica-de-la-sagrada-familia\\\/#primaryimage\",\"url\":\"https:\\\/\\\/www.recalculandoviajes.com\\\/wp-content\\\/uploads\\\/2021\\\/02\\\/Visitamos-la-Basilica-de-la-Sagrada-Familia-es-enorme-y.jpg\",\"contentUrl\":\"https:\\\/\\\/www.recalculandoviajes.com\\\/wp-content\\\/uploads\\\/2021\\\/02\\\/Visitamos-la-Basilica-de-la-Sagrada-Familia-es-enorme-y.jpg\",\"width\":1080,\"height\":1080,\"caption\":\"RecalculandoViajes\"},{\"@type\":\"BreadcrumbList\",\"@id\":\"https:\\\/\\\/www.recalculandoviajes.com\\\/visitamos-la-basilica-de-la-sagrada-familia\\\/#breadcrumb\",\"itemListElement\":[{\"@type\":\"ListItem\",\"position\":1,\"name\":\"Portada\",\"item\":\"https:\\\/\\\/www.recalculandoviajes.com\\\/\"},{\"@type\":\"ListItem\",\"position\":2,\"name\":\"Visitamos la Bas\u00edlica de la Sagrada Familia\"}]},{\"@type\":\"WebSite\",\"@id\":\"https:\\\/\\\/www.recalculandoviajes.com\\\/#website\",\"url\":\"https:\\\/\\\/www.recalculandoviajes.com\\\/\",\"name\":\"Recalculando viajes\",\"description\":\"Compartimos nuestra gran aventura de Vivir viajando\",\"publisher\":{\"@id\":\"https:\\\/\\\/www.recalculandoviajes.com\\\/#organization\"},\"potentialAction\":[{\"@type\":\"SearchAction\",\"target\":{\"@type\":\"EntryPoint\",\"urlTemplate\":\"https:\\\/\\\/www.recalculandoviajes.com\\\/?s={search_term_string}\"},\"query-input\":{\"@type\":\"PropertyValueSpecification\",\"valueRequired\":true,\"valueName\":\"search_term_string\"}}],\"inLanguage\":\"es\"},{\"@type\":\"Organization\",\"@id\":\"https:\\\/\\\/www.recalculandoviajes.com\\\/#organization\",\"name\":\"Recalculando Viajes\",\"url\":\"https:\\\/\\\/www.recalculandoviajes.com\\\/\",\"logo\":{\"@type\":\"ImageObject\",\"inLanguage\":\"es\",\"@id\":\"https:\\\/\\\/www.recalculandoviajes.com\\\/#\\\/schema\\\/logo\\\/image\\\/\",\"url\":\"https:\\\/\\\/recalculandoviajes.com\\\/wp-content\\\/uploads\\\/2018\\\/07\\\/RecalculandoLogo-1.png\",\"contentUrl\":\"https:\\\/\\\/recalculandoviajes.com\\\/wp-content\\\/uploads\\\/2018\\\/07\\\/RecalculandoLogo-1.png\",\"width\":581,\"height\":591,\"caption\":\"Recalculando Viajes\"},\"image\":{\"@id\":\"https:\\\/\\\/www.recalculandoviajes.com\\\/#\\\/schema\\\/logo\\\/image\\\/\"},\"sameAs\":[\"https:\\\/\\\/www.facebook.com\\\/recalculandov\\\/\",\"https:\\\/\\\/instagram.com\\\/recalculandoviajes\",\"https:\\\/\\\/www.pinterest.com\\\/recalculandoviajes\\\/\",\"https:\\\/\\\/www.youtube.com\\\/channel\\\/UCl9mlzCiqE_YLnQkoL9tzqA\"]},{\"@type\":\"Person\",\"@id\":\"https:\\\/\\\/www.recalculandoviajes.com\\\/#\\\/schema\\\/person\\\/4d45b86e19dbffb46f89625badbd0c1b\",\"name\":\"Recalculando\",\"image\":{\"@type\":\"ImageObject\",\"inLanguage\":\"es\",\"@id\":\"https:\\\/\\\/secure.gravatar.com\\\/avatar\\\/0a8f4205066a2aa397b89ca406750e0680a072b66293ad538ae5ab59b0f14e64?s=96&d=mm&r=g\",\"url\":\"https:\\\/\\\/secure.gravatar.com\\\/avatar\\\/0a8f4205066a2aa397b89ca406750e0680a072b66293ad538ae5ab59b0f14e64?s=96&d=mm&r=g\",\"contentUrl\":\"https:\\\/\\\/secure.gravatar.com\\\/avatar\\\/0a8f4205066a2aa397b89ca406750e0680a072b66293ad538ae5ab59b0f14e64?s=96&d=mm&r=g\",\"caption\":\"Recalculando\"}}]}<\/script>\n<!-- \/ Yoast SEO plugin. -->","yoast_head_json":{"title":"Visitamos la Bas\u00edlica de la Sagrada Familia - Recalculando Viajes","robots":{"index":"index","follow":"follow","max-snippet":"max-snippet:-1","max-image-preview":"max-image-preview:large","max-video-preview":"max-video-preview:-1"},"canonical":"https:\/\/www.recalculandoviajes.com\/visitamos-la-basilica-de-la-sagrada-familia\/","og_locale":"es_ES","og_type":"article","og_title":"Visitamos la Bas\u00edlica de la Sagrada Familia - Recalculando Viajes","og_description":"Visitamos la Bas\u00edlica de la Sagrada Familia &#8230; es enorme y sin dudas \u00daNICA \ud83d\ude0a &#8230; y por supuesto sigue en construcci\u00f3n \ud83d\udea7 \ud83d\udd28 \ud83d\ude12. Para ser m\u00e1s exactos, se supone que estar\u00eda terminada para el &#8230; \u201c2026\u201d, aunque a simple vista \ud83e\uddd0 parece que va a ser m\u00e1s tiempo\ud83e\udd26\ud83c\udffc\u200d\u2640\ufe0f! La entrada se puede comprar [&hellip;]","og_url":"https:\/\/www.recalculandoviajes.com\/visitamos-la-basilica-de-la-sagrada-familia\/","og_site_name":"Recalculando Viajes","article_publisher":"https:\/\/www.facebook.com\/recalculandov\/","article_published_time":"2018-07-02T17:38:38+00:00","article_modified_time":"2021-02-21T12:27:07+00:00","og_image":[{"width":1080,"height":1080,"url":"https:\/\/www.recalculandoviajes.com\/wp-content\/uploads\/2021\/02\/Visitamos-la-Basilica-de-la-Sagrada-Familia-es-enorme-y.jpg","type":"image\/jpeg"}],"author":"Recalculando","twitter_card":"summary_large_image","twitter_misc":{"Escrito por":"Recalculando","Tiempo de lectura":"1 minuto"},"schema":{"@context":"https:\/\/schema.org","@graph":[{"@type":"Article","@id":"https:\/\/www.recalculandoviajes.com\/visitamos-la-basilica-de-la-sagrada-familia\/#article","isPartOf":{"@id":"https:\/\/www.recalculandoviajes.com\/visitamos-la-basilica-de-la-sagrada-familia\/"},"author":{"name":"Recalculando","@id":"https:\/\/www.recalculandoviajes.com\/#\/schema\/person\/4d45b86e19dbffb46f89625badbd0c1b"},"headline":"Visitamos la Bas\u00edlica de la Sagrada Familia","datePublished":"2018-07-02T17:38:38+00:00","dateModified":"2021-02-21T12:27:07+00:00","mainEntityOfPage":{"@id":"https:\/\/www.recalculandoviajes.com\/visitamos-la-basilica-de-la-sagrada-familia\/"},"wordCount":254,"commentCount":2,"publisher":{"@id":"https:\/\/www.recalculandoviajes.com\/#organization"},"image":{"@id":"https:\/\/www.recalculandoviajes.com\/visitamos-la-basilica-de-la-sagrada-familia\/#primaryimage"},"thumbnailUrl":"https:\/\/www.recalculandoviajes.com\/wp-content\/uploads\/2021\/02\/Visitamos-la-Basilica-de-la-Sagrada-Familia-es-enorme-y.jpg","keywords":["destinos","instagram","lugares","Viajes"],"articleSection":["Blog","Espa\u00f1a","Europa","Lugares"],"inLanguage":"es","potentialAction":[{"@type":"CommentAction","name":"Comment","target":["https:\/\/www.recalculandoviajes.com\/visitamos-la-basilica-de-la-sagrada-familia\/#respond"]}]},{"@type":"WebPage","@id":"https:\/\/www.recalculandoviajes.com\/visitamos-la-basilica-de-la-sagrada-familia\/","url":"https:\/\/www.recalculandoviajes.com\/visitamos-la-basilica-de-la-sagrada-familia\/","name":"Visitamos la Bas\u00edlica de la Sagrada Familia - Recalculando Viajes","isPartOf":{"@id":"https:\/\/www.recalculandoviajes.com\/#website"},"primaryImageOfPage":{"@id":"https:\/\/www.recalculandoviajes.com\/visitamos-la-basilica-de-la-sagrada-familia\/#primaryimage"},"image":{"@id":"https:\/\/www.recalculandoviajes.com\/visitamos-la-basilica-de-la-sagrada-familia\/#primaryimage"},"thumbnailUrl":"https:\/\/www.recalculandoviajes.com\/wp-content\/uploads\/2021\/02\/Visitamos-la-Basilica-de-la-Sagrada-Familia-es-enorme-y.jpg","datePublished":"2018-07-02T17:38:38+00:00","dateModified":"2021-02-21T12:27:07+00:00","breadcrumb":{"@id":"https:\/\/www.recalculandoviajes.com\/visitamos-la-basilica-de-la-sagrada-familia\/#breadcrumb"},"inLanguage":"es","potentialAction":[{"@type":"ReadAction","target":["https:\/\/www.recalculandoviajes.com\/visitamos-la-basilica-de-la-sagrada-familia\/"]}]},{"@type":"ImageObject","inLanguage":"es","@id":"https:\/\/www.recalculandoviajes.com\/visitamos-la-basilica-de-la-sagrada-familia\/#primaryimage","url":"https:\/\/www.recalculandoviajes.com\/wp-content\/uploads\/2021\/02\/Visitamos-la-Basilica-de-la-Sagrada-Familia-es-enorme-y.jpg","contentUrl":"https:\/\/www.recalculandoviajes.com\/wp-content\/uploads\/2021\/02\/Visitamos-la-Basilica-de-la-Sagrada-Familia-es-enorme-y.jpg","width":1080,"height":1080,"caption":"RecalculandoViajes"},{"@type":"BreadcrumbList","@id":"https:\/\/www.recalculandoviajes.com\/visitamos-la-basilica-de-la-sagrada-familia\/#breadcrumb","itemListElement":[{"@type":"ListItem","position":1,"name":"Portada","item":"https:\/\/www.recalculandoviajes.com\/"},{"@type":"ListItem","position":2,"name":"Visitamos la Bas\u00edlica de la Sagrada Familia"}]},{"@type":"WebSite","@id":"https:\/\/www.recalculandoviajes.com\/#website","url":"https:\/\/www.recalculandoviajes.com\/","name":"Recalculando viajes","description":"Compartimos nuestra gran aventura de Vivir viajando","publisher":{"@id":"https:\/\/www.recalculandoviajes.com\/#organization"},"potentialAction":[{"@type":"SearchAction","target":{"@type":"EntryPoint","urlTemplate":"https:\/\/www.recalculandoviajes.com\/?s={search_term_string}"},"query-input":{"@type":"PropertyValueSpecification","valueRequired":true,"valueName":"search_term_string"}}],"inLanguage":"es"},{"@type":"Organization","@id":"https:\/\/www.recalculandoviajes.com\/#organization","name":"Recalculando Viajes","url":"https:\/\/www.recalculandoviajes.com\/","logo":{"@type":"ImageObject","inLanguage":"es","@id":"https:\/\/www.recalculandoviajes.com\/#\/schema\/logo\/image\/","url":"https:\/\/recalculandoviajes.com\/wp-content\/uploads\/2018\/07\/RecalculandoLogo-1.png","contentUrl":"https:\/\/recalculandoviajes.com\/wp-content\/uploads\/2018\/07\/RecalculandoLogo-1.png","width":581,"height":591,"caption":"Recalculando Viajes"},"image":{"@id":"https:\/\/www.recalculandoviajes.com\/#\/schema\/logo\/image\/"},"sameAs":["https:\/\/www.facebook.com\/recalculandov\/","https:\/\/instagram.com\/recalculandoviajes","https:\/\/www.pinterest.com\/recalculandoviajes\/","https:\/\/www.youtube.com\/channel\/UCl9mlzCiqE_YLnQkoL9tzqA"]},{"@type":"Person","@id":"https:\/\/www.recalculandoviajes.com\/#\/schema\/person\/4d45b86e19dbffb46f89625badbd0c1b","name":"Recalculando","image":{"@type":"ImageObject","inLanguage":"es","@id":"https:\/\/secure.gravatar.com\/avatar\/0a8f4205066a2aa397b89ca406750e0680a072b66293ad538ae5ab59b0f14e64?s=96&d=mm&r=g","url":"https:\/\/secure.gravatar.com\/avatar\/0a8f4205066a2aa397b89ca406750e0680a072b66293ad538ae5ab59b0f14e64?s=96&d=mm&r=g","contentUrl":"https:\/\/secure.gravatar.com\/avatar\/0a8f4205066a2aa397b89ca406750e0680a072b66293ad538ae5ab59b0f14e64?s=96&d=mm&r=g","caption":"Recalculando"}}]}},"_links":{"self":[{"href":"https:\/\/www.recalculandoviajes.com\/recalculando-api\/wp\/v2\/posts\/4591","targetHints":{"allow":["GET"]}}],"collection":[{"href":"https:\/\/www.recalculandoviajes.com\/recalculando-api\/wp\/v2\/posts"}],"about":[{"href":"https:\/\/www.recalculandoviajes.com\/recalculando-api\/wp\/v2\/types\/post"}],"author":[{"embeddable":true,"href":"https:\/\/www.recalculandoviajes.com\/recalculando-api\/wp\/v2\/users\/3"}],"replies":[{"embeddable":true,"href":"https:\/\/www.recalculandoviajes.com\/recalculando-api\/wp\/v2\/comments?post=4591"}],"version-history":[{"count":0,"href":"https:\/\/www.recalculandoviajes.com\/recalculando-api\/wp\/v2\/posts\/4591\/revisions"}],"wp:featuredmedia":[{"embeddable":true,"href":"https:\/\/www.recalculandoviajes.com\/recalculando-api\/wp\/v2\/media\/4592"}],"wp:attachment":[{"href":"https:\/\/www.recalculandoviajes.com\/recalculando-api\/wp\/v2\/media?parent=4591"}],"wp:term":[{"taxonomy":"category","embeddable":true,"href":"https:\/\/www.recalculandoviajes.com\/recalculando-api\/wp\/v2\/categories?post=4591"},{"taxonomy":"post_tag","embeddable":true,"href":"https:\/\/www.recalculandoviajes.com\/recalculando-api\/wp\/v2\/tags?post=4591"}],"curies":[{"name":"wp","href":"https:\/\/api.w.org\/{rel}","templated":true}]}}