{"id":4461,"date":"2019-04-30T18:57:42","date_gmt":"2019-04-30T21:57:42","guid":{"rendered":"https:\/\/recalculandoviajes.com\/y-asi-nos-despedimos-de-esta-increible-ciudad-y-de-este-prec\/"},"modified":"2021-02-21T08:25:56","modified_gmt":"2021-02-21T11:25:56","slug":"strasbourg-nos-despedimos-de-esta-increible-ciudad-y-de-este-prec","status":"publish","type":"post","link":"https:\/\/www.recalculandoviajes.com\/strasbourg-nos-despedimos-de-esta-increible-ciudad-y-de-este-prec\/","title":{"rendered":"Strasbourg, nos despedimos de esta incre\u00edble ciudad y de este precioso pa\u00eds"},"content":{"rendered":"<p><script async src=\"https:\/\/pagead2.googlesyndication.com\/pagead\/js\/adsbygoogle.js\"><\/script><br \/>\n<!-- Anuncio display Horizontal --><br \/>\n<ins class=\"adsbygoogle\" style=\"display: block;\" data-ad-client=\"ca-pub-6665028185941630\" data-ad-slot=\"5141091675\" data-ad-format=\"auto\" data-full-width-responsive=\"true\"><\/ins><br \/>\n<script>\n     (adsbygoogle = window.adsbygoogle || []).push();\n<\/script><\/p>\n<p>Y as\u00ed nos despedimos\ud83d\udc4b de esta incre\u00edble ciudad y de este precioso pa\u00eds !!!.<br \/>\n\u2022<br \/>\nAu revoir Strasbourg \ud83d\udc4b!!!.<br \/>\n\u2022<br \/>\nAu revoir France \ud83c\uddeb\ud83c\uddf7 \ud83d\udc4b!!!.<br \/>\n\u2022<br \/>\nVivimos dos meses espectaculares en esta ciudad de cuento \u2764\ufe0f.<br \/>\n\u2022<br \/>\nRealmente quedamos encantados \ud83e\udd70 con Estrasburgo y sus alrededores &#8230; pocos lugares son tan m\u00e1gicos como estos \ud83e\uddd9\u200d\u2642\ufe0f!.<br \/>\n\u2022<br \/>\n~~~~~~~~~~~~~~~~~~~~~~~~~~~~~~~~~~~~~ \ud83c\uddec\ud83c\udde7.<br \/>\nWe said goodbye to this incredible city and this beautiful country!<br \/>\n\u2022<br \/>\nAu revoir Strasbourg \ud83d\udc4b !!!.<br \/>\n\u2022<br \/>\nAu revoir France \ud83c\uddeb\ud83c\uddf7 \ud83d\udc4b !!!.<br \/>\n\u2022<br \/>\nWe lived two spectacular months in this story city \u2764\ufe0f.<br \/>\n\u2022<br \/>\nWe really loved Strasbourg and its surroundings &#8230; few places are as magical as these ones \ud83e\uddd9\u200d\u2642\ufe0f!!.<br \/>\n\u2022<br \/>\n*******************<\/p><div class=\"svzmt69f775b1aa2ae\" ><div style=\"text-align: center; backdrop-filter: blur(10px); background: linear-gradient(135deg, #ff6a6a, #ff884d); border-radius: 15px; padding: 20px 30px; box-shadow: 0 8px 32px rgba(0, 0, 0, 0.2); border: 1px solid rgba(255, 255, 255, 0.18); color: #fff; max-width: 600px; margin: 50px auto;\">\n  <h2 style=\"font-size: 2rem; font-weight: bold; margin-bottom: 10px; color: #ffffff !important; text-shadow: 0 2px 5px rgba(0, 0, 0, 0.4);\">\ud83c\udf0d Seguro de Viaje:  Descuento de 5% en IATI Seguros! \ud83c\udf1f<\/h2>\n  <p style=\"font-size: 1rem; margin-bottom: 20px; line-height: 1.5;\">Aprovecha esta oferta y viaja seguro.<\/p>\n  <a href=\"https:\/\/recalculandoviajes.com\/iati-seguros\" target=\"_blank\" style=\"display: inline-block; padding: 15px 25px; font-size: 1.2rem; font-weight: bold; color: #fff; text-decoration: none; border-radius: 30px; background: linear-gradient(135deg, #ff5722, #e91e63); transition: all 0.3s ease; box-shadow: 0 6px 15px rgba(233, 30, 99, 0.6); border: 2px solid rgba(255, 255, 255, 0.3);\" rel=\"noopener\">Quiero mi 5% de Descuento<\/a>\n<\/div><\/div><style type=\"text\/css\">\r\n@media screen and (min-width: 1201px) {\r\n.svzmt69f775b1aa2ae {\r\ndisplay: block;\r\n}\r\n}\r\n@media screen and (min-width: 993px) and (max-width: 1200px) {\r\n.svzmt69f775b1aa2ae {\r\ndisplay: block;\r\n}\r\n}\r\n@media screen and (min-width: 769px) and (max-width: 992px) {\r\n.svzmt69f775b1aa2ae {\r\ndisplay: block;\r\n}\r\n}\r\n@media screen and (min-width: 768px) and (max-width: 768px) {\r\n.svzmt69f775b1aa2ae {\r\ndisplay: block;\r\n}\r\n}\r\n@media screen and (max-width: 767px) {\r\n.svzmt69f775b1aa2ae {\r\ndisplay: block;\r\n}\r\n}\r\n<\/style>\r\n\n<p>&nbsp;<\/p>\n<div style=\"padding: 10px; border: 10px outset #b8174a; border-radius: 15px;\"><center><strong>Aca les compartimos \ud83d\udcb2<a href=\"https:\/\/recalculandoviajes.com\/descuentos\/\">Descuentos para tus viajes $$$<\/a> \u2708\ufe0f: Airbnb &#8211; Booking y m\u00e1s! <\/strong><\/center><\/div>\n<p><img decoding=\"async\" src=\"https:\/\/recalculandoviajes.com\/wp-content\/uploads\/2021\/01\/Y-asi-nos-despedimos-de-esta-increible-ciudad-y-de.jpg\" \/><\/p>\n<p>Strasbourg, France<\/p>\n<p>&nbsp;<\/p><div class=\"zarll69f775b1aa284\" ><div style=\"padding: 10px; border: 10px outset #b8174a; border-radius: 15px;\"><center><strong>\n\u261d\ufe0f <a href=\"https:\/\/recalculandoviajes.com\/iati-seguros\">VIAJA SEGURO - DESCUENTOS \/ 5% OFF IATI<\/a>!!<br\/>\ud83d\udc69\u200d\u2695\ufe0f\ud83d\udc68\u200d\u2695\ufe0f Requisito indispensable para viajar sin preocupaciones! \ud83c\udf0e\u2708\ufe0f <a href=\"https:\/\/recalculandoviajes.com\/asistencia-al-viajero\/\">Cotiz\u00e1, Compar\u00e1 y Contrat\u00e1<\/a><\/strong><\/center><\/div><br\/><\/div><style type=\"text\/css\">\r\n@media screen and (min-width: 1201px) {\r\n.zarll69f775b1aa284 {\r\ndisplay: block;\r\n}\r\n}\r\n@media screen and (min-width: 993px) and (max-width: 1200px) {\r\n.zarll69f775b1aa284 {\r\ndisplay: block;\r\n}\r\n}\r\n@media screen and (min-width: 769px) and (max-width: 992px) {\r\n.zarll69f775b1aa284 {\r\ndisplay: block;\r\n}\r\n}\r\n@media screen and (min-width: 768px) and (max-width: 768px) {\r\n.zarll69f775b1aa284 {\r\ndisplay: block;\r\n}\r\n}\r\n@media screen and (max-width: 767px) {\r\n.zarll69f775b1aa284 {\r\ndisplay: block;\r\n}\r\n}\r\n<\/style>\r\n\n<p><center><\/center>&nbsp;<\/p>\n<p><center><\/center><\/p>\n<blockquote class=\"instagram-media\" style=\"background: #FFF; border: 0; border-radius: 3px; box-shadow: 0 0 1px 0 rgba(0,0,0,0.5),0 1px 10px 0 rgba(0,0,0,0.15); margin: 1px; max-width: 658px; padding: 0; width: calc(100% - 2px);\" data-instgrm-captioned=\"\" data-instgrm-version=\"6\">\n<div style=\"padding: 8px;\">\n<div style=\"background: #F8F8F8; line-height: 0; margin-top: 40px; padding: 50.0% 0; text-align: center; width: 100%;\">\n<div style=\"background: url(data:image\/png; base64,ivborw0kggoaaaansuheugaaacwaaaascamaaaapwqozaaaagfbmveuiiii9pt0ehh4gib4hibkchbwchbwchbydr+jqaaaachrstlmaba4yhyqsm5jtamwaaadfsurbvdjl7zvbegmhcaqbaf\/\/42xcnbpaqakcm0ftumfaaibe81iqbjds3ls6zs3bipb9wed3yyxfpmhrft8sgyrcp1x8ueuxlmznwelfoycv6mhwwwmzdpekhlhlw7nwjqkhc4uizphavdza2jpzudsbzzinae2s6owh8xpmx8g7zzgkeopuoyhvgz1tbcxmkd3kwnvbu0gkhkx+izilf77iofhry1nyfnb\/lqpb79drwoyjva\/davg9b\/rlb4cc+nqgdz\/tvbbbnr6gbreqn\/nrmdgaqeej7whonozjf+y2i\/fzou\/qaaaaaelftksuqmcc); display: block; height: 44px; margin: 0 auto -44px; position: relative; top: -22px; width: 44px;\"><\/div>\n<\/div>\n<p style=\"margin: 8px 0 0 0; padding: 0 4px;\"><a style=\"color: #000; font-family: Arial,sans-serif; font-size: 14px; font-style: normal; font-weight: normal; line-height: 17px; text-decoration: none; word-wrap: break-word;\" href=\"http:\/\/instagram.com\/p\/Bw5UWauFegX\" target=\"_blank\" rel=\"noopener\">Y as\u00ed nos despedimos\ud83d\udc4b de esta incre\u00edble ciudad y de este precioso pa\u00eds !!!.<br \/>\n\u2022<br \/>\nAu revoir Strasbourg \ud83d\udc4b!!!.<br \/>\n\u2022<br \/>\nAu revoir France \ud83c\uddeb\ud83c\uddf7 \ud83d\udc4b!!!.<br \/>\n\u2022<br \/>\nVivimos dos meses espectaculares en esta ciudad de cuento \u2764\ufe0f.<br \/>\n\u2022<br \/>\nRealmente quedamos encantados \ud83e\udd70 con Estrasburgo y sus alrededores &#8230; pocos lugares son tan m\u00e1gicos como estos \ud83e\uddd9\u200d\u2642\ufe0f!.<br \/>\n\u2022<br \/>\n~~~~~~~~~~~~~~~~~~~~~~~~~~~~~~~~~~~~~ \ud83c\uddec\ud83c\udde7.<br \/>\nWe said goodbye to this incredible city and this beautiful country!<br \/>\n\u2022<br \/>\nAu revoir Strasbourg \ud83d\udc4b !!!.<br \/>\n\u2022<br \/>\nAu revoir France \ud83c\uddeb\ud83c\uddf7 \ud83d\udc4b !!!.<br \/>\n\u2022<br \/>\nWe lived two spectacular months in this story city \u2764\ufe0f.<br \/>\n\u2022<br \/>\nWe really loved Strasbourg and its surroundings &#8230; few places are as magical as these ones \ud83e\uddd9\u200d\u2642\ufe0f!!.<br \/>\n\u2022<br \/>\n******************* #recalculando #recalculandoviajes #travel #viajes #viajar #voyage #travelphotography #traveling #travelblog #travels #cuoplesinlove #wanderlust #coupletravel #couplegoals #blogtravel #lifestyleblogger #lifetravel #lifetraveling #lovetravel #francia #france #strasbourg #estrasburgo #europe #europa #primavera #spring #alsace #alsacia<\/a><\/p>\n<p style=\"color: #c9c8cd; font-family: Arial,sans-serif; font-size: 14px; line-height: 17px; margin-bottom: 0; margin-top: 8px; overflow: hidden; padding: 8px 0 7px; text-align: center; text-overflow: ellipsis; white-space: nowrap;\">A photo posted by \u211d\ud835\udd56\ud835\udd54\ud835\udd52\ud835\udd5d\ud835\udd54\ud835\udd66\ud835\udd5d\ud835\udd52\ud835\udd5f\ud835\udd55\ud835\udd60 \ud835\udd67\ud835\udd5a\ud835\udd52\ud835\udd5b\ud835\udd56\ud835\udd64 (@recalculandoviajes) on <time style=\"font-family: Arial,sans-serif; font-size: 14px; line-height: 17px;\" datetime=\"2019-04-30 21:57:42\">2019-04-30 21:57:42<\/time><\/p>\n<\/div>\n<\/blockquote>\n<p><script async defer src=\"\/\/platform.instagram.com\/en_US\/embeds.js\"><\/script><\/p>\n<p><a href=\"http:\/\/instagram.com\/p\/Bw5UWauFegX\">Instagram Link<\/a><\/p>\n<div class=\"qzvek69f775b18dfa4\" ><br\/>\n<div class=\"rpbt_shortcode\">\n<h3>Tambi\u00e9n podr\u00eda interesarte:<\/h3>\n<style type=\"text\/css\">\n\t\t\t#rpbt-related-gallery-1 {\n\t\t\t\tmargin: auto;\n\t\t\t}\n\t\t\t#rpbt-related-gallery-1 .gallery-item {\n\t\t\t\tfloat: left;\n\t\t\t\tmargin-top: 10px;\n\t\t\t\ttext-align: center;\n\t\t\t\twidth: 33%;\n\t\t\t}\n\t\t\t#rpbt-related-gallery-1 img {\n\t\t\t\tborder: 2px solid #cfcfcf;\n\t\t\t}\n\t\t\t#rpbt-related-gallery-1 .gallery-caption {\n\t\t\t\tmargin-left: 0;\n\t\t\t}\n\t\t\t\/* see gallery_shortcode() in wp-includes\/media.php *\/\n\t\t<\/style>\n\t\t<div id='rpbt-related-gallery-1' class='gallery related-gallery related-galleryid-4461 gallery-columns-3 gallery-size-large'><dl class='gallery-item' role='figure' aria-label='Qu\u00e9 Ver en Arcachon Francia: Gu\u00eda Imprescindible 2026'>\n\t\t\t<dt class='gallery-icon landscape'>\n\t\t\t\t<a href='https:\/\/www.recalculandoviajes.com\/que-ver-en-arcachon\/'><img width=\"1080\" height=\"675\" src=\"https:\/\/www.recalculandoviajes.com\/wp-content\/uploads\/2026\/04\/que-ver-en-arcachon.webp\" class=\"attachment-large size-large\" alt=\"que ver en arcachon\" aria-describedby=\"rpbt-related-gallery-1-4485\" srcset=\"https:\/\/www.recalculandoviajes.com\/wp-content\/uploads\/2026\/04\/que-ver-en-arcachon.webp 1080w, https:\/\/www.recalculandoviajes.com\/wp-content\/uploads\/2026\/04\/que-ver-en-arcachon-980x613.webp 980w, https:\/\/www.recalculandoviajes.com\/wp-content\/uploads\/2026\/04\/que-ver-en-arcachon-480x300.webp 480w\" sizes=\"(min-width: 0px) and (max-width: 480px) 480px, (min-width: 481px) and (max-width: 980px) 980px, (min-width: 981px) 1080px, 100vw\" \/><\/a>\n\t\t\t<\/dt>\n\t\t\t\t<dd class='wp-caption-text gallery-caption' id='rpbt-related-gallery-1-4485'>\n\t\t\t\t<a href=\"https:\/\/www.recalculandoviajes.com\/que-ver-en-arcachon\/\">Qu\u00e9 Ver en Arcachon Francia: Gu\u00eda Imprescindible 2026<\/a>\n\t\t\t\t<\/dd><\/dl><dl class='gallery-item' role='figure' aria-label='Qu\u00e9 Ver en Cordes sur Ciel: Gu\u00eda Esencial para Visitar el Pueblo Sobre las Nubes en 2026'>\n\t\t\t<dt class='gallery-icon landscape'>\n\t\t\t\t<a href='https:\/\/www.recalculandoviajes.com\/que-ver-en-cordes-sur-ciel\/'><img width=\"1080\" height=\"675\" src=\"https:\/\/www.recalculandoviajes.com\/wp-content\/uploads\/2026\/04\/que-ver-en-cordes-sur-ciel.webp\" class=\"attachment-large size-large\" alt=\"que ver en cordes sur ciel\" aria-describedby=\"rpbt-related-gallery-1-5746\" srcset=\"https:\/\/www.recalculandoviajes.com\/wp-content\/uploads\/2026\/04\/que-ver-en-cordes-sur-ciel.webp 1080w, https:\/\/www.recalculandoviajes.com\/wp-content\/uploads\/2026\/04\/que-ver-en-cordes-sur-ciel-980x613.webp 980w, https:\/\/www.recalculandoviajes.com\/wp-content\/uploads\/2026\/04\/que-ver-en-cordes-sur-ciel-480x300.webp 480w\" sizes=\"(min-width: 0px) and (max-width: 480px) 480px, (min-width: 481px) and (max-width: 980px) 980px, (min-width: 981px) 1080px, 100vw\" \/><\/a>\n\t\t\t<\/dt>\n\t\t\t\t<dd class='wp-caption-text gallery-caption' id='rpbt-related-gallery-1-5746'>\n\t\t\t\t<a href=\"https:\/\/www.recalculandoviajes.com\/que-ver-en-cordes-sur-ciel\/\">Qu\u00e9 Ver en Cordes sur Ciel: Gu\u00eda Esencial para Visitar el Pueblo Sobre las Nubes en 2026<\/a>\n\t\t\t\t<\/dd><\/dl><dl class='gallery-item' role='figure' aria-label='Qu\u00e9 ver en Albi: la gu\u00eda esencial con los mejores lugares para visitar en 2026'>\n\t\t\t<dt class='gallery-icon landscape'>\n\t\t\t\t<a href='https:\/\/www.recalculandoviajes.com\/que-ver-en-albi\/'><img width=\"1080\" height=\"675\" src=\"https:\/\/www.recalculandoviajes.com\/wp-content\/uploads\/2026\/04\/que-ver-en-albi.webp\" class=\"attachment-large size-large\" alt=\"que ver en albi\" aria-describedby=\"rpbt-related-gallery-1-5784\" srcset=\"https:\/\/www.recalculandoviajes.com\/wp-content\/uploads\/2026\/04\/que-ver-en-albi.webp 1080w, https:\/\/www.recalculandoviajes.com\/wp-content\/uploads\/2026\/04\/que-ver-en-albi-980x613.webp 980w, https:\/\/www.recalculandoviajes.com\/wp-content\/uploads\/2026\/04\/que-ver-en-albi-480x300.webp 480w\" sizes=\"(min-width: 0px) and (max-width: 480px) 480px, (min-width: 481px) and (max-width: 980px) 980px, (min-width: 981px) 1080px, 100vw\" \/><\/a>\n\t\t\t<\/dt>\n\t\t\t\t<dd class='wp-caption-text gallery-caption' id='rpbt-related-gallery-1-5784'>\n\t\t\t\t<a href=\"https:\/\/www.recalculandoviajes.com\/que-ver-en-albi\/\">Qu\u00e9 ver en Albi: la gu\u00eda esencial con los mejores lugares para visitar en 2026<\/a>\n\t\t\t\t<\/dd><\/dl><br style=\"clear: both\" \/>\n\t\t<\/div>\n<\/div><\/div><style type=\"text\/css\">\r\n@media screen and (min-width: 1201px) {\r\n.qzvek69f775b18dfa4 {\r\ndisplay: block;\r\n}\r\n}\r\n@media screen and (min-width: 993px) and (max-width: 1200px) {\r\n.qzvek69f775b18dfa4 {\r\ndisplay: block;\r\n}\r\n}\r\n@media screen and (min-width: 769px) and (max-width: 992px) {\r\n.qzvek69f775b18dfa4 {\r\ndisplay: block;\r\n}\r\n}\r\n@media screen and (min-width: 768px) and (max-width: 768px) {\r\n.qzvek69f775b18dfa4 {\r\ndisplay: block;\r\n}\r\n}\r\n@media screen and (max-width: 767px) {\r\n.qzvek69f775b18dfa4 {\r\ndisplay: block;\r\n}\r\n}\r\n<\/style>\r\n","protected":false},"excerpt":{"rendered":"<p>Y as\u00ed nos despedimos\ud83d\udc4b de esta incre\u00edble ciudad y de este precioso pa\u00eds !!!. \u2022 Au revoir Strasbourg \ud83d\udc4b!!!. \u2022 Au revoir France \ud83c\uddeb\ud83c\uddf7 \ud83d\udc4b!!!. \u2022 Vivimos dos meses espectaculares en esta ciudad de cuento \u2764\ufe0f. \u2022 Realmente quedamos encantados \ud83e\udd70 con Estrasburgo y sus alrededores &#8230; pocos lugares son tan m\u00e1gicos como estos \ud83e\uddd9\u200d\u2642\ufe0f!. [&hellip;]<\/p>\n","protected":false},"author":3,"featured_media":4462,"comment_status":"open","ping_status":"open","sticky":false,"template":"","format":"standard","meta":{"_et_pb_use_builder":"","_et_pb_old_content":"","_et_gb_content_width":"","footnotes":""},"categories":[3,24,120,115],"tags":[118,116,117,49],"class_list":["post-4461","post","type-post","status-publish","format-standard","has-post-thumbnail","hentry","category-blog","category-europa","category-francia","category-lugares","tag-destinos","tag-instagram","tag-lugares","tag-viajes"],"yoast_head":"<!-- This site is optimized with the Yoast SEO plugin v27.5 - https:\/\/yoast.com\/product\/yoast-seo-wordpress\/ -->\n<title>Strasbourg, nos despedimos de esta incre\u00edble ciudad y de este precioso pa\u00eds - Recalculando Viajes<\/title>\n<meta name=\"robots\" content=\"index, follow, max-snippet:-1, max-image-preview:large, max-video-preview:-1\" \/>\n<link rel=\"canonical\" href=\"https:\/\/www.recalculandoviajes.com\/strasbourg-nos-despedimos-de-esta-increible-ciudad-y-de-este-prec\/\" \/>\n<meta property=\"og:locale\" content=\"es_ES\" \/>\n<meta property=\"og:type\" content=\"article\" \/>\n<meta property=\"og:title\" content=\"Strasbourg, nos despedimos de esta incre\u00edble ciudad y de este precioso pa\u00eds - Recalculando Viajes\" \/>\n<meta property=\"og:description\" content=\"Y as\u00ed nos despedimos\ud83d\udc4b de esta incre\u00edble ciudad y de este precioso pa\u00eds !!!. \u2022 Au revoir Strasbourg \ud83d\udc4b!!!. \u2022 Au revoir France \ud83c\uddeb\ud83c\uddf7 \ud83d\udc4b!!!. \u2022 Vivimos dos meses espectaculares en esta ciudad de cuento \u2764\ufe0f. \u2022 Realmente quedamos encantados \ud83e\udd70 con Estrasburgo y sus alrededores &#8230; pocos lugares son tan m\u00e1gicos como estos \ud83e\uddd9\u200d\u2642\ufe0f!. [&hellip;]\" \/>\n<meta property=\"og:url\" content=\"https:\/\/www.recalculandoviajes.com\/strasbourg-nos-despedimos-de-esta-increible-ciudad-y-de-este-prec\/\" \/>\n<meta property=\"og:site_name\" content=\"Recalculando Viajes\" \/>\n<meta property=\"article:publisher\" content=\"https:\/\/www.facebook.com\/recalculandov\/\" \/>\n<meta property=\"article:published_time\" content=\"2019-04-30T21:57:42+00:00\" \/>\n<meta property=\"article:modified_time\" content=\"2021-02-21T11:25:56+00:00\" \/>\n<meta property=\"og:image\" content=\"https:\/\/www.recalculandoviajes.com\/wp-content\/uploads\/2021\/01\/Y-asi-nos-despedimos-de-esta-increible-ciudad-y-de.jpg\" \/>\n\t<meta property=\"og:image:width\" content=\"1080\" \/>\n\t<meta property=\"og:image:height\" content=\"1080\" \/>\n\t<meta property=\"og:image:type\" content=\"image\/jpeg\" \/>\n<meta name=\"author\" content=\"Recalculando\" \/>\n<meta name=\"twitter:card\" content=\"summary_large_image\" \/>\n<meta name=\"twitter:label1\" content=\"Escrito por\" \/>\n\t<meta name=\"twitter:data1\" content=\"Recalculando\" \/>\n\t<meta name=\"twitter:label2\" content=\"Tiempo de lectura\" \/>\n\t<meta name=\"twitter:data2\" content=\"1 minuto\" \/>\n<script type=\"application\/ld+json\" class=\"yoast-schema-graph\">{\"@context\":\"https:\\\/\\\/schema.org\",\"@graph\":[{\"@type\":\"Article\",\"@id\":\"https:\\\/\\\/www.recalculandoviajes.com\\\/strasbourg-nos-despedimos-de-esta-increible-ciudad-y-de-este-prec\\\/#article\",\"isPartOf\":{\"@id\":\"https:\\\/\\\/www.recalculandoviajes.com\\\/strasbourg-nos-despedimos-de-esta-increible-ciudad-y-de-este-prec\\\/\"},\"author\":{\"name\":\"Recalculando\",\"@id\":\"https:\\\/\\\/www.recalculandoviajes.com\\\/#\\\/schema\\\/person\\\/4d45b86e19dbffb46f89625badbd0c1b\"},\"headline\":\"Strasbourg, nos despedimos de esta incre\u00edble ciudad y de este precioso pa\u00eds\",\"datePublished\":\"2019-04-30T21:57:42+00:00\",\"dateModified\":\"2021-02-21T11:25:56+00:00\",\"mainEntityOfPage\":{\"@id\":\"https:\\\/\\\/www.recalculandoviajes.com\\\/strasbourg-nos-despedimos-de-esta-increible-ciudad-y-de-este-prec\\\/\"},\"wordCount\":245,\"commentCount\":17,\"publisher\":{\"@id\":\"https:\\\/\\\/www.recalculandoviajes.com\\\/#organization\"},\"image\":{\"@id\":\"https:\\\/\\\/www.recalculandoviajes.com\\\/strasbourg-nos-despedimos-de-esta-increible-ciudad-y-de-este-prec\\\/#primaryimage\"},\"thumbnailUrl\":\"https:\\\/\\\/www.recalculandoviajes.com\\\/wp-content\\\/uploads\\\/2021\\\/01\\\/Y-asi-nos-despedimos-de-esta-increible-ciudad-y-de.jpg\",\"keywords\":[\"destinos\",\"instagram\",\"lugares\",\"Viajes\"],\"articleSection\":[\"Blog\",\"Europa\",\"Francia\",\"Lugares\"],\"inLanguage\":\"es\",\"potentialAction\":[{\"@type\":\"CommentAction\",\"name\":\"Comment\",\"target\":[\"https:\\\/\\\/www.recalculandoviajes.com\\\/strasbourg-nos-despedimos-de-esta-increible-ciudad-y-de-este-prec\\\/#respond\"]}]},{\"@type\":\"WebPage\",\"@id\":\"https:\\\/\\\/www.recalculandoviajes.com\\\/strasbourg-nos-despedimos-de-esta-increible-ciudad-y-de-este-prec\\\/\",\"url\":\"https:\\\/\\\/www.recalculandoviajes.com\\\/strasbourg-nos-despedimos-de-esta-increible-ciudad-y-de-este-prec\\\/\",\"name\":\"Strasbourg, nos despedimos de esta incre\u00edble ciudad y de este precioso pa\u00eds - Recalculando Viajes\",\"isPartOf\":{\"@id\":\"https:\\\/\\\/www.recalculandoviajes.com\\\/#website\"},\"primaryImageOfPage\":{\"@id\":\"https:\\\/\\\/www.recalculandoviajes.com\\\/strasbourg-nos-despedimos-de-esta-increible-ciudad-y-de-este-prec\\\/#primaryimage\"},\"image\":{\"@id\":\"https:\\\/\\\/www.recalculandoviajes.com\\\/strasbourg-nos-despedimos-de-esta-increible-ciudad-y-de-este-prec\\\/#primaryimage\"},\"thumbnailUrl\":\"https:\\\/\\\/www.recalculandoviajes.com\\\/wp-content\\\/uploads\\\/2021\\\/01\\\/Y-asi-nos-despedimos-de-esta-increible-ciudad-y-de.jpg\",\"datePublished\":\"2019-04-30T21:57:42+00:00\",\"dateModified\":\"2021-02-21T11:25:56+00:00\",\"breadcrumb\":{\"@id\":\"https:\\\/\\\/www.recalculandoviajes.com\\\/strasbourg-nos-despedimos-de-esta-increible-ciudad-y-de-este-prec\\\/#breadcrumb\"},\"inLanguage\":\"es\",\"potentialAction\":[{\"@type\":\"ReadAction\",\"target\":[\"https:\\\/\\\/www.recalculandoviajes.com\\\/strasbourg-nos-despedimos-de-esta-increible-ciudad-y-de-este-prec\\\/\"]}]},{\"@type\":\"ImageObject\",\"inLanguage\":\"es\",\"@id\":\"https:\\\/\\\/www.recalculandoviajes.com\\\/strasbourg-nos-despedimos-de-esta-increible-ciudad-y-de-este-prec\\\/#primaryimage\",\"url\":\"https:\\\/\\\/www.recalculandoviajes.com\\\/wp-content\\\/uploads\\\/2021\\\/01\\\/Y-asi-nos-despedimos-de-esta-increible-ciudad-y-de.jpg\",\"contentUrl\":\"https:\\\/\\\/www.recalculandoviajes.com\\\/wp-content\\\/uploads\\\/2021\\\/01\\\/Y-asi-nos-despedimos-de-esta-increible-ciudad-y-de.jpg\",\"width\":1080,\"height\":1080,\"caption\":\"Y as\u00ed nos despedimos de esta incre\u00edble ciudad y de este prec...\"},{\"@type\":\"BreadcrumbList\",\"@id\":\"https:\\\/\\\/www.recalculandoviajes.com\\\/strasbourg-nos-despedimos-de-esta-increible-ciudad-y-de-este-prec\\\/#breadcrumb\",\"itemListElement\":[{\"@type\":\"ListItem\",\"position\":1,\"name\":\"Portada\",\"item\":\"https:\\\/\\\/www.recalculandoviajes.com\\\/\"},{\"@type\":\"ListItem\",\"position\":2,\"name\":\"Strasbourg, nos despedimos de esta incre\u00edble ciudad y de este precioso pa\u00eds\"}]},{\"@type\":\"WebSite\",\"@id\":\"https:\\\/\\\/www.recalculandoviajes.com\\\/#website\",\"url\":\"https:\\\/\\\/www.recalculandoviajes.com\\\/\",\"name\":\"Recalculando viajes\",\"description\":\"Compartimos nuestra gran aventura de Vivir viajando\",\"publisher\":{\"@id\":\"https:\\\/\\\/www.recalculandoviajes.com\\\/#organization\"},\"potentialAction\":[{\"@type\":\"SearchAction\",\"target\":{\"@type\":\"EntryPoint\",\"urlTemplate\":\"https:\\\/\\\/www.recalculandoviajes.com\\\/?s={search_term_string}\"},\"query-input\":{\"@type\":\"PropertyValueSpecification\",\"valueRequired\":true,\"valueName\":\"search_term_string\"}}],\"inLanguage\":\"es\"},{\"@type\":\"Organization\",\"@id\":\"https:\\\/\\\/www.recalculandoviajes.com\\\/#organization\",\"name\":\"Recalculando Viajes\",\"url\":\"https:\\\/\\\/www.recalculandoviajes.com\\\/\",\"logo\":{\"@type\":\"ImageObject\",\"inLanguage\":\"es\",\"@id\":\"https:\\\/\\\/www.recalculandoviajes.com\\\/#\\\/schema\\\/logo\\\/image\\\/\",\"url\":\"https:\\\/\\\/recalculandoviajes.com\\\/wp-content\\\/uploads\\\/2018\\\/07\\\/RecalculandoLogo-1.png\",\"contentUrl\":\"https:\\\/\\\/recalculandoviajes.com\\\/wp-content\\\/uploads\\\/2018\\\/07\\\/RecalculandoLogo-1.png\",\"width\":581,\"height\":591,\"caption\":\"Recalculando Viajes\"},\"image\":{\"@id\":\"https:\\\/\\\/www.recalculandoviajes.com\\\/#\\\/schema\\\/logo\\\/image\\\/\"},\"sameAs\":[\"https:\\\/\\\/www.facebook.com\\\/recalculandov\\\/\",\"https:\\\/\\\/instagram.com\\\/recalculandoviajes\",\"https:\\\/\\\/www.pinterest.com\\\/recalculandoviajes\\\/\",\"https:\\\/\\\/www.youtube.com\\\/channel\\\/UCl9mlzCiqE_YLnQkoL9tzqA\"]},{\"@type\":\"Person\",\"@id\":\"https:\\\/\\\/www.recalculandoviajes.com\\\/#\\\/schema\\\/person\\\/4d45b86e19dbffb46f89625badbd0c1b\",\"name\":\"Recalculando\",\"image\":{\"@type\":\"ImageObject\",\"inLanguage\":\"es\",\"@id\":\"https:\\\/\\\/secure.gravatar.com\\\/avatar\\\/0a8f4205066a2aa397b89ca406750e0680a072b66293ad538ae5ab59b0f14e64?s=96&d=mm&r=g\",\"url\":\"https:\\\/\\\/secure.gravatar.com\\\/avatar\\\/0a8f4205066a2aa397b89ca406750e0680a072b66293ad538ae5ab59b0f14e64?s=96&d=mm&r=g\",\"contentUrl\":\"https:\\\/\\\/secure.gravatar.com\\\/avatar\\\/0a8f4205066a2aa397b89ca406750e0680a072b66293ad538ae5ab59b0f14e64?s=96&d=mm&r=g\",\"caption\":\"Recalculando\"}}]}<\/script>\n<!-- \/ Yoast SEO plugin. -->","yoast_head_json":{"title":"Strasbourg, nos despedimos de esta incre\u00edble ciudad y de este precioso pa\u00eds - Recalculando Viajes","robots":{"index":"index","follow":"follow","max-snippet":"max-snippet:-1","max-image-preview":"max-image-preview:large","max-video-preview":"max-video-preview:-1"},"canonical":"https:\/\/www.recalculandoviajes.com\/strasbourg-nos-despedimos-de-esta-increible-ciudad-y-de-este-prec\/","og_locale":"es_ES","og_type":"article","og_title":"Strasbourg, nos despedimos de esta incre\u00edble ciudad y de este precioso pa\u00eds - Recalculando Viajes","og_description":"Y as\u00ed nos despedimos\ud83d\udc4b de esta incre\u00edble ciudad y de este precioso pa\u00eds !!!. \u2022 Au revoir Strasbourg \ud83d\udc4b!!!. \u2022 Au revoir France \ud83c\uddeb\ud83c\uddf7 \ud83d\udc4b!!!. \u2022 Vivimos dos meses espectaculares en esta ciudad de cuento \u2764\ufe0f. \u2022 Realmente quedamos encantados \ud83e\udd70 con Estrasburgo y sus alrededores &#8230; pocos lugares son tan m\u00e1gicos como estos \ud83e\uddd9\u200d\u2642\ufe0f!. [&hellip;]","og_url":"https:\/\/www.recalculandoviajes.com\/strasbourg-nos-despedimos-de-esta-increible-ciudad-y-de-este-prec\/","og_site_name":"Recalculando Viajes","article_publisher":"https:\/\/www.facebook.com\/recalculandov\/","article_published_time":"2019-04-30T21:57:42+00:00","article_modified_time":"2021-02-21T11:25:56+00:00","og_image":[{"width":1080,"height":1080,"url":"https:\/\/www.recalculandoviajes.com\/wp-content\/uploads\/2021\/01\/Y-asi-nos-despedimos-de-esta-increible-ciudad-y-de.jpg","type":"image\/jpeg"}],"author":"Recalculando","twitter_card":"summary_large_image","twitter_misc":{"Escrito por":"Recalculando","Tiempo de lectura":"1 minuto"},"schema":{"@context":"https:\/\/schema.org","@graph":[{"@type":"Article","@id":"https:\/\/www.recalculandoviajes.com\/strasbourg-nos-despedimos-de-esta-increible-ciudad-y-de-este-prec\/#article","isPartOf":{"@id":"https:\/\/www.recalculandoviajes.com\/strasbourg-nos-despedimos-de-esta-increible-ciudad-y-de-este-prec\/"},"author":{"name":"Recalculando","@id":"https:\/\/www.recalculandoviajes.com\/#\/schema\/person\/4d45b86e19dbffb46f89625badbd0c1b"},"headline":"Strasbourg, nos despedimos de esta incre\u00edble ciudad y de este precioso pa\u00eds","datePublished":"2019-04-30T21:57:42+00:00","dateModified":"2021-02-21T11:25:56+00:00","mainEntityOfPage":{"@id":"https:\/\/www.recalculandoviajes.com\/strasbourg-nos-despedimos-de-esta-increible-ciudad-y-de-este-prec\/"},"wordCount":245,"commentCount":17,"publisher":{"@id":"https:\/\/www.recalculandoviajes.com\/#organization"},"image":{"@id":"https:\/\/www.recalculandoviajes.com\/strasbourg-nos-despedimos-de-esta-increible-ciudad-y-de-este-prec\/#primaryimage"},"thumbnailUrl":"https:\/\/www.recalculandoviajes.com\/wp-content\/uploads\/2021\/01\/Y-asi-nos-despedimos-de-esta-increible-ciudad-y-de.jpg","keywords":["destinos","instagram","lugares","Viajes"],"articleSection":["Blog","Europa","Francia","Lugares"],"inLanguage":"es","potentialAction":[{"@type":"CommentAction","name":"Comment","target":["https:\/\/www.recalculandoviajes.com\/strasbourg-nos-despedimos-de-esta-increible-ciudad-y-de-este-prec\/#respond"]}]},{"@type":"WebPage","@id":"https:\/\/www.recalculandoviajes.com\/strasbourg-nos-despedimos-de-esta-increible-ciudad-y-de-este-prec\/","url":"https:\/\/www.recalculandoviajes.com\/strasbourg-nos-despedimos-de-esta-increible-ciudad-y-de-este-prec\/","name":"Strasbourg, nos despedimos de esta incre\u00edble ciudad y de este precioso pa\u00eds - Recalculando Viajes","isPartOf":{"@id":"https:\/\/www.recalculandoviajes.com\/#website"},"primaryImageOfPage":{"@id":"https:\/\/www.recalculandoviajes.com\/strasbourg-nos-despedimos-de-esta-increible-ciudad-y-de-este-prec\/#primaryimage"},"image":{"@id":"https:\/\/www.recalculandoviajes.com\/strasbourg-nos-despedimos-de-esta-increible-ciudad-y-de-este-prec\/#primaryimage"},"thumbnailUrl":"https:\/\/www.recalculandoviajes.com\/wp-content\/uploads\/2021\/01\/Y-asi-nos-despedimos-de-esta-increible-ciudad-y-de.jpg","datePublished":"2019-04-30T21:57:42+00:00","dateModified":"2021-02-21T11:25:56+00:00","breadcrumb":{"@id":"https:\/\/www.recalculandoviajes.com\/strasbourg-nos-despedimos-de-esta-increible-ciudad-y-de-este-prec\/#breadcrumb"},"inLanguage":"es","potentialAction":[{"@type":"ReadAction","target":["https:\/\/www.recalculandoviajes.com\/strasbourg-nos-despedimos-de-esta-increible-ciudad-y-de-este-prec\/"]}]},{"@type":"ImageObject","inLanguage":"es","@id":"https:\/\/www.recalculandoviajes.com\/strasbourg-nos-despedimos-de-esta-increible-ciudad-y-de-este-prec\/#primaryimage","url":"https:\/\/www.recalculandoviajes.com\/wp-content\/uploads\/2021\/01\/Y-asi-nos-despedimos-de-esta-increible-ciudad-y-de.jpg","contentUrl":"https:\/\/www.recalculandoviajes.com\/wp-content\/uploads\/2021\/01\/Y-asi-nos-despedimos-de-esta-increible-ciudad-y-de.jpg","width":1080,"height":1080,"caption":"Y as\u00ed nos despedimos de esta incre\u00edble ciudad y de este prec..."},{"@type":"BreadcrumbList","@id":"https:\/\/www.recalculandoviajes.com\/strasbourg-nos-despedimos-de-esta-increible-ciudad-y-de-este-prec\/#breadcrumb","itemListElement":[{"@type":"ListItem","position":1,"name":"Portada","item":"https:\/\/www.recalculandoviajes.com\/"},{"@type":"ListItem","position":2,"name":"Strasbourg, nos despedimos de esta incre\u00edble ciudad y de este precioso pa\u00eds"}]},{"@type":"WebSite","@id":"https:\/\/www.recalculandoviajes.com\/#website","url":"https:\/\/www.recalculandoviajes.com\/","name":"Recalculando viajes","description":"Compartimos nuestra gran aventura de Vivir viajando","publisher":{"@id":"https:\/\/www.recalculandoviajes.com\/#organization"},"potentialAction":[{"@type":"SearchAction","target":{"@type":"EntryPoint","urlTemplate":"https:\/\/www.recalculandoviajes.com\/?s={search_term_string}"},"query-input":{"@type":"PropertyValueSpecification","valueRequired":true,"valueName":"search_term_string"}}],"inLanguage":"es"},{"@type":"Organization","@id":"https:\/\/www.recalculandoviajes.com\/#organization","name":"Recalculando Viajes","url":"https:\/\/www.recalculandoviajes.com\/","logo":{"@type":"ImageObject","inLanguage":"es","@id":"https:\/\/www.recalculandoviajes.com\/#\/schema\/logo\/image\/","url":"https:\/\/recalculandoviajes.com\/wp-content\/uploads\/2018\/07\/RecalculandoLogo-1.png","contentUrl":"https:\/\/recalculandoviajes.com\/wp-content\/uploads\/2018\/07\/RecalculandoLogo-1.png","width":581,"height":591,"caption":"Recalculando Viajes"},"image":{"@id":"https:\/\/www.recalculandoviajes.com\/#\/schema\/logo\/image\/"},"sameAs":["https:\/\/www.facebook.com\/recalculandov\/","https:\/\/instagram.com\/recalculandoviajes","https:\/\/www.pinterest.com\/recalculandoviajes\/","https:\/\/www.youtube.com\/channel\/UCl9mlzCiqE_YLnQkoL9tzqA"]},{"@type":"Person","@id":"https:\/\/www.recalculandoviajes.com\/#\/schema\/person\/4d45b86e19dbffb46f89625badbd0c1b","name":"Recalculando","image":{"@type":"ImageObject","inLanguage":"es","@id":"https:\/\/secure.gravatar.com\/avatar\/0a8f4205066a2aa397b89ca406750e0680a072b66293ad538ae5ab59b0f14e64?s=96&d=mm&r=g","url":"https:\/\/secure.gravatar.com\/avatar\/0a8f4205066a2aa397b89ca406750e0680a072b66293ad538ae5ab59b0f14e64?s=96&d=mm&r=g","contentUrl":"https:\/\/secure.gravatar.com\/avatar\/0a8f4205066a2aa397b89ca406750e0680a072b66293ad538ae5ab59b0f14e64?s=96&d=mm&r=g","caption":"Recalculando"}}]}},"_links":{"self":[{"href":"https:\/\/www.recalculandoviajes.com\/recalculando-api\/wp\/v2\/posts\/4461","targetHints":{"allow":["GET"]}}],"collection":[{"href":"https:\/\/www.recalculandoviajes.com\/recalculando-api\/wp\/v2\/posts"}],"about":[{"href":"https:\/\/www.recalculandoviajes.com\/recalculando-api\/wp\/v2\/types\/post"}],"author":[{"embeddable":true,"href":"https:\/\/www.recalculandoviajes.com\/recalculando-api\/wp\/v2\/users\/3"}],"replies":[{"embeddable":true,"href":"https:\/\/www.recalculandoviajes.com\/recalculando-api\/wp\/v2\/comments?post=4461"}],"version-history":[{"count":0,"href":"https:\/\/www.recalculandoviajes.com\/recalculando-api\/wp\/v2\/posts\/4461\/revisions"}],"wp:featuredmedia":[{"embeddable":true,"href":"https:\/\/www.recalculandoviajes.com\/recalculando-api\/wp\/v2\/media\/4462"}],"wp:attachment":[{"href":"https:\/\/www.recalculandoviajes.com\/recalculando-api\/wp\/v2\/media?parent=4461"}],"wp:term":[{"taxonomy":"category","embeddable":true,"href":"https:\/\/www.recalculandoviajes.com\/recalculando-api\/wp\/v2\/categories?post=4461"},{"taxonomy":"post_tag","embeddable":true,"href":"https:\/\/www.recalculandoviajes.com\/recalculando-api\/wp\/v2\/tags?post=4461"}],"curies":[{"name":"wp","href":"https:\/\/api.w.org\/{rel}","templated":true}]}}