{"id":4445,"date":"2019-07-11T16:02:53","date_gmt":"2019-07-11T19:02:53","guid":{"rendered":"https:\/\/recalculandoviajes.com\/nuestra-foto-del-dia-de-hoy-es-en-la-preciosa-playa-de-sama\/"},"modified":"2021-05-01T19:13:28","modified_gmt":"2021-05-01T22:13:28","slug":"playa-el-portillo-samana","status":"publish","type":"post","link":"https:\/\/www.recalculandoviajes.com\/playa-el-portillo-samana\/","title":{"rendered":"Playa el Portillo &#8211; Saman\u00e1 &#8211; Rep\u00fablica Dominicana"},"content":{"rendered":"<p><script async src=\"https:\/\/pagead2.googlesyndication.com\/pagead\/js\/adsbygoogle.js\"><\/script><br \/>\n<!-- Anuncio display Horizontal --><br \/>\n<ins class=\"adsbygoogle\" style=\"display: block;\" data-ad-client=\"ca-pub-6665028185941630\" data-ad-slot=\"5141091675\" data-ad-format=\"auto\" data-full-width-responsive=\"true\"><\/ins><br \/>\n<script>\n     (adsbygoogle = window.adsbygoogle || []).push();\n<\/script><\/p>\n<p>Playa el Portillo. Nuestra foto del d\u00eda de hoy es en la preciosa playa de Saman\u00e1 \ud83c\udfdd.<br \/>\n\u2022<br \/>\nEn abril del 2013 fuimos a conocer varias partes de Rep\u00fablica Dominicana\ud83c\udde9\ud83c\uddf4.<br \/>\n\u2022<br \/>\nEstuvimos paseando por 17 d\u00edas &#8230; Fue nuestra primera experiencia en all inclusive, ya que eran unas vacaciones que necesit\u00e1bamos mucho. En esos momentos est\u00e1bamos cursando el \u00faltimo a\u00f1o de facultad, preparando los trabajos finales de ingenier\u00eda, que no nos dejaban ni \ud83d\ude34.<br \/>\n\u2022<br \/>\nHicimos base unos d\u00edas en Saman\u00e1, otros en Uvero Alto y otros en B\u00e1varo(la parte m\u00e1s tur\u00edstica).<br \/>\n\u2022<br \/>\nFue incre\u00edble poder descansar y relajarnos en esas bellas playas \ud83c\udfdd de aguas cristalinas \ud83d\udc8e y calentitas\ud83c\udf1e.<br \/>\n\u2022<br \/>\nNos encant\u00f3 la modalidad de all inclusive, cambiando de lugares. Disfrutamos mucho de no tener que cocinar y comimos como si no hubiera ma\u00f1ana \ud83d\ude0b!.<br \/>\n\u2022<br \/>\n\ud83d\udc49Si se necesitan unas vacaciones para descansar, es lo IDEAL!.<br \/>\n\u2022<br \/>\nEs el \u00fanico pa\u00eds del caribe que conocimos hasta el momento, por lo cual nos queda todav\u00eda mucho pero mucho por ver \ud83c\udf34!!!.<br \/>\n\u2022<br \/>\nEnglish \ud83c\uddec\ud83c\udde7 in the first comment. \u2022<br \/>\n*******************<\/p><div class=\"nqchb69f5c028c6411\" ><div style=\"text-align: center; backdrop-filter: blur(10px); background: linear-gradient(135deg, #ff6a6a, #ff884d); border-radius: 15px; padding: 20px 30px; box-shadow: 0 8px 32px rgba(0, 0, 0, 0.2); border: 1px solid rgba(255, 255, 255, 0.18); color: #fff; max-width: 600px; margin: 50px auto;\">\n  <h2 style=\"font-size: 2rem; font-weight: bold; margin-bottom: 10px; color: #ffffff !important; text-shadow: 0 2px 5px rgba(0, 0, 0, 0.4);\">\ud83c\udf0d Seguro de Viaje:  Descuento de 5% en IATI Seguros! \ud83c\udf1f<\/h2>\n  <p style=\"font-size: 1rem; margin-bottom: 20px; line-height: 1.5;\">Aprovecha esta oferta y viaja seguro.<\/p>\n  <a href=\"https:\/\/recalculandoviajes.com\/iati-seguros\" target=\"_blank\" style=\"display: inline-block; padding: 15px 25px; font-size: 1.2rem; font-weight: bold; color: #fff; text-decoration: none; border-radius: 30px; background: linear-gradient(135deg, #ff5722, #e91e63); transition: all 0.3s ease; box-shadow: 0 6px 15px rgba(233, 30, 99, 0.6); border: 2px solid rgba(255, 255, 255, 0.3);\" rel=\"noopener\">Quiero mi 5% de Descuento<\/a>\n<\/div><\/div><style type=\"text\/css\">\r\n@media screen and (min-width: 1201px) {\r\n.nqchb69f5c028c6411 {\r\ndisplay: block;\r\n}\r\n}\r\n@media screen and (min-width: 993px) and (max-width: 1200px) {\r\n.nqchb69f5c028c6411 {\r\ndisplay: block;\r\n}\r\n}\r\n@media screen and (min-width: 769px) and (max-width: 992px) {\r\n.nqchb69f5c028c6411 {\r\ndisplay: block;\r\n}\r\n}\r\n@media screen and (min-width: 768px) and (max-width: 768px) {\r\n.nqchb69f5c028c6411 {\r\ndisplay: block;\r\n}\r\n}\r\n@media screen and (max-width: 767px) {\r\n.nqchb69f5c028c6411 {\r\ndisplay: block;\r\n}\r\n}\r\n<\/style>\r\n\n<p>&nbsp;<\/p>\n<div style=\"padding: 10px; border: 10px outset #b8174a; border-radius: 15px;\"><center><strong>Aca les compartimos \ud83d\udcb2<a href=\"https:\/\/recalculandoviajes.com\/descuentos\/\">Descuentos para tus viajes $$$<\/a> \u2708\ufe0f: Airbnb &#8211; Booking y m\u00e1s! <\/strong><\/center><\/div>\n<p><img decoding=\"async\" class=\"alignnone\" src=\"https:\/\/recalculandoviajes.com\/wp-content\/uploads\/2021\/01\/Nuestra-foto-del-dia-de-hoy-es-en-la-preciosa.jpg\" alt=\"Playa el Portillo\" width=\"1080\" height=\"1080\" \/><\/p>\n<p>&nbsp;<\/p>\n<p><img decoding=\"async\" class=\"alignnone\" src=\"https:\/\/recalculandoviajes.com\/wp-content\/uploads\/2021\/01\/1610148827_378_Nuestra-foto-del-dia-de-hoy-es-en-la-preciosa.jpg\" alt=\"Playa el Portillo\" width=\"1080\" height=\"1080\" \/><\/p>\n<p>&nbsp;<\/p>\n<p><img decoding=\"async\" class=\"alignnone\" src=\"https:\/\/recalculandoviajes.com\/wp-content\/uploads\/2021\/01\/1610148828_958_Nuestra-foto-del-dia-de-hoy-es-en-la-preciosa.jpg\" alt=\"Playa el Portillo\" width=\"1080\" height=\"1080\" \/><\/p>\n<p>&nbsp;<\/p><div class=\"dcmag69f5c028c63f4\" ><div style=\"padding: 10px; border: 10px outset #b8174a; border-radius: 15px;\"><center><strong>\n\u261d\ufe0f <a href=\"https:\/\/recalculandoviajes.com\/iati-seguros\">VIAJA SEGURO - DESCUENTOS \/ 5% OFF IATI<\/a>!!<br\/>\ud83d\udc69\u200d\u2695\ufe0f\ud83d\udc68\u200d\u2695\ufe0f Requisito indispensable para viajar sin preocupaciones! \ud83c\udf0e\u2708\ufe0f <a href=\"https:\/\/recalculandoviajes.com\/asistencia-al-viajero\/\">Cotiz\u00e1, Compar\u00e1 y Contrat\u00e1<\/a><\/strong><\/center><\/div><br\/><\/div><style type=\"text\/css\">\r\n@media screen and (min-width: 1201px) {\r\n.dcmag69f5c028c63f4 {\r\ndisplay: block;\r\n}\r\n}\r\n@media screen and (min-width: 993px) and (max-width: 1200px) {\r\n.dcmag69f5c028c63f4 {\r\ndisplay: block;\r\n}\r\n}\r\n@media screen and (min-width: 769px) and (max-width: 992px) {\r\n.dcmag69f5c028c63f4 {\r\ndisplay: block;\r\n}\r\n}\r\n@media screen and (min-width: 768px) and (max-width: 768px) {\r\n.dcmag69f5c028c63f4 {\r\ndisplay: block;\r\n}\r\n}\r\n@media screen and (max-width: 767px) {\r\n.dcmag69f5c028c63f4 {\r\ndisplay: block;\r\n}\r\n}\r\n<\/style>\r\n\n<p>&nbsp;<\/p>\n<p>Playa el Portillo &#8211; Bahia Principe Grand El Portillo<\/p>\n<p>&nbsp;<\/p>\n<p><center><\/center>&nbsp;<\/p>\n<p><center><\/center><\/p>\n<blockquote class=\"instagram-media\" style=\"background: #FFF; border: 0; border-radius: 3px; box-shadow: 0 0 1px 0 rgba(0,0,0,0.5),0 1px 10px 0 rgba(0,0,0,0.15); margin: 1px; max-width: 658px; padding: 0; width: calc(100% - 2px);\" data-instgrm-captioned=\"\" data-instgrm-version=\"6\">\n<div style=\"padding: 8px;\">\n<div style=\"background: #F8F8F8; line-height: 0; margin-top: 40px; padding: 50.0% 0; text-align: center; width: 100%;\">\n<div style=\"background: url(data:image\/png; base64,ivborw0kggoaaaansuheugaaacwaaaascamaaaapwqozaaaagfbmveuiiii9pt0ehh4gib4hibkchbwchbwchbydr+jqaaaachrstlmaba4yhyqsm5jtamwaaadfsurbvdjl7zvbegmhcaqbaf\/\/42xcnbpaqakcm0ftumfaaibe81iqbjds3ls6zs3bipb9wed3yyxfpmhrft8sgyrcp1x8ueuxlmznwelfoycv6mhwwwmzdpekhlhlw7nwjqkhc4uizphavdza2jpzudsbzzinae2s6owh8xpmx8g7zzgkeopuoyhvgz1tbcxmkd3kwnvbu0gkhkx+izilf77iofhry1nyfnb\/lqpb79drwoyjva\/davg9b\/rlb4cc+nqgdz\/tvbbbnr6gbreqn\/nrmdgaqeej7whonozjf+y2i\/fzou\/qaaaaaelftksuqmcc); display: block; height: 44px; margin: 0 auto -44px; position: relative; top: -22px; width: 44px;\"><\/div>\n<\/div>\n<p style=\"margin: 8px 0 0 0; padding: 0 4px;\"><a style=\"color: #000; font-family: Arial,sans-serif; font-size: 14px; font-style: normal; font-weight: normal; line-height: 17px; text-decoration: none; word-wrap: break-word;\" href=\"http:\/\/instagram.com\/p\/BzyZlFHhqhK\" target=\"_blank\" rel=\"noopener\">Nuestra foto #tbt del d\u00eda de hoy es en la preciosa playa de Saman\u00e1 \ud83c\udfdd.<br \/>\n\u2022<br \/>\nEn abril del 2013 fuimos a conocer varias partes de Rep\u00fablica Dominicana\ud83c\udde9\ud83c\uddf4.<br \/>\n\u2022<br \/>\nEstuvimos paseando por 17 d\u00edas &#8230; Fue nuestra primera experiencia en all inclusive, ya que eran unas vacaciones que necesit\u00e1bamos mucho. En esos momentos est\u00e1bamos cursando el \u00faltimo a\u00f1o de facultad, preparando los trabajos finales de ingenier\u00eda, que no nos dejaban ni \ud83d\ude34.<br \/>\n\u2022<br \/>\nHicimos base unos d\u00edas en Saman\u00e1, otros en Uvero Alto y otros en B\u00e1varo(la parte m\u00e1s tur\u00edstica).<br \/>\n\u2022<br \/>\nFue incre\u00edble poder descansar y relajarnos en esas bellas playas \ud83c\udfdd de aguas cristalinas \ud83d\udc8e y calentitas\ud83c\udf1e.<br \/>\n\u2022<br \/>\nNos encant\u00f3 la modalidad de all inclusive, cambiando de lugares. Disfrutamos mucho de no tener que cocinar y comimos como si no hubiera ma\u00f1ana \ud83d\ude0b!.<br \/>\n\u2022<br \/>\n\ud83d\udc49Si se necesitan unas vacaciones para descansar, es lo IDEAL!.<br \/>\n\u2022<br \/>\nEs el \u00fanico pa\u00eds del caribe que conocimos hasta el momento, por lo cual nos queda todav\u00eda mucho pero mucho por ver \ud83c\udf34!!!.<br \/>\n\u2022<br \/>\nEnglish \ud83c\uddec\ud83c\udde7 in the first comment. \u2022<br \/>\n******************* #recalculando #recalculandoviajes #travel #viajes #viajar #voyage #travelphotography #traveling #travelblog #travels #cuoplesinlove #wanderlust #coupletravel #couplegoals #blogtravel #lifestyleblogger #lonelyplanetar #lifetravel #lifetraveling #lovetravel #republicadominicana #america #saman\u00e1 #puntacana #grandbahiaprincipeelportillo<\/a><\/p>\n<p style=\"color: #c9c8cd; font-family: Arial,sans-serif; font-size: 14px; line-height: 17px; margin-bottom: 0; margin-top: 8px; overflow: hidden; padding: 8px 0 7px; text-align: center; text-overflow: ellipsis; white-space: nowrap;\">A photo posted by \u211d\ud835\udd56\ud835\udd54\ud835\udd52\ud835\udd5d\ud835\udd54\ud835\udd66\ud835\udd5d\ud835\udd52\ud835\udd5f\ud835\udd55\ud835\udd60 \ud835\udd67\ud835\udd5a\ud835\udd52\ud835\udd5b\ud835\udd56\ud835\udd64 (@recalculandoviajes) on <time style=\"font-family: Arial,sans-serif; font-size: 14px; line-height: 17px;\" datetime=\"2019-07-11 19:02:53\">2019-07-11 19:02:53<\/time><\/p>\n<\/div>\n<\/blockquote>\n<p><script async defer src=\"\/\/platform.instagram.com\/en_US\/embeds.js\"><\/script><\/p>\n<p><a href=\"http:\/\/instagram.com\/p\/BzyZlFHhqhK\">Instagram Link<\/a><\/p>\n<div class=\"oavuu69f5c028af9b3\" ><br\/>\n<div class=\"rpbt_shortcode\">\n<h3>Tambi\u00e9n podr\u00eda interesarte:<\/h3>\n<style type=\"text\/css\">\n\t\t\t#rpbt-related-gallery-1 {\n\t\t\t\tmargin: auto;\n\t\t\t}\n\t\t\t#rpbt-related-gallery-1 .gallery-item {\n\t\t\t\tfloat: left;\n\t\t\t\tmargin-top: 10px;\n\t\t\t\ttext-align: center;\n\t\t\t\twidth: 33%;\n\t\t\t}\n\t\t\t#rpbt-related-gallery-1 img {\n\t\t\t\tborder: 2px solid #cfcfcf;\n\t\t\t}\n\t\t\t#rpbt-related-gallery-1 .gallery-caption {\n\t\t\t\tmargin-left: 0;\n\t\t\t}\n\t\t\t\/* see gallery_shortcode() in wp-includes\/media.php *\/\n\t\t<\/style>\n\t\t<div id='rpbt-related-gallery-1' class='gallery related-gallery related-galleryid-4445 gallery-columns-3 gallery-size-large'><dl class='gallery-item' role='figure' aria-label='Navidad en Quebec &#8211; Qu\u00e9 ver y Qu\u00e9 hacer en Navidad Canad\u00e1 \ud83c\udde8\ud83c\udde6 | Gu\u00eda con Mapa de Mercados'>\n\t\t\t<dt class='gallery-icon landscape'>\n\t\t\t\t<a href='https:\/\/www.recalculandoviajes.com\/navidad-en-quebec-canada\/'><img width=\"1080\" height=\"675\" src=\"https:\/\/www.recalculandoviajes.com\/wp-content\/uploads\/2025\/09\/navidad-en-quebec-canada-1080.jpg\" class=\"attachment-large size-large\" alt=\"navidad en quebec canada-1080\" aria-describedby=\"rpbt-related-gallery-1-7918\" srcset=\"https:\/\/www.recalculandoviajes.com\/wp-content\/uploads\/2025\/09\/navidad-en-quebec-canada-1080.jpg 1080w, https:\/\/www.recalculandoviajes.com\/wp-content\/uploads\/2025\/09\/navidad-en-quebec-canada-1080-980x613.jpg 980w, https:\/\/www.recalculandoviajes.com\/wp-content\/uploads\/2025\/09\/navidad-en-quebec-canada-1080-480x300.jpg 480w\" sizes=\"(min-width: 0px) and (max-width: 480px) 480px, (min-width: 481px) and (max-width: 980px) 980px, (min-width: 981px) 1080px, 100vw\" \/><\/a>\n\t\t\t<\/dt>\n\t\t\t\t<dd class='wp-caption-text gallery-caption' id='rpbt-related-gallery-1-7918'>\n\t\t\t\t<a href=\"https:\/\/www.recalculandoviajes.com\/navidad-en-quebec-canada\/\">Navidad en Quebec &#8211; Qu\u00e9 ver y Qu\u00e9 hacer en Navidad Canad\u00e1 \ud83c\udde8\ud83c\udde6 | Gu\u00eda con Mapa de Mercados<\/a>\n\t\t\t\t<\/dd><\/dl><dl class='gallery-item' role='figure' aria-label='San Sebasti\u00e1n de la Pedrera &#8211; Uruguay'>\n\t\t\t<dt class='gallery-icon landscape'>\n\t\t\t\t<a href='https:\/\/www.recalculandoviajes.com\/san-sebastian-de-la-pedrera-uruguay\/'><img width=\"1080\" height=\"671\" src=\"https:\/\/www.recalculandoviajes.com\/wp-content\/uploads\/2021\/06\/Nuestro-primer-viaje-juntos-fuera-de-Conocimos-San-Seb.jpg\" class=\"attachment-large size-large\" alt=\"RecalculandoViajes\" aria-describedby=\"rpbt-related-gallery-1-5436\" srcset=\"https:\/\/www.recalculandoviajes.com\/wp-content\/uploads\/2021\/06\/Nuestro-primer-viaje-juntos-fuera-de-Conocimos-San-Seb.jpg 1080w, https:\/\/www.recalculandoviajes.com\/wp-content\/uploads\/2021\/06\/Nuestro-primer-viaje-juntos-fuera-de-Conocimos-San-Seb-980x609.jpg 980w, https:\/\/www.recalculandoviajes.com\/wp-content\/uploads\/2021\/06\/Nuestro-primer-viaje-juntos-fuera-de-Conocimos-San-Seb-480x298.jpg 480w\" sizes=\"(min-width: 0px) and (max-width: 480px) 480px, (min-width: 481px) and (max-width: 980px) 980px, (min-width: 981px) 1080px, 100vw\" \/><\/a>\n\t\t\t<\/dt>\n\t\t\t\t<dd class='wp-caption-text gallery-caption' id='rpbt-related-gallery-1-5436'>\n\t\t\t\t<a href=\"https:\/\/www.recalculandoviajes.com\/san-sebastian-de-la-pedrera-uruguay\/\">San Sebasti\u00e1n de la Pedrera &#8211; Uruguay<\/a>\n\t\t\t\t<\/dd><\/dl><dl class='gallery-item' role='figure' aria-label='De Buenos Aires a Paris |  Segunda vez que visitamos Par\u00eds'>\n\t\t\t<dt class='gallery-icon landscape'>\n\t\t\t\t<a href='https:\/\/www.recalculandoviajes.com\/visitamos-paris-de-buenos-aires-a-paris\/'><img width=\"1080\" height=\"606\" src=\"https:\/\/www.recalculandoviajes.com\/wp-content\/uploads\/2020\/12\/La-segunda-vez-que-visitamos-Paris-Viajamos-de-Buen.jpg\" class=\"attachment-large size-large\" alt=\"paris\" aria-describedby=\"rpbt-related-gallery-1-4017\" srcset=\"https:\/\/www.recalculandoviajes.com\/wp-content\/uploads\/2020\/12\/La-segunda-vez-que-visitamos-Paris-Viajamos-de-Buen.jpg 1080w, https:\/\/www.recalculandoviajes.com\/wp-content\/uploads\/2020\/12\/La-segunda-vez-que-visitamos-Paris-Viajamos-de-Buen-980x550.jpg 980w, https:\/\/www.recalculandoviajes.com\/wp-content\/uploads\/2020\/12\/La-segunda-vez-que-visitamos-Paris-Viajamos-de-Buen-480x269.jpg 480w\" sizes=\"(min-width: 0px) and (max-width: 480px) 480px, (min-width: 481px) and (max-width: 980px) 980px, (min-width: 981px) 1080px, 100vw\" \/><\/a>\n\t\t\t<\/dt>\n\t\t\t\t<dd class='wp-caption-text gallery-caption' id='rpbt-related-gallery-1-4017'>\n\t\t\t\t<a href=\"https:\/\/www.recalculandoviajes.com\/visitamos-paris-de-buenos-aires-a-paris\/\">De Buenos Aires a Paris |  Segunda vez que visitamos Par\u00eds<\/a>\n\t\t\t\t<\/dd><\/dl><br style=\"clear: both\" \/>\n\t\t<\/div>\n<\/div><\/div><style type=\"text\/css\">\r\n@media screen and (min-width: 1201px) {\r\n.oavuu69f5c028af9b3 {\r\ndisplay: block;\r\n}\r\n}\r\n@media screen and (min-width: 993px) and (max-width: 1200px) {\r\n.oavuu69f5c028af9b3 {\r\ndisplay: block;\r\n}\r\n}\r\n@media screen and (min-width: 769px) and (max-width: 992px) {\r\n.oavuu69f5c028af9b3 {\r\ndisplay: block;\r\n}\r\n}\r\n@media screen and (min-width: 768px) and (max-width: 768px) {\r\n.oavuu69f5c028af9b3 {\r\ndisplay: block;\r\n}\r\n}\r\n@media screen and (max-width: 767px) {\r\n.oavuu69f5c028af9b3 {\r\ndisplay: block;\r\n}\r\n}\r\n<\/style>\r\n","protected":false},"excerpt":{"rendered":"<p>Playa el Portillo. Nuestra foto del d\u00eda de hoy es en la preciosa playa de Saman\u00e1 \ud83c\udfdd. \u2022 En abril del 2013 fuimos a conocer varias partes de Rep\u00fablica Dominicana\ud83c\udde9\ud83c\uddf4. \u2022 Estuvimos paseando por 17 d\u00edas &#8230; Fue nuestra primera experiencia en all inclusive, ya que eran unas vacaciones que necesit\u00e1bamos mucho. En esos momentos [&hellip;]<\/p>\n","protected":false},"author":3,"featured_media":4446,"comment_status":"open","ping_status":"open","sticky":false,"template":"","format":"standard","meta":{"_et_pb_use_builder":"","_et_pb_old_content":"","_et_gb_content_width":"","footnotes":""},"categories":[79,3,115,152],"tags":[118,116,117,49],"class_list":["post-4445","post","type-post","status-publish","format-standard","has-post-thumbnail","hentry","category-america","category-blog","category-lugares","category-republica-dominicana","tag-destinos","tag-instagram","tag-lugares","tag-viajes"],"yoast_head":"<!-- This site is optimized with the Yoast SEO plugin v27.5 - https:\/\/yoast.com\/product\/yoast-seo-wordpress\/ -->\n<title>Playa el Portillo - Saman\u00e1 - Rep\u00fablica Dominicana - Recalculando Viajes<\/title>\n<meta name=\"description\" content=\"Playa el Portillo, Playas de Saman\u00e1, Rep\u00fablica Dominicana. Tips, informaci\u00f3n y todo sobre viajes!. Viajar a Rep\u00fablica Dominicana!\" \/>\n<meta name=\"robots\" content=\"index, follow, max-snippet:-1, max-image-preview:large, max-video-preview:-1\" \/>\n<link rel=\"canonical\" href=\"https:\/\/www.recalculandoviajes.com\/playa-el-portillo-samana\/\" \/>\n<meta property=\"og:locale\" content=\"es_ES\" \/>\n<meta property=\"og:type\" content=\"article\" \/>\n<meta property=\"og:title\" content=\"Playa el Portillo - Saman\u00e1 - Rep\u00fablica Dominicana - Recalculando Viajes\" \/>\n<meta property=\"og:description\" content=\"Playa el Portillo, Playas de Saman\u00e1, Rep\u00fablica Dominicana. Tips, informaci\u00f3n y todo sobre viajes!. Viajar a Rep\u00fablica Dominicana!\" \/>\n<meta property=\"og:url\" content=\"https:\/\/www.recalculandoviajes.com\/playa-el-portillo-samana\/\" \/>\n<meta property=\"og:site_name\" content=\"Recalculando Viajes\" \/>\n<meta property=\"article:publisher\" content=\"https:\/\/www.facebook.com\/recalculandov\/\" \/>\n<meta property=\"article:published_time\" content=\"2019-07-11T19:02:53+00:00\" \/>\n<meta property=\"article:modified_time\" content=\"2021-05-01T22:13:28+00:00\" \/>\n<meta property=\"og:image\" content=\"https:\/\/www.recalculandoviajes.com\/wp-content\/uploads\/2021\/01\/Nuestra-foto-del-dia-de-hoy-es-en-la-preciosa.jpg\" \/>\n\t<meta property=\"og:image:width\" content=\"1080\" \/>\n\t<meta property=\"og:image:height\" content=\"1080\" \/>\n\t<meta property=\"og:image:type\" content=\"image\/jpeg\" \/>\n<meta name=\"author\" content=\"Recalculando\" \/>\n<meta name=\"twitter:card\" content=\"summary_large_image\" \/>\n<meta name=\"twitter:label1\" content=\"Escrito por\" \/>\n\t<meta name=\"twitter:data1\" content=\"Recalculando\" \/>\n\t<meta name=\"twitter:label2\" content=\"Tiempo de lectura\" \/>\n\t<meta name=\"twitter:data2\" content=\"3 minutos\" \/>\n<script type=\"application\/ld+json\" class=\"yoast-schema-graph\">{\"@context\":\"https:\\\/\\\/schema.org\",\"@graph\":[{\"@type\":\"Article\",\"@id\":\"https:\\\/\\\/www.recalculandoviajes.com\\\/playa-el-portillo-samana\\\/#article\",\"isPartOf\":{\"@id\":\"https:\\\/\\\/www.recalculandoviajes.com\\\/playa-el-portillo-samana\\\/\"},\"author\":{\"name\":\"Recalculando\",\"@id\":\"https:\\\/\\\/www.recalculandoviajes.com\\\/#\\\/schema\\\/person\\\/4d45b86e19dbffb46f89625badbd0c1b\"},\"headline\":\"Playa el Portillo &#8211; Saman\u00e1 &#8211; Rep\u00fablica Dominicana\",\"datePublished\":\"2019-07-11T19:02:53+00:00\",\"dateModified\":\"2021-05-01T22:13:28+00:00\",\"mainEntityOfPage\":{\"@id\":\"https:\\\/\\\/www.recalculandoviajes.com\\\/playa-el-portillo-samana\\\/\"},\"wordCount\":423,\"commentCount\":17,\"publisher\":{\"@id\":\"https:\\\/\\\/www.recalculandoviajes.com\\\/#organization\"},\"image\":{\"@id\":\"https:\\\/\\\/www.recalculandoviajes.com\\\/playa-el-portillo-samana\\\/#primaryimage\"},\"thumbnailUrl\":\"https:\\\/\\\/www.recalculandoviajes.com\\\/wp-content\\\/uploads\\\/2021\\\/01\\\/Nuestra-foto-del-dia-de-hoy-es-en-la-preciosa.jpg\",\"keywords\":[\"destinos\",\"instagram\",\"lugares\",\"Viajes\"],\"articleSection\":[\"Am\u00e9rica\",\"Blog\",\"Lugares\",\"Rep\u00fablica Dominicana\"],\"inLanguage\":\"es\",\"potentialAction\":[{\"@type\":\"CommentAction\",\"name\":\"Comment\",\"target\":[\"https:\\\/\\\/www.recalculandoviajes.com\\\/playa-el-portillo-samana\\\/#respond\"]}]},{\"@type\":\"WebPage\",\"@id\":\"https:\\\/\\\/www.recalculandoviajes.com\\\/playa-el-portillo-samana\\\/\",\"url\":\"https:\\\/\\\/www.recalculandoviajes.com\\\/playa-el-portillo-samana\\\/\",\"name\":\"Playa el Portillo - Saman\u00e1 - Rep\u00fablica Dominicana - Recalculando Viajes\",\"isPartOf\":{\"@id\":\"https:\\\/\\\/www.recalculandoviajes.com\\\/#website\"},\"primaryImageOfPage\":{\"@id\":\"https:\\\/\\\/www.recalculandoviajes.com\\\/playa-el-portillo-samana\\\/#primaryimage\"},\"image\":{\"@id\":\"https:\\\/\\\/www.recalculandoviajes.com\\\/playa-el-portillo-samana\\\/#primaryimage\"},\"thumbnailUrl\":\"https:\\\/\\\/www.recalculandoviajes.com\\\/wp-content\\\/uploads\\\/2021\\\/01\\\/Nuestra-foto-del-dia-de-hoy-es-en-la-preciosa.jpg\",\"datePublished\":\"2019-07-11T19:02:53+00:00\",\"dateModified\":\"2021-05-01T22:13:28+00:00\",\"description\":\"Playa el Portillo, Playas de Saman\u00e1, Rep\u00fablica Dominicana. Tips, informaci\u00f3n y todo sobre viajes!. Viajar a Rep\u00fablica Dominicana!\",\"breadcrumb\":{\"@id\":\"https:\\\/\\\/www.recalculandoviajes.com\\\/playa-el-portillo-samana\\\/#breadcrumb\"},\"inLanguage\":\"es\",\"potentialAction\":[{\"@type\":\"ReadAction\",\"target\":[\"https:\\\/\\\/www.recalculandoviajes.com\\\/playa-el-portillo-samana\\\/\"]}]},{\"@type\":\"ImageObject\",\"inLanguage\":\"es\",\"@id\":\"https:\\\/\\\/www.recalculandoviajes.com\\\/playa-el-portillo-samana\\\/#primaryimage\",\"url\":\"https:\\\/\\\/www.recalculandoviajes.com\\\/wp-content\\\/uploads\\\/2021\\\/01\\\/Nuestra-foto-del-dia-de-hoy-es-en-la-preciosa.jpg\",\"contentUrl\":\"https:\\\/\\\/www.recalculandoviajes.com\\\/wp-content\\\/uploads\\\/2021\\\/01\\\/Nuestra-foto-del-dia-de-hoy-es-en-la-preciosa.jpg\",\"width\":1080,\"height\":1080,\"caption\":\"RecalculandoViajes\"},{\"@type\":\"BreadcrumbList\",\"@id\":\"https:\\\/\\\/www.recalculandoviajes.com\\\/playa-el-portillo-samana\\\/#breadcrumb\",\"itemListElement\":[{\"@type\":\"ListItem\",\"position\":1,\"name\":\"Portada\",\"item\":\"https:\\\/\\\/www.recalculandoviajes.com\\\/\"},{\"@type\":\"ListItem\",\"position\":2,\"name\":\"Playa el Portillo &#8211; Saman\u00e1 &#8211; Rep\u00fablica Dominicana\"}]},{\"@type\":\"WebSite\",\"@id\":\"https:\\\/\\\/www.recalculandoviajes.com\\\/#website\",\"url\":\"https:\\\/\\\/www.recalculandoviajes.com\\\/\",\"name\":\"Recalculando viajes\",\"description\":\"Compartimos nuestra gran aventura de Vivir viajando\",\"publisher\":{\"@id\":\"https:\\\/\\\/www.recalculandoviajes.com\\\/#organization\"},\"potentialAction\":[{\"@type\":\"SearchAction\",\"target\":{\"@type\":\"EntryPoint\",\"urlTemplate\":\"https:\\\/\\\/www.recalculandoviajes.com\\\/?s={search_term_string}\"},\"query-input\":{\"@type\":\"PropertyValueSpecification\",\"valueRequired\":true,\"valueName\":\"search_term_string\"}}],\"inLanguage\":\"es\"},{\"@type\":\"Organization\",\"@id\":\"https:\\\/\\\/www.recalculandoviajes.com\\\/#organization\",\"name\":\"Recalculando Viajes\",\"url\":\"https:\\\/\\\/www.recalculandoviajes.com\\\/\",\"logo\":{\"@type\":\"ImageObject\",\"inLanguage\":\"es\",\"@id\":\"https:\\\/\\\/www.recalculandoviajes.com\\\/#\\\/schema\\\/logo\\\/image\\\/\",\"url\":\"https:\\\/\\\/recalculandoviajes.com\\\/wp-content\\\/uploads\\\/2018\\\/07\\\/RecalculandoLogo-1.png\",\"contentUrl\":\"https:\\\/\\\/recalculandoviajes.com\\\/wp-content\\\/uploads\\\/2018\\\/07\\\/RecalculandoLogo-1.png\",\"width\":581,\"height\":591,\"caption\":\"Recalculando Viajes\"},\"image\":{\"@id\":\"https:\\\/\\\/www.recalculandoviajes.com\\\/#\\\/schema\\\/logo\\\/image\\\/\"},\"sameAs\":[\"https:\\\/\\\/www.facebook.com\\\/recalculandov\\\/\",\"https:\\\/\\\/instagram.com\\\/recalculandoviajes\",\"https:\\\/\\\/www.pinterest.com\\\/recalculandoviajes\\\/\",\"https:\\\/\\\/www.youtube.com\\\/channel\\\/UCl9mlzCiqE_YLnQkoL9tzqA\"]},{\"@type\":\"Person\",\"@id\":\"https:\\\/\\\/www.recalculandoviajes.com\\\/#\\\/schema\\\/person\\\/4d45b86e19dbffb46f89625badbd0c1b\",\"name\":\"Recalculando\",\"image\":{\"@type\":\"ImageObject\",\"inLanguage\":\"es\",\"@id\":\"https:\\\/\\\/secure.gravatar.com\\\/avatar\\\/0a8f4205066a2aa397b89ca406750e0680a072b66293ad538ae5ab59b0f14e64?s=96&d=mm&r=g\",\"url\":\"https:\\\/\\\/secure.gravatar.com\\\/avatar\\\/0a8f4205066a2aa397b89ca406750e0680a072b66293ad538ae5ab59b0f14e64?s=96&d=mm&r=g\",\"contentUrl\":\"https:\\\/\\\/secure.gravatar.com\\\/avatar\\\/0a8f4205066a2aa397b89ca406750e0680a072b66293ad538ae5ab59b0f14e64?s=96&d=mm&r=g\",\"caption\":\"Recalculando\"}}]}<\/script>\n<!-- \/ Yoast SEO plugin. -->","yoast_head_json":{"title":"Playa el Portillo - Saman\u00e1 - Rep\u00fablica Dominicana - Recalculando Viajes","description":"Playa el Portillo, Playas de Saman\u00e1, Rep\u00fablica Dominicana. Tips, informaci\u00f3n y todo sobre viajes!. Viajar a Rep\u00fablica Dominicana!","robots":{"index":"index","follow":"follow","max-snippet":"max-snippet:-1","max-image-preview":"max-image-preview:large","max-video-preview":"max-video-preview:-1"},"canonical":"https:\/\/www.recalculandoviajes.com\/playa-el-portillo-samana\/","og_locale":"es_ES","og_type":"article","og_title":"Playa el Portillo - Saman\u00e1 - Rep\u00fablica Dominicana - Recalculando Viajes","og_description":"Playa el Portillo, Playas de Saman\u00e1, Rep\u00fablica Dominicana. Tips, informaci\u00f3n y todo sobre viajes!. Viajar a Rep\u00fablica Dominicana!","og_url":"https:\/\/www.recalculandoviajes.com\/playa-el-portillo-samana\/","og_site_name":"Recalculando Viajes","article_publisher":"https:\/\/www.facebook.com\/recalculandov\/","article_published_time":"2019-07-11T19:02:53+00:00","article_modified_time":"2021-05-01T22:13:28+00:00","og_image":[{"width":1080,"height":1080,"url":"https:\/\/www.recalculandoviajes.com\/wp-content\/uploads\/2021\/01\/Nuestra-foto-del-dia-de-hoy-es-en-la-preciosa.jpg","type":"image\/jpeg"}],"author":"Recalculando","twitter_card":"summary_large_image","twitter_misc":{"Escrito por":"Recalculando","Tiempo de lectura":"3 minutos"},"schema":{"@context":"https:\/\/schema.org","@graph":[{"@type":"Article","@id":"https:\/\/www.recalculandoviajes.com\/playa-el-portillo-samana\/#article","isPartOf":{"@id":"https:\/\/www.recalculandoviajes.com\/playa-el-portillo-samana\/"},"author":{"name":"Recalculando","@id":"https:\/\/www.recalculandoviajes.com\/#\/schema\/person\/4d45b86e19dbffb46f89625badbd0c1b"},"headline":"Playa el Portillo &#8211; Saman\u00e1 &#8211; Rep\u00fablica Dominicana","datePublished":"2019-07-11T19:02:53+00:00","dateModified":"2021-05-01T22:13:28+00:00","mainEntityOfPage":{"@id":"https:\/\/www.recalculandoviajes.com\/playa-el-portillo-samana\/"},"wordCount":423,"commentCount":17,"publisher":{"@id":"https:\/\/www.recalculandoviajes.com\/#organization"},"image":{"@id":"https:\/\/www.recalculandoviajes.com\/playa-el-portillo-samana\/#primaryimage"},"thumbnailUrl":"https:\/\/www.recalculandoviajes.com\/wp-content\/uploads\/2021\/01\/Nuestra-foto-del-dia-de-hoy-es-en-la-preciosa.jpg","keywords":["destinos","instagram","lugares","Viajes"],"articleSection":["Am\u00e9rica","Blog","Lugares","Rep\u00fablica Dominicana"],"inLanguage":"es","potentialAction":[{"@type":"CommentAction","name":"Comment","target":["https:\/\/www.recalculandoviajes.com\/playa-el-portillo-samana\/#respond"]}]},{"@type":"WebPage","@id":"https:\/\/www.recalculandoviajes.com\/playa-el-portillo-samana\/","url":"https:\/\/www.recalculandoviajes.com\/playa-el-portillo-samana\/","name":"Playa el Portillo - Saman\u00e1 - Rep\u00fablica Dominicana - Recalculando Viajes","isPartOf":{"@id":"https:\/\/www.recalculandoviajes.com\/#website"},"primaryImageOfPage":{"@id":"https:\/\/www.recalculandoviajes.com\/playa-el-portillo-samana\/#primaryimage"},"image":{"@id":"https:\/\/www.recalculandoviajes.com\/playa-el-portillo-samana\/#primaryimage"},"thumbnailUrl":"https:\/\/www.recalculandoviajes.com\/wp-content\/uploads\/2021\/01\/Nuestra-foto-del-dia-de-hoy-es-en-la-preciosa.jpg","datePublished":"2019-07-11T19:02:53+00:00","dateModified":"2021-05-01T22:13:28+00:00","description":"Playa el Portillo, Playas de Saman\u00e1, Rep\u00fablica Dominicana. Tips, informaci\u00f3n y todo sobre viajes!. Viajar a Rep\u00fablica Dominicana!","breadcrumb":{"@id":"https:\/\/www.recalculandoviajes.com\/playa-el-portillo-samana\/#breadcrumb"},"inLanguage":"es","potentialAction":[{"@type":"ReadAction","target":["https:\/\/www.recalculandoviajes.com\/playa-el-portillo-samana\/"]}]},{"@type":"ImageObject","inLanguage":"es","@id":"https:\/\/www.recalculandoviajes.com\/playa-el-portillo-samana\/#primaryimage","url":"https:\/\/www.recalculandoviajes.com\/wp-content\/uploads\/2021\/01\/Nuestra-foto-del-dia-de-hoy-es-en-la-preciosa.jpg","contentUrl":"https:\/\/www.recalculandoviajes.com\/wp-content\/uploads\/2021\/01\/Nuestra-foto-del-dia-de-hoy-es-en-la-preciosa.jpg","width":1080,"height":1080,"caption":"RecalculandoViajes"},{"@type":"BreadcrumbList","@id":"https:\/\/www.recalculandoviajes.com\/playa-el-portillo-samana\/#breadcrumb","itemListElement":[{"@type":"ListItem","position":1,"name":"Portada","item":"https:\/\/www.recalculandoviajes.com\/"},{"@type":"ListItem","position":2,"name":"Playa el Portillo &#8211; Saman\u00e1 &#8211; Rep\u00fablica Dominicana"}]},{"@type":"WebSite","@id":"https:\/\/www.recalculandoviajes.com\/#website","url":"https:\/\/www.recalculandoviajes.com\/","name":"Recalculando viajes","description":"Compartimos nuestra gran aventura de Vivir viajando","publisher":{"@id":"https:\/\/www.recalculandoviajes.com\/#organization"},"potentialAction":[{"@type":"SearchAction","target":{"@type":"EntryPoint","urlTemplate":"https:\/\/www.recalculandoviajes.com\/?s={search_term_string}"},"query-input":{"@type":"PropertyValueSpecification","valueRequired":true,"valueName":"search_term_string"}}],"inLanguage":"es"},{"@type":"Organization","@id":"https:\/\/www.recalculandoviajes.com\/#organization","name":"Recalculando Viajes","url":"https:\/\/www.recalculandoviajes.com\/","logo":{"@type":"ImageObject","inLanguage":"es","@id":"https:\/\/www.recalculandoviajes.com\/#\/schema\/logo\/image\/","url":"https:\/\/recalculandoviajes.com\/wp-content\/uploads\/2018\/07\/RecalculandoLogo-1.png","contentUrl":"https:\/\/recalculandoviajes.com\/wp-content\/uploads\/2018\/07\/RecalculandoLogo-1.png","width":581,"height":591,"caption":"Recalculando Viajes"},"image":{"@id":"https:\/\/www.recalculandoviajes.com\/#\/schema\/logo\/image\/"},"sameAs":["https:\/\/www.facebook.com\/recalculandov\/","https:\/\/instagram.com\/recalculandoviajes","https:\/\/www.pinterest.com\/recalculandoviajes\/","https:\/\/www.youtube.com\/channel\/UCl9mlzCiqE_YLnQkoL9tzqA"]},{"@type":"Person","@id":"https:\/\/www.recalculandoviajes.com\/#\/schema\/person\/4d45b86e19dbffb46f89625badbd0c1b","name":"Recalculando","image":{"@type":"ImageObject","inLanguage":"es","@id":"https:\/\/secure.gravatar.com\/avatar\/0a8f4205066a2aa397b89ca406750e0680a072b66293ad538ae5ab59b0f14e64?s=96&d=mm&r=g","url":"https:\/\/secure.gravatar.com\/avatar\/0a8f4205066a2aa397b89ca406750e0680a072b66293ad538ae5ab59b0f14e64?s=96&d=mm&r=g","contentUrl":"https:\/\/secure.gravatar.com\/avatar\/0a8f4205066a2aa397b89ca406750e0680a072b66293ad538ae5ab59b0f14e64?s=96&d=mm&r=g","caption":"Recalculando"}}]}},"_links":{"self":[{"href":"https:\/\/www.recalculandoviajes.com\/recalculando-api\/wp\/v2\/posts\/4445","targetHints":{"allow":["GET"]}}],"collection":[{"href":"https:\/\/www.recalculandoviajes.com\/recalculando-api\/wp\/v2\/posts"}],"about":[{"href":"https:\/\/www.recalculandoviajes.com\/recalculando-api\/wp\/v2\/types\/post"}],"author":[{"embeddable":true,"href":"https:\/\/www.recalculandoviajes.com\/recalculando-api\/wp\/v2\/users\/3"}],"replies":[{"embeddable":true,"href":"https:\/\/www.recalculandoviajes.com\/recalculando-api\/wp\/v2\/comments?post=4445"}],"version-history":[{"count":0,"href":"https:\/\/www.recalculandoviajes.com\/recalculando-api\/wp\/v2\/posts\/4445\/revisions"}],"wp:featuredmedia":[{"embeddable":true,"href":"https:\/\/www.recalculandoviajes.com\/recalculando-api\/wp\/v2\/media\/4446"}],"wp:attachment":[{"href":"https:\/\/www.recalculandoviajes.com\/recalculando-api\/wp\/v2\/media?parent=4445"}],"wp:term":[{"taxonomy":"category","embeddable":true,"href":"https:\/\/www.recalculandoviajes.com\/recalculando-api\/wp\/v2\/categories?post=4445"},{"taxonomy":"post_tag","embeddable":true,"href":"https:\/\/www.recalculandoviajes.com\/recalculando-api\/wp\/v2\/tags?post=4445"}],"curies":[{"name":"wp","href":"https:\/\/api.w.org\/{rel}","templated":true}]}}