{"id":4017,"date":"2020-08-06T18:58:38","date_gmt":"2020-08-06T21:58:38","guid":{"rendered":"https:\/\/recalculandoviajes.com\/la-segunda-vez-que-visitamos-paris-viajamos-de-buen\/"},"modified":"2021-06-17T07:20:13","modified_gmt":"2021-06-17T10:20:13","slug":"visitamos-paris-de-buenos-aires-a-paris","status":"publish","type":"post","link":"https:\/\/www.recalculandoviajes.com\/visitamos-paris-de-buenos-aires-a-paris\/","title":{"rendered":"De Buenos Aires a Paris |  Segunda vez que visitamos Par\u00eds"},"content":{"rendered":"[et_pb_section fb_built=\u00bb1&#8243; _builder_version=\u00bb3.22&#8243;][et_pb_row _builder_version=\u00bb3.25&#8243; background_size=\u00bbinitial\u00bb background_position=\u00bbtop_left\u00bb background_repeat=\u00bbrepeat\u00bb][et_pb_column type=\u00bb4_4&#8243; _builder_version=\u00bb3.25&#8243; custom_padding=\u00bb|||\u00bb custom_padding__hover=\u00bb|||\u00bb][et_pb_text _builder_version=\u00bb4.7.4&#8243; background_size=\u00bbinitial\u00bb background_position=\u00bbtop_left\u00bb background_repeat=\u00bbrepeat\u00bb hover_enabled=\u00bb0&#8243; sticky_enabled=\u00bb0&#8243;]\n<p><script async src=\"https:\/\/pagead2.googlesyndication.com\/pagead\/js\/adsbygoogle.js\"><\/script> <!-- Anuncio display Horizontal --> <ins class=\"adsbygoogle\" style=\"display: block;\" data-ad-client=\"ca-pub-6665028185941630\" data-ad-slot=\"5141091675\" data-ad-format=\"auto\" data-full-width-responsive=\"true\"><\/ins> <script>\n     (adsbygoogle = window.adsbygoogle || []).push();\n<\/script> La segunda vez que visitamos Paris &#8230; \u2764\ufe0f.<br \/>\u2022<br \/>Viajamos de Buenos Aires a Paris llegando a la nochecita.<br \/>\u2022<br \/>Entre el Jet Lag y la emocio\u0301n, me desperte\u0301 (Nanu) a las 4 am con TODA la energi\u0301a para salir a pasear.<br \/>\u2022<br \/>A las 6 de la man\u0303ana ya esta\u0301bamos poniendo un pie en el Campo de Marte \ud83d\udc4f\ud83d\udc4f\ud83d\udc4f para verla a ella \ud83e\udd70\ud83e\udd70 &#8230; a la imponente Torre Eiffel, la que nos enamora cada vez que volvemos a visitarla!.<br \/>\u2022<br \/>Como ven en la foto, teni\u0301amos todooo el lugar para nosotros solos, no habi\u0301a ni un alma! Como dice el dicho &#8230; \ud83e\udd23\ud83e\udd23 al que madruga, Dios lo ayuda ajajajaja .<br \/>\u2022<br \/>Asi\u0301 que ese di\u0301a aprendimos que no hay magia \ud83e\uddd9\u200d\u2642\ufe0f para tener una foto sin gente &#8230; simplemente hay que madrugar !!!.<br \/>\u2022<br \/>\ud83d\udc49Son de madrugar para poder disfrutar los lugares sin gente ??<br \/>\u2022<br \/>English \ud83c\uddec\ud83c\udde7 in the first comment.<br \/>\u2022<\/p>\n<div style=\"padding: 10px; border: 10px outset #b8174a; border-radius: 15px;\"><center><strong>Aca les dejamos \ud83d\udcb2<a href=\"https:\/\/recalculandoviajes.com\/descuentos\/\">Descuentos para tus viajes $$$<\/a> \u2708\ufe0f: Airbnb &#8211; Booking y m\u00e1s! <\/strong><\/center><\/div>\n<p><img decoding=\"async\" src=\"https:\/\/recalculandoviajes.com\/wp-content\/uploads\/2020\/12\/La-segunda-vez-que-visitamos-Paris-Viajamos-de-Buen.jpg\" \/><br \/>Paris, France<\/p><div class=\"nhsba69f5cedb0e5f2\" ><div style=\"text-align: center; backdrop-filter: blur(10px); background: linear-gradient(135deg, #ff6a6a, #ff884d); border-radius: 15px; padding: 20px 30px; box-shadow: 0 8px 32px rgba(0, 0, 0, 0.2); border: 1px solid rgba(255, 255, 255, 0.18); color: #fff; max-width: 600px; margin: 50px auto;\">\n  <h2 style=\"font-size: 2rem; font-weight: bold; margin-bottom: 10px; color: #ffffff !important; text-shadow: 0 2px 5px rgba(0, 0, 0, 0.4);\">\ud83c\udf0d Seguro de Viaje:  Descuento de 5% en IATI Seguros! \ud83c\udf1f<\/h2>\n  <p style=\"font-size: 1rem; margin-bottom: 20px; line-height: 1.5;\">Aprovecha esta oferta y viaja seguro.<\/p>\n  <a href=\"https:\/\/recalculandoviajes.com\/iati-seguros\" target=\"_blank\" style=\"display: inline-block; padding: 15px 25px; font-size: 1.2rem; font-weight: bold; color: #fff; text-decoration: none; border-radius: 30px; background: linear-gradient(135deg, #ff5722, #e91e63); transition: all 0.3s ease; box-shadow: 0 6px 15px rgba(233, 30, 99, 0.6); border: 2px solid rgba(255, 255, 255, 0.3);\" rel=\"noopener\">Quiero mi 5% de Descuento<\/a>\n<\/div><\/div><style type=\"text\/css\">\r\n@media screen and (min-width: 1201px) {\r\n.nhsba69f5cedb0e5f2 {\r\ndisplay: block;\r\n}\r\n}\r\n@media screen and (min-width: 993px) and (max-width: 1200px) {\r\n.nhsba69f5cedb0e5f2 {\r\ndisplay: block;\r\n}\r\n}\r\n@media screen and (min-width: 769px) and (max-width: 992px) {\r\n.nhsba69f5cedb0e5f2 {\r\ndisplay: block;\r\n}\r\n}\r\n@media screen and (min-width: 768px) and (max-width: 768px) {\r\n.nhsba69f5cedb0e5f2 {\r\ndisplay: block;\r\n}\r\n}\r\n@media screen and (max-width: 767px) {\r\n.nhsba69f5cedb0e5f2 {\r\ndisplay: block;\r\n}\r\n}\r\n<\/style>\r\n\n<p>&nbsp;<\/p>\n<p><center><\/center><\/p>\n<p>&nbsp;<\/p>\n<p>&nbsp;<\/p>\n<p>&nbsp;<\/p><div class=\"xyqjx69f5cedb0e5d5\" ><div style=\"padding: 10px; border: 10px outset #b8174a; border-radius: 15px;\"><center><strong>\n\u261d\ufe0f <a href=\"https:\/\/recalculandoviajes.com\/iati-seguros\">VIAJA SEGURO - DESCUENTOS \/ 5% OFF IATI<\/a>!!<br\/>\ud83d\udc69\u200d\u2695\ufe0f\ud83d\udc68\u200d\u2695\ufe0f Requisito indispensable para viajar sin preocupaciones! \ud83c\udf0e\u2708\ufe0f <a href=\"https:\/\/recalculandoviajes.com\/asistencia-al-viajero\/\">Cotiz\u00e1, Compar\u00e1 y Contrat\u00e1<\/a><\/strong><\/center><\/div><br\/><\/div><style type=\"text\/css\">\r\n@media screen and (min-width: 1201px) {\r\n.xyqjx69f5cedb0e5d5 {\r\ndisplay: block;\r\n}\r\n}\r\n@media screen and (min-width: 993px) and (max-width: 1200px) {\r\n.xyqjx69f5cedb0e5d5 {\r\ndisplay: block;\r\n}\r\n}\r\n@media screen and (min-width: 769px) and (max-width: 992px) {\r\n.xyqjx69f5cedb0e5d5 {\r\ndisplay: block;\r\n}\r\n}\r\n@media screen and (min-width: 768px) and (max-width: 768px) {\r\n.xyqjx69f5cedb0e5d5 {\r\ndisplay: block;\r\n}\r\n}\r\n@media screen and (max-width: 767px) {\r\n.xyqjx69f5cedb0e5d5 {\r\ndisplay: block;\r\n}\r\n}\r\n<\/style>\r\n\n<p><center><\/center><\/p>\n<p>&nbsp;<\/p>\n<blockquote class=\"instagram-media\" style=\"background: #FFF; border: 0; border-radius: 3px; box-shadow: 0 0 1px 0 rgba(0,0,0,0.5),0 1px 10px 0 rgba(0,0,0,0.15); margin: 1px; max-width: 658px; padding: 0; width: calc(100% - 2px);\" data-instgrm-captioned=\"\" data-instgrm-version=\"6\">\n<div style=\"padding: 8px;\">\n<div style=\"background: #F8F8F8; line-height: 0; margin-top: 40px; padding: 50.0% 0; text-align: center; width: 100%;\">\n<div style=\"background: url(data:image\/png; base64,ivborw0kggoaaaansuheugaaacwaaaascamaaaapwqozaaaagfbmveuiiii9pt0ehh4gib4hibkchbwchbwchbydr+jqaaaachrstlmaba4yhyqsm5jtamwaaadfsurbvdjl7zvbegmhcaqbaf\/\/42xcnbpaqakcm0ftumfaaibe81iqbjds3ls6zs3bipb9wed3yyxfpmhrft8sgyrcp1x8ueuxlmznwelfoycv6mhwwwmzdpekhlhlw7nwjqkhc4uizphavdza2jpzudsbzzinae2s6owh8xpmx8g7zzgkeopuoyhvgz1tbcxmkd3kwnvbu0gkhkx+izilf77iofhry1nyfnb\/lqpb79drwoyjva\/davg9b\/rlb4cc+nqgdz\/tvbbbnr6gbreqn\/nrmdgaqeej7whonozjf+y2i\/fzou\/qaaaaaelftksuqmcc); display: block; height: 44px; margin: 0 auto -44px; position: relative; top: -22px; width: 44px;\">\u00a0<\/div>\n<\/div>\n<p style=\"margin: 8px 0 0 0; padding: 0 4px;\"><a style=\"color: #000; font-family: Arial,sans-serif; font-size: 14px; font-style: normal; font-weight: normal; line-height: 17px; text-decoration: none; word-wrap: break-word;\" href=\"http:\/\/instagram.com\/p\/CDkFTOZhnOY\" target=\"_blank\" rel=\"noopener noreferrer\">#Tbt La segunda vez que visitamos Paris &#8230; \u2764\ufe0f.<br \/>\u2022<br \/>Viajamos de Buenos Aires a Paris llegando a la nochecita.<br \/>\u2022<br \/>Entre el Jet Lag y la emocio\u0301n, me desperte\u0301 (Nanu) a las 4 am con TODA la energi\u0301a para salir a pasear.<br \/>\u2022<br \/>A las 6 de la man\u0303ana ya esta\u0301bamos poniendo un pie en el Campo de Marte \ud83d\udc4f\ud83d\udc4f\ud83d\udc4f para verla a ella \ud83e\udd70\ud83e\udd70 &#8230; a la imponente Torre Eiffel, la que nos enamora cada vez que volvemos a visitarla!.<br \/>\u2022<br \/>Como ven en la foto, teni\u0301amos todooo el lugar para nosotros solos, no habi\u0301a ni un alma! Como dice el dicho &#8230; \ud83e\udd23\ud83e\udd23 al que madruga, Dios lo ayuda ajajajaja .<br \/>\u2022<br \/>Asi\u0301 que ese di\u0301a aprendimos que no hay magia \ud83e\uddd9\u200d\u2642\ufe0f para tener una foto sin gente &#8230; simplemente hay que madrugar !!!.<br \/>\u2022<br \/>\ud83d\udc49Son de madrugar para poder disfrutar los lugares sin gente ??<br \/>\u2022<br \/>English \ud83c\uddec\ud83c\udde7 in the first comment.<br \/>\u2022<\/a><\/p>\n<p>#recalculando #travel #viajes #viajar #voyage #travelphotography #traveling #wanderlust #coupletravel #couplegoals #travellife #world #travelblogger #travels #vidaviajera #vivirviajando #lovetravel #lovetraveling #lovetravelingtheworld #vueltaalmundo #francia #france #paris #torreeiffel #eiffeltower #eiffeltowerparis #europe #europa<\/p>\n<p style=\"color: #c9c8cd; font-family: Arial,sans-serif; font-size: 14px; line-height: 17px; margin-bottom: 0; margin-top: 8px; overflow: hidden; padding: 8px 0 7px; text-align: center; text-overflow: ellipsis; white-space: nowrap;\">A photo posted by \u211d\ud835\udd56\ud835\udd54\ud835\udd52\ud835\udd5d\ud835\udd54\ud835\udd66\ud835\udd5d\ud835\udd52\ud835\udd5f\ud835\udd55\ud835\udd60 \ud835\udd67\ud835\udd5a\ud835\udd52\ud835\udd5b\ud835\udd56\ud835\udd64 (@recalculandoviajes) on <time style=\"font-family: Arial,sans-serif; font-size: 14px; line-height: 17px;\" datetime=\"2020-08-06 21:58:38\">2020-08-06 21:58:38<\/time><\/p>\n<\/div>\n<\/blockquote>\n<p><script async defer src=\"\/\/platform.instagram.com\/en_US\/embeds.js\"><\/script><br \/><a href=\"http:\/\/instagram.com\/p\/CDkFTOZhnOY\">Instagram Link<\/a><\/p>\n[\/et_pb_text][\/et_pb_column][\/et_pb_row][\/et_pb_section]\n<div class=\"xcees69f5cedaeb7e6\" ><br\/>\n<div class=\"rpbt_shortcode\">\n<h3>Tambi\u00e9n podr\u00eda interesarte:<\/h3>\n<style type=\"text\/css\">\n\t\t\t#rpbt-related-gallery-1 {\n\t\t\t\tmargin: auto;\n\t\t\t}\n\t\t\t#rpbt-related-gallery-1 .gallery-item {\n\t\t\t\tfloat: left;\n\t\t\t\tmargin-top: 10px;\n\t\t\t\ttext-align: center;\n\t\t\t\twidth: 33%;\n\t\t\t}\n\t\t\t#rpbt-related-gallery-1 img {\n\t\t\t\tborder: 2px solid #cfcfcf;\n\t\t\t}\n\t\t\t#rpbt-related-gallery-1 .gallery-caption {\n\t\t\t\tmargin-left: 0;\n\t\t\t}\n\t\t\t\/* see gallery_shortcode() in wp-includes\/media.php *\/\n\t\t<\/style>\n\t\t<div id='rpbt-related-gallery-1' class='gallery related-gallery related-galleryid-4017 gallery-columns-3 gallery-size-large'><dl class='gallery-item' role='figure' aria-label='Qu\u00e9 Ver en Arcachon Francia: Gu\u00eda Imprescindible 2026'>\n\t\t\t<dt class='gallery-icon landscape'>\n\t\t\t\t<a href='https:\/\/www.recalculandoviajes.com\/que-ver-en-arcachon\/'><img width=\"1080\" height=\"675\" src=\"https:\/\/www.recalculandoviajes.com\/wp-content\/uploads\/2026\/04\/que-ver-en-arcachon.webp\" class=\"attachment-large size-large\" alt=\"que ver en arcachon\" aria-describedby=\"rpbt-related-gallery-1-4485\" srcset=\"https:\/\/www.recalculandoviajes.com\/wp-content\/uploads\/2026\/04\/que-ver-en-arcachon.webp 1080w, https:\/\/www.recalculandoviajes.com\/wp-content\/uploads\/2026\/04\/que-ver-en-arcachon-980x613.webp 980w, https:\/\/www.recalculandoviajes.com\/wp-content\/uploads\/2026\/04\/que-ver-en-arcachon-480x300.webp 480w\" sizes=\"(min-width: 0px) and (max-width: 480px) 480px, (min-width: 481px) and (max-width: 980px) 980px, (min-width: 981px) 1080px, 100vw\" \/><\/a>\n\t\t\t<\/dt>\n\t\t\t\t<dd class='wp-caption-text gallery-caption' id='rpbt-related-gallery-1-4485'>\n\t\t\t\t<a href=\"https:\/\/www.recalculandoviajes.com\/que-ver-en-arcachon\/\">Qu\u00e9 Ver en Arcachon Francia: Gu\u00eda Imprescindible 2026<\/a>\n\t\t\t\t<\/dd><\/dl><dl class='gallery-item' role='figure' aria-label='Qu\u00e9 Ver en Cordes sur Ciel: Gu\u00eda Esencial para Visitar el Pueblo Sobre las Nubes en 2026'>\n\t\t\t<dt class='gallery-icon landscape'>\n\t\t\t\t<a href='https:\/\/www.recalculandoviajes.com\/que-ver-en-cordes-sur-ciel\/'><img width=\"1080\" height=\"675\" src=\"https:\/\/www.recalculandoviajes.com\/wp-content\/uploads\/2026\/04\/que-ver-en-cordes-sur-ciel.webp\" class=\"attachment-large size-large\" alt=\"que ver en cordes sur ciel\" aria-describedby=\"rpbt-related-gallery-1-5746\" srcset=\"https:\/\/www.recalculandoviajes.com\/wp-content\/uploads\/2026\/04\/que-ver-en-cordes-sur-ciel.webp 1080w, https:\/\/www.recalculandoviajes.com\/wp-content\/uploads\/2026\/04\/que-ver-en-cordes-sur-ciel-980x613.webp 980w, https:\/\/www.recalculandoviajes.com\/wp-content\/uploads\/2026\/04\/que-ver-en-cordes-sur-ciel-480x300.webp 480w\" sizes=\"(min-width: 0px) and (max-width: 480px) 480px, (min-width: 481px) and (max-width: 980px) 980px, (min-width: 981px) 1080px, 100vw\" \/><\/a>\n\t\t\t<\/dt>\n\t\t\t\t<dd class='wp-caption-text gallery-caption' id='rpbt-related-gallery-1-5746'>\n\t\t\t\t<a href=\"https:\/\/www.recalculandoviajes.com\/que-ver-en-cordes-sur-ciel\/\">Qu\u00e9 Ver en Cordes sur Ciel: Gu\u00eda Esencial para Visitar el Pueblo Sobre las Nubes en 2026<\/a>\n\t\t\t\t<\/dd><\/dl><dl class='gallery-item' role='figure' aria-label='Qu\u00e9 ver en Albi: la gu\u00eda esencial con los mejores lugares para visitar en 2026'>\n\t\t\t<dt class='gallery-icon landscape'>\n\t\t\t\t<a href='https:\/\/www.recalculandoviajes.com\/que-ver-en-albi\/'><img width=\"1080\" height=\"675\" src=\"https:\/\/www.recalculandoviajes.com\/wp-content\/uploads\/2026\/04\/que-ver-en-albi.webp\" class=\"attachment-large size-large\" alt=\"que ver en albi\" aria-describedby=\"rpbt-related-gallery-1-5784\" srcset=\"https:\/\/www.recalculandoviajes.com\/wp-content\/uploads\/2026\/04\/que-ver-en-albi.webp 1080w, https:\/\/www.recalculandoviajes.com\/wp-content\/uploads\/2026\/04\/que-ver-en-albi-980x613.webp 980w, https:\/\/www.recalculandoviajes.com\/wp-content\/uploads\/2026\/04\/que-ver-en-albi-480x300.webp 480w\" sizes=\"(min-width: 0px) and (max-width: 480px) 480px, (min-width: 481px) and (max-width: 980px) 980px, (min-width: 981px) 1080px, 100vw\" \/><\/a>\n\t\t\t<\/dt>\n\t\t\t\t<dd class='wp-caption-text gallery-caption' id='rpbt-related-gallery-1-5784'>\n\t\t\t\t<a href=\"https:\/\/www.recalculandoviajes.com\/que-ver-en-albi\/\">Qu\u00e9 ver en Albi: la gu\u00eda esencial con los mejores lugares para visitar en 2026<\/a>\n\t\t\t\t<\/dd><\/dl><br style=\"clear: both\" \/>\n\t\t<\/div>\n<\/div><\/div><style type=\"text\/css\">\r\n@media screen and (min-width: 1201px) {\r\n.xcees69f5cedaeb7e6 {\r\ndisplay: block;\r\n}\r\n}\r\n@media screen and (min-width: 993px) and (max-width: 1200px) {\r\n.xcees69f5cedaeb7e6 {\r\ndisplay: block;\r\n}\r\n}\r\n@media screen and (min-width: 769px) and (max-width: 992px) {\r\n.xcees69f5cedaeb7e6 {\r\ndisplay: block;\r\n}\r\n}\r\n@media screen and (min-width: 768px) and (max-width: 768px) {\r\n.xcees69f5cedaeb7e6 {\r\ndisplay: block;\r\n}\r\n}\r\n@media screen and (max-width: 767px) {\r\n.xcees69f5cedaeb7e6 {\r\ndisplay: block;\r\n}\r\n}\r\n<\/style>\r\n","protected":false},"excerpt":{"rendered":"<p>La segunda vez que visitamos Paris &#8230; \u2764\ufe0f.\u2022Viajamos de Buenos Aires a Paris llegando a la nochecita.\u2022Entre el Jet Lag y la emocio\u0301n, me desperte\u0301 (Nanu) a las 4 am con TODA la energi\u0301a para salir a pasear.\u2022A las 6 de la man\u0303ana ya esta\u0301bamos poniendo un pie en el Campo de Marte \ud83d\udc4f\ud83d\udc4f\ud83d\udc4f para [&hellip;]<\/p>\n","protected":false},"author":3,"featured_media":4018,"comment_status":"open","ping_status":"open","sticky":false,"template":"","format":"standard","meta":{"_et_pb_use_builder":"on","_et_pb_old_content":"<ad_1><script async src=\"https:\/\/pagead2.googlesyndication.com\/pagead\/js\/adsbygoogle.js\"><\/script>\r\n<!-- Anuncio display Horizontal -->\r\n<ins class=\"adsbygoogle\"\r\n     style=\"display:block\"\r\n     data-ad-client=\"ca-pub-6665028185941630\"\r\n     data-ad-slot=\"5141091675\"\r\n     data-ad-format=\"auto\"\r\n     data-full-width-responsive=\"true\"><\/ins>\r\n<script>\r\n     (adsbygoogle = window.adsbygoogle || []).push();\r\n<\/script>\r\n<p> La segunda vez que visitamos Paris ... \u2764\ufe0f.\r\n\u2022\r\nViajamos de Buenos Aires a Paris llegando a la nochecita.\r\n\u2022\r\nEntre el Jet Lag y la emocio\u0301n, me desperte\u0301 (Nanu) a las 4 am con TODA la energi\u0301a para salir a pasear.\r\n\u2022\r\nA las 6 de la man\u0303ana ya esta\u0301bamos poniendo un pie en el Campo de Marte \ud83d\udc4f\ud83d\udc4f\ud83d\udc4f para verla a ella \ud83e\udd70\ud83e\udd70 ... a la imponente Torre Eiffel, la que nos enamora cada vez que volvemos a visitarla!.\r\n\u2022\r\nComo ven en la foto, teni\u0301amos todooo el lugar para nosotros solos, no habi\u0301a ni un alma! Como dice el dicho ... \ud83e\udd23\ud83e\udd23 al que madruga, Dios lo ayuda ajajajaja .\r\n\u2022\r\nAsi\u0301 que ese di\u0301a aprendimos que no hay magia \ud83e\uddd9\u200d\u2642\ufe0f para tener una foto sin gente ... simplemente hay que madrugar !!!.\r\n\u2022\r\n\ud83d\udc49Son de madrugar para poder disfrutar los lugares sin gente ?? \r\n\u2022\r\nEnglish \ud83c\uddec\ud83c\udde7 in the first comment.\r\n\u2022\r\n\r\n                               <br><\/p>\r\n<ad_2>\r\n<div style=\"padding: 10px; border: 10px outset #b8174a; border-radius: 15px;\"><center><strong>Aca les dejamos \ud83d\udcb2<a href=\"https:\/\/recalculandoviajes.com\/descuentos\/\">Descuentos para tus viajes $$$<\/a> \u2708\ufe0f: Airbnb - Booking y m\u00e1s! <\/strong><\/center><\/div>\r\n<br>\r\n<img src=\"https:\/\/recalculandoviajes.com\/wp-content\/uploads\/2020\/12\/La-segunda-vez-que-visitamos-Paris-Viajamos-de-Buen.jpg\" \/>\r\n<br>\r\n<p>Paris, France<\/p>\r\n<br>\r\n<center><\/center>\r\n<center><blockquote class=\"instagram-media\" data-instgrm-captioned data-instgrm-version=\"6\" style=\" background:#FFF; border:0; border-radius:3px; box-shadow:0 0 1px 0 rgba(0,0,0,0.5),0 1px 10px 0 rgba(0,0,0,0.15); margin: 1px; max-width:658px; padding:0; width:99.375%; width:-webkit-calc(100% - 2px); width:calc(100% - 2px);\"><div style=\"padding:8px;\"> <div style=\" background:#F8F8F8; line-height:0; margin-top:40px; padding:50.0% 0; text-align:center; width:100%;\"> <div style=\" background:url(data:image\/png;base64,iVBORw0KGgoAAAANSUhEUgAAACwAAAAsCAMAAAApWqozAAAAGFBMVEUiIiI9PT0eHh4gIB4hIBkcHBwcHBwcHBydr+JQAAAACHRSTlMABA4YHyQsM5jtaMwAAADfSURBVDjL7ZVBEgMhCAQBAf\/\/42xcNbpAqakcM0ftUmFAAIBE81IqBJdS3lS6zs3bIpB9WED3YYXFPmHRfT8sgyrCP1x8uEUxLMzNWElFOYCV6mHWWwMzdPEKHlhLw7NWJqkHc4uIZphavDzA2JPzUDsBZziNae2S6owH8xPmX8G7zzgKEOPUoYHvGz1TBCxMkd3kwNVbU0gKHkx+iZILf77IofhrY1nYFnB\/lQPb79drWOyJVa\/DAvg9B\/rLB4cC+Nqgdz\/TvBbBnr6GBReqn\/nRmDgaQEej7WhonozjF+Y2I\/fZou\/qAAAAAElFTkSuQmCC); display:block; height:44px; margin:0 auto -44px; position:relative; top:-22px; width:44px;\"><\/div><\/div> <p style=\" margin:8px 0 0 0; padding:0 4px;\"> <a href=\"http:\/\/instagram.com\/p\/CDkFTOZhnOY\" style=\" color:#000; font-family:Arial,sans-serif; font-size:14px; font-style:normal; font-weight:normal; line-height:17px; text-decoration:none; word-wrap:break-word;\" target=\"_blank\" rel=\"noopener noreferrer\">#Tbt La segunda vez que visitamos Paris ... \u2764\ufe0f.\r\n\u2022\r\nViajamos de Buenos Aires a Paris llegando a la nochecita.\r\n\u2022\r\nEntre el Jet Lag y la emocio\u0301n, me desperte\u0301 (Nanu) a las 4 am con TODA la energi\u0301a para salir a pasear.\r\n\u2022\r\nA las 6 de la man\u0303ana ya esta\u0301bamos poniendo un pie en el Campo de Marte \ud83d\udc4f\ud83d\udc4f\ud83d\udc4f para verla a ella \ud83e\udd70\ud83e\udd70 ... a la imponente Torre Eiffel, la que nos enamora cada vez que volvemos a visitarla!.\r\n\u2022\r\nComo ven en la foto, teni\u0301amos todooo el lugar para nosotros solos, no habi\u0301a ni un alma! Como dice el dicho ... \ud83e\udd23\ud83e\udd23 al que madruga, Dios lo ayuda ajajajaja .\r\n\u2022\r\nAsi\u0301 que ese di\u0301a aprendimos que no hay magia \ud83e\uddd9\u200d\u2642\ufe0f para tener una foto sin gente ... simplemente hay que madrugar !!!.\r\n\u2022\r\n\ud83d\udc49Son de madrugar para poder disfrutar los lugares sin gente ?? \r\n\u2022\r\nEnglish \ud83c\uddec\ud83c\udde7 in the first comment.\r\n\u2022\r\n\r\n#recalculando #travel #viajes #viajar #voyage #travelphotography #traveling #wanderlust #coupletravel  #couplegoals #travellife #world #travelblogger #travels #vidaviajera  #vivirviajando #lovetravel #lovetraveling #lovetravelingtheworld #vueltaalmundo #francia #france #paris #torreeiffel  #eiffeltower #eiffeltowerparis #europe #europa<\/a><\/p> <p style=\" color:#c9c8cd; font-family:Arial,sans-serif; font-size:14px; line-height:17px; margin-bottom:0; margin-top:8px; overflow:hidden; padding:8px 0 7px; text-align:center; text-overflow:ellipsis; white-space:nowrap;\">A photo posted by \u211d\ud835\udd56\ud835\udd54\ud835\udd52\ud835\udd5d\ud835\udd54\ud835\udd66\ud835\udd5d\ud835\udd52\ud835\udd5f\ud835\udd55\ud835\udd60 \ud835\udd67\ud835\udd5a\ud835\udd52\ud835\udd5b\ud835\udd56\ud835\udd64 (@recalculandoviajes) on <time style=\" font-family:Arial,sans-serif; font-size:14px; line-height:17px;\" datetime=\"2020-08-06 21:58:38\">2020-08-06 21:58:38<\/time><\/p><\/div><\/blockquote><script async defer src=\"\/\/platform.instagram.com\/en_US\/embeds.js\"><\/script><\/center>\r\n<br><a href=\"http:\/\/instagram.com\/p\/CDkFTOZhnOY\">Instagram Link<\/a>\r\n<br>","_et_gb_content_width":"","footnotes":""},"categories":[79,125,3,24,120,115],"tags":[118,72,116,117,49],"class_list":["post-4017","post","type-post","status-publish","format-standard","has-post-thumbnail","hentry","category-america","category-argentina","category-blog","category-europa","category-francia","category-lugares","tag-destinos","tag-francia","tag-instagram","tag-lugares","tag-viajes"],"yoast_head":"<!-- This site is optimized with the Yoast SEO plugin v27.5 - https:\/\/yoast.com\/product\/yoast-seo-wordpress\/ -->\n<title>De Buenos Aires a Paris | Segunda vez que visitamos Par\u00eds - Recalculando Viajes<\/title>\n<meta name=\"description\" content=\"Visitamos Par\u00eds. Viajar de Buenos Aires a Paris. Campo de Marte, Torre Eiffel Tips y todo sobre viajes!. Descubre Francia. Viaja a Par\u00eds\" \/>\n<meta name=\"robots\" content=\"index, follow, max-snippet:-1, max-image-preview:large, max-video-preview:-1\" \/>\n<link rel=\"canonical\" href=\"https:\/\/www.recalculandoviajes.com\/visitamos-paris-de-buenos-aires-a-paris\/\" \/>\n<meta property=\"og:locale\" content=\"es_ES\" \/>\n<meta property=\"og:type\" content=\"article\" \/>\n<meta property=\"og:title\" content=\"De Buenos Aires a Paris | Segunda vez que visitamos Par\u00eds - Recalculando Viajes\" \/>\n<meta property=\"og:description\" content=\"Visitamos Par\u00eds. Viajar de Buenos Aires a Paris. Campo de Marte, Torre Eiffel Tips y todo sobre viajes!. Descubre Francia. Viaja a Par\u00eds\" \/>\n<meta property=\"og:url\" content=\"https:\/\/www.recalculandoviajes.com\/visitamos-paris-de-buenos-aires-a-paris\/\" \/>\n<meta property=\"og:site_name\" content=\"Recalculando Viajes\" \/>\n<meta property=\"article:publisher\" content=\"https:\/\/www.facebook.com\/recalculandov\/\" \/>\n<meta property=\"article:published_time\" content=\"2020-08-06T21:58:38+00:00\" \/>\n<meta property=\"article:modified_time\" content=\"2021-06-17T10:20:13+00:00\" \/>\n<meta property=\"og:image\" content=\"https:\/\/www.recalculandoviajes.com\/wp-content\/uploads\/2020\/12\/La-segunda-vez-que-visitamos-Paris-Viajamos-de-Buen.jpg\" \/>\n\t<meta property=\"og:image:width\" content=\"1080\" \/>\n\t<meta property=\"og:image:height\" content=\"606\" \/>\n\t<meta property=\"og:image:type\" content=\"image\/jpeg\" \/>\n<meta name=\"author\" content=\"Recalculando\" \/>\n<meta name=\"twitter:card\" content=\"summary_large_image\" \/>\n<meta name=\"twitter:label1\" content=\"Escrito por\" \/>\n\t<meta name=\"twitter:data1\" content=\"Recalculando\" \/>\n\t<meta name=\"twitter:label2\" content=\"Tiempo de lectura\" \/>\n\t<meta name=\"twitter:data2\" content=\"2 minutos\" \/>\n<script type=\"application\/ld+json\" class=\"yoast-schema-graph\">{\"@context\":\"https:\\\/\\\/schema.org\",\"@graph\":[{\"@type\":\"Article\",\"@id\":\"https:\\\/\\\/www.recalculandoviajes.com\\\/visitamos-paris-de-buenos-aires-a-paris\\\/#article\",\"isPartOf\":{\"@id\":\"https:\\\/\\\/www.recalculandoviajes.com\\\/visitamos-paris-de-buenos-aires-a-paris\\\/\"},\"author\":{\"name\":\"Recalculando\",\"@id\":\"https:\\\/\\\/www.recalculandoviajes.com\\\/#\\\/schema\\\/person\\\/4d45b86e19dbffb46f89625badbd0c1b\"},\"headline\":\"De Buenos Aires a Paris | Segunda vez que visitamos Par\u00eds\",\"datePublished\":\"2020-08-06T21:58:38+00:00\",\"dateModified\":\"2021-06-17T10:20:13+00:00\",\"mainEntityOfPage\":{\"@id\":\"https:\\\/\\\/www.recalculandoviajes.com\\\/visitamos-paris-de-buenos-aires-a-paris\\\/\"},\"wordCount\":414,\"commentCount\":13,\"publisher\":{\"@id\":\"https:\\\/\\\/www.recalculandoviajes.com\\\/#organization\"},\"image\":{\"@id\":\"https:\\\/\\\/www.recalculandoviajes.com\\\/visitamos-paris-de-buenos-aires-a-paris\\\/#primaryimage\"},\"thumbnailUrl\":\"https:\\\/\\\/www.recalculandoviajes.com\\\/wp-content\\\/uploads\\\/2020\\\/12\\\/La-segunda-vez-que-visitamos-Paris-Viajamos-de-Buen.jpg\",\"keywords\":[\"destinos\",\"Francia\",\"instagram\",\"lugares\",\"Viajes\"],\"articleSection\":[\"Am\u00e9rica\",\"Argentina\",\"Blog\",\"Europa\",\"Francia\",\"Lugares\"],\"inLanguage\":\"es\",\"potentialAction\":[{\"@type\":\"CommentAction\",\"name\":\"Comment\",\"target\":[\"https:\\\/\\\/www.recalculandoviajes.com\\\/visitamos-paris-de-buenos-aires-a-paris\\\/#respond\"]}]},{\"@type\":\"WebPage\",\"@id\":\"https:\\\/\\\/www.recalculandoviajes.com\\\/visitamos-paris-de-buenos-aires-a-paris\\\/\",\"url\":\"https:\\\/\\\/www.recalculandoviajes.com\\\/visitamos-paris-de-buenos-aires-a-paris\\\/\",\"name\":\"De Buenos Aires a Paris | Segunda vez que visitamos Par\u00eds - Recalculando Viajes\",\"isPartOf\":{\"@id\":\"https:\\\/\\\/www.recalculandoviajes.com\\\/#website\"},\"primaryImageOfPage\":{\"@id\":\"https:\\\/\\\/www.recalculandoviajes.com\\\/visitamos-paris-de-buenos-aires-a-paris\\\/#primaryimage\"},\"image\":{\"@id\":\"https:\\\/\\\/www.recalculandoviajes.com\\\/visitamos-paris-de-buenos-aires-a-paris\\\/#primaryimage\"},\"thumbnailUrl\":\"https:\\\/\\\/www.recalculandoviajes.com\\\/wp-content\\\/uploads\\\/2020\\\/12\\\/La-segunda-vez-que-visitamos-Paris-Viajamos-de-Buen.jpg\",\"datePublished\":\"2020-08-06T21:58:38+00:00\",\"dateModified\":\"2021-06-17T10:20:13+00:00\",\"description\":\"Visitamos Par\u00eds. Viajar de Buenos Aires a Paris. Campo de Marte, Torre Eiffel Tips y todo sobre viajes!. Descubre Francia. Viaja a Par\u00eds\",\"breadcrumb\":{\"@id\":\"https:\\\/\\\/www.recalculandoviajes.com\\\/visitamos-paris-de-buenos-aires-a-paris\\\/#breadcrumb\"},\"inLanguage\":\"es\",\"potentialAction\":[{\"@type\":\"ReadAction\",\"target\":[\"https:\\\/\\\/www.recalculandoviajes.com\\\/visitamos-paris-de-buenos-aires-a-paris\\\/\"]}]},{\"@type\":\"ImageObject\",\"inLanguage\":\"es\",\"@id\":\"https:\\\/\\\/www.recalculandoviajes.com\\\/visitamos-paris-de-buenos-aires-a-paris\\\/#primaryimage\",\"url\":\"https:\\\/\\\/www.recalculandoviajes.com\\\/wp-content\\\/uploads\\\/2020\\\/12\\\/La-segunda-vez-que-visitamos-Paris-Viajamos-de-Buen.jpg\",\"contentUrl\":\"https:\\\/\\\/www.recalculandoviajes.com\\\/wp-content\\\/uploads\\\/2020\\\/12\\\/La-segunda-vez-que-visitamos-Paris-Viajamos-de-Buen.jpg\",\"width\":1080,\"height\":606,\"caption\":\"paris\"},{\"@type\":\"BreadcrumbList\",\"@id\":\"https:\\\/\\\/www.recalculandoviajes.com\\\/visitamos-paris-de-buenos-aires-a-paris\\\/#breadcrumb\",\"itemListElement\":[{\"@type\":\"ListItem\",\"position\":1,\"name\":\"Portada\",\"item\":\"https:\\\/\\\/www.recalculandoviajes.com\\\/\"},{\"@type\":\"ListItem\",\"position\":2,\"name\":\"De Buenos Aires a Paris | Segunda vez que visitamos Par\u00eds\"}]},{\"@type\":\"WebSite\",\"@id\":\"https:\\\/\\\/www.recalculandoviajes.com\\\/#website\",\"url\":\"https:\\\/\\\/www.recalculandoviajes.com\\\/\",\"name\":\"Recalculando viajes\",\"description\":\"Compartimos nuestra gran aventura de Vivir viajando\",\"publisher\":{\"@id\":\"https:\\\/\\\/www.recalculandoviajes.com\\\/#organization\"},\"potentialAction\":[{\"@type\":\"SearchAction\",\"target\":{\"@type\":\"EntryPoint\",\"urlTemplate\":\"https:\\\/\\\/www.recalculandoviajes.com\\\/?s={search_term_string}\"},\"query-input\":{\"@type\":\"PropertyValueSpecification\",\"valueRequired\":true,\"valueName\":\"search_term_string\"}}],\"inLanguage\":\"es\"},{\"@type\":\"Organization\",\"@id\":\"https:\\\/\\\/www.recalculandoviajes.com\\\/#organization\",\"name\":\"Recalculando Viajes\",\"url\":\"https:\\\/\\\/www.recalculandoviajes.com\\\/\",\"logo\":{\"@type\":\"ImageObject\",\"inLanguage\":\"es\",\"@id\":\"https:\\\/\\\/www.recalculandoviajes.com\\\/#\\\/schema\\\/logo\\\/image\\\/\",\"url\":\"https:\\\/\\\/recalculandoviajes.com\\\/wp-content\\\/uploads\\\/2018\\\/07\\\/RecalculandoLogo-1.png\",\"contentUrl\":\"https:\\\/\\\/recalculandoviajes.com\\\/wp-content\\\/uploads\\\/2018\\\/07\\\/RecalculandoLogo-1.png\",\"width\":581,\"height\":591,\"caption\":\"Recalculando Viajes\"},\"image\":{\"@id\":\"https:\\\/\\\/www.recalculandoviajes.com\\\/#\\\/schema\\\/logo\\\/image\\\/\"},\"sameAs\":[\"https:\\\/\\\/www.facebook.com\\\/recalculandov\\\/\",\"https:\\\/\\\/instagram.com\\\/recalculandoviajes\",\"https:\\\/\\\/www.pinterest.com\\\/recalculandoviajes\\\/\",\"https:\\\/\\\/www.youtube.com\\\/channel\\\/UCl9mlzCiqE_YLnQkoL9tzqA\"]},{\"@type\":\"Person\",\"@id\":\"https:\\\/\\\/www.recalculandoviajes.com\\\/#\\\/schema\\\/person\\\/4d45b86e19dbffb46f89625badbd0c1b\",\"name\":\"Recalculando\",\"image\":{\"@type\":\"ImageObject\",\"inLanguage\":\"es\",\"@id\":\"https:\\\/\\\/secure.gravatar.com\\\/avatar\\\/0a8f4205066a2aa397b89ca406750e0680a072b66293ad538ae5ab59b0f14e64?s=96&d=mm&r=g\",\"url\":\"https:\\\/\\\/secure.gravatar.com\\\/avatar\\\/0a8f4205066a2aa397b89ca406750e0680a072b66293ad538ae5ab59b0f14e64?s=96&d=mm&r=g\",\"contentUrl\":\"https:\\\/\\\/secure.gravatar.com\\\/avatar\\\/0a8f4205066a2aa397b89ca406750e0680a072b66293ad538ae5ab59b0f14e64?s=96&d=mm&r=g\",\"caption\":\"Recalculando\"}}]}<\/script>\n<!-- \/ Yoast SEO plugin. -->","yoast_head_json":{"title":"De Buenos Aires a Paris | Segunda vez que visitamos Par\u00eds - Recalculando Viajes","description":"Visitamos Par\u00eds. Viajar de Buenos Aires a Paris. Campo de Marte, Torre Eiffel Tips y todo sobre viajes!. Descubre Francia. Viaja a Par\u00eds","robots":{"index":"index","follow":"follow","max-snippet":"max-snippet:-1","max-image-preview":"max-image-preview:large","max-video-preview":"max-video-preview:-1"},"canonical":"https:\/\/www.recalculandoviajes.com\/visitamos-paris-de-buenos-aires-a-paris\/","og_locale":"es_ES","og_type":"article","og_title":"De Buenos Aires a Paris | Segunda vez que visitamos Par\u00eds - Recalculando Viajes","og_description":"Visitamos Par\u00eds. Viajar de Buenos Aires a Paris. Campo de Marte, Torre Eiffel Tips y todo sobre viajes!. Descubre Francia. Viaja a Par\u00eds","og_url":"https:\/\/www.recalculandoviajes.com\/visitamos-paris-de-buenos-aires-a-paris\/","og_site_name":"Recalculando Viajes","article_publisher":"https:\/\/www.facebook.com\/recalculandov\/","article_published_time":"2020-08-06T21:58:38+00:00","article_modified_time":"2021-06-17T10:20:13+00:00","og_image":[{"width":1080,"height":606,"url":"https:\/\/www.recalculandoviajes.com\/wp-content\/uploads\/2020\/12\/La-segunda-vez-que-visitamos-Paris-Viajamos-de-Buen.jpg","type":"image\/jpeg"}],"author":"Recalculando","twitter_card":"summary_large_image","twitter_misc":{"Escrito por":"Recalculando","Tiempo de lectura":"2 minutos"},"schema":{"@context":"https:\/\/schema.org","@graph":[{"@type":"Article","@id":"https:\/\/www.recalculandoviajes.com\/visitamos-paris-de-buenos-aires-a-paris\/#article","isPartOf":{"@id":"https:\/\/www.recalculandoviajes.com\/visitamos-paris-de-buenos-aires-a-paris\/"},"author":{"name":"Recalculando","@id":"https:\/\/www.recalculandoviajes.com\/#\/schema\/person\/4d45b86e19dbffb46f89625badbd0c1b"},"headline":"De Buenos Aires a Paris | Segunda vez que visitamos Par\u00eds","datePublished":"2020-08-06T21:58:38+00:00","dateModified":"2021-06-17T10:20:13+00:00","mainEntityOfPage":{"@id":"https:\/\/www.recalculandoviajes.com\/visitamos-paris-de-buenos-aires-a-paris\/"},"wordCount":414,"commentCount":13,"publisher":{"@id":"https:\/\/www.recalculandoviajes.com\/#organization"},"image":{"@id":"https:\/\/www.recalculandoviajes.com\/visitamos-paris-de-buenos-aires-a-paris\/#primaryimage"},"thumbnailUrl":"https:\/\/www.recalculandoviajes.com\/wp-content\/uploads\/2020\/12\/La-segunda-vez-que-visitamos-Paris-Viajamos-de-Buen.jpg","keywords":["destinos","Francia","instagram","lugares","Viajes"],"articleSection":["Am\u00e9rica","Argentina","Blog","Europa","Francia","Lugares"],"inLanguage":"es","potentialAction":[{"@type":"CommentAction","name":"Comment","target":["https:\/\/www.recalculandoviajes.com\/visitamos-paris-de-buenos-aires-a-paris\/#respond"]}]},{"@type":"WebPage","@id":"https:\/\/www.recalculandoviajes.com\/visitamos-paris-de-buenos-aires-a-paris\/","url":"https:\/\/www.recalculandoviajes.com\/visitamos-paris-de-buenos-aires-a-paris\/","name":"De Buenos Aires a Paris | Segunda vez que visitamos Par\u00eds - Recalculando Viajes","isPartOf":{"@id":"https:\/\/www.recalculandoviajes.com\/#website"},"primaryImageOfPage":{"@id":"https:\/\/www.recalculandoviajes.com\/visitamos-paris-de-buenos-aires-a-paris\/#primaryimage"},"image":{"@id":"https:\/\/www.recalculandoviajes.com\/visitamos-paris-de-buenos-aires-a-paris\/#primaryimage"},"thumbnailUrl":"https:\/\/www.recalculandoviajes.com\/wp-content\/uploads\/2020\/12\/La-segunda-vez-que-visitamos-Paris-Viajamos-de-Buen.jpg","datePublished":"2020-08-06T21:58:38+00:00","dateModified":"2021-06-17T10:20:13+00:00","description":"Visitamos Par\u00eds. Viajar de Buenos Aires a Paris. Campo de Marte, Torre Eiffel Tips y todo sobre viajes!. Descubre Francia. Viaja a Par\u00eds","breadcrumb":{"@id":"https:\/\/www.recalculandoviajes.com\/visitamos-paris-de-buenos-aires-a-paris\/#breadcrumb"},"inLanguage":"es","potentialAction":[{"@type":"ReadAction","target":["https:\/\/www.recalculandoviajes.com\/visitamos-paris-de-buenos-aires-a-paris\/"]}]},{"@type":"ImageObject","inLanguage":"es","@id":"https:\/\/www.recalculandoviajes.com\/visitamos-paris-de-buenos-aires-a-paris\/#primaryimage","url":"https:\/\/www.recalculandoviajes.com\/wp-content\/uploads\/2020\/12\/La-segunda-vez-que-visitamos-Paris-Viajamos-de-Buen.jpg","contentUrl":"https:\/\/www.recalculandoviajes.com\/wp-content\/uploads\/2020\/12\/La-segunda-vez-que-visitamos-Paris-Viajamos-de-Buen.jpg","width":1080,"height":606,"caption":"paris"},{"@type":"BreadcrumbList","@id":"https:\/\/www.recalculandoviajes.com\/visitamos-paris-de-buenos-aires-a-paris\/#breadcrumb","itemListElement":[{"@type":"ListItem","position":1,"name":"Portada","item":"https:\/\/www.recalculandoviajes.com\/"},{"@type":"ListItem","position":2,"name":"De Buenos Aires a Paris | Segunda vez que visitamos Par\u00eds"}]},{"@type":"WebSite","@id":"https:\/\/www.recalculandoviajes.com\/#website","url":"https:\/\/www.recalculandoviajes.com\/","name":"Recalculando viajes","description":"Compartimos nuestra gran aventura de Vivir viajando","publisher":{"@id":"https:\/\/www.recalculandoviajes.com\/#organization"},"potentialAction":[{"@type":"SearchAction","target":{"@type":"EntryPoint","urlTemplate":"https:\/\/www.recalculandoviajes.com\/?s={search_term_string}"},"query-input":{"@type":"PropertyValueSpecification","valueRequired":true,"valueName":"search_term_string"}}],"inLanguage":"es"},{"@type":"Organization","@id":"https:\/\/www.recalculandoviajes.com\/#organization","name":"Recalculando Viajes","url":"https:\/\/www.recalculandoviajes.com\/","logo":{"@type":"ImageObject","inLanguage":"es","@id":"https:\/\/www.recalculandoviajes.com\/#\/schema\/logo\/image\/","url":"https:\/\/recalculandoviajes.com\/wp-content\/uploads\/2018\/07\/RecalculandoLogo-1.png","contentUrl":"https:\/\/recalculandoviajes.com\/wp-content\/uploads\/2018\/07\/RecalculandoLogo-1.png","width":581,"height":591,"caption":"Recalculando Viajes"},"image":{"@id":"https:\/\/www.recalculandoviajes.com\/#\/schema\/logo\/image\/"},"sameAs":["https:\/\/www.facebook.com\/recalculandov\/","https:\/\/instagram.com\/recalculandoviajes","https:\/\/www.pinterest.com\/recalculandoviajes\/","https:\/\/www.youtube.com\/channel\/UCl9mlzCiqE_YLnQkoL9tzqA"]},{"@type":"Person","@id":"https:\/\/www.recalculandoviajes.com\/#\/schema\/person\/4d45b86e19dbffb46f89625badbd0c1b","name":"Recalculando","image":{"@type":"ImageObject","inLanguage":"es","@id":"https:\/\/secure.gravatar.com\/avatar\/0a8f4205066a2aa397b89ca406750e0680a072b66293ad538ae5ab59b0f14e64?s=96&d=mm&r=g","url":"https:\/\/secure.gravatar.com\/avatar\/0a8f4205066a2aa397b89ca406750e0680a072b66293ad538ae5ab59b0f14e64?s=96&d=mm&r=g","contentUrl":"https:\/\/secure.gravatar.com\/avatar\/0a8f4205066a2aa397b89ca406750e0680a072b66293ad538ae5ab59b0f14e64?s=96&d=mm&r=g","caption":"Recalculando"}}]}},"_links":{"self":[{"href":"https:\/\/www.recalculandoviajes.com\/recalculando-api\/wp\/v2\/posts\/4017","targetHints":{"allow":["GET"]}}],"collection":[{"href":"https:\/\/www.recalculandoviajes.com\/recalculando-api\/wp\/v2\/posts"}],"about":[{"href":"https:\/\/www.recalculandoviajes.com\/recalculando-api\/wp\/v2\/types\/post"}],"author":[{"embeddable":true,"href":"https:\/\/www.recalculandoviajes.com\/recalculando-api\/wp\/v2\/users\/3"}],"replies":[{"embeddable":true,"href":"https:\/\/www.recalculandoviajes.com\/recalculando-api\/wp\/v2\/comments?post=4017"}],"version-history":[{"count":0,"href":"https:\/\/www.recalculandoviajes.com\/recalculando-api\/wp\/v2\/posts\/4017\/revisions"}],"wp:featuredmedia":[{"embeddable":true,"href":"https:\/\/www.recalculandoviajes.com\/recalculando-api\/wp\/v2\/media\/4018"}],"wp:attachment":[{"href":"https:\/\/www.recalculandoviajes.com\/recalculando-api\/wp\/v2\/media?parent=4017"}],"wp:term":[{"taxonomy":"category","embeddable":true,"href":"https:\/\/www.recalculandoviajes.com\/recalculando-api\/wp\/v2\/categories?post=4017"},{"taxonomy":"post_tag","embeddable":true,"href":"https:\/\/www.recalculandoviajes.com\/recalculando-api\/wp\/v2\/tags?post=4017"}],"curies":[{"name":"wp","href":"https:\/\/api.w.org\/{rel}","templated":true}]}}