{"id":2868,"date":"2019-10-24T20:53:16","date_gmt":"2019-10-24T23:53:16","guid":{"rendered":"https:\/\/recalculandoviajes.com\/?p=2868"},"modified":"2020-03-01T09:57:37","modified_gmt":"2020-03-01T12:57:37","slug":"entrevista-viajero-frecuente-radio","status":"publish","type":"post","link":"https:\/\/www.recalculandoviajes.com\/entrevista-viajero-frecuente-radio\/","title":{"rendered":"Entrevista en Viajero Frecuente Radio"},"content":{"rendered":"[et_pb_section fb_built=\u00bb1&#8243; _builder_version=\u00bb3.22&#8243;][et_pb_row _builder_version=\u00bb3.25&#8243; background_size=\u00bbinitial\u00bb background_position=\u00bbtop_left\u00bb background_repeat=\u00bbrepeat\u00bb][et_pb_column type=\u00bb4_4&#8243; _builder_version=\u00bb3.25&#8243; custom_padding=\u00bb|||\u00bb custom_padding__hover=\u00bb|||\u00bb][et_pb_text _builder_version=\u00bb3.27.4&#8243;]\n<p style=\"text-align: center; font-size: 150%;\">\ud83d\udc49\u00a0<strong>S\u00e1bado 19 de Octubre del 2019 &#8211; <a href=\"http:\/\/www.openradio.com.ar\" target=\"_blank\" rel=\"nofollow noopener noreferrer\">Viajero Frecuente Radio<\/a> &#8211; <a href=\"https:\/\/www.vacacionesparaarmar.com.ar\/\" target=\"_blank\" rel=\"nofollow noopener noreferrer\">OpenRadio<\/a> de 10hs-12hs ARG \ud83c\udde6\ud83c\uddf7<\/strong><strong>(GMT-3)<\/strong><\/p>\n<p>\u00a0 El s\u00e1bado 19 de Octubre del 2019, estuvo al aire la <strong>entrevista<\/strong> que nos hicieron en <a href=\"https:\/\/www.vacacionesparaarmar.com.ar\/viajero-frecuente\/\" target=\"_blank\" rel=\"nofollow noopener noreferrer\">Viajero Frecuente Radio<\/a>. Conducido por <strong>Gabriela Jat\u00f3n<\/strong> y <strong>Edgardo Paganini<\/strong>. Un programa semanal, pensado para que no solamente sue\u00f1es tus viajes sino que los hagas realidad\u2026<br \/>\nFue una muy agradable y divertida charla!. Muchas gracias a ambos!!!. <strong>Si te la perdiste, escuchala debajo!<\/strong> Esperamos que lo disfruten!<br \/>\n[\/et_pb_text][et_pb_code admin_label=\u00bbAds Asistencia Cotiza\u00bb]\n<div style=\"padding: 10px; border: 10px outset #b8174a; border-radius: 15px;\"><center><strong><\/p><div class=\"ifimj69f36c74a2119\" ><div style=\"text-align: center; backdrop-filter: blur(10px); background: linear-gradient(135deg, #ff6a6a, #ff884d); border-radius: 15px; padding: 20px 30px; box-shadow: 0 8px 32px rgba(0, 0, 0, 0.2); border: 1px solid rgba(255, 255, 255, 0.18); color: #fff; max-width: 600px; margin: 50px auto;\">\n  <h2 style=\"font-size: 2rem; font-weight: bold; margin-bottom: 10px; color: #ffffff !important; text-shadow: 0 2px 5px rgba(0, 0, 0, 0.4);\">\ud83c\udf0d Seguro de Viaje:  Descuento de 5% en IATI Seguros! \ud83c\udf1f<\/h2>\n  <p style=\"font-size: 1rem; margin-bottom: 20px; line-height: 1.5;\">Aprovecha esta oferta y viaja seguro.<\/p>\n  <a href=\"https:\/\/recalculandoviajes.com\/iati-seguros\" target=\"_blank\" style=\"display: inline-block; padding: 15px 25px; font-size: 1.2rem; font-weight: bold; color: #fff; text-decoration: none; border-radius: 30px; background: linear-gradient(135deg, #ff5722, #e91e63); transition: all 0.3s ease; box-shadow: 0 6px 15px rgba(233, 30, 99, 0.6); border: 2px solid rgba(255, 255, 255, 0.3);\" rel=\"noopener\">Quiero mi 5% de Descuento<\/a>\n<\/div><\/div><style type=\"text\/css\">\r\n@media screen and (min-width: 1201px) {\r\n.ifimj69f36c74a2119 {\r\ndisplay: block;\r\n}\r\n}\r\n@media screen and (min-width: 993px) and (max-width: 1200px) {\r\n.ifimj69f36c74a2119 {\r\ndisplay: block;\r\n}\r\n}\r\n@media screen and (min-width: 769px) and (max-width: 992px) {\r\n.ifimj69f36c74a2119 {\r\ndisplay: block;\r\n}\r\n}\r\n@media screen and (min-width: 768px) and (max-width: 768px) {\r\n.ifimj69f36c74a2119 {\r\ndisplay: block;\r\n}\r\n}\r\n@media screen and (max-width: 767px) {\r\n.ifimj69f36c74a2119 {\r\ndisplay: block;\r\n}\r\n}\r\n<\/style>\r\n<div class=\"nhmta69f36c74a20f1\" ><div style=\"padding: 10px; border: 10px outset #b8174a; border-radius: 15px;\"><center><strong>\n\u261d\ufe0f <a href=\"https:\/\/recalculandoviajes.com\/iati-seguros\">VIAJA SEGURO - DESCUENTOS \/ 5% OFF IATI<\/a>!!<br\/>\ud83d\udc69\u200d\u2695\ufe0f\ud83d\udc68\u200d\u2695\ufe0f Requisito indispensable para viajar sin preocupaciones! \ud83c\udf0e\u2708\ufe0f <a href=\"https:\/\/recalculandoviajes.com\/asistencia-al-viajero\/\">Cotiz\u00e1, Compar\u00e1 y Contrat\u00e1<\/a><\/strong><\/center><\/div><br\/><\/div><style type=\"text\/css\">\r\n@media screen and (min-width: 1201px) {\r\n.nhmta69f36c74a20f1 {\r\ndisplay: block;\r\n}\r\n}\r\n@media screen and (min-width: 993px) and (max-width: 1200px) {\r\n.nhmta69f36c74a20f1 {\r\ndisplay: block;\r\n}\r\n}\r\n@media screen and (min-width: 769px) and (max-width: 992px) {\r\n.nhmta69f36c74a20f1 {\r\ndisplay: block;\r\n}\r\n}\r\n@media screen and (min-width: 768px) and (max-width: 768px) {\r\n.nhmta69f36c74a20f1 {\r\ndisplay: block;\r\n}\r\n}\r\n@media screen and (max-width: 767px) {\r\n.nhmta69f36c74a20f1 {\r\ndisplay: block;\r\n}\r\n}\r\n<\/style>\r\n\n<h4><a href=\"https:\/\/recalculandoviajes.com\/asistencia-al-viajero\/\">Cotiz\u00e1, Compar\u00e1 y Contrat\u00e1 tu asistencia al viajero online! \ud83d\udc68\u200d\u2695\ufe0f\ud83c\udf0e\ud83d\udc69\u200d\u2695\ufe0f<\/a><\/h4>\n<p><\/strong><\/center><\/div>\n[\/et_pb_code][et_pb_text admin_label=\u00bbIntro\u00bb _builder_version=\u00bb3.27.4&#8243;]\n<blockquote><p>M\u00e1s de dos a\u00f1os y medio de viaje, charlamos desde el Algarve en <strong><a href=\"https:\/\/recalculandoviajes.com\/portugal\/\">Portugal<\/a><\/strong> \ud83c\uddf5\ud83c\uddf9, sobre los comienzos de esta aventura. Lugares de la <strong><a href=\"https:\/\/recalculandoviajes.com\/argentina\/\">Argentina<\/a> \ud83c\udde6\ud83c\uddf7<\/strong>, <strong>c\u00f3mo <a href=\"https:\/\/recalculandoviajes.com\/como-planificar-tu-viaje\/\">planificar el viaje<\/a><\/strong>, tips para buscar <strong>mejores precios en alojamientos<\/strong>. Las <strong>alternativas para viajar \ud83c\udf0e, mercados,<\/strong>\u00a0las deliciosas <strong>comidas por el mundo, ranking \ud83c\udf7d <\/strong>y mucho m\u00e1s!&#8230;<\/p><\/blockquote>\n<h4 style=\"text-align: center;\"><strong>\ud83d\udcfbDebajo, Pod\u00e9s escuchar la de la Entrevista completa\ud83c\udf99!!<\/strong><\/h4>\n[\/et_pb_text][et_pb_audio audio=\u00bbhttps:\/\/recalculandoviajes.com\/wp-content\/uploads\/2019\/10\/RecalculandoViajes_20191019-01-Intro-Viajero-Frecuente.mp3&#8243; title=\u00bb01- Intro &#8211; Viajero Frecuente Radio\u00bb artist_name=\u00bbRecalculandoViajes\u00bb album_name=\u00bbRecalculandoViajes\u00bb _builder_version=\u00bb3.5.1&#8243;][\/et_pb_audio][et_pb_audio audio=\u00bbhttps:\/\/recalculandoviajes.com\/wp-content\/uploads\/2019\/10\/RecalculandoViajes_20191019-02-Entrevista-Parte-1.mp3&#8243; title=\u00bb02- Entrevista Parte 1\/2&#8243; artist_name=\u00bbRecalculandoViajes\u00bb album_name=\u00bbRecalculandoViajes\u00bb _builder_version=\u00bb3.5.1&#8243;][\/et_pb_audio][et_pb_audio audio=\u00bbhttps:\/\/recalculandoviajes.com\/wp-content\/uploads\/2019\/10\/RecalculandoViajes_20191019-03-Entrevista-Parte-2.mp3&#8243; title=\u00bb03- Entrevista Parte 2\/2&#8243; artist_name=\u00bbRecalculandoViajes\u00bb album_name=\u00bbRecalculandoViajes\u00bb _builder_version=\u00bb3.5.1&#8243;][\/et_pb_audio][\/et_pb_column][\/et_pb_row][et_pb_row _builder_version=\u00bb3.25&#8243; background_size=\u00bbinitial\u00bb background_position=\u00bbtop_left\u00bb background_repeat=\u00bbrepeat\u00bb][et_pb_column type=\u00bb4_4&#8243; _builder_version=\u00bb3.25&#8243; custom_padding=\u00bb|||\u00bb custom_padding__hover=\u00bb|||\u00bb][et_pb_code admin_label=\u00bbAds Asistencia requisito\u00bb]\n<div style=\"padding: 10px; border: 10px outset #b8174a; border-radius: 15px;\"><center><strong><!-- [et_pb_line_break_holder] -->\u261d\ufe0f No te quedes sin tu <a href=\"https:\/\/recalculandoviajes.com\/asistencia-al-viajero\/\">asistencia al viajero<\/a>!!\ud83d\udc69\u200d\u2695\ufe0f\ud83d\udc68\u200d\u2695\ufe0f Es un requisito important\u00edsimo para viajar sin preocupaciones!\ud83c\udf0e\u2708\ufe0f <a href=\"https:\/\/recalculandoviajes.com\/cotizar\/\">Cotiz\u00e1, Compar\u00e1 y Contrat\u00e1<\/a><\/strong><\/center><\/div>\n<p><!\u2013- [et_pb_br_holder] -\u2013>[\/et_pb_code][et_pb_text _builder_version=\u00bb3.27.4&#8243;]\n<h4 style=\"text-align: center;\"><b>\ud83c\udfacTambi\u00e9n pod\u00e9s ver en YouTube la entrevista completa\ud83c\udf99!!<\/b><\/h4>\n[\/et_pb_text][et_pb_video src=\u00bbhttps:\/\/youtu.be\/8PC1GVHOa0w\u00bb _builder_version=\u00bb3.5.1&#8243;][\/et_pb_video][\/et_pb_column][\/et_pb_row][\/et_pb_section]\n<div class=\"tjqta69f36c7495d4f\" ><br\/>\n<div class=\"rpbt_shortcode\">\n<h3>Tambi\u00e9n podr\u00eda interesarte:<\/h3>\n<style type=\"text\/css\">\n\t\t\t#rpbt-related-gallery-1 {\n\t\t\t\tmargin: auto;\n\t\t\t}\n\t\t\t#rpbt-related-gallery-1 .gallery-item {\n\t\t\t\tfloat: left;\n\t\t\t\tmargin-top: 10px;\n\t\t\t\ttext-align: center;\n\t\t\t\twidth: 33%;\n\t\t\t}\n\t\t\t#rpbt-related-gallery-1 img {\n\t\t\t\tborder: 2px solid #cfcfcf;\n\t\t\t}\n\t\t\t#rpbt-related-gallery-1 .gallery-caption {\n\t\t\t\tmargin-left: 0;\n\t\t\t}\n\t\t\t\/* see gallery_shortcode() in wp-includes\/media.php *\/\n\t\t<\/style>\n\t\t<div id='rpbt-related-gallery-1' class='gallery related-gallery related-galleryid-2868 gallery-columns-3 gallery-size-large'><dl class='gallery-item' role='figure' aria-label='Entrevista en Argentinos por el Mundo'>\n\t\t\t<dt class='gallery-icon landscape'>\n\t\t\t\t<a href='https:\/\/www.recalculandoviajes.com\/entrevista-en-argentinos-por-el-mundo\/'><img width=\"1080\" height=\"607\" src=\"https:\/\/www.recalculandoviajes.com\/wp-content\/uploads\/2019\/11\/Entrevista-ARGENTINOS-POR-EL-MUNDO-Recalculando-Viajes-1080x607.jpeg\" class=\"attachment-large size-large\" alt=\"Argentinos por el mundo - Buen Domingo\" aria-describedby=\"rpbt-related-gallery-1-3039\" srcset=\"https:\/\/www.recalculandoviajes.com\/wp-content\/uploads\/2019\/11\/Entrevista-ARGENTINOS-POR-EL-MUNDO-Recalculando-Viajes.jpeg 1080w, https:\/\/www.recalculandoviajes.com\/wp-content\/uploads\/2019\/11\/Entrevista-ARGENTINOS-POR-EL-MUNDO-Recalculando-Viajes-600x337.jpeg 600w, https:\/\/www.recalculandoviajes.com\/wp-content\/uploads\/2019\/11\/Entrevista-ARGENTINOS-POR-EL-MUNDO-Recalculando-Viajes-300x169.jpeg 300w, https:\/\/www.recalculandoviajes.com\/wp-content\/uploads\/2019\/11\/Entrevista-ARGENTINOS-POR-EL-MUNDO-Recalculando-Viajes-768x432.jpeg 768w, https:\/\/www.recalculandoviajes.com\/wp-content\/uploads\/2019\/11\/Entrevista-ARGENTINOS-POR-EL-MUNDO-Recalculando-Viajes-610x343.jpeg 610w\" sizes=\"(max-width: 1080px) 100vw, 1080px\" \/><\/a>\n\t\t\t<\/dt>\n\t\t\t\t<dd class='wp-caption-text gallery-caption' id='rpbt-related-gallery-1-3039'>\n\t\t\t\t<a href=\"https:\/\/www.recalculandoviajes.com\/entrevista-en-argentinos-por-el-mundo\/\">Entrevista en Argentinos por el Mundo<\/a>\n\t\t\t\t<\/dd><\/dl><dl class='gallery-item' role='figure' aria-label='Entrevista en Sentate y Pens\u00e1'>\n\t\t\t<dt class='gallery-icon landscape'>\n\t\t\t\t<a href='https:\/\/www.recalculandoviajes.com\/entrevista_sentate_y_pensa\/'><img width=\"900\" height=\"643\" src=\"https:\/\/www.recalculandoviajes.com\/wp-content\/uploads\/2019\/06\/sentateypensa_recalculandoviajes.jpg\" class=\"attachment-large size-large\" alt=\"\ud83c\udf99SENTATE Y PENS\u00c1\ud83c\udf99\" aria-describedby=\"rpbt-related-gallery-1-2181\" srcset=\"https:\/\/www.recalculandoviajes.com\/wp-content\/uploads\/2019\/06\/sentateypensa_recalculandoviajes.jpg 900w, https:\/\/www.recalculandoviajes.com\/wp-content\/uploads\/2019\/06\/sentateypensa_recalculandoviajes-600x429.jpg 600w, https:\/\/www.recalculandoviajes.com\/wp-content\/uploads\/2019\/06\/sentateypensa_recalculandoviajes-300x214.jpg 300w, https:\/\/www.recalculandoviajes.com\/wp-content\/uploads\/2019\/06\/sentateypensa_recalculandoviajes-768x549.jpg 768w, https:\/\/www.recalculandoviajes.com\/wp-content\/uploads\/2019\/06\/sentateypensa_recalculandoviajes-610x436.jpg 610w\" sizes=\"(max-width: 900px) 100vw, 900px\" \/><\/a>\n\t\t\t<\/dt>\n\t\t\t\t<dd class='wp-caption-text gallery-caption' id='rpbt-related-gallery-1-2181'>\n\t\t\t\t<a href=\"https:\/\/www.recalculandoviajes.com\/entrevista_sentate_y_pensa\/\">Entrevista en Sentate y Pens\u00e1<\/a>\n\t\t\t\t<\/dd><\/dl><dl class='gallery-item' role='figure' aria-label='Qu\u00e9 ver en San Juli\u00e1n Malta: Gu\u00eda Imprescindible 2026'>\n\t\t\t<dt class='gallery-icon landscape'>\n\t\t\t\t<a href='https:\/\/www.recalculandoviajes.com\/que-ver-en-san-julian-malta\/'><img width=\"1024\" height=\"675\" src=\"https:\/\/www.recalculandoviajes.com\/wp-content\/uploads\/2026\/04\/que-ver-en-san-julian-malta.webp\" class=\"attachment-large size-large\" alt=\"que ver en san julian malta\" aria-describedby=\"rpbt-related-gallery-1-15002\" srcset=\"https:\/\/www.recalculandoviajes.com\/wp-content\/uploads\/2026\/04\/que-ver-en-san-julian-malta.webp 1024w, https:\/\/www.recalculandoviajes.com\/wp-content\/uploads\/2026\/04\/que-ver-en-san-julian-malta-980x646.webp 980w, https:\/\/www.recalculandoviajes.com\/wp-content\/uploads\/2026\/04\/que-ver-en-san-julian-malta-480x316.webp 480w\" sizes=\"(min-width: 0px) and (max-width: 480px) 480px, (min-width: 481px) and (max-width: 980px) 980px, (min-width: 981px) 1024px, 100vw\" \/><\/a>\n\t\t\t<\/dt>\n\t\t\t\t<dd class='wp-caption-text gallery-caption' id='rpbt-related-gallery-1-15002'>\n\t\t\t\t<a href=\"https:\/\/www.recalculandoviajes.com\/que-ver-en-san-julian-malta\/\">Qu\u00e9 ver en San Juli\u00e1n Malta: Gu\u00eda Imprescindible 2026<\/a>\n\t\t\t\t<\/dd><\/dl><br style=\"clear: both\" \/>\n\t\t<\/div>\n<\/div><\/div><style type=\"text\/css\">\r\n@media screen and (min-width: 1201px) {\r\n.tjqta69f36c7495d4f {\r\ndisplay: block;\r\n}\r\n}\r\n@media screen and (min-width: 993px) and (max-width: 1200px) {\r\n.tjqta69f36c7495d4f {\r\ndisplay: block;\r\n}\r\n}\r\n@media screen and (min-width: 769px) and (max-width: 992px) {\r\n.tjqta69f36c7495d4f {\r\ndisplay: block;\r\n}\r\n}\r\n@media screen and (min-width: 768px) and (max-width: 768px) {\r\n.tjqta69f36c7495d4f {\r\ndisplay: block;\r\n}\r\n}\r\n@media screen and (max-width: 767px) {\r\n.tjqta69f36c7495d4f {\r\ndisplay: block;\r\n}\r\n}\r\n<\/style>\r\n","protected":false},"excerpt":{"rendered":"<p>\ud83d\udc49\u00a0S\u00e1bado 19 de Octubre del 2019 &#8211; Viajero Frecuente Radio &#8211; OpenRadio de 10hs-12hs ARG \ud83c\udde6\ud83c\uddf7(GMT-3) \u00a0 El s\u00e1bado 19 de Octubre del 2019, estuvo al aire la entrevista que nos hicieron en Viajero Frecuente Radio. Conducido por Gabriela Jat\u00f3n y Edgardo Paganini. Un programa semanal, pensado para que no solamente sue\u00f1es tus viajes sino [&hellip;]<\/p>\n","protected":false},"author":2,"featured_media":2913,"comment_status":"open","ping_status":"open","sticky":false,"template":"","format":"standard","meta":{"_et_pb_use_builder":"on","_et_pb_old_content":"","_et_gb_content_width":"","footnotes":""},"categories":[3,87],"tags":[],"class_list":["post-2868","post","type-post","status-publish","format-standard","has-post-thumbnail","hentry","category-blog","category-medios"],"yoast_head":"<!-- This site is optimized with the Yoast SEO plugin v27.5 - https:\/\/yoast.com\/product\/yoast-seo-wordpress\/ -->\n<title>Entrevista en Viajero Frecuente Radio - Recalculando Viajes<\/title>\n<meta name=\"description\" content=\"Hablamos sobre alternativas de viajar, tips, comidas y mucho m\u00e1s en Viajero Frecuente Radio! con Gabriela Jat\u00f3n y Edgardo Paganini. No se lo pierdan!\" \/>\n<meta name=\"robots\" content=\"index, follow, max-snippet:-1, max-image-preview:large, max-video-preview:-1\" \/>\n<link rel=\"canonical\" href=\"https:\/\/www.recalculandoviajes.com\/entrevista-viajero-frecuente-radio\/\" \/>\n<meta property=\"og:locale\" content=\"es_ES\" \/>\n<meta property=\"og:type\" content=\"article\" \/>\n<meta property=\"og:title\" content=\"Entrevista en Viajero Frecuente Radio - Recalculando Viajes\" \/>\n<meta property=\"og:description\" content=\"Hablamos sobre alternativas de viajar, tips, comidas y mucho m\u00e1s en Viajero Frecuente Radio! con Gabriela Jat\u00f3n y Edgardo Paganini. No se lo pierdan!\" \/>\n<meta property=\"og:url\" content=\"https:\/\/www.recalculandoviajes.com\/entrevista-viajero-frecuente-radio\/\" \/>\n<meta property=\"og:site_name\" content=\"Recalculando Viajes\" \/>\n<meta property=\"article:publisher\" content=\"https:\/\/www.facebook.com\/recalculandov\/\" \/>\n<meta property=\"article:published_time\" content=\"2019-10-24T23:53:16+00:00\" \/>\n<meta property=\"article:modified_time\" content=\"2020-03-01T12:57:37+00:00\" \/>\n<meta property=\"og:image\" content=\"https:\/\/www.recalculandoviajes.com\/wp-content\/uploads\/2019\/10\/ViajeroFrecuenteRadio.jpg\" \/>\n\t<meta property=\"og:image:width\" content=\"1000\" \/>\n\t<meta property=\"og:image:height\" content=\"656\" \/>\n\t<meta property=\"og:image:type\" content=\"image\/jpeg\" \/>\n<meta name=\"author\" content=\"Recalculando\" \/>\n<meta name=\"twitter:card\" content=\"summary_large_image\" \/>\n<meta name=\"twitter:label1\" content=\"Escrito por\" \/>\n\t<meta name=\"twitter:data1\" content=\"Recalculando\" \/>\n\t<meta name=\"twitter:label2\" content=\"Tiempo de lectura\" \/>\n\t<meta name=\"twitter:data2\" content=\"2 minutos\" \/>\n<script type=\"application\/ld+json\" class=\"yoast-schema-graph\">{\"@context\":\"https:\\\/\\\/schema.org\",\"@graph\":[{\"@type\":\"Article\",\"@id\":\"https:\\\/\\\/www.recalculandoviajes.com\\\/entrevista-viajero-frecuente-radio\\\/#article\",\"isPartOf\":{\"@id\":\"https:\\\/\\\/www.recalculandoviajes.com\\\/entrevista-viajero-frecuente-radio\\\/\"},\"author\":{\"name\":\"Recalculando\",\"@id\":\"https:\\\/\\\/www.recalculandoviajes.com\\\/#\\\/schema\\\/person\\\/45c0b1c25ad93f6f5e6a9a87bd3c39f4\"},\"headline\":\"Entrevista en Viajero Frecuente Radio\",\"datePublished\":\"2019-10-24T23:53:16+00:00\",\"dateModified\":\"2020-03-01T12:57:37+00:00\",\"mainEntityOfPage\":{\"@id\":\"https:\\\/\\\/www.recalculandoviajes.com\\\/entrevista-viajero-frecuente-radio\\\/\"},\"wordCount\":413,\"commentCount\":0,\"publisher\":{\"@id\":\"https:\\\/\\\/www.recalculandoviajes.com\\\/#organization\"},\"image\":{\"@id\":\"https:\\\/\\\/www.recalculandoviajes.com\\\/entrevista-viajero-frecuente-radio\\\/#primaryimage\"},\"thumbnailUrl\":\"https:\\\/\\\/www.recalculandoviajes.com\\\/wp-content\\\/uploads\\\/2019\\\/10\\\/ViajeroFrecuenteRadio.jpg\",\"articleSection\":[\"Blog\",\"Medios\"],\"inLanguage\":\"es\",\"potentialAction\":[{\"@type\":\"CommentAction\",\"name\":\"Comment\",\"target\":[\"https:\\\/\\\/www.recalculandoviajes.com\\\/entrevista-viajero-frecuente-radio\\\/#respond\"]}]},{\"@type\":\"WebPage\",\"@id\":\"https:\\\/\\\/www.recalculandoviajes.com\\\/entrevista-viajero-frecuente-radio\\\/\",\"url\":\"https:\\\/\\\/www.recalculandoviajes.com\\\/entrevista-viajero-frecuente-radio\\\/\",\"name\":\"Entrevista en Viajero Frecuente Radio - Recalculando Viajes\",\"isPartOf\":{\"@id\":\"https:\\\/\\\/www.recalculandoviajes.com\\\/#website\"},\"primaryImageOfPage\":{\"@id\":\"https:\\\/\\\/www.recalculandoviajes.com\\\/entrevista-viajero-frecuente-radio\\\/#primaryimage\"},\"image\":{\"@id\":\"https:\\\/\\\/www.recalculandoviajes.com\\\/entrevista-viajero-frecuente-radio\\\/#primaryimage\"},\"thumbnailUrl\":\"https:\\\/\\\/www.recalculandoviajes.com\\\/wp-content\\\/uploads\\\/2019\\\/10\\\/ViajeroFrecuenteRadio.jpg\",\"datePublished\":\"2019-10-24T23:53:16+00:00\",\"dateModified\":\"2020-03-01T12:57:37+00:00\",\"description\":\"Hablamos sobre alternativas de viajar, tips, comidas y mucho m\u00e1s en Viajero Frecuente Radio! con Gabriela Jat\u00f3n y Edgardo Paganini. No se lo pierdan!\",\"breadcrumb\":{\"@id\":\"https:\\\/\\\/www.recalculandoviajes.com\\\/entrevista-viajero-frecuente-radio\\\/#breadcrumb\"},\"inLanguage\":\"es\",\"potentialAction\":[{\"@type\":\"ReadAction\",\"target\":[\"https:\\\/\\\/www.recalculandoviajes.com\\\/entrevista-viajero-frecuente-radio\\\/\"]}]},{\"@type\":\"ImageObject\",\"inLanguage\":\"es\",\"@id\":\"https:\\\/\\\/www.recalculandoviajes.com\\\/entrevista-viajero-frecuente-radio\\\/#primaryimage\",\"url\":\"https:\\\/\\\/www.recalculandoviajes.com\\\/wp-content\\\/uploads\\\/2019\\\/10\\\/ViajeroFrecuenteRadio.jpg\",\"contentUrl\":\"https:\\\/\\\/www.recalculandoviajes.com\\\/wp-content\\\/uploads\\\/2019\\\/10\\\/ViajeroFrecuenteRadio.jpg\",\"width\":1000,\"height\":656,\"caption\":\"Viajero Frecuente Radio entrevista\"},{\"@type\":\"BreadcrumbList\",\"@id\":\"https:\\\/\\\/www.recalculandoviajes.com\\\/entrevista-viajero-frecuente-radio\\\/#breadcrumb\",\"itemListElement\":[{\"@type\":\"ListItem\",\"position\":1,\"name\":\"Portada\",\"item\":\"https:\\\/\\\/www.recalculandoviajes.com\\\/\"},{\"@type\":\"ListItem\",\"position\":2,\"name\":\"Entrevista en Viajero Frecuente Radio\"}]},{\"@type\":\"WebSite\",\"@id\":\"https:\\\/\\\/www.recalculandoviajes.com\\\/#website\",\"url\":\"https:\\\/\\\/www.recalculandoviajes.com\\\/\",\"name\":\"Recalculando viajes\",\"description\":\"Compartimos nuestra gran aventura de Vivir viajando\",\"publisher\":{\"@id\":\"https:\\\/\\\/www.recalculandoviajes.com\\\/#organization\"},\"potentialAction\":[{\"@type\":\"SearchAction\",\"target\":{\"@type\":\"EntryPoint\",\"urlTemplate\":\"https:\\\/\\\/www.recalculandoviajes.com\\\/?s={search_term_string}\"},\"query-input\":{\"@type\":\"PropertyValueSpecification\",\"valueRequired\":true,\"valueName\":\"search_term_string\"}}],\"inLanguage\":\"es\"},{\"@type\":\"Organization\",\"@id\":\"https:\\\/\\\/www.recalculandoviajes.com\\\/#organization\",\"name\":\"Recalculando Viajes\",\"url\":\"https:\\\/\\\/www.recalculandoviajes.com\\\/\",\"logo\":{\"@type\":\"ImageObject\",\"inLanguage\":\"es\",\"@id\":\"https:\\\/\\\/www.recalculandoviajes.com\\\/#\\\/schema\\\/logo\\\/image\\\/\",\"url\":\"https:\\\/\\\/recalculandoviajes.com\\\/wp-content\\\/uploads\\\/2018\\\/07\\\/RecalculandoLogo-1.png\",\"contentUrl\":\"https:\\\/\\\/recalculandoviajes.com\\\/wp-content\\\/uploads\\\/2018\\\/07\\\/RecalculandoLogo-1.png\",\"width\":581,\"height\":591,\"caption\":\"Recalculando Viajes\"},\"image\":{\"@id\":\"https:\\\/\\\/www.recalculandoviajes.com\\\/#\\\/schema\\\/logo\\\/image\\\/\"},\"sameAs\":[\"https:\\\/\\\/www.facebook.com\\\/recalculandov\\\/\",\"https:\\\/\\\/instagram.com\\\/recalculandoviajes\",\"https:\\\/\\\/www.pinterest.com\\\/recalculandoviajes\\\/\",\"https:\\\/\\\/www.youtube.com\\\/channel\\\/UCl9mlzCiqE_YLnQkoL9tzqA\"]},{\"@type\":\"Person\",\"@id\":\"https:\\\/\\\/www.recalculandoviajes.com\\\/#\\\/schema\\\/person\\\/45c0b1c25ad93f6f5e6a9a87bd3c39f4\",\"name\":\"Recalculando\",\"image\":{\"@type\":\"ImageObject\",\"inLanguage\":\"es\",\"@id\":\"https:\\\/\\\/secure.gravatar.com\\\/avatar\\\/58d2e33768366ade0cef2e2c7a9373a6fac4865a9ac09e8feef3ba56ceddb9b0?s=96&d=mm&r=g\",\"url\":\"https:\\\/\\\/secure.gravatar.com\\\/avatar\\\/58d2e33768366ade0cef2e2c7a9373a6fac4865a9ac09e8feef3ba56ceddb9b0?s=96&d=mm&r=g\",\"contentUrl\":\"https:\\\/\\\/secure.gravatar.com\\\/avatar\\\/58d2e33768366ade0cef2e2c7a9373a6fac4865a9ac09e8feef3ba56ceddb9b0?s=96&d=mm&r=g\",\"caption\":\"Recalculando\"}}]}<\/script>\n<!-- \/ Yoast SEO plugin. -->","yoast_head_json":{"title":"Entrevista en Viajero Frecuente Radio - Recalculando Viajes","description":"Hablamos sobre alternativas de viajar, tips, comidas y mucho m\u00e1s en Viajero Frecuente Radio! con Gabriela Jat\u00f3n y Edgardo Paganini. No se lo pierdan!","robots":{"index":"index","follow":"follow","max-snippet":"max-snippet:-1","max-image-preview":"max-image-preview:large","max-video-preview":"max-video-preview:-1"},"canonical":"https:\/\/www.recalculandoviajes.com\/entrevista-viajero-frecuente-radio\/","og_locale":"es_ES","og_type":"article","og_title":"Entrevista en Viajero Frecuente Radio - Recalculando Viajes","og_description":"Hablamos sobre alternativas de viajar, tips, comidas y mucho m\u00e1s en Viajero Frecuente Radio! con Gabriela Jat\u00f3n y Edgardo Paganini. No se lo pierdan!","og_url":"https:\/\/www.recalculandoviajes.com\/entrevista-viajero-frecuente-radio\/","og_site_name":"Recalculando Viajes","article_publisher":"https:\/\/www.facebook.com\/recalculandov\/","article_published_time":"2019-10-24T23:53:16+00:00","article_modified_time":"2020-03-01T12:57:37+00:00","og_image":[{"width":1000,"height":656,"url":"https:\/\/www.recalculandoviajes.com\/wp-content\/uploads\/2019\/10\/ViajeroFrecuenteRadio.jpg","type":"image\/jpeg"}],"author":"Recalculando","twitter_card":"summary_large_image","twitter_misc":{"Escrito por":"Recalculando","Tiempo de lectura":"2 minutos"},"schema":{"@context":"https:\/\/schema.org","@graph":[{"@type":"Article","@id":"https:\/\/www.recalculandoviajes.com\/entrevista-viajero-frecuente-radio\/#article","isPartOf":{"@id":"https:\/\/www.recalculandoviajes.com\/entrevista-viajero-frecuente-radio\/"},"author":{"name":"Recalculando","@id":"https:\/\/www.recalculandoviajes.com\/#\/schema\/person\/45c0b1c25ad93f6f5e6a9a87bd3c39f4"},"headline":"Entrevista en Viajero Frecuente Radio","datePublished":"2019-10-24T23:53:16+00:00","dateModified":"2020-03-01T12:57:37+00:00","mainEntityOfPage":{"@id":"https:\/\/www.recalculandoviajes.com\/entrevista-viajero-frecuente-radio\/"},"wordCount":413,"commentCount":0,"publisher":{"@id":"https:\/\/www.recalculandoviajes.com\/#organization"},"image":{"@id":"https:\/\/www.recalculandoviajes.com\/entrevista-viajero-frecuente-radio\/#primaryimage"},"thumbnailUrl":"https:\/\/www.recalculandoviajes.com\/wp-content\/uploads\/2019\/10\/ViajeroFrecuenteRadio.jpg","articleSection":["Blog","Medios"],"inLanguage":"es","potentialAction":[{"@type":"CommentAction","name":"Comment","target":["https:\/\/www.recalculandoviajes.com\/entrevista-viajero-frecuente-radio\/#respond"]}]},{"@type":"WebPage","@id":"https:\/\/www.recalculandoviajes.com\/entrevista-viajero-frecuente-radio\/","url":"https:\/\/www.recalculandoviajes.com\/entrevista-viajero-frecuente-radio\/","name":"Entrevista en Viajero Frecuente Radio - Recalculando Viajes","isPartOf":{"@id":"https:\/\/www.recalculandoviajes.com\/#website"},"primaryImageOfPage":{"@id":"https:\/\/www.recalculandoviajes.com\/entrevista-viajero-frecuente-radio\/#primaryimage"},"image":{"@id":"https:\/\/www.recalculandoviajes.com\/entrevista-viajero-frecuente-radio\/#primaryimage"},"thumbnailUrl":"https:\/\/www.recalculandoviajes.com\/wp-content\/uploads\/2019\/10\/ViajeroFrecuenteRadio.jpg","datePublished":"2019-10-24T23:53:16+00:00","dateModified":"2020-03-01T12:57:37+00:00","description":"Hablamos sobre alternativas de viajar, tips, comidas y mucho m\u00e1s en Viajero Frecuente Radio! con Gabriela Jat\u00f3n y Edgardo Paganini. No se lo pierdan!","breadcrumb":{"@id":"https:\/\/www.recalculandoviajes.com\/entrevista-viajero-frecuente-radio\/#breadcrumb"},"inLanguage":"es","potentialAction":[{"@type":"ReadAction","target":["https:\/\/www.recalculandoviajes.com\/entrevista-viajero-frecuente-radio\/"]}]},{"@type":"ImageObject","inLanguage":"es","@id":"https:\/\/www.recalculandoviajes.com\/entrevista-viajero-frecuente-radio\/#primaryimage","url":"https:\/\/www.recalculandoviajes.com\/wp-content\/uploads\/2019\/10\/ViajeroFrecuenteRadio.jpg","contentUrl":"https:\/\/www.recalculandoviajes.com\/wp-content\/uploads\/2019\/10\/ViajeroFrecuenteRadio.jpg","width":1000,"height":656,"caption":"Viajero Frecuente Radio entrevista"},{"@type":"BreadcrumbList","@id":"https:\/\/www.recalculandoviajes.com\/entrevista-viajero-frecuente-radio\/#breadcrumb","itemListElement":[{"@type":"ListItem","position":1,"name":"Portada","item":"https:\/\/www.recalculandoviajes.com\/"},{"@type":"ListItem","position":2,"name":"Entrevista en Viajero Frecuente Radio"}]},{"@type":"WebSite","@id":"https:\/\/www.recalculandoviajes.com\/#website","url":"https:\/\/www.recalculandoviajes.com\/","name":"Recalculando viajes","description":"Compartimos nuestra gran aventura de Vivir viajando","publisher":{"@id":"https:\/\/www.recalculandoviajes.com\/#organization"},"potentialAction":[{"@type":"SearchAction","target":{"@type":"EntryPoint","urlTemplate":"https:\/\/www.recalculandoviajes.com\/?s={search_term_string}"},"query-input":{"@type":"PropertyValueSpecification","valueRequired":true,"valueName":"search_term_string"}}],"inLanguage":"es"},{"@type":"Organization","@id":"https:\/\/www.recalculandoviajes.com\/#organization","name":"Recalculando Viajes","url":"https:\/\/www.recalculandoviajes.com\/","logo":{"@type":"ImageObject","inLanguage":"es","@id":"https:\/\/www.recalculandoviajes.com\/#\/schema\/logo\/image\/","url":"https:\/\/recalculandoviajes.com\/wp-content\/uploads\/2018\/07\/RecalculandoLogo-1.png","contentUrl":"https:\/\/recalculandoviajes.com\/wp-content\/uploads\/2018\/07\/RecalculandoLogo-1.png","width":581,"height":591,"caption":"Recalculando Viajes"},"image":{"@id":"https:\/\/www.recalculandoviajes.com\/#\/schema\/logo\/image\/"},"sameAs":["https:\/\/www.facebook.com\/recalculandov\/","https:\/\/instagram.com\/recalculandoviajes","https:\/\/www.pinterest.com\/recalculandoviajes\/","https:\/\/www.youtube.com\/channel\/UCl9mlzCiqE_YLnQkoL9tzqA"]},{"@type":"Person","@id":"https:\/\/www.recalculandoviajes.com\/#\/schema\/person\/45c0b1c25ad93f6f5e6a9a87bd3c39f4","name":"Recalculando","image":{"@type":"ImageObject","inLanguage":"es","@id":"https:\/\/secure.gravatar.com\/avatar\/58d2e33768366ade0cef2e2c7a9373a6fac4865a9ac09e8feef3ba56ceddb9b0?s=96&d=mm&r=g","url":"https:\/\/secure.gravatar.com\/avatar\/58d2e33768366ade0cef2e2c7a9373a6fac4865a9ac09e8feef3ba56ceddb9b0?s=96&d=mm&r=g","contentUrl":"https:\/\/secure.gravatar.com\/avatar\/58d2e33768366ade0cef2e2c7a9373a6fac4865a9ac09e8feef3ba56ceddb9b0?s=96&d=mm&r=g","caption":"Recalculando"}}]}},"_links":{"self":[{"href":"https:\/\/www.recalculandoviajes.com\/recalculando-api\/wp\/v2\/posts\/2868","targetHints":{"allow":["GET"]}}],"collection":[{"href":"https:\/\/www.recalculandoviajes.com\/recalculando-api\/wp\/v2\/posts"}],"about":[{"href":"https:\/\/www.recalculandoviajes.com\/recalculando-api\/wp\/v2\/types\/post"}],"author":[{"embeddable":true,"href":"https:\/\/www.recalculandoviajes.com\/recalculando-api\/wp\/v2\/users\/2"}],"replies":[{"embeddable":true,"href":"https:\/\/www.recalculandoviajes.com\/recalculando-api\/wp\/v2\/comments?post=2868"}],"version-history":[{"count":0,"href":"https:\/\/www.recalculandoviajes.com\/recalculando-api\/wp\/v2\/posts\/2868\/revisions"}],"wp:featuredmedia":[{"embeddable":true,"href":"https:\/\/www.recalculandoviajes.com\/recalculando-api\/wp\/v2\/media\/2913"}],"wp:attachment":[{"href":"https:\/\/www.recalculandoviajes.com\/recalculando-api\/wp\/v2\/media?parent=2868"}],"wp:term":[{"taxonomy":"category","embeddable":true,"href":"https:\/\/www.recalculandoviajes.com\/recalculando-api\/wp\/v2\/categories?post=2868"},{"taxonomy":"post_tag","embeddable":true,"href":"https:\/\/www.recalculandoviajes.com\/recalculando-api\/wp\/v2\/tags?post=2868"}],"curies":[{"name":"wp","href":"https:\/\/api.w.org\/{rel}","templated":true}]}}