{"id":23486,"date":"2026-09-06T12:00:08","date_gmt":"2026-09-06T10:00:08","guid":{"rendered":"https:\/\/www.recalculandoviajes.com\/budapest-en-navidad\/"},"modified":"2026-09-06T14:03:20","modified_gmt":"2026-09-06T12:03:20","slug":"budapest-en-navidad","status":"publish","type":"post","link":"https:\/\/www.recalculandoviajes.com\/budapest-en-navidad\/","title":{"rendered":"Budapest en Navidad: 22 lugares imprescindibles (con mapa)"},"content":{"rendered":"[et_pb_section fb_built=\u00bb1&#8243; _builder_version=\u00bb4.24.0&#8243; _module_preset=\u00bbdefault\u00bb global_colors_info=\u00bb{}\u00bb][et_pb_row _builder_version=\u00bb4.24.0&#8243; _module_preset=\u00bbdefault\u00bb global_colors_info=\u00bb{}\u00bb][et_pb_column type=\u00bb4_4&#8243; _builder_version=\u00bb4.24.0&#8243; _module_preset=\u00bbdefault\u00bb global_colors_info=\u00bb{}\u00bb][et_pb_text _builder_version=\u00bb4.27.8&#8243; _module_preset=\u00bbdefault\u00bb global_colors_info=\u00bb{}\u00bb]\n<p>La Navidad en Budapest es de esas cosas que uno tiene anotadas hace a\u00f1os y, cuando por fin las vive, entiende el porqu\u00e9 de tanto ruido. En esta gu\u00eda te dejamos los 22 cosas que ver y hacer en Budapest en Navidad que valen la pena de verdad. Con fechas, precios actualizados, un mapa con todo marcado, un itinerario de tres d\u00edas, d\u00f3nde dormir y c\u00f3mo llegar. Nosotros nos alojamos 2 semanas en Budapest en noviembre, justo cuando la ciudad empezaba a armar las casitas de madera y a colgar las luces, as\u00ed que te contamos desde nuestra experiencia qu\u00e9 esperar y qu\u00e9 no.<\/p>\n[\/et_pb_text][et_pb_text admin_label=\u00bbads IATI primeros parrafos (2026) &#8211; ESP\u00bb _builder_version=\u00bb4.27.8&#8243; _module_preset=\u00bbdefault\u00bb global_module=\u00bb15710&#8243; saved_tabs=\u00bball\u00bb locked=\u00bboff\u00bb global_colors_info=\u00bb{}\u00bb]\n<div style=\"text-align: center; backdrop-filter: blur(10px); background: linear-gradient(135deg, #ff6a6a, #ff884d); border-radius: 15px; padding: 20px 30px; box-shadow: 0 8px 32px rgba(0, 0, 0, 0.2); border: 1px solid rgba(255, 255, 255, 0.18); color: #fff; max-width: 600px; margin: 50px auto;\">\n<h2 style=\"font-size: 2rem; font-weight: bold; margin-bottom: 10px; color: #ffffff !important; text-shadow: 0 2px 5px rgba(0, 0, 0, 0.4);\">\ud83c\udf0d Seguro de Viaje: Descuento de 5% en IATI Seguros! \ud83c\udf1f<\/h2>\n<p style=\"font-size: 1rem; margin-bottom: 20px; line-height: 1.5;\">Aprovecha esta oferta y viaja seguro.<\/p>\n<p><a style=\"display: inline-block; padding: 15px 25px; font-size: 1.2rem; font-weight: bold; color: #fff; text-decoration: none; border-radius: 30px; background: linear-gradient(135deg, #ff5722, #e91e63); transition: all 0.3s ease; box-shadow: 0 6px 15px rgba(233, 30, 99, 0.6); border: 2px solid rgba(255, 255, 255, 0.3);\" href=\"https:\/\/recalculandoviajes.com\/iati-seguros\" target=\"_blank\" rel=\"noopener\">Quiero mi 5% de Descuento<\/a><\/p>\n<\/div>\n[\/et_pb_text][et_pb_text _builder_version=\u00bb4.27.8&#8243; _module_preset=\u00bbdefault\u00bb global_colors_info=\u00bb{}\u00bb]\n<h2>Budapest en Navidad: Resumen<\/h2>\n<div class=\"rv-tabla-estilo\">\n<table>\n<thead>\n<tr>\n<th>Categor\u00eda<\/th>\n<th>Informaci\u00f3n clave<\/th>\n<\/tr>\n<\/thead>\n<tbody>\n<tr>\n<td><strong>Fechas recomendadas<\/strong><\/td>\n<td>Del 14 de noviembre al 1 de enero (Temporada de Adviento).<\/td>\n<\/tr>\n<tr>\n<td><strong>Duraci\u00f3n ideal<\/strong><\/td>\n<td>3 a 4 d\u00edas completos para conocer los puntos principales.<\/td>\n<\/tr>\n<tr>\n<td><strong>Presupuesto diario<\/strong><\/td>\n<td>60-90 \u20ac por persona (sin incluir el alojamiento).<\/td>\n<\/tr>\n<tr>\n<td><strong>Moneda<\/strong><\/td>\n<td>Forinto h\u00fangaro (HUF). Se recomienda pagar siempre con tarjeta.<\/td>\n<\/tr>\n<tr>\n<td><strong>Mejor plan gratuito<\/strong><\/td>\n<td>Show de luces en la fachada de la Bas\u00edlica de San Esteban.<\/td>\n<\/tr>\n<tr>\n<td><strong>Imprescindible (pago)<\/strong><\/td>\n<td>Ba\u00f1o en las termas Sz\u00e9chenyi (ir temprano para evitar colas).<\/td>\n<\/tr>\n<tr>\n<td><strong>Transporte estrella<\/strong><\/td>\n<td>Tranv\u00eda 2 (f\u00e9nyvillamos) para ver el Parlamento iluminado.<\/td>\n<\/tr>\n<tr>\n<td><strong>Gastronom\u00eda t\u00edpica<\/strong><\/td>\n<td>K\u00fcrt\u0151skal\u00e1cs, L\u00e1ngos, Guly\u00e1s y vino caliente (Forralt bor).<\/td>\n<\/tr>\n<tr>\n<td><strong>TIP<\/strong><\/td>\n<td>Reservar alojamiento con 2-3 meses de antelaci\u00f3n.<\/td>\n<\/tr>\n<\/tbody>\n<\/table>\n<\/div>\n[\/et_pb_text][\/et_pb_column][\/et_pb_row][et_pb_row _builder_version=\u00bb4.24.0&#8243; _module_preset=\u00bbdefault\u00bb global_colors_info=\u00bb{}\u00bb][et_pb_column type=\u00bb4_4&#8243; _builder_version=\u00bb4.24.0&#8243; _module_preset=\u00bbdefault\u00bb global_colors_info=\u00bb{}\u00bb][et_pb_image src=\u00bbhttps:\/\/www.recalculandoviajes.com\/wp-content\/uploads\/2026\/09\/budapest-navidad.webp\u00bb alt=\u00bbbudapest navidad\u00bb title_text=\u00bbbudapest navidad\u00bb _builder_version=\u00bb4.27.8&#8243; _module_preset=\u00bbdefault\u00bb width=\u00bb80%\u00bb module_alignment=\u00bbcenter\u00bb global_colors_info=\u00bb{}\u00bb][\/et_pb_image][et_pb_text _builder_version=\u00bb4.27.8&#8243; _module_preset=\u00bbdefault\u00bb global_colors_info=\u00bb{}\u00bb]\n<h2>\u00bfMerece la pena visitar Budapest en Navidad?<\/h2>\n<p>S\u00ed, y te decimos exactamente por qu\u00e9, sin vender humo. Budapest tiene tres cosas que casi ninguna otra capital europea junta en diciembre: dos mercados navide\u00f1os de nivel alt\u00edsimo (el de la Bas\u00edlica viene siendo votado varios a\u00f1os seguidos como el mejor de Europa), termas de agua caliente al aire libre para meterte cuando ya no sent\u00eds los dedos, y un r\u00edo con el Parlamento y el castillo iluminados que se ve gratis desde cualquier puente.<\/p>\n<p>\u00bfLos contras? Los precios dentro de los mercados no son h\u00fangaros, son alemanes o peores. Los fines de semana de Adviento el centro se vuelve inc\u00f3modo de tan lleno. Y no nieva casi nunca: la postal blanca que ten\u00e9s en la cabeza probablemente sea gris y con llovizna. Sabiendo eso, la respuesta sigue siendo que s\u00ed.<\/p>\n<p>Si ven\u00eds a Budapest en Navidad esperando el modelo alem\u00e1n de mercado gigante y ordenado, vas a encontrar algo distinto: m\u00e1s chico, m\u00e1s artesanal y con much\u00edsimo m\u00e1s para hacer fuera de los mercaditos navide\u00f1os.<\/p>\n[\/et_pb_text][\/et_pb_column][\/et_pb_row][et_pb_row _builder_version=\u00bb4.24.0&#8243; _module_preset=\u00bbdefault\u00bb global_colors_info=\u00bb{}\u00bb][et_pb_column type=\u00bb4_4&#8243; _builder_version=\u00bb4.24.0&#8243; _module_preset=\u00bbdefault\u00bb global_colors_info=\u00bb{}\u00bb][et_pb_image src=\u00bbhttps:\/\/www.recalculandoviajes.com\/wp-content\/uploads\/2026\/09\/mercado-navideno-budapest.webp\u00bb alt=\u00bbmercado naviden\u0303o budapest\u00bb title_text=\u00bbmercado naviden\u0303o budapest\u00bb _builder_version=\u00bb4.27.8&#8243; _module_preset=\u00bbdefault\u00bb global_colors_info=\u00bb{}\u00bb][\/et_pb_image][\/et_pb_column][\/et_pb_row][et_pb_row _builder_version=\u00bb4.24.0&#8243; _module_preset=\u00bbdefault\u00bb global_colors_info=\u00bb{}\u00bb][et_pb_column type=\u00bb4_4&#8243; _builder_version=\u00bb4.24.0&#8243; _module_preset=\u00bbdefault\u00bb global_colors_info=\u00bb{}\u00bb][et_pb_text _builder_version=\u00bb4.27.8&#8243; _module_preset=\u00bbdefault\u00bb global_colors_info=\u00bb{}\u00bb]\n<h2>1. El mercado de la plaza V\u00f6r\u00f6smarty, el cl\u00e1sico de Budapest en Navidad<\/h2>\n<p>Es el mercado m\u00e1s antiguo de la ciudad y el punto de partida obligado de cualquier Navidad en Budapest: funciona desde 1998 y lo organiza la propia oficina de turismo. Est\u00e1 en pleno centro de Pest, al final de la calle comercial V\u00e1ci, y es el que aparece en todas las fotos: bellas casitas de madera en c\u00edrculo, un \u00e1rbol enorme en el medio y un trencito que da vueltas para los m\u00e1s chicos.<\/p>\n[\/et_pb_text][et_pb_image src=\u00bbhttps:\/\/www.recalculandoviajes.com\/wp-content\/uploads\/2026\/09\/mercado-navideno-plaza-vorosmarty-budapest.webp\u00bb alt=\u00bbmercado navide\u00f1o plaza vorosmarty-budapest\u00bb title_text=\u00bbmercado navide\u00f1o plaza vorosmarty-budapest\u00bb _builder_version=\u00bb4.27.8&#8243; _module_preset=\u00bbdefault\u00bb global_colors_info=\u00bb{}\u00bb][\/et_pb_image][et_pb_text _builder_version=\u00bb4.27.8&#8243; _module_preset=\u00bbdefault\u00bb global_colors_info=\u00bb{}\u00bb]\n<p>Lo que m\u00e1s nos gust\u00f3 de esta plaza cuando la recorrimos en noviembre es que ya sin mercado tiene vida propia. Con las casitas navide\u00f1as armadas, muchos viajeros la se\u00f1alan como el mejor punto de partida para una primera tarde. Los puestos mezclan artesan\u00eda h\u00fangara \u2014cer\u00e1mica, bordados, adornos de madera\u2014 con casitas gastron\u00f3micas donde se come de pie, con guantes puestos.<\/p>\n[\/et_pb_text][et_pb_image src=\u00bbhttps:\/\/www.recalculandoviajes.com\/wp-content\/uploads\/2026\/09\/mercadillo-navidad-budapest.webp\u00bb alt=\u00bbmercadillo navidad budapest\u00bb title_text=\u00bbmercadillo navidad budapest\u00bb _builder_version=\u00bb4.27.8&#8243; _module_preset=\u00bbdefault\u00bb global_colors_info=\u00bb{}\u00bb][\/et_pb_image][et_pb_text _builder_version=\u00bb4.27.8&#8243; _module_preset=\u00bbdefault\u00bb global_colors_info=\u00bb{}\u00bb]\n<p><strong>Horarios habituales:<\/strong> de domingo a jueves de 11:00 a 21:00 y viernes y s\u00e1bados de 11:00 a 22:00. El 24 de diciembre cierra temprano (sobre las 14:00-15:00), el 25 y 26 abre en horario reducido y el 31 se estira hasta la madrugada.<\/p>\n<p><strong>A tener en cuenta:<\/strong> en este mercado varios puestos funcionan solo con tarjeta. No es un detalle menor si ven\u00eds con la idea de cambiar forintos en efectivo para todo. Llev\u00e1 siempre una tarjeta sin comisiones por cambio de divisa.<\/p>\n[\/et_pb_text][et_pb_image src=\u00bbhttps:\/\/www.recalculandoviajes.com\/wp-content\/uploads\/2026\/09\/que-ver-en-budapest-en-navidad.webp\u00bb alt=\u00bbque ver en budapest en navidad\u00bb title_text=\u00bbque ver en budapest en navidad\u00bb _builder_version=\u00bb4.27.8&#8243; _module_preset=\u00bbdefault\u00bb global_colors_info=\u00bb{}\u00bb][\/et_pb_image][\/et_pb_column][\/et_pb_row][et_pb_row _builder_version=\u00bb4.24.0&#8243; _module_preset=\u00bbdefault\u00bb global_colors_info=\u00bb{}\u00bb][et_pb_column type=\u00bb4_4&#8243; _builder_version=\u00bb4.24.0&#8243; _module_preset=\u00bbdefault\u00bb global_colors_info=\u00bb{}\u00bb][et_pb_text _builder_version=\u00bb4.24.0&#8243; _module_preset=\u00bbdefault\u00bb global_colors_info=\u00bb{}\u00bb]\n<h2>2. Adviento en la Bas\u00edlica, el mercado que gan\u00f3 todos los premios<\/h2>\n<p>Si tuvi\u00e9ramos que elegir un solo lugar de la Navidad en Budapest para alguien que viene un fin de semana corto, ser\u00eda este. El mercado de la plaza de San Esteban, conocido como <em>Advent Bazilika<\/em>, arranc\u00f3 en 2011 y desde entonces se volvi\u00f3 el favorito absoluto: viene siendo votado varios a\u00f1os seguidos como el mejor mercado navide\u00f1o de Europa.<\/p>\n<p>La escenograf\u00eda ayuda much\u00edsimo. La bas\u00edlica de San Esteban mide 96 metros \u2014la misma altura exacta que el Parlamento, un gui\u00f1o al a\u00f1o 896 de la fundaci\u00f3n de Hungr\u00eda\u2014 y hace de tel\u00f3n de fondo para casi cien puestos de artesanos, un \u00e1rbol de doce metros y una pista de patinaje montada en el centro de la plaza.<\/p>\n<p><strong>Fechas de referencia:<\/strong> la \u00faltima edici\u00f3n fue del 14 de noviembre al 1 de enero. Las fechas oficiales de la pr\u00f3xima temporada se confirman entre septiembre y octubre en la <a href=\"https:\/\/adventbazilika.hu\/en\/\" target=\"_blank\" rel=\"nofollow noopener\">web oficial de Advent Bazilika<\/a>.<\/p>\n<p><strong>Horarios habituales:<\/strong> de domingo a jueves de 11:00 a 22:00, viernes y s\u00e1bados hasta las 23:00. El 24 de diciembre cierra a las 15:00 y el 25 y 26 abre de 11:00 a 20:00.<\/p>\n<p>La organizaci\u00f3n insiste cada a\u00f1o en mantener precios de comida razonables, algo que se agradece, porque el resto de los mercados navide\u00f1os de Budapest no son precisamente baratos. Los precios de comida y bebida en los mercadillos navide\u00f1os est\u00e1n al nivel de Alemania o Austria. Aunque Hungr\u00eda suele ser un destino m\u00e1s econ\u00f3mico, no aplica dentro de un mercado navide\u00f1o.<\/p>\n[\/et_pb_text][et_pb_text _builder_version=\u00bb4.27.8&#8243; _module_preset=\u00bbdefault\u00bb global_colors_info=\u00bb{}\u00bb]\n<div class=\"stat-card\" style=\"background: linear-gradient(135deg, #ff7e5f 0%, #feb47b 100%); border-radius: 12px; padding: 24px; margin: 32px 0; box-shadow: 0 4px 6px rgba(0,0,0,0.1);\">\n<div style=\"display: flex; align-items: center; gap: 16px; margin-bottom: 16px;\">\n<div style=\"color: white; font-size: 14px; font-weight: 600; text-transform: uppercase; letter-spacing: 1px;\"> \u00bfSab\u00edas que\u2026? <\/div>\n<\/p><\/div>\n<div style=\"color: white; font-size: 20px; font-weight: 700; line-height: 1.4; margin-bottom: 12px;\"> La Bas\u00edlica de San Esteban tiene exactamente 96 metros de altura, un n\u00famero elegido intencionalmente para conmemorar el a\u00f1o 896, fecha de la fundaci\u00f3n de Hungr\u00eda. <\/div>\n<div style=\"color: rgba(255,255,255,0.9); font-size: 14px;\"> Fuente: <a href=\"https:\/\/bazilikabudapest.hu\/en\/\" rel=\"nofollow noopener\" target=\"_blank\" style=\"color: white; text-decoration: underline;\"> Bas\u00edlica de San Esteban <\/a> <\/div>\n<\/p><\/div>\n[\/et_pb_text][\/et_pb_column][\/et_pb_row][et_pb_row _builder_version=\u00bb4.24.0&#8243; _module_preset=\u00bbdefault\u00bb global_colors_info=\u00bb{}\u00bb][et_pb_column type=\u00bb4_4&#8243; _builder_version=\u00bb4.24.0&#8243; _module_preset=\u00bbdefault\u00bb global_colors_info=\u00bb{}\u00bb][et_pb_text _builder_version=\u00bb4.24.0&#8243; _module_preset=\u00bbdefault\u00bb global_colors_info=\u00bb{}\u00bb]\n<h2>3. El show de luces sobre la fachada de la Bas\u00edlica<\/h2>\n<p>Este es, para nosotros, el plan gratuito m\u00e1s impresionante de todo Budapest en Navidad. Cada tarde, a partir de las 17:30, la fachada de la bas\u00edlica de San Esteban se convierte en una pantalla gigante: proyecciones animadas de tem\u00e1tica navide\u00f1a que se repiten cada media hora hasta las 22:00 aproximadamente.<\/p>\n<p>No hay que reservar, no hay que pagar, no hay que hacer cola. Simplemente lleg\u00e1s a la plaza, busc\u00e1s un lugar con perspectiva y esper\u00e1s. Nuestro consejo es ubicarse un poco atr\u00e1s, hacia la entrada de la calle Zr\u00ednyi, para tener el edificio entero en el encuadre sin que las cabezas te tapen la parte baja.<\/p>\n<p>Si ven\u00eds con c\u00e1mara o con ganas de una buena foto, esta es una de las cosas que hacer en Budapest que mejor rinde en imagen. Y como se repite cada media hora, pod\u00e9s verlo, meterte al mercado a tomar un vino caliente y volver a verlo con otra luz.<\/p>\n[\/et_pb_text][et_pb_text admin_label=\u00bbads Booking Banner Alojamiento &#8211; ESP\u00bb _builder_version=\u00bb4.27.8&#8243; _module_preset=\u00bbdefault\u00bb global_module=\u00bb22862&#8243; saved_tabs=\u00bball\u00bb locked=\u00bboff\u00bb global_colors_info=\u00bb{}\u00bb]\n<div style=\"margin: 1em 0;\"><a style=\"display: flex; align-items: center; justify-content: space-between; gap: 1em; flex-wrap: wrap; margin: 0; padding: .75em 1.1em; border: 1px solid #f0c4d0; border-left: 3px solid #b8174a; border-radius: 10px; background: #fdf4f7; text-decoration: none;\" href=\"https:\/\/recalculandoviajes.com\/go\/booking\" target=\"_blank\" rel=\"nofollow sponsored noopener\"><br \/><span style=\"font-size: .97rem; line-height: 1.4; flex: 1 1 auto; min-width: 0; color: #1a1a2e;\">\ud83c\udfe8 <strong style=\"color: #b8174a;\">\u00bfBuscas Alojamiento para tu Viaje?<\/strong> Compara Hoteles, Apartamentos y encuentra las mejores Ofertas AQU\u00cd<\/span><br \/><span style=\"display: inline-flex; align-items: center; gap: .4em; padding: .6em 1.1em; background: #b8174a; color: #fff; font-weight: 600; font-size: .93rem; line-height: 1.2; border-radius: 999px; white-space: nowrap; flex-shrink: 0;\">Ver disponibilidad \u279c<\/span><br \/><\/a><\/div>\n[\/et_pb_text][\/et_pb_column][\/et_pb_row][et_pb_row _builder_version=\u00bb4.24.0&#8243; _module_preset=\u00bbdefault\u00bb global_colors_info=\u00bb{}\u00bb][et_pb_column type=\u00bb4_4&#8243; _builder_version=\u00bb4.24.0&#8243; _module_preset=\u00bbdefault\u00bb global_colors_info=\u00bb{}\u00bb][et_pb_text _builder_version=\u00bb4.24.0&#8243; _module_preset=\u00bbdefault\u00bb global_colors_info=\u00bb{}\u00bb]\n<h2>4. Patinar sobre hielo frente al castillo de Vajdahunyad<\/h2>\n<p>La pista del V\u00e1rosligeti M\u0171j\u00e9gp\u00e1lya funciona desde 1870 y es una de las m\u00e1s grandes de Europa: 180 por 67 metros de hielo montados sobre el lago del parque V\u00e1rosliget. El fondo es el castillo de Vajdahunyad iluminado. Suena a postal armada y sin embargo es real.<\/p>\n<p>Nosotros pasamos varias veces por el parque en noviembre, cuando todav\u00eda estaban preparando la superficie, y solo por el tama\u00f1o del predio ya impresiona. Abre habitualmente en la \u00faltima semana de noviembre \u2014la fecha exacta depende del clima\u2014 y se mantiene hasta febrero.<\/p>\n<p><strong>Precios de referencia de la \u00faltima temporada:<\/strong> unos 3.500 HUF la entrada de adulto entre semana y 4.500 HUF los fines de semana; estudiantes y jubilados alrededor de 2.500 y 3.500 HUF. Hay entradas familiares y abonos de diez usos. El alquiler de patines se paga aparte y suele pedir dep\u00f3sito.<\/p>\n<p><strong>Un consejo honesto:<\/strong> hacia el final de cada turno de tres o cuatro horas el hielo queda muy picado y con charcos, porque pasan miles de patines. Si vas por la experiencia y las fotos, perfecto. Si vas a patinar en serio, hay pistas m\u00e1s chicas con mejor hielo, como la que montan en la plaza de la Bas\u00edlica.<\/p>\n<p><a href=\"https:\/\/www.recalculandoviajes.com\/checklist-de-equipaje\/\">Nuestro checklist de equipaje<\/a> te va a venir bien ac\u00e1: guantes finos para poder usar el celular, gorro y un buen par de medias t\u00e9rmicas cambian por completo la experiencia de una tarde al aire libre.<\/p>\n[\/et_pb_text][et_pb_text _builder_version=\u00bb4.27.8&#8243; _module_preset=\u00bbdefault\u00bb global_colors_info=\u00bb{}\u00bb]\n<div class=\"stat-card\" style=\"background: linear-gradient(135deg, #ff7e5f 0%, #feb47b 100%); border-radius: 12px; padding: 24px; margin: 32px 0; box-shadow: 0 4px 6px rgba(0,0,0,0.1);\">\n<div style=\"display: flex; align-items: center; gap: 16px; margin-bottom: 16px;\">\n<div style=\"color: white; font-size: 14px; font-weight: 600; text-transform: uppercase; letter-spacing: 1px;\"> \u00bfSab\u00edas que\u2026? <\/div>\n<\/p><\/div>\n<div style=\"color: white; font-size: 20px; font-weight: 700; line-height: 1.4; margin-bottom: 12px;\"> La pista de patinaje del Parque V\u00e1rosliget, inaugurada en 1870, es una de las m\u00e1s grandes y antiguas de toda Europa, ofreciendo una experiencia \u00fanica sobre un lago helado frente al Castillo de Vajdahunyad. <\/div>\n<div style=\"color: rgba(255,255,255,0.9); font-size: 14px;\"> Fuente: <a href=\"https:\/\/www.mujegpalya.hu\/\" rel=\"nofollow noopener\" target=\"_blank\" style=\"color: white; text-decoration: underline;\"> V\u00e1rosligeti M\u0171j\u00e9gp\u00e1lya <\/a> <\/div>\n<\/p><\/div>\n[\/et_pb_text][\/et_pb_column][\/et_pb_row][et_pb_row _builder_version=\u00bb4.24.0&#8243; _module_preset=\u00bbdefault\u00bb global_colors_info=\u00bb{}\u00bb][et_pb_column type=\u00bb4_4&#8243; _builder_version=\u00bb4.24.0&#8243; _module_preset=\u00bbdefault\u00bb global_colors_info=\u00bb{}\u00bb][et_pb_text _builder_version=\u00bb4.27.8&#8243; _module_preset=\u00bbdefault\u00bb global_colors_info=\u00bb{}\u00bb]\n<h2>5. El parque V\u00e1rosh\u00e1za, el mercado m\u00e1s tranquilo de la Budapest en Navidad<\/h2>\n<p>A pocos minutos caminando de V\u00f6r\u00f6smarty hay un parque interior, el V\u00e1rosh\u00e1za Park, que en temporada se llena de casitas de madera, luces colgantes y una pista de patinaje m\u00e1s chica. Es uno de los lugares que ver en Budapest que la mayor\u00eda de las gu\u00edas pasa por alto, y justamente por eso funciona tan bien.<\/p>\n<p>El ambiente es m\u00e1s local y menos apretado. Hay bancos, hay espacio para sentarse, y la relaci\u00f3n entre lo que pag\u00e1s y lo que recib\u00eds mejora bastante respecto de los dos mercados grandes. Si viaj\u00e1s con chicos o si simplemente no soport\u00e1s las multitudes, metelo en el itinerario a media tarde, antes de que caiga el sol.<\/p>\n<p>Este parque es adem\u00e1s un buen atajo mental para entender la ciudad: est\u00e1s a cinco minutos del mercado m\u00e1s famoso de Hungr\u00eda y de golpe el volumen baja. Budapest tiene mucho de eso.<\/p>\n[\/et_pb_text][\/et_pb_column][\/et_pb_row][et_pb_row _builder_version=\u00bb4.24.0&#8243; _module_preset=\u00bbdefault\u00bb global_colors_info=\u00bb{}\u00bb][et_pb_column type=\u00bb4_4&#8243; _builder_version=\u00bb4.24.0&#8243; _module_preset=\u00bbdefault\u00bb global_colors_info=\u00bb{}\u00bb][et_pb_text _builder_version=\u00bb4.24.0&#8243; _module_preset=\u00bbdefault\u00bb global_colors_info=\u00bb{}\u00bb]\n<h2>6. Subirse al f\u00e9nyvillamos, el tranv\u00eda de luces<\/h2>\n<p>Uno de los imprescindibles de Budapest en Navidad y encima cuesta lo mismo que un billete normal de transporte. Durante la temporada de Adviento, la empresa de transporte cubre varios tranv\u00edas con miles de luces LED y los pone a circular por las l\u00edneas habituales. Se los llama <em>f\u00e9nyvillamos<\/em> y suelen verse en las l\u00edneas 2, 47 y 49, entre otras.<\/p>\n<p>La l\u00ednea 2 es la que hay que buscar. Corre pegada al Danubio por el lado de Pest, pasando por delante del Parlamento, el Puente de las Cadenas y con vistas al castillo de Buda del otro lado del r\u00edo. De noche, con el tranv\u00eda iluminado y la ciudad reflejada en el agua, es de los mejores paseos baratos que hicimos en Europa.<\/p>\n<p><strong>C\u00f3mo aprovecharlo:<\/strong> los horarios en que circula el tranv\u00eda iluminado se publican cada temporada y no es un servicio continuo, as\u00ed que puede tocarte esperar. Mientras tanto, la l\u00ednea 2 normal ya vale la pena por el recorrido. Nosotros la usamos a diario durante nuestras dos semanas y media en la ciudad y nunca se nos hizo aburrida.<\/p>\n<p><strong>Precio:<\/strong> un billete sencillo cuesta 500 HUF (700 HUF si lo compr\u00e1s al conductor), el de 90 minutos 850 HUF y el abono de 24 horas 2.750 HUF. Se compran en las m\u00e1quinas amarillas de las estaciones o desde la app oficial BudapestGO. Valid\u00e1 siempre: la multa es alta y los inspectores controlan de verdad.<\/p>\n[\/et_pb_text][et_pb_text admin_label=\u00bbads IATI Middle seguro de viaje (2026) &#8211; ESP\u00bb _builder_version=\u00bb4.27.8&#8243; _module_preset=\u00bbdefault\u00bb global_module=\u00bb15719&#8243; saved_tabs=\u00bball\u00bb locked=\u00bboff\u00bb global_colors_info=\u00bb{}\u00bb]\n<div style=\"padding: 10px; border: 10px outset #b8174a; border-radius: 15px;\"><center><strong>\u261d\ufe0f <a href=\"https:\/\/recalculandoviajes.com\/iati-seguros\">VIAJA SEGURO &#8211; DESCUENTOS \/ 5% OFF IATI<\/a>!!<br \/>\ud83d\udc69\u200d\u2695\ufe0f\ud83d\udc68\u200d\u2695\ufe0f Requisito indispensable para viajar sin preocupaciones! \ud83c\udf0e\u2708\ufe0f <a href=\"https:\/\/www.recalculandoviajes.com\/mejor-seguro-de-viaje\/\">\u279c Cotiz\u00e1, Compar\u00e1 y Contrat\u00e1<\/a><\/strong><\/center><\/div>\n[\/et_pb_text][\/et_pb_column][\/et_pb_row][et_pb_row _builder_version=\u00bb4.24.0&#8243; _module_preset=\u00bbdefault\u00bb global_colors_info=\u00bb{}\u00bb][et_pb_column type=\u00bb4_4&#8243; _builder_version=\u00bb4.24.0&#8243; _module_preset=\u00bbdefault\u00bb global_colors_info=\u00bb{}\u00bb][et_pb_text _builder_version=\u00bb4.27.8&#8243; _module_preset=\u00bbdefault\u00bb global_colors_info=\u00bb{}\u00bb]\n<h2>7. Las termas Sz\u00e9chenyi con el aire a cero grados<\/h2>\n<p>Meterse en agua a 38 grados mientras el vapor tapa todo y afuera hace fr\u00edo es, para nosotros, el mejor plan de la Navidad en Budapest que no tiene nada que ver con los mercadillos navide\u00f1os. Las Sz\u00e9chenyi est\u00e1n dentro del parque V\u00e1rosliget, en un edificio neobarroco amarillo enorme, y tienen piletas exteriores abiertas todo el a\u00f1o.<\/p>\n<p>Nosotros fuimos un d\u00eda de semana a la ma\u00f1ana temprano y fue la decisi\u00f3n correcta: pr\u00e1cticamente sin cola y con las piletas grandes casi vac\u00edas durante la primera hora. A partir del mediod\u00eda cambia todo.<\/p>\n<p><strong>Precios 2026:<\/strong> la entrada de d\u00eda completo con taquilla ronda los 13.200 HUF entre semana y 14.800 HUF los fines de semana. Con cabina privada se suman unos 1.000 HUF m\u00e1s. Hay entradas de acceso temprano bastante m\u00e1s baratas si te levant\u00e1s con ganas.<\/p>\n<p><strong>Dos avisos importantes y actualizados:<\/strong> desde agosto de 2025 no se permite el ingreso de menores de 14 a\u00f1os a las piletas termales de Budapest, y el balneario Gell\u00e9rt est\u00e1 cerrado por obras hasta 2028. Si en alg\u00fan blog viejo le\u00edste que el Gell\u00e9rt es imperdible, ya no es una opci\u00f3n. Las alternativas son Sz\u00e9chenyi, Rudas y Luk\u00e1cs.<\/p>\n<p><strong>Qu\u00e9 llevar:<\/strong> malla, ojotas y toalla. Se alquilan ah\u00ed, pero pag\u00e1s bastante m\u00e1s de lo que valen.<\/p>\n[\/et_pb_text][\/et_pb_column][\/et_pb_row][et_pb_row _builder_version=\u00bb4.24.0&#8243; _module_preset=\u00bbdefault\u00bb global_colors_info=\u00bb{}\u00bb][et_pb_column type=\u00bb4_4&#8243; _builder_version=\u00bb4.24.0&#8243; _module_preset=\u00bbdefault\u00bb global_colors_info=\u00bb{}\u00bb][et_pb_text _builder_version=\u00bb4.24.0&#8243; _module_preset=\u00bbdefault\u00bb global_colors_info=\u00bb{}\u00bb]\n<h2>8. El Parlamento iluminado desde la orilla de Buda<\/h2>\n<p>El Parlamento h\u00fangaro es el edificio que define la postal de la Navidad en Budapest, y en invierno juega con ventaja: oscurece cerca de las 16:00, as\u00ed que las luces se encienden temprano y ten\u00e9s much\u00edsimas horas de \u00abhora azul\u00bb para verlo.<\/p>\n<p>El truco que nos funcion\u00f3 fue cruzar a la orilla de Buda, hasta Batthy\u00e1ny t\u00e9r (parada de la l\u00ednea M2 del metro). Desde ah\u00ed ten\u00e9s el edificio entero de frente, sim\u00e9trico, reflejado en el Danubio. Lleg\u00e1 unos veinte minutos antes del atardecer y quedate hasta que est\u00e9 totalmente oscuro: son dos fotos completamente distintas.<\/p>\n<p>Para entrar por dentro hay que hacer s\u00ed o s\u00ed una visita guiada oficial, con entrada reservada por anticipado en la web del propio Parlamento. En diciembre los cupos vuelan, as\u00ed que si te interesa, compr\u00e1 con semanas de anticipaci\u00f3n. Nosotros nos quedamos con la vista exterior y no nos arrepentimos ni un poco: es de esos edificios que impresionan m\u00e1s de lejos.<\/p>\n[\/et_pb_text][et_pb_image src=\u00bbhttps:\/\/www.recalculandoviajes.com\/wp-content\/uploads\/2026\/09\/parlamento-iluminado-budapest.webp\u00bb alt=\u00bbparlamento iluminado budapest\u00bb title_text=\u00bbparlamento iluminado budapest\u00bb _builder_version=\u00bb4.27.8&#8243; _module_preset=\u00bbdefault\u00bb global_colors_info=\u00bb{}\u00bb][\/et_pb_image][\/et_pb_column][\/et_pb_row][et_pb_row _builder_version=\u00bb4.24.0&#8243; _module_preset=\u00bbdefault\u00bb global_colors_info=\u00bb{}\u00bb][et_pb_column type=\u00bb4_4&#8243; _builder_version=\u00bb4.24.0&#8243; _module_preset=\u00bbdefault\u00bb global_colors_info=\u00bb{}\u00bb][et_pb_text _builder_version=\u00bb4.24.0&#8243; _module_preset=\u00bbdefault\u00bb global_colors_info=\u00bb{}\u00bb]\n<h2>9. Advent Bud\u00e1n: el mercado del Castillo de Buda y el Basti\u00f3n de los Pescadores<\/h2>\n<p>Cruzando a la colina del castillo est\u00e1 el Basti\u00f3n de los Pescadores, con sus torres blancas de cuento y la iglesia de Mat\u00edas al lado. En la plaza Szenth\u00e1roms\u00e1g, delante de la iglesia, se monta el mercado <em>Advent Bud\u00e1n<\/em>: m\u00e1s chico que los del centro, con artesanos locales, conciertos gratuitos los fines de semana y ceremonias de encendido de velas. En la \u00faltima temporada funcion\u00f3 del 29 de noviembre al 24 de diciembre, todos los d\u00edas de 9:00 a 19:00, y algunas fuentes lo estiran hasta los primeros d\u00edas de enero. Es claramente el m\u00e1s rom\u00e1ntico y el que menos gente tiene.<\/p>\n<p>Es una de las cosas que hacer en Budapest que cambia por completo seg\u00fan la hora. De d\u00eda ten\u00e9s la vista panor\u00e1mica sobre el Danubio y todo Pest; de noche, con las luces c\u00e1lidas y menos gente, la zona se pone silenciosa y bastante m\u00e1gica. Nosotros subimos varias veces y siempre preferimos la ca\u00edda del sol.<\/p>\n<p><strong>C\u00f3mo subir:<\/strong> se puede caminando desde el Puente de las Cadenas (una subida corta pero real), en el funicular, o en los autobuses 16, 16A y 116 desde De\u00e1k Ferenc t\u00e9r. En invierno, con hielo en los adoquines, el autob\u00fas es una opci\u00f3n muy razonable. Y si vas a pie, sub\u00ed por las escaleras del lado del puente en vez de pagar el funicular: son cinco minutos de subida y te ahorr\u00e1s la cola.<\/p>\n<p>Las terrazas altas del Basti\u00f3n tienen entrada de pago en algunos tramos y horarios, pero buena parte del recorrido y las mejores vistas son gratuitas. No te dejes vender lo contrario.<\/p>\n[\/et_pb_text][\/et_pb_column][\/et_pb_row][et_pb_row _builder_version=\u00bb4.24.0&#8243; _module_preset=\u00bbdefault\u00bb global_colors_info=\u00bb{}\u00bb][et_pb_column type=\u00bb4_4&#8243; _builder_version=\u00bb4.24.0&#8243; _module_preset=\u00bbdefault\u00bb global_colors_info=\u00bb{}\u00bb][et_pb_text _builder_version=\u00bb4.24.0&#8243; _module_preset=\u00bbdefault\u00bb global_colors_info=\u00bb{}\u00bb]\n<h2>10. La plaza Erzs\u00e9bet, su mercado y la noria<\/h2>\n<p>La plaza Erzs\u00e9bet queda a un paso de De\u00e1k Ferenc t\u00e9r, el nudo donde se cruzan tres l\u00edneas de metro, y en temporada suma un mercado navide\u00f1o m\u00e1s chico junto a la noria gigante de la ciudad.<\/p>\n<p>La noria funciona todo el a\u00f1o y sube unos 65 metros, lo suficiente para ver el centro de Pest iluminado desde arriba. No es la vista m\u00e1s espectacular de Budapest \u2014para eso est\u00e1 la colina del castillo\u2014 pero de noche, con las luces de Navidad prendidas y las casitas de madera abajo, tiene su encanto.<\/p>\n<p>Entre este mercado y V\u00f6r\u00f6smarty hay una caminata de cinco minutos por la calle De\u00e1k Ferenc, que en estas fechas se decora entera con instalaciones de luces. Es el tramo peatonal que m\u00e1s nos gust\u00f3 para caminar sin rumbo una noche cualquiera.<\/p>\n[\/et_pb_text][\/et_pb_column][\/et_pb_row][et_pb_row column_structure=\u00bb1_3,1_3,1_3&#8243; admin_label=\u00bbads FILA 3 imagen ESP\u00bb _builder_version=\u00bb4.27.6&#8243; _module_preset=\u00bbdefault\u00bb width_tablet=\u00bb60%\u00bb width_phone=\u00bb60%\u00bb width_last_edited=\u00bbon|tablet\u00bb global_module=\u00bb16315&#8243; saved_tabs=\u00bball\u00bb locked=\u00bboff\u00bb collapsed=\u00bboff\u00bb global_colors_info=\u00bb{}\u00bb][et_pb_column type=\u00bb1_3&#8243; _builder_version=\u00bb4.22.2&#8243; _module_preset=\u00bbdefault\u00bb global_colors_info=\u00bb{}\u00bb][et_pb_image src=\u00bbhttps:\/\/www.recalculandoviajes.com\/wp-content\/uploads\/2026\/07\/descuento-iati-seguro-de-viaje.webp\u00bb alt=\u00bbdescuento iati seguro de viaje\u00bb title_text=\u00bbdescuento iati seguro de viaje\u00bb url=\u00bbhttps:\/\/recalculandoviajes.com\/iati-seguros\u00bb url_new_window=\u00bbon\u00bb _builder_version=\u00bb4.27.6&#8243; _module_preset=\u00bbdefault\u00bb border_radii=\u00bbon|20px|20px|20px|20px\u00bb box_shadow_style=\u00bbpreset1&#8243; global_colors_info=\u00bb{}\u00bb][\/et_pb_image][\/et_pb_column][et_pb_column type=\u00bb1_3&#8243; _builder_version=\u00bb4.22.2&#8243; _module_preset=\u00bbdefault\u00bb global_colors_info=\u00bb{}\u00bb][et_pb_image src=\u00bbhttps:\/\/recalculandoviajes.com\/wp-content\/uploads\/2023\/09\/Booking-Genius-OFF.jpg\u00bb alt=\u00bbque ver en brac zlatni rat\u00bb title_text=\u00bbque ver en brac zlatni rat\u00bb url=\u00bbhttps:\/\/recalculandoviajes.com\/booking-off\u00bb url_new_window=\u00bbon\u00bb _builder_version=\u00bb4.22.2&#8243; _module_preset=\u00bbdefault\u00bb border_radii=\u00bbon|20px|20px|20px|20px\u00bb box_shadow_style=\u00bbpreset1&#8243; global_colors_info=\u00bb{}\u00bb][\/et_pb_image][\/et_pb_column][et_pb_column type=\u00bb1_3&#8243; _builder_version=\u00bb4.22.2&#8243; _module_preset=\u00bbdefault\u00bb global_colors_info=\u00bb{}\u00bb][et_pb_image src=\u00bbhttps:\/\/recalculandoviajes.com\/wp-content\/uploads\/2024\/01\/internet-esim-Holafly-OFF.jpg\u00bb alt=\u00bbque ver en brac zlatni rat\u00bb title_text=\u00bbque ver en brac zlatni rat\u00bb url=\u00bbhttps:\/\/recalculandoviajes.com\/holafly-off\u00bb url_new_window=\u00bbon\u00bb _builder_version=\u00bb4.25.1&#8243; _module_preset=\u00bbdefault\u00bb border_radii=\u00bbon|20px|20px|20px|20px\u00bb box_shadow_style=\u00bbpreset1&#8243; global_colors_info=\u00bb{}\u00bb][\/et_pb_image][\/et_pb_column][\/et_pb_row][et_pb_row _builder_version=\u00bb4.24.0&#8243; _module_preset=\u00bbdefault\u00bb global_colors_info=\u00bb{}\u00bb][et_pb_column type=\u00bb4_4&#8243; _builder_version=\u00bb4.24.0&#8243; _module_preset=\u00bbdefault\u00bb global_colors_info=\u00bb{}\u00bb][et_pb_text _builder_version=\u00bb4.24.0&#8243; _module_preset=\u00bbdefault\u00bb global_colors_info=\u00bb{}\u00bb]\n<h2>11. El Gran Mercado Central, refugio perfecto para un d\u00eda de lluvia<\/h2>\n<p>El Nagyv\u00e1s\u00e1rcsarnok es un edificio de 1897 con techo de tejas de colores y tres plantas de puestos. En diciembre se decora, se llena y se convierte en uno de los lugares de inter\u00e9s en Budapest m\u00e1s \u00fatiles de toda la temporada: est\u00e1s bajo techo, en calor, y pod\u00e9s resolver los regalos y la comida en el mismo lugar.<\/p>\n<p>En la planta baja est\u00e1 lo bueno de verdad: piment\u00f3n h\u00fangaro en lata (el <em>paprika<\/em> dulce y el picante), embutidos, quesos, frascos de conservas. Es el mejor sitio para comprar souvenirs comestibles a precio decente, muy por debajo de lo que cuesta lo mismo en los mercados navide\u00f1os.<\/p>\n<p>La planta alta es bordados, manteles y souvenirs, m\u00e1s orientada al turismo, y tambi\u00e9n tiene puestos de comida r\u00e1pida h\u00fangara. Nosotros pas\u00e1bamos seguido a comprar fruta y verdura para cocinar en el departamento, que es una de las ventajas de quedarse muchos d\u00edas en un mismo lugar.<\/p>\n<p><strong>Ojo con los horarios:<\/strong> cierra los domingos y los s\u00e1bados cierra a media tarde. Es un error cl\u00e1sico dejarlo para el \u00faltimo d\u00eda del viaje y encontrarlo con las persianas bajas.<\/p>\n[\/et_pb_text][et_pb_image src=\u00bbhttps:\/\/www.recalculandoviajes.com\/wp-content\/uploads\/2026\/09\/navidad-en-budapest-mercado-central.webp\u00bb alt=\u00bbnavidad en budapest mercado central\u00bb title_text=\u00bbnavidad en budapest mercado central\u00bb _builder_version=\u00bb4.27.8&#8243; _module_preset=\u00bbdefault\u00bb global_colors_info=\u00bb{}\u00bb][\/et_pb_image][\/et_pb_column][\/et_pb_row][et_pb_row _builder_version=\u00bb4.24.0&#8243; _module_preset=\u00bbdefault\u00bb global_colors_info=\u00bb{}\u00bb][et_pb_column type=\u00bb4_4&#8243; _builder_version=\u00bb4.24.0&#8243; _module_preset=\u00bbdefault\u00bb global_colors_info=\u00bb{}\u00bb][et_pb_text _builder_version=\u00bb4.24.0&#8243; _module_preset=\u00bbdefault\u00bb global_colors_info=\u00bb{}\u00bb]\n<h2>12. La avenida Andr\u00e1ssy y la \u00d3pera con luces<\/h2>\n<p>La avenida Andr\u00e1ssy es Patrimonio de la Humanidad y une el centro con la plaza de los H\u00e9roes en l\u00ednea recta. En diciembre se ilumina entera y caminarla de punta a punta es un plan en s\u00ed mismo, aunque son unos dos kil\u00f3metros y medio y con fr\u00edo se hacen sentir.<\/p>\n<p>Nuestra recomendaci\u00f3n es hacerla por tramos y usar la l\u00ednea M1 del metro, la <em>Millennium<\/em>, que corre justo por debajo. Es la l\u00ednea de metro m\u00e1s antigua de Europa continental (1896), con estaciones chiquitas de azulejos y estructura de madera que parecen un museo. Vale la pena viajar aunque no necesites ir a ning\u00fan lado.<\/p>\n<p>A mitad de camino est\u00e1 la \u00d3pera Estatal, restaurada hace pocos a\u00f1os y una de las m\u00e1s bonitas del continente. En temporada navide\u00f1a hay programaci\u00f3n especial de conciertos, y las entradas de las funciones populares son sorprendentemente accesibles comparadas con Viena o Mil\u00e1n.<\/p>\n[\/et_pb_text][\/et_pb_column][\/et_pb_row][et_pb_row _builder_version=\u00bb4.24.0&#8243; _module_preset=\u00bbdefault\u00bb global_colors_info=\u00bb{}\u00bb][et_pb_column type=\u00bb4_4&#8243; _builder_version=\u00bb4.24.0&#8243; _module_preset=\u00bbdefault\u00bb global_colors_info=\u00bb{}\u00bb][et_pb_text _builder_version=\u00bb4.27.8&#8243; _module_preset=\u00bbdefault\u00bb global_colors_info=\u00bb{}\u00bb]\n<h2>13. Comer y tomar en los mercados: k\u00fcrt\u0151skal\u00e1cs, l\u00e1ngos y vino caliente<\/h2>\n<p>Ninguna gu\u00eda de Budapest en Navidad est\u00e1 completa sin hablar de lo que se come, as\u00ed que vamos con lo concreto. Estas son las cuatro cosas que s\u00ed o s\u00ed ten\u00e9s que probar:<\/p>\n<ul>\n<li><strong>K\u00fcrt\u0151skal\u00e1cs:<\/strong> el famoso \u00abpastel chimenea\u00bb. Masa enrollada en un cilindro, cocinada sobre brasas y pasada por az\u00facar, canela, nuez o cacao. Comelo reci\u00e9n salido, todav\u00eda caliente, es una delicia!. Fr\u00edo pierde toda la gracia.<\/li>\n<\/ul>\n[\/et_pb_text][et_pb_image src=\u00bbhttps:\/\/www.recalculandoviajes.com\/wp-content\/uploads\/2026\/09\/que-comer-budapest-en-navidad.webp\u00bb alt=\u00bbque comer budapest en navidad\u00bb title_text=\u00bbque comer budapest en navidad\u00bb _builder_version=\u00bb4.27.8&#8243; _module_preset=\u00bbdefault\u00bb global_colors_info=\u00bb{}\u00bb][\/et_pb_image][et_pb_text _builder_version=\u00bb4.27.8&#8243; _module_preset=\u00bbdefault\u00bb global_colors_info=\u00bb{}\u00bb]\n<ul>\n<li><strong>L\u00e1ngos:<\/strong> masa frita, generosa y contundente, con crema agria y queso rallado por encima. Es la versi\u00f3n h\u00fangara del abrazo cal\u00f3rico.<\/li>\n<\/ul>\n[\/et_pb_text][et_pb_image src=\u00bbhttps:\/\/www.recalculandoviajes.com\/wp-content\/uploads\/2026\/09\/que-comer-en-budapest-langos.webp\u00bb alt=\u00bbque comer en budapest langos\u00bb title_text=\u00bbque comer en budapest langos\u00bb _builder_version=\u00bb4.27.8&#8243; _module_preset=\u00bbdefault\u00bb global_colors_info=\u00bb{}\u00bb][\/et_pb_image][et_pb_text _builder_version=\u00bb4.27.8&#8243; _module_preset=\u00bbdefault\u00bb global_colors_info=\u00bb{}\u00bb]\n<ul>\n<li><strong>Forralt bor:<\/strong> el vino caliente local, con canela y c\u00edtricos. Se sirve en taza y casi siempre se paga un dep\u00f3sito por el recipiente que te devuelven al entregarlo.<\/li>\n<\/ul>\n[\/et_pb_text][et_pb_image src=\u00bbhttps:\/\/www.recalculandoviajes.com\/wp-content\/uploads\/2026\/09\/budapest-en-navidad-vino-caliente.webp\u00bb alt=\u00bbbudapest en navidad vino caliente\u00bb title_text=\u00bbbudapest en navidad vino caliente\u00bb _builder_version=\u00bb4.27.8&#8243; _module_preset=\u00bbdefault\u00bb global_colors_info=\u00bb{}\u00bb][\/et_pb_image][et_pb_text _builder_version=\u00bb4.27.8&#8243; _module_preset=\u00bbdefault\u00bb global_colors_info=\u00bb{}\u00bb]\n<ul>\n<li><strong>Guly\u00e1s:<\/strong> m\u00e1s sopa que guiso, con carne, papa y mucho piment\u00f3n. En un mercado a cinco grados, es excelente!.<\/li>\n<\/ul>\n<p>Como sab\u00e9s si nos ven\u00eds leyendo, no recomendamos restaurantes con nombre y apellido salvo que los hayamos comprobado nosotros y sigan abiertos y buenos. Preferimos decirte qu\u00e9 pedir y dejarte elegir el puesto que mejor pinta tenga esa noche.<\/p>\n<p><strong>El dato que te ahorra dinero:<\/strong> los precios dentro de los mercados navide\u00f1os son claramente m\u00e1s altos que en cualquier bar del centro. Si vas a estar varios d\u00edas, altern\u00e1. Una noche cen\u00e1s en el mercado por el ambiente y el resto com\u00e9s en el barrio.<\/p>\n[\/et_pb_text][et_pb_image src=\u00bbhttps:\/\/www.recalculandoviajes.com\/wp-content\/uploads\/2026\/09\/comida-budapest-en-navidad.webp\u00bb alt=\u00bbcomida budapest en navidad\u00bb title_text=\u00bbcomida budapest en navidad\u00bb _builder_version=\u00bb4.27.8&#8243; _module_preset=\u00bbdefault\u00bb global_colors_info=\u00bb{}\u00bb][\/et_pb_image][\/et_pb_column][\/et_pb_row][et_pb_row _builder_version=\u00bb4.24.0&#8243; _module_preset=\u00bbdefault\u00bb global_colors_info=\u00bb{}\u00bb][et_pb_column type=\u00bb4_4&#8243; _builder_version=\u00bb4.24.0&#8243; _module_preset=\u00bbdefault\u00bb global_colors_info=\u00bb{}\u00bb][et_pb_text _builder_version=\u00bb4.24.0&#8243; _module_preset=\u00bbdefault\u00bb global_colors_info=\u00bb{}\u00bb]\n<h2>14. \u00d3buda, la Navidad en Budapest lejos del circuito tur\u00edstico<\/h2>\n<p>Al norte de la ciudad, la plaza mayor de \u00d3buda arma cada diciembre un mercado navide\u00f1o mucho m\u00e1s familiar y local. No tiene la escala ni la producci\u00f3n de los del centro, y esa es exactamente la idea.<\/p>\n<p>Es la opci\u00f3n para quien ya vio los dos grandes y quiere entender c\u00f3mo vive la Navidad la gente que realmente habita la ciudad. Suele funcionar durante un per\u00edodo m\u00e1s corto, aproximadamente desde finales de noviembre hasta el 22 o 23 de diciembre, as\u00ed que conviene chequear fechas antes de tomarte el H\u00c9V o el tranv\u00eda hasta all\u00e1.<\/p>\n<p>\u00d3buda adem\u00e1s es la parte m\u00e1s antigua de Budapest, con casas bajas, empedrado y un ritmo completamente distinto. Aunque el mercado no estuviera, la caminata vale.<\/p>\n[\/et_pb_text][\/et_pb_column][\/et_pb_row][et_pb_row _builder_version=\u00bb4.24.0&#8243; _module_preset=\u00bbdefault\u00bb global_colors_info=\u00bb{}\u00bb][et_pb_column type=\u00bb4_4&#8243; _builder_version=\u00bb4.24.0&#8243; _module_preset=\u00bbdefault\u00bb global_colors_info=\u00bb{}\u00bb][et_pb_text _builder_version=\u00bb4.24.0&#8243; _module_preset=\u00bbdefault\u00bb global_colors_info=\u00bb{}\u00bb]\n<h2>15. Fin de a\u00f1o en el Danubio y un crucero al anochecer<\/h2>\n<p>Si tu viaje se estira hasta el 31, sab\u00e9 que la Navidad en Budapest se cierra a lo grande. Los mercados extienden horarios hasta la madrugada, hay m\u00fasica en la calle y el centro se llena. Tambi\u00e9n significa precios de alojamiento m\u00e1s altos y multitudes, as\u00ed que es una decisi\u00f3n consciente.<\/p>\n<p>El plan que m\u00e1s nos gust\u00f3 para ver la ciudad iluminada fue el r\u00edo. Un crucero por el Danubio al anochecer te deja el Parlamento, el Puente de las Cadenas, el castillo de Buda y el Basti\u00f3n de los Pescadores encendidos y en movimiento, todo en una hora. Con el fr\u00edo que hace afuera, los barcos con cubierta cerrada y calefacci\u00f3n son un acierto.<\/p>\n<div class=\"rv-cta-centrado\">\n<p>Pod\u00e9s reservar el crucero por el Danubio y otras excursiones con gu\u00eda en espa\u00f1ol en <a href=\"https:\/\/www.civitatis.com\/es\/budapest\/?aid=102442\" target=\"_blank\" rel=\"nofollow noopener\">Civitatis<\/a>, que suele tener las mejores opciones para estas fechas.<\/p>\n<\/div>\n<p>Otra alternativa m\u00e1s barata: subir al Basti\u00f3n de los Pescadores o cruzar caminando el Puente de las Cadenas de noche. Gratis, y con vistas que compiten de igual a igual.<\/p>\n[\/et_pb_text][et_pb_image src=\u00bbhttps:\/\/www.recalculandoviajes.com\/wp-content\/uploads\/2026\/09\/que-ver-en-budapest-de-noche.webp\u00bb alt=\u00bbque ver en budapest de noche\u00bb title_text=\u00bbque ver en budapest de noche\u00bb _builder_version=\u00bb4.27.8&#8243; _module_preset=\u00bbdefault\u00bb global_colors_info=\u00bb{}\u00bb][\/et_pb_image][\/et_pb_column][\/et_pb_row][et_pb_row _builder_version=\u00bb4.24.0&#8243; _module_preset=\u00bbdefault\u00bb global_colors_info=\u00bb{}\u00bb][et_pb_column type=\u00bb4_4&#8243; _builder_version=\u00bb4.24.0&#8243; _module_preset=\u00bbdefault\u00bb global_colors_info=\u00bb{}\u00bb][et_pb_text _builder_version=\u00bb4.27.8&#8243; _module_preset=\u00bbdefault\u00bb global_colors_info=\u00bb{}\u00bb]\n<h2>16. Var\u00e1zsliget, el parque m\u00e1gico de Vajdahunyad<\/h2>\n<p>Junto a la pista de patinaje, en el mismo parque V\u00e1rosliget, se monta cada temporada el Var\u00e1zsliget o \u00abbosque m\u00e1gico\u00bb: un peque\u00f1o parque de atracciones invernal con el castillo de Vajdahunyad iluminado de fondo. Es el plan m\u00e1s pensado para chicos de toda la Navidad en Budapest.<\/p>\n<p>La atracci\u00f3n principal es una noria decorada con luces. Los precios de la \u00faltima temporada fueron de 1.500 HUF para menores de 14 a\u00f1os y 2.000 HUF a partir de esa edad. Hay adem\u00e1s carruseles, puestos de comida y talleres.<\/p>\n<p><strong>TIP:<\/strong> a diferencia de la mayor\u00eda de los mercados y atracciones, el Var\u00e1zsliget abre tambi\u00e9n el 24, 25 y 26 de diciembre. Si viaj\u00e1s justo esos d\u00edas y todo lo dem\u00e1s est\u00e1 cerrado o con horario recortado, puede ser una opci\u00f3n.<\/p>\n[\/et_pb_text][\/et_pb_column][\/et_pb_row][et_pb_row _builder_version=\u00bb4.24.0&#8243; _module_preset=\u00bbdefault\u00bb global_colors_info=\u00bb{}\u00bb][et_pb_column type=\u00bb4_4&#8243; _builder_version=\u00bb4.24.0&#8243; _module_preset=\u00bbdefault\u00bb global_colors_info=\u00bb{}\u00bb][et_pb_text _builder_version=\u00bb4.24.0&#8243; _module_preset=\u00bbdefault\u00bb global_colors_info=\u00bb{}\u00bb]\n<h2>17. Las luces de Fashion Street y el \u00e1rbol de De\u00e1k Ferenc utca<\/h2>\n<p>La calle De\u00e1k Ferenc, conocida como Fashion Street, une la plaza V\u00f6r\u00f6smarty con la plaza Erzs\u00e9bet y en temporada se convierte en un t\u00fanel de luces. Es corta \u2014se camina en cinco minutos\u2014 pero es de las instalaciones lum\u00ednicas mejor hechas de la ciudad, con un \u00e1rbol gigante que se enciende el mismo d\u00eda que abren los mercados grandes.<\/p>\n<p>Adem\u00e1s del alumbrado hay algunos puestos navide\u00f1os sueltos con artesan\u00eda, joyer\u00eda y adornos. Nosotros caminamos esta calle decenas de veces en noviembre y ya con las estructuras montadas se notaba que iba a quedar bien.<\/p>\n<p>Sobre la propia plaza V\u00f6r\u00f6smarty est\u00e1 el edificio del hist\u00f3rico caf\u00e9 Gerbeaud, que cada diciembre convierte sus ventanas en un calendario de Adviento gigante: se abre una ventana iluminada por d\u00eda hasta el 24. Nosotros no entramos a tomar nada ah\u00ed \u2014los precios son de otra galaxia\u2014 pero la fachada se mira gratis y es uno de los detalles m\u00e1s lindos del centro.<\/p>\n[\/et_pb_text][et_pb_image src=\u00bbhttps:\/\/www.recalculandoviajes.com\/wp-content\/uploads\/2026\/09\/que-ver-en-budapest-navidad.webp\u00bb alt=\u00bbque ver en budapest navidad\u00bb title_text=\u00bbque ver en budapest navidad\u00bb align=\u00bbcenter\u00bb _builder_version=\u00bb4.27.8&#8243; _module_preset=\u00bbdefault\u00bb width=\u00bb80%\u00bb global_colors_info=\u00bb{}\u00bb][\/et_pb_image][\/et_pb_column][\/et_pb_row][et_pb_row _builder_version=\u00bb4.24.0&#8243; _module_preset=\u00bbdefault\u00bb global_colors_info=\u00bb{}\u00bb][et_pb_column type=\u00bb4_4&#8243; _builder_version=\u00bb4.24.0&#8243; _module_preset=\u00bbdefault\u00bb global_colors_info=\u00bb{}\u00bb][et_pb_text _builder_version=\u00bb4.24.0&#8243; _module_preset=\u00bbdefault\u00bb global_colors_info=\u00bb{}\u00bb]\n<h2>18. El mercado de Szabads\u00e1g t\u00e9r, el m\u00e1s de dise\u00f1o<\/h2>\n<p>La plaza de la Libertad queda a cinco minutos del Parlamento y arma un mercado navide\u00f1o mucho m\u00e1s contempor\u00e1neo que el resto: menos adornos tradicionales y m\u00e1s dise\u00f1o h\u00fangaro actual, cosm\u00e9tica natural, bolsos y objetos de estudios locales.<\/p>\n<p>Es el mercado ideal si ven\u00eds buscando regalos que no sean el t\u00edpico im\u00e1n o el adorno de madera repetido. Tambi\u00e9n es notablemente m\u00e1s tranquilo que V\u00f6r\u00f6smarty, que a esa altura de la tarde ya es una marea de gente.<\/p>\n<p>La plaza en s\u00ed vale la visita todo el a\u00f1o: tiene jardines, fuentes y una mezcla de edificios que cuenta media historia del siglo XX h\u00fangaro en un solo lugar.<\/p>\n[\/et_pb_text][\/et_pb_column][\/et_pb_row][et_pb_row _builder_version=\u00bb4.24.0&#8243; _module_preset=\u00bbdefault\u00bb global_colors_info=\u00bb{}\u00bb][et_pb_column type=\u00bb4_4&#8243; _builder_version=\u00bb4.24.0&#8243; _module_preset=\u00bbdefault\u00bb global_colors_info=\u00bb{}\u00bb][et_pb_text _builder_version=\u00bb4.24.0&#8243; _module_preset=\u00bbdefault\u00bb global_colors_info=\u00bb{}\u00bb]\n<h2>19. Lumina Park en la Isla Margarita<\/h2>\n<p>En la Isla Margarita, junto al balneario Palatinus, se monta cada invierno el Lumina Park: un recorrido nocturno con m\u00e1s de doscientas instalaciones de luz, m\u00fasica y escenas iluminadas que representan cuentos cl\u00e1sicos.<\/p>\n<p>Es un plan de pago y bastante distinto del resto: no es un mercado, es un paseo tem\u00e1tico de aproximadamente una hora. Funciona muy bien con chicos y tambi\u00e9n como plan de pareja para una noche en que ya viste todos los mercados.<\/p>\n<p>La Isla Margarita en s\u00ed es uno de los lugares que ver en Budapest que m\u00e1s nos gust\u00f3 durante nuestra estad\u00eda. En invierno est\u00e1 casi vac\u00eda y se llega en el tranv\u00eda 4 o 6, bajando en la parada del puente Margit.<\/p>\n[\/et_pb_text][et_pb_image src=\u00bbhttps:\/\/www.recalculandoviajes.com\/wp-content\/uploads\/2026\/09\/isla-margarita-budapest.webp\u00bb alt=\u00bbisla margarita budapest\u00bb title_text=\u00bbisla margarita budapest\u00bb _builder_version=\u00bb4.27.8&#8243; _module_preset=\u00bbdefault\u00bb global_colors_info=\u00bb{}\u00bb][\/et_pb_image][\/et_pb_column][\/et_pb_row][et_pb_row _builder_version=\u00bb4.24.0&#8243; _module_preset=\u00bbdefault\u00bb global_colors_info=\u00bb{}\u00bb][et_pb_column type=\u00bb4_4&#8243; _builder_version=\u00bb4.24.0&#8243; _module_preset=\u00bbdefault\u00bb global_colors_info=\u00bb{}\u00bb][et_pb_text _builder_version=\u00bb4.24.0&#8243; _module_preset=\u00bbdefault\u00bb global_colors_info=\u00bb{}\u00bb]\n<h2>20. El Cascanueces y los conciertos de Adviento<\/h2>\n<p>La \u00d3pera Estatal h\u00fangara programa cada diciembre <em>El Cascanueces<\/em> y otros espect\u00e1culos navide\u00f1os. Las entradas son sensiblemente m\u00e1s baratas que en Viena o Praga para un nivel muy comparable, pero se agotan con much\u00edsima anticipaci\u00f3n: si te interesa, compr\u00e1 apenas salga la programaci\u00f3n, que suele publicarse a fines de agosto o septiembre.<\/p>\n<p>Si no lleg\u00e1s a las entradas, hay una alternativa gratuita bastante buena: en el mercado de la Bas\u00edlica hay conciertos de Adviento varios d\u00edas de la semana, habitualmente mi\u00e9rcoles, viernes, s\u00e1bados y domingos alrededor de las 17:00. Son al aire libre, sin entrada y con la fachada iluminada de fondo.<\/p>\n<p>Tambi\u00e9n se organizan conciertos de \u00f3rgano y coro dentro de la propia bas\u00edlica de San Esteban, con entradas de pago. Nosotros no fuimos a ninguno, pero muchos viajeros los se\u00f1alan como uno de los mejores planes de la temporada.<\/p>\n[\/et_pb_text][et_pb_image src=\u00bbhttps:\/\/www.recalculandoviajes.com\/wp-content\/uploads\/2026\/09\/navidad-en-budapest-conciertos.webp\u00bb alt=\u00bbnavidad en budapest conciertos\u00bb title_text=\u00bbnavidad en budapest conciertos\u00bb _builder_version=\u00bb4.27.8&#8243; _module_preset=\u00bbdefault\u00bb global_colors_info=\u00bb{}\u00bb][\/et_pb_image][\/et_pb_column][\/et_pb_row][et_pb_row _builder_version=\u00bb4.24.0&#8243; _module_preset=\u00bbdefault\u00bb global_colors_info=\u00bb{}\u00bb][et_pb_column type=\u00bb4_4&#8243; _builder_version=\u00bb4.24.0&#8243; _module_preset=\u00bbdefault\u00bb global_colors_info=\u00bb{}\u00bb][et_pb_text _builder_version=\u00bb4.24.0&#8243; _module_preset=\u00bbdefault\u00bb global_colors_info=\u00bb{}\u00bb]\n<h2>21. Subir a la c\u00fapula de la Bas\u00edlica de San Esteban<\/h2>\n<p>Desde la terraza panor\u00e1mica de la bas\u00edlica ten\u00e9s una vista de 360 grados sobre el centro de Pest, y en diciembre, con las luces encendidas a partir de las cuatro de la tarde, es un mirador de primera. Se sube en ascensor o por escalera.<\/p>\n<p><strong>Ojo con esto, que cambi\u00f3:<\/strong> hasta hace poco la entrada al templo era una donaci\u00f3n simb\u00f3lica. Desde 2026 el acceso est\u00e1 totalmente ticketizado, con torniquetes y taquilla, y el pase completo (iglesia, c\u00fapula y tesoro) ronda los 18 euros. Los horarios de invierno para la c\u00fapula son m\u00e1s reducidos que en verano y, si hay niebla densa, pueden cerrar el mirador por seguridad.<\/p>\n<p>Nuestro consejo: cheque\u00e1 el horario el mismo d\u00eda en la web oficial de la bas\u00edlica antes de subir la cuesta, porque las bodas de los s\u00e1bados por la tarde y las misas solemnes alteran el acceso.<\/p>\n[\/et_pb_text][\/et_pb_column][\/et_pb_row][et_pb_row _builder_version=\u00bb4.24.0&#8243; _module_preset=\u00bbdefault\u00bb global_colors_info=\u00bb{}\u00bb][et_pb_column type=\u00bb4_4&#8243; _builder_version=\u00bb4.24.0&#8243; _module_preset=\u00bbdefault\u00bb global_colors_info=\u00bb{}\u00bb][et_pb_text _builder_version=\u00bb4.24.0&#8243; _module_preset=\u00bbdefault\u00bb global_colors_info=\u00bb{}\u00bb]\n<h2>22. El \u00e1rbol de Navidad de la plaza Kossuth, frente al Parlamento<\/h2>\n<p>Cada a\u00f1o se planta un abeto enorme en la plaza Kossuth Lajos, justo delante del Parlamento, y se ilumina durante toda la temporada. Es el \u00e1rbol oficial del pa\u00eds y la combinaci\u00f3n con la fachada neog\u00f3tica iluminada es probablemente la foto m\u00e1s impactante de la Navidad en Budapest.<\/p>\n<p>No hay mercado ni casetas ac\u00e1, es solo el \u00e1rbol y la plaza, as\u00ed que es una parada de diez minutos que encaja perfecto antes o despu\u00e9s de la visita al Parlamento. Se llega en un minuto con la l\u00ednea M2 del metro, parada Kossuth Lajos t\u00e9r.<\/p>\n<p>Combinalo con el paseo hasta la orilla de Buda que te contamos m\u00e1s arriba y ten\u00e9s una tarde entera resuelta sin gastar un forinto.<\/p>\n[\/et_pb_text][\/et_pb_column][\/et_pb_row][et_pb_row _builder_version=\u00bb4.24.0&#8243; _module_preset=\u00bbdefault\u00bb global_colors_info=\u00bb{}\u00bb][et_pb_column type=\u00bb4_4&#8243; _builder_version=\u00bb4.24.0&#8243; _module_preset=\u00bbdefault\u00bb global_colors_info=\u00bb{}\u00bb][et_pb_image src=\u00bbhttps:\/\/www.recalculandoviajes.com\/wp-content\/uploads\/2026\/09\/3-dias-en-budapest-en-navidad.webp\u00bb alt=\u00bb3 dias en budapest en navidad\u00bb title_text=\u00bb3 dias en budapest en navidad\u00bb _builder_version=\u00bb4.27.8&#8243; _module_preset=\u00bbdefault\u00bb global_colors_info=\u00bb{}\u00bb][\/et_pb_image][et_pb_text _builder_version=\u00bb4.27.8&#8243; _module_preset=\u00bbdefault\u00bb global_colors_info=\u00bb{}\u00bb]\n<h2>Itinerario de 3 d\u00edas para la Navidad en Budapest<\/h2>\n<p>Este es el reparto que armar\u00edamos nosotros si tuvi\u00e9ramos un fin de semana largo y quisi\u00e9ramos ver lo esencial sin correr. Est\u00e1 pensado para que el atardecer, que en diciembre llega cerca de las 16:00, siempre te agarre en el lugar correcto.<\/p>\n<div class=\"rv-tabla-estilo\">\n<table>\n<thead>\n<tr>\n<th>D\u00eda<\/th>\n<th>Ma\u00f1ana<\/th>\n<th>Tarde y noche<\/th>\n<\/tr>\n<\/thead>\n<tbody>\n<tr>\n<td>D\u00eda 1<\/td>\n<td>Gran Mercado Central y paseo por el centro de Pest<\/td>\n<td>Mercado de V\u00f6r\u00f6smarty, luces de Fashion Street, noria de Erzs\u00e9bet t\u00e9r y show de luces de la Bas\u00edlica a las 17:30<\/td>\n<\/tr>\n<tr>\n<td>D\u00eda 2<\/td>\n<td>Termas Sz\u00e9chenyi apenas abren<\/td>\n<td>Patinaje y Var\u00e1zsliget en V\u00e1rosliget, plaza de los H\u00e9roes y regreso caminando por la avenida Andr\u00e1ssy iluminada<\/td>\n<\/tr>\n<tr>\n<td>D\u00eda 3<\/td>\n<td>Parlamento y \u00e1rbol de la plaza Kossuth<\/td>\n<td>Castillo de Buda, Advent Bud\u00e1n en Szenth\u00e1roms\u00e1g t\u00e9r, atardecer desde el Basti\u00f3n y tranv\u00eda 2 de noche<\/td>\n<\/tr>\n<\/tbody>\n<\/table>\n<\/div>\n<p>Si sum\u00e1s un cuarto d\u00eda, metelo en Szentendre por la ma\u00f1ana y dej\u00e1 la tarde libre para el mercado de Szabads\u00e1g t\u00e9r y el Lumina Park de la Isla Margarita.[\/et_pb_text][\/et_pb_column][\/et_pb_row][et_pb_row _builder_version=\u00bb4.24.0&#8243; _module_preset=\u00bbdefault\u00bb global_colors_info=\u00bb{}\u00bb][et_pb_column type=\u00bb4_4&#8243; _builder_version=\u00bb4.24.0&#8243; _module_preset=\u00bbdefault\u00bb global_colors_info=\u00bb{}\u00bb][et_pb_text _builder_version=\u00bb4.24.0&#8243; _module_preset=\u00bbdefault\u00bb global_colors_info=\u00bb{}\u00bb]\n<h2>Moneda, pagos y cambio de divisa en Hungr\u00eda<\/h2>\n<p>Hungr\u00eda no usa el euro. La moneda es el forinto h\u00fangaro (HUF) y este es probablemente el punto donde m\u00e1s plata pierde la gente sin darse cuenta.<\/p>\n<ul>\n<li><strong>Pag\u00e1 con tarjeta siempre que puedas.<\/strong> En el mercado de V\u00f6r\u00f6smarty varios puestos directamente no aceptan efectivo. Us\u00e1 una tarjeta sin comisi\u00f3n por cambio de divisa.<\/li>\n<li><strong>Rechaz\u00e1 la conversi\u00f3n din\u00e1mica.<\/strong> Cuando el dat\u00e1fono o el cajero te pregunte si quer\u00e9s que te cobren en euros, dec\u00ed siempre que no y eleg\u00ed forintos. Ese \u00abfavor\u00bb te cuesta entre un 5 y un 10%.<\/li>\n<li><strong>Evit\u00e1 las casas de cambio de la calle V\u00e1ci<\/strong> y los cajeros de marcas tur\u00edsticas independientes, que aplican comisiones alt\u00edsimas. Sac\u00e1 de cajeros de bancos h\u00fangaros reales.<\/li>\n<li><strong>El vaso tiene dep\u00f3sito.<\/strong> El vino caliente se sirve en taza de cer\u00e1mica con un dep\u00f3sito que te devuelven al entregarla. Si te la quer\u00e9s quedar de recuerdo, simplemente no la devolv\u00e9s: ya la pagaste.<\/li>\n<\/ul>\n[\/et_pb_text][et_pb_image src=\u00bbhttps:\/\/www.recalculandoviajes.com\/wp-content\/uploads\/2026\/09\/budapest-en-navidad-comida.webp\u00bb alt=\u00bbbudapest en navidad comida\u00bb title_text=\u00bbbudapest en navidad comida\u00bb _builder_version=\u00bb4.27.8&#8243; _module_preset=\u00bbdefault\u00bb global_colors_info=\u00bb{}\u00bb][\/et_pb_image][\/et_pb_column][\/et_pb_row][et_pb_row _builder_version=\u00bb4.24.0&#8243; _module_preset=\u00bbdefault\u00bb global_colors_info=\u00bb{}\u00bb][et_pb_column type=\u00bb4_4&#8243; _builder_version=\u00bb4.24.0&#8243; _module_preset=\u00bbdefault\u00bb global_colors_info=\u00bb{}\u00bb][et_pb_text _builder_version=\u00bb4.24.0&#8243; _module_preset=\u00bbdefault\u00bb global_colors_info=\u00bb{}\u00bb]\n<h2>Qu\u00e9 ropa llevar y consejos pr\u00e1cticos para el fr\u00edo<\/h2>\n<p>Despu\u00e9s de dos semanas y media en la ciudad con temperaturas de un d\u00edgito, esto es lo que de verdad importa:<\/p>\n<ul>\n<li><strong>Calzado impermeable con buena suela.<\/strong> No nieva mucho, pero llueve, y los adoquines mojados del castillo son una pista de patinaje involuntaria.<\/li>\n<li><strong>Capas, no un abrigo enorme.<\/strong> Vas a estar entrando y saliendo del fr\u00edo a locales con calefacci\u00f3n fuerte todo el d\u00eda.<\/li>\n<li><strong>Guantes finos compatibles con pantalla.<\/strong> Entre el mapa y las fotos, sac\u00e1rtelos veinte veces por hora es una tortura.<\/li>\n<li><strong>Malla, ojotas y toalla<\/strong> si vas a las termas. Alquilarlas ah\u00ed sale bastante m\u00e1s caro.<\/li>\n<li><strong>And\u00e1 a los mercados entre semana y temprano.<\/strong> Los s\u00e1bados a partir de las 18:00 el mercado de la Bas\u00edlica es literalmente un embudo.<\/li>\n<li><strong>Guard\u00e1 una tarde para bajo techo.<\/strong> Si llueve fuerte, el Gran Mercado Central, la \u00d3pera, los balnearios y los centros comerciales grandes te salvan el d\u00eda.<\/li>\n<\/ul>\n[\/et_pb_text][et_pb_image src=\u00bbhttps:\/\/www.recalculandoviajes.com\/wp-content\/uploads\/2026\/09\/budapest-que-ver-en-navidad.webp\u00bb alt=\u00bbbudapest que ver en navidad\u00bb title_text=\u00bbbudapest que ver en navidad\u00bb _builder_version=\u00bb4.27.8&#8243; _module_preset=\u00bbdefault\u00bb global_colors_info=\u00bb{}\u00bb][\/et_pb_image][\/et_pb_column][\/et_pb_row][et_pb_row _builder_version=\u00bb4.24.0&#8243; _module_preset=\u00bbdefault\u00bb global_colors_info=\u00bb{}\u00bb][et_pb_column type=\u00bb4_4&#8243; _builder_version=\u00bb4.24.0&#8243; _module_preset=\u00bbdefault\u00bb global_colors_info=\u00bb{}\u00bb][et_pb_text _builder_version=\u00bb4.27.8&#8243; _module_preset=\u00bbdefault\u00bb global_colors_info=\u00bb{}\u00bb]\n<h2>D\u00f3nde dormir en Budapest en Navidad<\/h2>\n<p>La zona ideal es el distrito V (Belv\u00e1ros-Lip\u00f3tv\u00e1ros), el centro de Pest: ten\u00e9s los dos mercados grandes, la Bas\u00edlica, el Parlamento y el Danubio a pie. El distrito VI, alrededor de la avenida Andr\u00e1ssy, es un poco m\u00e1s barato y sigue estando bien conectado. El distrito VII, el barrio jud\u00edo, es el m\u00e1s animado de noche, con lo bueno y lo malo que eso implica.<\/p>\n<blockquote>\n<div class=\"rv-cta-centrado\"><strong><a class=\"rv-btn-reserva\" href=\"https:\/\/www.booking.com\/searchresults.es.html?ss=Budapest\" target=\"_blank\" rel=\"nofollow noopener\">\u279c Ver alojamientos disponibles en Budapest<\/a><\/strong><\/div>\n<\/blockquote>\n<p><strong>Un cambio importante para 2026:<\/strong> los alquileres tur\u00edsticos de corta estancia (tipo Airbnb) quedaron prohibidos en el distrito VI desde el 1 de enero de 2026. Hoteles y B&amp;B no est\u00e1n afectados. Si estabas mirando departamentos por esa zona, revis\u00e1 bien antes de reservar.<\/p>\n<p>En diciembre los precios suben mucho y lo bueno se agota temprano. Nosotros reservar\u00edamos con dos o tres meses de anticipaci\u00f3n, sobre todo si viaj\u00e1s en los fines de semana de Adviento o para fin de a\u00f1o.<\/p>\n[\/et_pb_text][et_pb_code _builder_version=\u00bb4.27.8&#8243; _module_preset=\u00bbdefault\u00bb hover_enabled=\u00bb0&#8243; sticky_enabled=\u00bb0&#8243;]\n<div class=\"rv-stays-module\"><!-- [et_pb_line_break_holder] --><\/p>\n<style><!-- [et_pb_line_break_holder] -->.rv-stays-module * { box-sizing: border-box; margin: 0; padding: 0; }<!-- [et_pb_line_break_holder] --><!-- [et_pb_line_break_holder] -->.rv-stays-module {<!-- [et_pb_line_break_holder] -->  font-family: 'Poppins', 'Segoe UI', Arial, sans-serif;<!-- [et_pb_line_break_holder] -->  max-width: 100%;<!-- [et_pb_line_break_holder] -->  margin: 2.5rem auto;<!-- [et_pb_line_break_holder] -->  background: linear-gradient(135deg, #fdf2f5 0%, #fbe9ee 100%);<!-- [et_pb_line_break_holder] -->  border: 1px solid #f2d3dc;<!-- [et_pb_line_break_holder] -->  border-radius: 16px;<!-- [et_pb_line_break_holder] -->  overflow: hidden;<!-- [et_pb_line_break_holder] -->  box-shadow: 0 16px 48px rgba(184, 23, 74, 0.16), 0 4px 12px rgba(0,0,0,0.08);<!-- [et_pb_line_break_holder] -->}<!-- [et_pb_line_break_holder] --><!-- [et_pb_line_break_holder] -->.rv-stays-header {<!-- [et_pb_line_break_holder] -->  position: relative;<!-- [et_pb_line_break_holder] -->  padding: 24px 36px 24px;<!-- [et_pb_line_break_holder] -->  background: linear-gradient(135deg, #b8174a 0%, #d13a68 60%, #b8174a 100%);<!-- [et_pb_line_break_holder] -->  border-bottom: 1px solid rgba(255,255,255,.15);<!-- [et_pb_line_break_holder] -->  display: flex;<!-- [et_pb_line_break_holder] -->  align-items: center;<!-- [et_pb_line_break_holder] -->  gap: 18px;<!-- [et_pb_line_break_holder] -->}<!-- [et_pb_line_break_holder] -->.rv-stays-header::before {<!-- [et_pb_line_break_holder] -->  content: '';<!-- [et_pb_line_break_holder] -->  position: absolute;<!-- [et_pb_line_break_holder] -->  inset: 0;<!-- [et_pb_line_break_holder] -->  background: url(\"data:image\/svg+xml,%3Csvg width='60' height='60' viewBox='0 0 60 60' xmlns='http:\/\/www.w3.org\/2000\/svg'%3E%3Cg fill='none' fill-rule='evenodd'%3E%3Cg fill='%23ffffff' fill-opacity='0.05'%3E%3Cpath d='M36 34v-4h-2v4h-4v2h4v4h2v-4h4v-2h-4zm0-30V0h-2v4h-4v2h4v4h2V6h4V4h-4zM6 34v-4H4v4H0v2h4v4h2v-4h4v-2H6zM6 4V0H4v4H0v2h4v4h2V6h4V4H6z'\/%3E%3C\/g%3E%3C\/g%3E%3C\/svg%3E\") repeat;<!-- [et_pb_line_break_holder] -->  pointer-events: none;<!-- [et_pb_line_break_holder] -->}<!-- [et_pb_line_break_holder] -->.rv-stays-icon {<!-- [et_pb_line_break_holder] -->  flex-shrink: 0;<!-- [et_pb_line_break_holder] -->  width: 75px;<!-- [et_pb_line_break_holder] -->  height: 75px;<!-- [et_pb_line_break_holder] -->  border-radius: 12px;<!-- [et_pb_line_break_holder] -->  object-fit: cover;<!-- [et_pb_line_break_holder] -->  display: block;<!-- [et_pb_line_break_holder] -->  box-shadow: 0 4px 12px rgba(0,0,0,0.15);<!-- [et_pb_line_break_holder] -->}<!-- [et_pb_line_break_holder] -->.rv-stays-eyebrow {<!-- [et_pb_line_break_holder] -->  font-size: 10px;<!-- [et_pb_line_break_holder] -->  font-weight: 600;<!-- [et_pb_line_break_holder] -->  letter-spacing: 2.5px;<!-- [et_pb_line_break_holder] -->  text-transform: uppercase;<!-- [et_pb_line_break_holder] -->  color: rgba(255,255,255,.85);<!-- [et_pb_line_break_holder] -->  margin: 0 0 5px 0;<!-- [et_pb_line_break_holder] -->}<!-- [et_pb_line_break_holder] -->.rv-stays-title {<!-- [et_pb_line_break_holder] -->  font-size: 24px;<!-- [et_pb_line_break_holder] -->  font-weight: 700;<!-- [et_pb_line_break_holder] -->  color: #fff;<!-- [et_pb_line_break_holder] -->  line-height: 1.2;<!-- [et_pb_line_break_holder] -->  text-shadow: 0 1px 2px rgba(0,0,0,0.1);<!-- [et_pb_line_break_holder] -->  margin: 0;<!-- [et_pb_line_break_holder] -->}<!-- [et_pb_line_break_holder] -->.rv-stays-subtitle {<!-- [et_pb_line_break_holder] -->  font-size: 13px;<!-- [et_pb_line_break_holder] -->  color: rgba(255,255,255,.8);<!-- [et_pb_line_break_holder] -->  margin: 4px 0 0 0;<!-- [et_pb_line_break_holder] -->  font-weight: 300;<!-- [et_pb_line_break_holder] -->}<!-- [et_pb_line_break_holder] --><!-- [et_pb_line_break_holder] -->.rv-stays-grid {<!-- [et_pb_line_break_holder] -->  display: grid;<!-- [et_pb_line_break_holder] -->  grid-template-columns: 1fr 1fr;<!-- [et_pb_line_break_holder] -->  gap: 1px;<!-- [et_pb_line_break_holder] -->  background: rgba(184, 23, 74, 0.12);<!-- [et_pb_line_break_holder] -->}<!-- [et_pb_line_break_holder] --><!-- [et_pb_line_break_holder] -->.rv-stay-card {<!-- [et_pb_line_break_holder] -->  background: #ffffff;<!-- [et_pb_line_break_holder] -->  padding: 26px;<!-- [et_pb_line_break_holder] -->  display: flex;<!-- [et_pb_line_break_holder] -->  flex-direction: column;<!-- [et_pb_line_break_holder] -->  gap: 11px;<!-- [et_pb_line_break_holder] -->  transition: all 0.3s ease;<!-- [et_pb_line_break_holder] -->  text-decoration: none;<!-- [et_pb_line_break_holder] -->  color: inherit;<!-- [et_pb_line_break_holder] -->  position: relative;<!-- [et_pb_line_break_holder] -->}<!-- [et_pb_line_break_holder] -->.rv-stay-card:hover {<!-- [et_pb_line_break_holder] -->  background: #fdf5f7;<!-- [et_pb_line_break_holder] -->  transform: translateY(-2px);<!-- [et_pb_line_break_holder] -->  box-shadow: 0 8px 24px rgba(184, 23, 74, 0.15), inset 0 0 0 2px rgba(184, 23, 74, 0.35);<!-- [et_pb_line_break_holder] -->  z-index: 1;<!-- [et_pb_line_break_holder] -->}<!-- [et_pb_line_break_holder] -->.rv-stay-card.featured {<!-- [et_pb_line_break_holder] -->  background: linear-gradient(135deg, #fdfcf7 0%, #fff8ec 100%);<!-- [et_pb_line_break_holder] -->  box-shadow: 0 4px 16px rgba(184, 23, 74, 0.12), inset 0 0 0 2px rgba(224, 161, 46, 0.5);<!-- [et_pb_line_break_holder] -->}<!-- [et_pb_line_break_holder] -->.rv-stay-card.featured:hover {<!-- [et_pb_line_break_holder] -->  background: linear-gradient(135deg, #fbf9f2 0%, #fff4e2 100%);<!-- [et_pb_line_break_holder] -->  box-shadow: 0 8px 24px rgba(184, 23, 74, 0.2), inset 0 0 0 2px rgba(224, 161, 46, 0.7);<!-- [et_pb_line_break_holder] -->}<!-- [et_pb_line_break_holder] -->.rv-stay-social-proof {<!-- [et_pb_line_break_holder] -->  font-size: 11.5px;<!-- [et_pb_line_break_holder] -->  color: #8a6d1f;<!-- [et_pb_line_break_holder] -->  font-weight: 500;<!-- [et_pb_line_break_holder] -->  display: flex;<!-- [et_pb_line_break_holder] -->  align-items: center;<!-- [et_pb_line_break_holder] -->  gap: 5px;<!-- [et_pb_line_break_holder] -->}<!-- [et_pb_line_break_holder] -->.rv-stay-card.card-all {<!-- [et_pb_line_break_holder] -->  background: #faf6f7;<!-- [et_pb_line_break_holder] -->  align-items: center;<!-- [et_pb_line_break_holder] -->  justify-content: center;<!-- [et_pb_line_break_holder] -->  text-align: center;<!-- [et_pb_line_break_holder] -->}<!-- [et_pb_line_break_holder] -->.rv-stay-card.card-all:hover {<!-- [et_pb_line_break_holder] -->  background: #f7eef1;<!-- [et_pb_line_break_holder] -->}<!-- [et_pb_line_break_holder] -->.rv-stay-card.card-all .rv-stay-name { font-size: 16px; }<!-- [et_pb_line_break_holder] -->.rv-stay-card.card-all .rv-stay-desc { font-size: 12.5px; }<!-- [et_pb_line_break_holder] --><!-- [et_pb_line_break_holder] -->.rv-stay-badge {<!-- [et_pb_line_break_holder] -->  display: inline-flex;<!-- [et_pb_line_break_holder] -->  align-items: center;<!-- [et_pb_line_break_holder] -->  gap: 5px;<!-- [et_pb_line_break_holder] -->  font-size: 10px;<!-- [et_pb_line_break_holder] -->  font-weight: 600;<!-- [et_pb_line_break_holder] -->  letter-spacing: 1.5px;<!-- [et_pb_line_break_holder] -->  text-transform: uppercase;<!-- [et_pb_line_break_holder] -->  padding: 5px 11px;<!-- [et_pb_line_break_holder] -->  border-radius: 20px;<!-- [et_pb_line_break_holder] -->  width: fit-content;<!-- [et_pb_line_break_holder] -->}<!-- [et_pb_line_break_holder] -->.badge-top      { background: linear-gradient(135deg, #e0a12e 0%, #ecc06a 100%); color: #fff; border: 1px solid #e0a12e; font-weight: 700; box-shadow: 0 2px 8px rgba(224,161,46,0.35); }<!-- [et_pb_line_break_holder] -->.badge-beach    { background: rgba(184,23,74,.1); color: #b8174a; border: 1px solid rgba(184,23,74,.25); }<!-- [et_pb_line_break_holder] -->.badge-boutique { background: rgba(54,133,252,.08); color: #3685fc; border: 1px solid rgba(54,133,252,.2); }<!-- [et_pb_line_break_holder] -->.badge-nature   { background: rgba(130,190,100,.1); color: #6b9c4a; border: 1px solid rgba(130,190,100,.2); }<!-- [et_pb_line_break_holder] -->.badge-budget   { background: rgba(184,23,74,.1); color: #b8174a; border: 1px solid rgba(184,23,74,.25); }<!-- [et_pb_line_break_holder] -->.badge-search   { background: rgba(107,114,128,.1); color: #4b5563; border: 1px solid rgba(107,114,128,.2); }<!-- [et_pb_line_break_holder] --><!-- [et_pb_line_break_holder] -->.rv-stay-name {<!-- [et_pb_line_break_holder] -->  font-size: 18px;<!-- [et_pb_line_break_holder] -->  font-weight: 700;<!-- [et_pb_line_break_holder] -->  color: #111827;<!-- [et_pb_line_break_holder] -->  line-height: 1.3;<!-- [et_pb_line_break_holder] -->}<!-- [et_pb_line_break_holder] -->.rv-stay-desc {<!-- [et_pb_line_break_holder] -->  font-size: 13.5px;<!-- [et_pb_line_break_holder] -->  color: #525252;<!-- [et_pb_line_break_holder] -->  line-height: 1.65;<!-- [et_pb_line_break_holder] -->  font-weight: 300;<!-- [et_pb_line_break_holder] -->  flex: 1;<!-- [et_pb_line_break_holder] -->}<!-- [et_pb_line_break_holder] --><!-- [et_pb_line_break_holder] -->.rv-stay-meta {<!-- [et_pb_line_break_holder] -->  display: flex;<!-- [et_pb_line_break_holder] -->  align-items: center;<!-- [et_pb_line_break_holder] -->  gap: 12px;<!-- [et_pb_line_break_holder] -->  flex-wrap: wrap;<!-- [et_pb_line_break_holder] -->  margin-top: 4px;<!-- [et_pb_line_break_holder] -->}<!-- [et_pb_line_break_holder] -->.rv-stay-price {<!-- [et_pb_line_break_holder] -->  font-size: 13.5px;<!-- [et_pb_line_break_holder] -->  color: #6b7280;<!-- [et_pb_line_break_holder] -->}<!-- [et_pb_line_break_holder] -->.rv-stay-price strong {<!-- [et_pb_line_break_holder] -->  color: #b8174a;<!-- [et_pb_line_break_holder] -->  font-weight: 700;<!-- [et_pb_line_break_holder] -->  font-size: 15px;<!-- [et_pb_line_break_holder] -->}<!-- [et_pb_line_break_holder] -->.rv-stay-stars {<!-- [et_pb_line_break_holder] -->  color: #e0a12e;<!-- [et_pb_line_break_holder] -->  font-size: 11px;<!-- [et_pb_line_break_holder] -->  letter-spacing: 1px;<!-- [et_pb_line_break_holder] -->}<!-- [et_pb_line_break_holder] --><!-- [et_pb_line_break_holder] -->.rv-stay-cta {<!-- [et_pb_line_break_holder] -->  display: inline-flex;<!-- [et_pb_line_break_holder] -->  align-items: center;<!-- [et_pb_line_break_holder] -->  justify-content: center;<!-- [et_pb_line_break_holder] -->  gap: 7px;<!-- [et_pb_line_break_holder] -->  margin-top: 8px;<!-- [et_pb_line_break_holder] -->  padding: 11px 20px;<!-- [et_pb_line_break_holder] -->  border-radius: 8px;<!-- [et_pb_line_break_holder] -->  background: linear-gradient(135deg, #b8174a 0%, #8f1139 100%);<!-- [et_pb_line_break_holder] -->  color: #fff;<!-- [et_pb_line_break_holder] -->  font-size: 13px;<!-- [et_pb_line_break_holder] -->  font-weight: 600;<!-- [et_pb_line_break_holder] -->  text-decoration: none;<!-- [et_pb_line_break_holder] -->  letter-spacing: .3px;<!-- [et_pb_line_break_holder] -->  transition: all .2s ease;<!-- [et_pb_line_break_holder] -->  cursor: pointer;<!-- [et_pb_line_break_holder] -->  border: none;<!-- [et_pb_line_break_holder] -->  text-align: center;<!-- [et_pb_line_break_holder] -->  box-shadow: 0 4px 12px rgba(184, 23, 74, 0.3);<!-- [et_pb_line_break_holder] -->}<!-- [et_pb_line_break_holder] -->.rv-stay-cta:hover {<!-- [et_pb_line_break_holder] -->  background: linear-gradient(135deg, #8f1139 0%, #6f0d2c 100%);<!-- [et_pb_line_break_holder] -->  transform: translateY(-1px);<!-- [et_pb_line_break_holder] -->  box-shadow: 0 6px 16px rgba(184, 23, 74, 0.4);<!-- [et_pb_line_break_holder] -->}<!-- [et_pb_line_break_holder] -->.rv-stay-cta svg { flex-shrink: 0; }<!-- [et_pb_line_break_holder] --><!-- [et_pb_line_break_holder] -->.rv-stays-footer {<!-- [et_pb_line_break_holder] -->  padding: 18px 36px;<!-- [et_pb_line_break_holder] -->  background: linear-gradient(to bottom, #fdf2f5 0%, #fbe9ee 100%);<!-- [et_pb_line_break_holder] -->  border-top: 1px solid rgba(184, 23, 74, 0.15);<!-- [et_pb_line_break_holder] -->  display: flex;<!-- [et_pb_line_break_holder] -->  align-items: center;<!-- [et_pb_line_break_holder] -->  justify-content: space-between;<!-- [et_pb_line_break_holder] -->  flex-wrap: wrap;<!-- [et_pb_line_break_holder] -->  gap: 12px;<!-- [et_pb_line_break_holder] -->}<!-- [et_pb_line_break_holder] -->.rv-stays-footer-note {<!-- [et_pb_line_break_holder] -->  font-size: 11.5px;<!-- [et_pb_line_break_holder] -->  color: #6b7280;<!-- [et_pb_line_break_holder] -->  font-weight: 300;<!-- [et_pb_line_break_holder] -->  line-height: 1.5;<!-- [et_pb_line_break_holder] -->}<!-- [et_pb_line_break_holder] -->.rv-stays-footer-note a {<!-- [et_pb_line_break_holder] -->  color: #b8174a;<!-- [et_pb_line_break_holder] -->  text-decoration: none;<!-- [et_pb_line_break_holder] -->  font-weight: 500;<!-- [et_pb_line_break_holder] -->}<!-- [et_pb_line_break_holder] -->.rv-stays-footer-note a:hover {<!-- [et_pb_line_break_holder] -->  text-decoration: underline;<!-- [et_pb_line_break_holder] -->}<!-- [et_pb_line_break_holder] --><!-- [et_pb_line_break_holder] -->@media (max-width: 600px) {<!-- [et_pb_line_break_holder] -->  .rv-stays-grid { grid-template-columns: 1fr; }<!-- [et_pb_line_break_holder] -->  .rv-stays-header { padding: 24px 20px; }<!-- [et_pb_line_break_holder] -->  .rv-stays-footer { padding: 16px 20px; }<!-- [et_pb_line_break_holder] -->  .rv-stay-card { padding: 22px; }<!-- [et_pb_line_break_holder] -->  .rv-stays-title { font-size: 20px; }<!-- [et_pb_line_break_holder] -->}<!-- [et_pb_line_break_holder] --><\/style>\n<p><!-- [et_pb_line_break_holder] --><!-- [et_pb_line_break_holder] -->  <\/p>\n<div class=\"rv-stays-header\"><!-- [et_pb_line_break_holder] -->    <img decoding=\"async\" loading=\"lazy\" src=\"https:\/\/www.recalculandoviajes.com\/wp-content\/uploads\/2025\/10\/nanu-facu-recalculando-viajes.webp\" alt=\"Nanu y Facu - Recalculando Viajes\" class=\"rv-stays-icon\"><!-- [et_pb_line_break_holder] -->    <\/p>\n<div class=\"rv-stays-header-text\"><!-- [et_pb_line_break_holder] -->      <\/p>\n<div class=\"rv-stays-eyebrow\">Nanu y Facu recomiendan<\/div>\n<p><!-- [et_pb_line_break_holder] -->      <\/p>\n<div class=\"rv-stays-title\">D\u00f3nde alojarse en Budapest en Navidad<\/div>\n<p><!-- [et_pb_line_break_holder] -->      <\/p>\n<div class=\"rv-stays-subtitle\">3 zonas entre el centro, Buda y los mercados navide\u00f1os<\/div>\n<p><!-- [et_pb_line_break_holder] -->    <\/div>\n<p><!-- [et_pb_line_break_holder] -->  <\/div>\n<p><!-- [et_pb_line_break_holder] --><!-- [et_pb_line_break_holder] -->  <\/p>\n<div class=\"rv-stays-grid\"><!-- [et_pb_line_break_holder] --><!-- [et_pb_line_break_holder] -->    <a class=\"rv-stay-card featured\" href=\"https:\/\/www.booking.com\/hotel\/hu\/basiliq.es.html\" target=\"_blank\" rel=\"nofollow noopener sponsored\"><!-- [et_pb_line_break_holder] -->      <span class=\"rv-stay-badge badge-top\">\u2b50 MEJOR OPCI\u00d3N<\/span><!-- [et_pb_line_break_holder] -->      <span class=\"rv-stay-badge badge-boutique\">\ud83c\udf84 Distrito V \/ Centro<\/span><!-- [et_pb_line_break_holder] -->      <\/p>\n<div class=\"rv-stay-name\">BasiliQ Hotel<\/div>\n<p><!-- [et_pb_line_break_holder] -->      <\/p>\n<div class=\"rv-stay-desc\">A pocos pasos de la Bas\u00edlica de San Esteban, en pleno centro hist\u00f3rico. Caminando lleg\u00e1s a los principales mercados navide\u00f1os de V\u00f6r\u00f6smarty t\u00e9r.<\/div>\n<p><!-- [et_pb_line_break_holder] -->      <\/p>\n<div class=\"rv-stay-social-proof\">\ud83d\udd25 A pasos de los mercados navide\u00f1os<\/div>\n<p><!-- [et_pb_line_break_holder] -->      <\/p>\n<div class=\"rv-stay-meta\"><!-- [et_pb_line_break_holder] -->        <span class=\"rv-stay-stars\">\u2605\u2605\u2605\u2605<\/span><!-- [et_pb_line_break_holder] -->        <span class=\"rv-stay-price\">desde <strong>191 \u20ac<\/strong>\/noche<\/span><!-- [et_pb_line_break_holder] -->      <\/div>\n<p><!-- [et_pb_line_break_holder] -->      <span class=\"rv-stay-cta\"><!-- [et_pb_line_break_holder] -->        <svg width=\"14\" height=\"14\" viewBox=\"0 0 24 24\" fill=\"none\" stroke=\"currentColor\" stroke-width=\"2\"><path d=\"M18 13v6a2 2 0 0 1-2 2H5a2 2 0 0 1-2-2V8a2 2 0 0 1 2-2h6\"><\/path><polyline points=\"15 3 21 3 21 9\"><\/polyline><line x1=\"10\" y1=\"14\" x2=\"21\" y2=\"3\"><\/line><\/svg><!-- [et_pb_line_break_holder] -->        Ver precio actualizado \u2192<!-- [et_pb_line_break_holder] -->      <\/span><!-- [et_pb_line_break_holder] -->    <\/a><!-- [et_pb_line_break_holder] --><!-- [et_pb_line_break_holder] -->    <a class=\"rv-stay-card\" href=\"https:\/\/www.booking.com\/hotel\/hu\/carltonhotelbudapest.es.html\" target=\"_blank\" rel=\"nofollow noopener sponsored\"><!-- [et_pb_line_break_holder] -->      <span class=\"rv-stay-badge badge-nature\">\ud83c\udff0 Buda \/ Castillo<\/span><!-- [et_pb_line_break_holder] -->      <\/p>\n<div class=\"rv-stay-name\">Carlton Hotel Buda Castle<\/div>\n<p><!-- [et_pb_line_break_holder] -->      <\/p>\n<div class=\"rv-stay-desc\">Al pie del Castillo de Buda, del lado m\u00e1s tranquilo del Danubio. Ideal si prefer\u00eds volver a un barrio menos tur\u00edstico despu\u00e9s de recorrer el centro.<\/div>\n<p><!-- [et_pb_line_break_holder] -->      <\/p>\n<div class=\"rv-stay-meta\"><!-- [et_pb_line_break_holder] -->        <span class=\"rv-stay-stars\">\u2605\u2605\u2605<\/span><!-- [et_pb_line_break_holder] -->        <span class=\"rv-stay-price\">desde <strong>110 \u20ac<\/strong>\/noche<\/span><!-- [et_pb_line_break_holder] -->      <\/div>\n<p><!-- [et_pb_line_break_holder] -->      <span class=\"rv-stay-cta\"><!-- [et_pb_line_break_holder] -->        <svg width=\"14\" height=\"14\" viewBox=\"0 0 24 24\" fill=\"none\" stroke=\"currentColor\" stroke-width=\"2\"><path d=\"M18 13v6a2 2 0 0 1-2 2H5a2 2 0 0 1-2-2V8a2 2 0 0 1 2-2h6\"><\/path><polyline points=\"15 3 21 3 21 9\"><\/polyline><line x1=\"10\" y1=\"14\" x2=\"21\" y2=\"3\"><\/line><\/svg><!-- [et_pb_line_break_holder] -->        Ver precio actualizado \u2192<!-- [et_pb_line_break_holder] -->      <\/span><!-- [et_pb_line_break_holder] -->    <\/a><!-- [et_pb_line_break_holder] --><!-- [et_pb_line_break_holder] -->    <a class=\"rv-stay-card\" href=\"https:\/\/www.booking.com\/searchresults.es.html?ss=You+Hotel+Budapest+Handwritten+Collection\" target=\"_blank\" rel=\"nofollow noopener sponsored\"><!-- [et_pb_line_break_holder] -->      <span class=\"rv-stay-badge badge-budget\">\ud83d\udcb6 Econ\u00f3mico \/ Andr\u00e1ssy<\/span><!-- [et_pb_line_break_holder] -->      <\/p>\n<div class=\"rv-stay-name\">You Hotel Budapest<\/div>\n<p><!-- [et_pb_line_break_holder] -->      <\/p>\n<div class=\"rv-stay-desc\">Ubicaci\u00f3n c\u00e9ntrica cerca de la avenida Andr\u00e1ssy, con buena relaci\u00f3n precio-calidad para la temporada navide\u00f1a.<\/div>\n<p><!-- [et_pb_line_break_holder] -->      <\/p>\n<div class=\"rv-stay-meta\"><!-- [et_pb_line_break_holder] -->        <span class=\"rv-stay-stars\">\u2605\u2605\u2605\u2605<\/span><!-- [et_pb_line_break_holder] -->        <span class=\"rv-stay-price\">desde <strong>105 \u20ac<\/strong>\/noche<\/span><!-- [et_pb_line_break_holder] -->      <\/div>\n<p><!-- [et_pb_line_break_holder] -->      <span class=\"rv-stay-cta\"><!-- [et_pb_line_break_holder] -->        <svg width=\"14\" height=\"14\" viewBox=\"0 0 24 24\" fill=\"none\" stroke=\"currentColor\" stroke-width=\"2\"><path d=\"M18 13v6a2 2 0 0 1-2 2H5a2 2 0 0 1-2-2V8a2 2 0 0 1 2-2h6\"><\/path><polyline points=\"15 3 21 3 21 9\"><\/polyline><line x1=\"10\" y1=\"14\" x2=\"21\" y2=\"3\"><\/line><\/svg><!-- [et_pb_line_break_holder] -->        Ver precio actualizado \u2192<!-- [et_pb_line_break_holder] -->      <\/span><!-- [et_pb_line_break_holder] -->    <\/a><!-- [et_pb_line_break_holder] --><!-- [et_pb_line_break_holder] -->    <a class=\"rv-stay-card card-all\" href=\"https:\/\/www.booking.com\/city\/hu\/budapest.es.html\" target=\"_blank\" rel=\"nofollow noopener sponsored\"><!-- [et_pb_line_break_holder] -->      <span class=\"rv-stay-badge badge-search\">\ud83d\udd0d Buscar<\/span><!-- [et_pb_line_break_holder] -->      <\/p>\n<div class=\"rv-stay-name\">Ver todos los alojamientos en Budapest<\/div>\n<p><!-- [et_pb_line_break_holder] -->      <\/p>\n<div class=\"rv-stay-desc\">Reserv\u00e1 con anticipaci\u00f3n: en diciembre, sobre todo Navidad y Fin de A\u00f1o, se llena r\u00e1pido.<\/div>\n<p><!-- [et_pb_line_break_holder] -->      <span class=\"rv-stay-cta\"><!-- [et_pb_line_break_holder] -->        <svg width=\"14\" height=\"14\" viewBox=\"0 0 24 24\" fill=\"none\" stroke=\"currentColor\" stroke-width=\"2\"><path d=\"M18 13v6a2 2 0 0 1-2 2H5a2 2 0 0 1-2-2V8a2 2 0 0 1 2-2h6\"><\/path><polyline points=\"15 3 21 3 21 9\"><\/polyline><line x1=\"10\" y1=\"14\" x2=\"21\" y2=\"3\"><\/line><\/svg><!-- [et_pb_line_break_holder] -->        Comparar precios \u2192<!-- [et_pb_line_break_holder] -->      <\/span><!-- [et_pb_line_break_holder] -->    <\/a><!-- [et_pb_line_break_holder] --><!-- [et_pb_line_break_holder] -->  <\/div>\n<p><!-- [et_pb_line_break_holder] --><!-- [et_pb_line_break_holder] -->  <\/p>\n<div class=\"rv-stays-footer\"><!-- [et_pb_line_break_holder] -->    <\/p>\n<div class=\"rv-stays-footer-note\">Precios orientativos, verific\u00e1 disponibilidad y precio real en el enlace. Enlaces de afiliados.<\/div>\n<p><!-- [et_pb_line_break_holder] -->  <\/div>\n<p><!-- [et_pb_line_break_holder] --><!-- [et_pb_line_break_holder] --><\/div>\n<p><!-- [et_pb_line_break_holder] -->[\/et_pb_code][et_pb_text _builder_version=\u00bb4.27.8&#8243; _module_preset=\u00bbdefault\u00bb global_colors_info=\u00bb{}\u00bb]\n<h2>Alojamiento en Budapest: Mapa y Precios<\/h2>\n<p>En el mapa de abajo pod\u00e9s mover, hacer zoom y filtrar por tus fechas para ver precios de alojamientos en Budapest:<\/p>\n<p><iframe id=\"stay22-widget\" width=\"100%\" height=\"428\" src=\"https:\/\/www.stay22.com\/embed\/6a9d4d07c805ed7ccdb172d8\" frameborder=\"0\"><\/iframe>[\/et_pb_text][\/et_pb_column][\/et_pb_row][et_pb_row _builder_version=\u00bb4.24.0&#8243; _module_preset=\u00bbdefault\u00bb global_colors_info=\u00bb{}\u00bb][et_pb_column type=\u00bb4_4&#8243; _builder_version=\u00bb4.24.0&#8243; _module_preset=\u00bbdefault\u00bb global_colors_info=\u00bb{}\u00bb][et_pb_text _builder_version=\u00bb4.27.8&#8243; _module_preset=\u00bbdefault\u00bb hover_enabled=\u00bb0&#8243; global_colors_info=\u00bb{}\u00bb sticky_enabled=\u00bb0&#8243;]\n<h2>C\u00f3mo llegar a Budapest y moverse por la ciudad<\/h2>\n<p>El aeropuerto es el Liszt Ferenc (BUD), a unos 25 kil\u00f3metros del centro. Hay vuelos directos desde casi toda Europa y es uno de los destinos m\u00e1s baratos del continente en a\u00e9reo, aunque en diciembre las tarifas se estiran.<\/p>\n<p><strong>Del aeropuerto al centro:<\/strong><\/p>\n<ul>\n<li><strong>Autob\u00fas 100E:<\/strong> el m\u00e1s directo, hasta De\u00e1k Ferenc t\u00e9r. Necesita un billete especial propio (unos 2.200 HUF) que no est\u00e1 incluido en ning\u00fan abono ni tarjeta.<\/li>\n<li><strong>Autob\u00fas 200E + metro M3:<\/strong> la opci\u00f3n econ\u00f3mica. Funciona con el billete sencillo normal de 500 HUF, pero ten\u00e9s que hacer transbordo y tarda m\u00e1s.<\/li>\n<li><strong>Taxi o traslado privado:<\/strong> lo m\u00e1s c\u00f3modo si lleg\u00e1s de noche o con valijas. Us\u00e1 siempre taxis oficiales del mostrador del aeropuerto.<\/li>\n<\/ul>\n<blockquote><p>\u279c\u00a0<strong><a href=\"https:\/\/www.civitatis.com\/es\/budapest\/traslados\/?aid=102442\" target=\"_blank\" rel=\"noopener\">Ver Traslados en Budapest (Aeropuerto- Hotel- estaci\u00f3n de Tren)<\/a><\/strong><\/p><\/blockquote>\n<p><strong>Moverse por la ciudad:<\/strong> el transporte p\u00fablico es excelente y barato. Metro, tranv\u00eda, troleb\u00fas y autob\u00fas comparten el mismo sistema de billetes. Si vas a hacer m\u00e1s de tres o cuatro viajes en un d\u00eda, el abono de 24 horas por 2.750 HUF ya te conviene; para un fin de semana largo, el de 72 horas. Descargate la app BudapestGO y te olvid\u00e1s de las m\u00e1quinas.[\/et_pb_text][et_pb_image src=\u00bbhttps:\/\/www.recalculandoviajes.com\/wp-content\/uploads\/2026\/09\/budapest-metro.webp\u00bb alt=\u00bbbudapest metro\u00bb title_text=\u00bbbudapest metro\u00bb _builder_version=\u00bb4.27.8&#8243; _module_preset=\u00bbdefault\u00bb global_colors_info=\u00bb{}\u00bb][\/et_pb_image][et_pb_text _builder_version=\u00bb4.27.8&#8243; _module_preset=\u00bbdefault\u00bb global_colors_info=\u00bb{}\u00bb]\n<p>Si ven\u00eds desde otra ciudad de la regi\u00f3n, Budapest est\u00e1 muy bien conectada por tren con Viena y con <a href=\"https:\/\/www.recalculandoviajes.com\/que-ver-en-bratislava-en-navidad\/\">Bratislava en Navidad<\/a>, que queda a apenas dos horas y media y se puede hacer perfectamente en el d\u00eda.<\/p>\n<p>Para no depender del wifi de los bares mientras busc\u00e1s horarios o el mapa, nosotros viajamos siempre con una eSIM de <a href=\"https:\/\/recalculandoviajes.com\/holafly-off\" target=\"_blank\" rel=\"noopener\">Holafly<\/a> con datos ilimitados: se activa antes de salir de casa y con el c\u00f3digo <strong>RECALCULANDOVIAJES<\/strong> ten\u00e9s descuento.<\/p>\n[\/et_pb_text][et_pb_code admin_label=\u00bbads Holafly banner code &#8211; ESP\u00bb _builder_version=\u00bb4.27.6&#8243; _module_preset=\u00bbdefault\u00bb global_module=\u00bb16297&#8243; saved_tabs=\u00bball\u00bb locked=\u00bboff\u00bb global_colors_info=\u00bb{}\u00bb]<a href=\"https:\/\/recalculandoviajes.com\/holafly-off\" target=\"_blank\" rel=\"noopener nofollow\"><!-- [et_pb_line_break_holder] --><\/p>\n<div class=\"stat-card\" style=\"background: linear-gradient(135deg, #b8174a 0%, #8a1137 100%); border-radius: 12px; padding: 24px; margin: 32px 0; box-shadow: 0 4px 6px rgba(0,0,0,0.1);\"><!-- [et_pb_line_break_holder] --><\/p>\n<div style=\"display: flex; align-items: center; gap: 12px; margin-bottom: 16px;\"><!-- [et_pb_line_break_holder] --><\/p>\n<div style=\"background-color: rgba(255, 215, 130, 0.9); color: #6b0f2a; font-size: 13px; font-weight: bold; text-transform: uppercase; letter-spacing: 1px; padding: 6px 12px; border-radius: 999px; display: inline-flex; align-items: center; gap: 6px;\">\ud83d\udcf2 Internet ESIM &#8211; 5% Descuento<\/div>\n<p><!-- [et_pb_line_break_holder] --><\/div>\n<p><!-- [et_pb_line_break_holder] --><\/p>\n<div style=\"color: white; font-size: 18px; font-weight: bold; line-height: 1.3;\">Si viaj\u00e1s al exterior y quer\u00e9s tener internet desde que aterriz\u00e1s, Holafly es una de las mejores opciones. Us\u00e1s eSIM, no necesit\u00e1s chip f\u00edsico y ten\u00e9s datos ilimitados en muchos destinos. Lo activ\u00e1s en minutos y te olvid\u00e1s del roaming. Ideal para viajar tranquilo y siempre conectado.<\/div>\n<p><!-- [et_pb_line_break_holder] --><\/div>\n<p><!-- [et_pb_line_break_holder] --><\/a><!-- [et_pb_line_break_holder] -->[\/et_pb_code][\/et_pb_column][\/et_pb_row][et_pb_row _builder_version=\u00bb4.24.0&#8243; _module_preset=\u00bbdefault\u00bb global_colors_info=\u00bb{}\u00bb][et_pb_column type=\u00bb4_4&#8243; _builder_version=\u00bb4.24.0&#8243; _module_preset=\u00bbdefault\u00bb global_colors_info=\u00bb{}\u00bb][et_pb_text _builder_version=\u00bb4.27.8&#8243; _module_preset=\u00bbdefault\u00bb global_colors_info=\u00bb{}\u00bb]\n<h2>Seguro de viaje para tu Navidad en Budapest<\/h2>\n<p>Hungr\u00eda est\u00e1 en la Uni\u00f3n Europea, as\u00ed que si sos europeo la tarjeta sanitaria te cubre lo b\u00e1sico. Pero en invierno hay dos cosas que la tarjeta no resuelve y que en diciembre son bastante habituales: las ca\u00eddas por hielo y los vuelos cancelados o demorados por nieve.<\/p>\n<p>Nosotros viajamos hace a\u00f1os con <a href=\"https:\/\/recalculandoviajes.com\/iati-seguros\" target=\"_blank\" rel=\"noopener\">IATI Seguros<\/a> y es lo que recomendamos para una escapada invernal a Budapest. Cubre asistencia m\u00e9dica sin adelantar dinero, p\u00e9rdida de equipaje y las demoras de vuelo, que en temporada navide\u00f1a no son nada raras.<\/p>\n<div class=\"rv-cta-centrado\">\n<p>Contratando con IATI desde <a href=\"https:\/\/recalculandoviajes.com\/iati-seguros\" target=\"_blank\" rel=\"noopener\">este enlace<\/a> ten\u00e9s un 5% de descuento permanente, que en campa\u00f1as puntuales llega hasta el 15%.<\/p>\n<\/div>\n<p>Si est\u00e1s comparando alternativas antes de decidir, tenemos una gu\u00eda completa sobre el <a href=\"https:\/\/www.recalculandoviajes.com\/mejor-seguro-de-viaje-europa\/\">mejor seguro de viaje para Europa<\/a> con las coberturas que s\u00ed importan.<\/p>\n[\/et_pb_text][et_pb_image src=\u00bbhttps:\/\/www.recalculandoviajes.com\/wp-content\/uploads\/2026\/03\/seguro-de-viaje-iati-descuento-recalculando.webp\u00bb alt=\u00bbseguro de viaje iati descuento recalculando\u00bb title_text=\u00bbseguro de viaje iati descuento recalculando\u00bb url=\u00bbhttps:\/\/recalculandoviajes.com\/iati-seguros\u00bb url_new_window=\u00bbon\u00bb admin_label=\u00bbads IATI horizontal 5off (2026)\u00bb _builder_version=\u00bb4.27.8&#8243; _module_preset=\u00bbdefault\u00bb border_radii=\u00bbon|20px|20px|20px|20px\u00bb box_shadow_style=\u00bbpreset1&#8243; global_module=\u00bb14704&#8243; saved_tabs=\u00bball\u00bb locked=\u00bboff\u00bb global_colors_info=\u00bb{}\u00bb][\/et_pb_image][\/et_pb_column][\/et_pb_row][et_pb_row _builder_version=\u00bb4.24.0&#8243; _module_preset=\u00bbdefault\u00bb global_colors_info=\u00bb{}\u00bb][et_pb_column type=\u00bb4_4&#8243; _builder_version=\u00bb4.24.0&#8243; _module_preset=\u00bbdefault\u00bb global_colors_info=\u00bb{}\u00bb][et_pb_image src=\u00bbhttps:\/\/www.recalculandoviajes.com\/wp-content\/uploads\/2026\/09\/navidad-budapest.webp\u00bb alt=\u00bbnavidad budapest\u00bb title_text=\u00bbnavidad budapest\u00bb _builder_version=\u00bb4.27.8&#8243; _module_preset=\u00bbdefault\u00bb global_colors_info=\u00bb{}\u00bb][\/et_pb_image][et_pb_text _builder_version=\u00bb4.24.0&#8243; _module_preset=\u00bbdefault\u00bb global_colors_info=\u00bb{}\u00bb]\n<h2>Excursiones para completar Budapest en Navidad<\/h2>\n<p>Si ten\u00e9s d\u00edas de sobra, la ciudad funciona muy bien como base. Estas son las escapadas que m\u00e1s sentido tienen en diciembre:<\/p>\n<ul>\n<li><strong>Szentendre:<\/strong> pueblo de casas de colores a 40 minutos en el tren suburbano H\u00c9V. Tiene su propio mercadito navide\u00f1o y se hace en media jornada.<\/li>\n<li><strong>Recodo del Danubio (Esztergom y Visegr\u00e1d):<\/strong> catedral enorme, castillos y vistas del r\u00edo. Mejor con excursi\u00f3n organizada en invierno, porque el transporte p\u00fablico es lento.<\/li>\n<li><strong>G\u00f6d\u00f6ll\u0151:<\/strong> el palacio favorito de la emperatriz Sis\u00ed, con programaci\u00f3n navide\u00f1a propia.<\/li>\n<li><strong>Bratislava:<\/strong> dos horas y media de tren y otra capital con mercados. Muy f\u00e1cil de combinar.<\/li>\n<li><strong>Viena:<\/strong> tambi\u00e9n a dos horas y media en tren directo. Muchos viajeros arman el cl\u00e1sico circuito de <a href=\"https:\/\/www.recalculandoviajes.com\/europa\/\">Europa<\/a> central juntando ambas ciudades en un mismo viaje.<\/li>\n<\/ul>\n<p>Si prefer\u00eds manejar y salir a tu ritmo, nosotros comparamos precios en <a href=\"https:\/\/www.recalculandoviajes.com\/go\/discovercars\">DiscoverCars<\/a>, aunque para la ciudad en s\u00ed el auto es m\u00e1s un estorbo que una ayuda.<\/p>\n[\/et_pb_text][\/et_pb_column][\/et_pb_row][et_pb_row _builder_version=\u00bb4.24.0&#8243; _module_preset=\u00bbdefault\u00bb global_colors_info=\u00bb{}\u00bb][et_pb_column type=\u00bb4_4&#8243; _builder_version=\u00bb4.24.0&#8243; _module_preset=\u00bbdefault\u00bb global_colors_info=\u00bb{}\u00bb][et_pb_text _builder_version=\u00bb4.24.0&#8243; _module_preset=\u00bbdefault\u00bb global_colors_info=\u00bb{}\u00bb]\n<h2>Mapa de los 22 lugares para ver la Navidad en Budapest<\/h2>\n<p>Ac\u00e1 ten\u00e9s los 22 mercados, miradores y planes de esta gu\u00eda marcados en un solo mapa, para que armes el recorrido seg\u00fan d\u00f3nde te alojes. Casi todo est\u00e1 en un radio caminable dentro del centro de Pest, con dos o tres excepciones que piden metro o tranv\u00eda.<\/p>\n[\/et_pb_text][et_pb_text _builder_version=\u00bb4.27.8&#8243; _module_preset=\u00bbdefault\u00bb text_orientation=\u00bbcenter\u00bb hover_enabled=\u00bb0&#8243; sticky_enabled=\u00bb0&#8243;]<iframe src=\"https:\/\/www.google.com\/maps\/d\/u\/1\/embed?mid=1Inb3MK94qUJa3jVsK2G7gdBi90i3pxs&#038;ehbc=2E312F\" width=\"640\" height=\"480\"><\/iframe>[\/et_pb_text][\/et_pb_column][\/et_pb_row][et_pb_row _builder_version=\u00bb4.24.0&#8243; _module_preset=\u00bbdefault\u00bb global_colors_info=\u00bb{}\u00bb][et_pb_column type=\u00bb4_4&#8243; _builder_version=\u00bb4.24.0&#8243; _module_preset=\u00bbdefault\u00bb global_colors_info=\u00bb{}\u00bb][et_pb_text _builder_version=\u00bb4.27.8&#8243; _module_preset=\u00bbdefault\u00bb global_colors_info=\u00bb{}\u00bb]\n<h2>Preguntas frecuentes sobre la Navidad en Budapest<\/h2>\n[\/et_pb_text][et_pb_text _builder_version=\u00bb4.27.8&#8243; _module_preset=\u00bbdefault\u00bb global_colors_info=\u00bb{}\u00bb]\n<h3>\u00bfCu\u00e1ndo empieza la Navidad en Budapest?<\/h3>\n<p>Los mercados grandes abren a mediados de noviembre. En la \u00faltima temporada, tanto el de la Bas\u00edlica como el de V\u00f6r\u00f6smarty arrancaron el 14 de noviembre y siguieron hasta el 1 de enero. Las fechas oficiales de cada a\u00f1o se confirman entre septiembre y octubre.<\/p>\n[\/et_pb_text][et_pb_text admin_label=\u00bbTexto\u00bb _builder_version=\u00bb4.27.8&#8243; _module_preset=\u00bbdefault\u00bb global_colors_info=\u00bb{}\u00bb]\n<h3>\u00bfCu\u00e1ndo encienden las luces de Navidad en Budapest?<\/h3>\n<p>La iluminaci\u00f3n de las calles se enciende junto con la apertura de los mercados, a mediados de noviembre. El show de luces sobre la fachada de la bas\u00edlica de San Esteban empieza cada tarde a las 17:30 y se repite cada media hora hasta las 22:00 aproximadamente.<\/p>\n[\/et_pb_text][et_pb_text _builder_version=\u00bb4.27.8&#8243; _module_preset=\u00bbdefault\u00bb global_colors_info=\u00bb{}\u00bb]\n<h3>\u00bfQu\u00e9 temperatura hace en Budapest en Navidad?<\/h3>\n<p>En diciembre lo habitual son 4 a 8 \u00b0C durante el d\u00eda y valores bajo cero de madrugada. La nieve no es frecuente en noviembre ni diciembre, pero la lluvia s\u00ed. Llev\u00e1 abrigo de verdad, calzado impermeable con buena suela y guantes.<\/p>\n[\/et_pb_text][et_pb_text _builder_version=\u00bb4.27.8&#8243; _module_preset=\u00bbdefault\u00bb global_colors_info=\u00bb{}\u00bb]\n<h3>\u00bfCu\u00e1ntos d\u00edas hacen falta para ver Budapest en Navidad?<\/h3>\n<p>Con tres d\u00edas completos ves los mercados principales, las termas y los puntos cl\u00e1sicos sin correr. Con cuatro sum\u00e1s una excursi\u00f3n a Szentendre o al recodo del Danubio. Nosotros estuvimos 16 noches y no nos sobr\u00f3 tiempo, pero eso ya es otro tipo de viaje.<\/p>\n[\/et_pb_text][et_pb_text _builder_version=\u00bb4.24.0&#8243; _module_preset=\u00bbdefault\u00bb global_colors_info=\u00bb{}\u00bb]\n<h3>\u00bfViena o Budapest en Navidad?<\/h3>\n<p>Viena tiene m\u00e1s mercados, m\u00e1s producci\u00f3n y una tradici\u00f3n navide\u00f1a m\u00e1s consolidada, pero es bastante m\u00e1s cara. Budapest ofrece dos mercados de alt\u00edsimo nivel, precios de alojamiento y transporte m\u00e1s bajos, y el plus enorme de las termas. Si ten\u00e9s que elegir uno solo y el presupuesto pesa, Budapest. Si pod\u00e9s, hac\u00e9 los dos: est\u00e1n a dos horas y media de tren.<\/p>\n[\/et_pb_text][et_pb_text _builder_version=\u00bb4.27.8&#8243; _module_preset=\u00bbdefault\u00bb global_colors_info=\u00bb{}\u00bb]\n<h3>\u00bfPraga o Budapest en Navidad?<\/h3>\n<p>Praga es probablemente m\u00e1s fotog\u00e9nica en conjunto, con el casco hist\u00f3rico entero funcionando como escenario. Budapest gana en el mercado individual mejor valorado de Europa, en las termas y en la escala del r\u00edo iluminado. Si ya conoc\u00e9s <a href=\"https:\/\/www.recalculandoviajes.com\/que-ver-en-praga-en-navidad\/\">Praga en Navidad<\/a>, Budapest es el paso l\u00f3gico siguiente.<\/p>\n[\/et_pb_text][et_pb_text _builder_version=\u00bb4.24.0&#8243; _module_preset=\u00bbdefault\u00bb global_colors_info=\u00bb{}\u00bb]\n<h3>\u00bfSe puede pagar en euros en los mercados navide\u00f1os de Budapest?<\/h3>\n<p>No de forma confiable. La moneda es el forinto h\u00fangaro y aunque alg\u00fan puesto acepte euros, el cambio que te van a hacer es malo. Lo mejor es tarjeta sin comisiones o forintos sacados de cajeros bancarios. Evit\u00e1 las casas de cambio de la calle V\u00e1ci y los cajeros de marcas tur\u00edsticas con comisiones alt\u00edsimas.<\/p>\n[\/et_pb_text][et_pb_text _builder_version=\u00bb4.24.0&#8243; _module_preset=\u00bbdefault\u00bb global_colors_info=\u00bb{}\u00bb]\n<h3>\u00bfLos mercados abren el 25 de diciembre?<\/h3>\n<p>S\u00ed, pero con horario reducido. El 24 cierran a media tarde, el 25 y el 26 suelen abrir cerca del mediod\u00eda y cerrar temprano, y el 31 se estiran hasta la madrugada. Los museos y muchos comercios, en cambio, cierran directamente el 24, 25 y 26.<\/p>\n[\/et_pb_text][et_pb_text _builder_version=\u00bb4.24.0&#8243; _module_preset=\u00bbdefault\u00bb global_colors_info=\u00bb{}\u00bb]\n<h3>\u00bfCu\u00e1l es el mejor mercado navide\u00f1o de Budapest?<\/h3>\n<p>El de la plaza de la Bas\u00edlica de San Esteban (Advent Bazilika), sin discusi\u00f3n: viene siendo elegido varios a\u00f1os seguidos como el mejor mercado navide\u00f1o de Europa por la calidad de los artesanos, el \u00e1rbol de doce metros y el show de luces sobre la fachada. El de V\u00f6r\u00f6smarty es el m\u00e1s antiguo y el m\u00e1s c\u00e9ntrico, y est\u00e1n a cinco minutos caminando uno del otro.<\/p>\n[\/et_pb_text][et_pb_text _builder_version=\u00bb4.24.0&#8243; _module_preset=\u00bbdefault\u00bb global_colors_info=\u00bb{}\u00bb]\n<h3>\u00bfNieva en Budapest en diciembre?<\/h3>\n<p>Rara vez. La nieve no es habitual ni en noviembre ni en diciembre; lo m\u00e1s probable es que te toque fr\u00edo h\u00famedo y lluvia. Si quer\u00e9s chances reales de nieve, enero y febrero son mejores apuestas, aunque para entonces los mercados grandes ya cerraron.<\/p>\n[\/et_pb_text][et_pb_text _builder_version=\u00bb4.24.0&#8243; _module_preset=\u00bbdefault\u00bb global_colors_info=\u00bb{}\u00bb]\n<h3>\u00bfCu\u00e1nto cuesta un viaje a Budapest en Navidad?<\/h3>\n<p>Calcul\u00e1 entre 60 y 90 \u20ac por persona y d\u00eda sin alojamiento, contando comidas, transporte y una o dos entradas. Se puede bajar bastante cocinando algo en el departamento y aprovechando que muchos de los mejores planes \u2014las luces, los mercados, los miradores, el tranv\u00eda 2\u2014 son gratis o casi.<\/p>\n[\/et_pb_text][et_pb_text _builder_version=\u00bb4.27.8&#8243; _module_preset=\u00bbdefault\u00bb global_colors_info=\u00bb{}\u00bb]\n<h3>\u00bfHay mercados navide\u00f1os fuera del circuito tur\u00edstico?<\/h3>\n<p>S\u00ed, y son los que mejor relaci\u00f3n calidad-precio tienen. El de \u00d3buda, en la plaza mayor del barrio m\u00e1s antiguo de la ciudad, y el de Szabads\u00e1g t\u00e9r, m\u00e1s orientado al dise\u00f1o h\u00fangaro contempor\u00e1neo, son los dos que recomendar\u00edamos si ya viste los grandes o si te agobian las multitudes.<\/p>\n[\/et_pb_text][et_pb_code admin_label=\u00bbfaq seo\u00bb _builder_version=\u00bb4.27.8&#8243; _module_preset=\u00bbdefault\u00bb global_colors_info=\u00bb{}\u00bb]<head><!-- [et_pb_line_break_holder] --><script type=\"application\/ld+json\"><!-- [et_pb_line_break_holder] -->{<!-- [et_pb_line_break_holder] -->  \"@context\": \"https:\/\/schema.org\",<!-- [et_pb_line_break_holder] -->  \"@type\": \"FAQPage\",<!-- [et_pb_line_break_holder] -->  \"mainEntity\": [<!-- [et_pb_line_break_holder] -->    {<!-- [et_pb_line_break_holder] -->      \"@type\": \"Question\",<!-- [et_pb_line_break_holder] -->      \"name\": \"\u00bfCu\u00e1ndo empieza la Navidad en Budapest?\",<!-- [et_pb_line_break_holder] -->      \"acceptedAnswer\": {<!-- [et_pb_line_break_holder] -->        \"@type\": \"Answer\",<!-- [et_pb_line_break_holder] -->        \"text\": \"Los mercados grandes abren a mediados de noviembre. En la \u00faltima temporada, tanto el de la Bas\u00edlica como el de V\u00f6r\u00f6smarty arrancaron el 14 de noviembre y siguieron hasta el 1 de enero. Las fechas oficiales de cada a\u00f1o se confirman entre septiembre y octubre.\"<!-- [et_pb_line_break_holder] -->      }<!-- [et_pb_line_break_holder] -->    },<!-- [et_pb_line_break_holder] -->    {<!-- [et_pb_line_break_holder] -->      \"@type\": \"Question\",<!-- [et_pb_line_break_holder] -->      \"name\": \"\u00bfCu\u00e1ndo encienden las luces de Navidad en Budapest?\",<!-- [et_pb_line_break_holder] -->      \"acceptedAnswer\": {<!-- [et_pb_line_break_holder] -->        \"@type\": \"Answer\",<!-- [et_pb_line_break_holder] -->        \"text\": \"La iluminaci\u00f3n de las calles se enciende junto con la apertura de los mercados, a mediados de noviembre. El show de luces sobre la fachada de la bas\u00edlica de San Esteban empieza cada tarde a las 17:30 y se repite cada media hora hasta las 22:00 aproximadamente.\"<!-- [et_pb_line_break_holder] -->      }<!-- [et_pb_line_break_holder] -->    },<!-- [et_pb_line_break_holder] -->    {<!-- [et_pb_line_break_holder] -->      \"@type\": \"Question\",<!-- [et_pb_line_break_holder] -->      \"name\": \"\u00bfQu\u00e9 temperatura hace en Budapest en Navidad?\",<!-- [et_pb_line_break_holder] -->      \"acceptedAnswer\": {<!-- [et_pb_line_break_holder] -->        \"@type\": \"Answer\",<!-- [et_pb_line_break_holder] -->        \"text\": \"En diciembre lo habitual son 4 a 8 \u00b0C durante el d\u00eda y valores bajo cero de madrugada. La nieve no es frecuente en noviembre ni diciembre, pero la lluvia s\u00ed. Llev\u00e1 abrigo de verdad, calzado impermeable con buena suela y guantes.\"<!-- [et_pb_line_break_holder] -->      }<!-- [et_pb_line_break_holder] -->    },<!-- [et_pb_line_break_holder] -->    {<!-- [et_pb_line_break_holder] -->      \"@type\": \"Question\",<!-- [et_pb_line_break_holder] -->      \"name\": \"\u00bfCu\u00e1ntos d\u00edas hacen falta para ver Budapest en Navidad?\",<!-- [et_pb_line_break_holder] -->      \"acceptedAnswer\": {<!-- [et_pb_line_break_holder] -->        \"@type\": \"Answer\",<!-- [et_pb_line_break_holder] -->        \"text\": \"Con tres d\u00edas completos ves los mercados principales, las termas y los puntos cl\u00e1sicos sin correr. Con cuatro sum\u00e1s una excursi\u00f3n a Szentendre o al recodo del Danubio.\"<!-- [et_pb_line_break_holder] -->      }<!-- [et_pb_line_break_holder] -->    },<!-- [et_pb_line_break_holder] -->    {<!-- [et_pb_line_break_holder] -->      \"@type\": \"Question\",<!-- [et_pb_line_break_holder] -->      \"name\": \"\u00bfSe puede pagar en euros en los mercados navide\u00f1os de Budapest?\",<!-- [et_pb_line_break_holder] -->      \"acceptedAnswer\": {<!-- [et_pb_line_break_holder] -->        \"@type\": \"Answer\",<!-- [et_pb_line_break_holder] -->        \"text\": \"No de forma confiable. La moneda es el forinto h\u00fangaro y aunque alg\u00fan puesto acepte euros, el cambio que te van a hacer es malo. Lo mejor es usar tarjeta sin comisiones por cambio de divisa o forintos sacados de cajeros bancarios.\"<!-- [et_pb_line_break_holder] -->      }<!-- [et_pb_line_break_holder] -->    },<!-- [et_pb_line_break_holder] -->    {<!-- [et_pb_line_break_holder] -->      \"@type\": \"Question\",<!-- [et_pb_line_break_holder] -->      \"name\": \"\u00bfLos mercados abren el 25 de diciembre?\",<!-- [et_pb_line_break_holder] -->      \"acceptedAnswer\": {<!-- [et_pb_line_break_holder] -->        \"@type\": \"Answer\",<!-- [et_pb_line_break_holder] -->        \"text\": \"S\u00ed, pero con horario reducido. El 24 cierran a media tarde, el 25 y el 26 suelen abrir cerca del mediod\u00eda y cerrar temprano, y el 31 se estiran hasta la madrugada. Los museos y muchos comercios, en cambio, cierran directamente el 24, 25 y 26.\"<!-- [et_pb_line_break_holder] -->      }<!-- [et_pb_line_break_holder] -->    },<!-- [et_pb_line_break_holder] -->    {<!-- [et_pb_line_break_holder] -->      \"@type\": \"Question\",<!-- [et_pb_line_break_holder] -->      \"name\": \"\u00bfCu\u00e1l es el mejor mercado navide\u00f1o de Budapest?\",<!-- [et_pb_line_break_holder] -->      \"acceptedAnswer\": {<!-- [et_pb_line_break_holder] -->        \"@type\": \"Answer\",<!-- [et_pb_line_break_holder] -->        \"text\": \"El de la plaza de la Bas\u00edlica de San Esteban (Advent Bazilika) es considerado el mejor, ya que viene siendo elegido varios a\u00f1os seguidos como el mejor mercado navide\u00f1o de Europa por la calidad de los artesanos, el \u00e1rbol de doce metros y el show de luces sobre la fachada.\"<!-- [et_pb_line_break_holder] -->      }<!-- [et_pb_line_break_holder] -->    },<!-- [et_pb_line_break_holder] -->    {<!-- [et_pb_line_break_holder] -->      \"@type\": \"Question\",<!-- [et_pb_line_break_holder] -->      \"name\": \"\u00bfNieva en Budapest en diciembre?\",<!-- [et_pb_line_break_holder] -->      \"acceptedAnswer\": {<!-- [et_pb_line_break_holder] -->        \"@type\": \"Answer\",<!-- [et_pb_line_break_holder] -->        \"text\": \"Rara vez. La nieve no es habitual ni en noviembre ni en diciembre; lo m\u00e1s probable es que te toque fr\u00edo h\u00famedo y lluvia.\"<!-- [et_pb_line_break_holder] -->      }<!-- [et_pb_line_break_holder] -->    },<!-- [et_pb_line_break_holder] -->    {<!-- [et_pb_line_break_holder] -->      \"@type\": \"Question\",<!-- [et_pb_line_break_holder] -->      \"name\": \"\u00bfCu\u00e1nto cuesta un viaje a Budapest en Navidad?\",<!-- [et_pb_line_break_holder] -->      \"acceptedAnswer\": {<!-- [et_pb_line_break_holder] -->        \"@type\": \"Answer\",<!-- [et_pb_line_break_holder] -->        \"text\": \"Calcul\u00e1 entre 60 y 90 \u20ac por persona y d\u00eda sin alojamiento, contando comidas, transporte y una o dos entradas. Se puede optimizar el presupuesto cocinando en el departamento y aprovechando que muchos de los mejores planes son gratuitos.\"<!-- [et_pb_line_break_holder] -->      }<!-- [et_pb_line_break_holder] -->    },<!-- [et_pb_line_break_holder] -->    {<!-- [et_pb_line_break_holder] -->      \"@type\": \"Question\",<!-- [et_pb_line_break_holder] -->      \"name\": \"\u00bfHay mercados navide\u00f1os fuera del circuito tur\u00edstico?\",<!-- [et_pb_line_break_holder] -->      \"acceptedAnswer\": {<!-- [et_pb_line_break_holder] -->        \"@type\": \"Answer\",<!-- [et_pb_line_break_holder] -->        \"text\": \"S\u00ed, los m\u00e1s recomendados para evitar las multitudes son el de \u00d3buda, en la plaza mayor del barrio m\u00e1s antiguo, y el de Szabads\u00e1g t\u00e9r, que est\u00e1 m\u00e1s orientado al dise\u00f1o h\u00fangaro contempor\u00e1neo.\"<!-- [et_pb_line_break_holder] -->      }<!-- [et_pb_line_break_holder] -->    }<!-- [et_pb_line_break_holder] -->  ]<!-- [et_pb_line_break_holder] -->}<!-- [et_pb_line_break_holder] --><\/script><!-- [et_pb_line_break_holder] --><\/head>[\/et_pb_code][\/et_pb_column][\/et_pb_row][et_pb_row _builder_version=\u00bb4.24.0&#8243; _module_preset=\u00bbdefault\u00bb global_colors_info=\u00bb{}\u00bb][et_pb_column type=\u00bb4_4&#8243; _builder_version=\u00bb4.24.0&#8243; _module_preset=\u00bbdefault\u00bb global_colors_info=\u00bb{}\u00bb][et_pb_text _builder_version=\u00bb4.24.0&#8243; _module_preset=\u00bbdefault\u00bb global_colors_info=\u00bb{}\u00bb]\n<h2>Conclusi\u00f3n: por qu\u00e9 volver\u00edamos a la Navidad en Budapest<\/h2>\n<p>Despu\u00e9s de 16 noches viviendo la ciudad en modo casi local, nos qued\u00f3 clar\u00edsimo que Budapest tiene algo que muchas capitales europeas perdieron: sigue siendo una ciudad que se puede recorrer sin sentir que est\u00e1s pagando una entrada a cada paso. La Navidad en Budapest suma la capa de luces, casetas y vino caliente sobre una base que ya era buen\u00edsima de por s\u00ed.<\/p>\n<p>Nuestro resumen honesto de los 22 planes: los dos mercados grandes valen absolutamente la pena pero son caros para comer; el show de luces de la Bas\u00edlica es el mejor plan gratuito de la temporada; las termas en invierno son inolvidables y conviene ir temprano; y el tranv\u00eda 2 de noche, por 500 forintos, compite con excursiones que cuestan veinte veces m\u00e1s.<\/p>\n<p>Si ten\u00e9s que elegir un destino para tu primera escapada navide\u00f1a en Europa central, la Navidad en Budapest es un candidato de primera l\u00ednea. Nosotros volver\u00edamos, y esta vez s\u00ed en diciembre.<\/p>\n<p>\u00bfYa estuviste en Budapest en Navidad? Contanos en los comentarios qu\u00e9 mercado te gust\u00f3 m\u00e1s, que nos sirve un mont\u00f3n para seguir actualizando la gu\u00eda. Y si quer\u00e9s seguir armando el viaje, pasate por nuestra secci\u00f3n de <a href=\"https:\/\/www.recalculandoviajes.com\/hungria\/\">Hungr\u00eda<\/a>.<\/p>\n[\/et_pb_text][\/et_pb_column][\/et_pb_row][et_pb_row admin_label=\u00bbLinks \u00fatiles 2025&#8243; _builder_version=\u00bb4.27.8&#8243; _module_preset=\u00bbdefault\u00bb locked=\u00bboff\u00bb global_colors_info=\u00bb{}\u00bb][et_pb_column type=\u00bb4_4&#8243; _builder_version=\u00bb4.27.4&#8243; _module_preset=\u00bbdefault\u00bb global_colors_info=\u00bb{}\u00bb][et_pb_text _builder_version=\u00bb4.27.4&#8243; _module_preset=\u00bbdefault\u00bb global_colors_info=\u00bb{}\u00bb]\n<p><strong>\u2139\ufe0f **Transparencia Total**<\/strong><\/p>\n<p>Este art\u00edculo contiene enlaces de afiliados. Si contratas a trav\u00e9s de estos enlaces, podemos recibir una peque\u00f1a comisi\u00f3n sin coste adicional para ti. Solo recomendamos servicios que usamos en nuestros viajes y en los que confiamos. Esto nos ayuda a mantener este blog gratuito y seguir creando contenido \u00fatil para ti. \u00a1Gracias por tu apoyo!<\/p>\n[\/et_pb_text][et_pb_code _builder_version=\u00bb4.27.8&#8243; _module_preset=\u00bbdefault\u00bb global_colors_info=\u00bb{}\u00bb]\n<style><!-- [et_pb_line_break_holder] -->.hakoit-links {<!-- [et_pb_line_break_holder] -->}<!-- [et_pb_line_break_holder] --><!-- [et_pb_line_break_holder] -->.hakoit-links .links-utiles-a {<!-- [et_pb_line_break_holder] -->  background: linear-gradient(135deg, #b8174a 0%, #d41f5c 100%);<!-- [et_pb_line_break_holder] -->  padding: 25px 20px;<!-- [et_pb_line_break_holder] -->  border-radius: 12px;<!-- [et_pb_line_break_holder] -->  margin: 40px 0;<!-- [et_pb_line_break_holder] -->}<!-- [et_pb_line_break_holder] --><!-- [et_pb_line_break_holder] -->.hakoit-links .links-utiles-a h2 {<!-- [et_pb_line_break_holder] -->  color: white;<!-- [et_pb_line_break_holder] -->  font-size: 24px;<!-- [et_pb_line_break_holder] -->  margin-bottom: 20px;<!-- [et_pb_line_break_holder] -->  text-align: center;<!-- [et_pb_line_break_holder] -->  text-shadow: 0 2px 4px rgba(0,0,0,0.2);<!-- [et_pb_line_break_holder] -->}<!-- [et_pb_line_break_holder] --><!-- [et_pb_line_break_holder] -->.hakoit-links .cards-grid-a {<!-- [et_pb_line_break_holder] -->  display: grid;<!-- [et_pb_line_break_holder] -->  grid-template-columns: repeat(auto-fit, minmax(280px, 1fr));<!-- [et_pb_line_break_holder] -->  gap: 12px;<!-- [et_pb_line_break_holder] -->}<!-- [et_pb_line_break_holder] --><!-- [et_pb_line_break_holder] -->.hakoit-links .card-a {<!-- [et_pb_line_break_holder] -->  background: white;<!-- [et_pb_line_break_holder] -->  border-radius: 8px;<!-- [et_pb_line_break_holder] -->  padding: 15px;<!-- [et_pb_line_break_holder] -->  display: flex;<!-- [et_pb_line_break_holder] -->  align-items: center;<!-- [et_pb_line_break_holder] -->  gap: 12px;<!-- [et_pb_line_break_holder] -->  transition: all 0.3s ease;<!-- [et_pb_line_break_holder] -->  text-decoration: none;<!-- [et_pb_line_break_holder] -->  color: #333;<!-- [et_pb_line_break_holder] -->  box-shadow: 0 2px 8px rgba(0,0,0,0.1);<!-- [et_pb_line_break_holder] -->}<!-- [et_pb_line_break_holder] --><!-- [et_pb_line_break_holder] -->.hakoit-links .card-a:hover {<!-- [et_pb_line_break_holder] -->  transform: translateY(-3px);<!-- [et_pb_line_break_holder] -->  box-shadow: 0 6px 16px rgba(184, 23, 74, 0.25);<!-- [et_pb_line_break_holder] -->}<!-- [et_pb_line_break_holder] --><!-- [et_pb_line_break_holder] -->.hakoit-links .card-icon-a {<!-- [et_pb_line_break_holder] -->  font-size: 28px;<!-- [et_pb_line_break_holder] -->  min-width: 45px;<!-- [et_pb_line_break_holder] -->  text-align: center;<!-- [et_pb_line_break_holder] -->}<!-- [et_pb_line_break_holder] --><!-- [et_pb_line_break_holder] -->.hakoit-links .card-content-a {<!-- [et_pb_line_break_holder] -->  flex: 1;<!-- [et_pb_line_break_holder] -->}<!-- [et_pb_line_break_holder] --><!-- [et_pb_line_break_holder] -->.hakoit-links .card-content-a strong {<!-- [et_pb_line_break_holder] -->  display: block;<!-- [et_pb_line_break_holder] -->  font-size: 15px;<!-- [et_pb_line_break_holder] -->  color: #b8174a;<!-- [et_pb_line_break_holder] -->  margin-bottom: 2px;<!-- [et_pb_line_break_holder] -->  line-height: 1.3;<!-- [et_pb_line_break_holder] -->}<!-- [et_pb_line_break_holder] --><!-- [et_pb_line_break_holder] -->.hakoit-links .card-content-a span {<!-- [et_pb_line_break_holder] -->  font-size: 12px;<!-- [et_pb_line_break_holder] -->  color: #666666;<!-- [et_pb_line_break_holder] -->  line-height: 1.3;<!-- [et_pb_line_break_holder] -->}<!-- [et_pb_line_break_holder] --><!-- [et_pb_line_break_holder] -->.hakoit-links .badge-a {<!-- [et_pb_line_break_holder] -->  background: linear-gradient(135deg, #ff6b6b, #ff5252);<!-- [et_pb_line_break_holder] -->  color: white;<!-- [et_pb_line_break_holder] -->  padding: 4px 8px;<!-- [et_pb_line_break_holder] -->  border-radius: 12px;<!-- [et_pb_line_break_holder] -->  font-size: 10px;<!-- [et_pb_line_break_holder] -->  font-weight: bold;<!-- [et_pb_line_break_holder] -->  white-space: nowrap;<!-- [et_pb_line_break_holder] -->}<!-- [et_pb_line_break_holder] --><!-- [et_pb_line_break_holder] -->.hakoit-links .ver-descuentos-a {<!-- [et_pb_line_break_holder] -->  text-align: center;<!-- [et_pb_line_break_holder] -->  margin-top: 30px;<!-- [et_pb_line_break_holder] -->}<!-- [et_pb_line_break_holder] --><!-- [et_pb_line_break_holder] -->.hakoit-links .ver-descuentos-a a {<!-- [et_pb_line_break_holder] -->  display: inline-block;<!-- [et_pb_line_break_holder] -->  background: white;<!-- [et_pb_line_break_holder] -->  color: #b8174a;<!-- [et_pb_line_break_holder] -->  padding: 12px 22px;<!-- [et_pb_line_break_holder] -->  border-radius: 10px;<!-- [et_pb_line_break_holder] -->  text-decoration: none;<!-- [et_pb_line_break_holder] -->  font-weight: bold;<!-- [et_pb_line_break_holder] -->  box-shadow: 0 3px 10px rgba(0,0,0,0.15);<!-- [et_pb_line_break_holder] -->  transition: all 0.3s ease;<!-- [et_pb_line_break_holder] -->}<!-- [et_pb_line_break_holder] --><!-- [et_pb_line_break_holder] -->.hakoit-links .ver-descuentos-a a:hover {<!-- [et_pb_line_break_holder] --><!-- [et_pb_line_break_holder] -->  transform: translateY(-2px);<!-- [et_pb_line_break_holder] -->  box-shadow: 0 4px 12px rgba(184,23,74,0.3);<!-- [et_pb_line_break_holder] -->}<!-- [et_pb_line_break_holder] --><!-- [et_pb_line_break_holder] -->\/* Optimizaci\u00f3n m\u00f3vil *\/<!-- [et_pb_line_break_holder] -->@media (max-width: 768px) {<!-- [et_pb_line_break_holder] -->  .hakoit-links .links-utiles-a {<!-- [et_pb_line_break_holder] -->    padding: 20px 15px;<!-- [et_pb_line_break_holder] -->  }<!-- [et_pb_line_break_holder] --><!-- [et_pb_line_break_holder] -->  .hakoit-links .links-utiles-a h2 {<!-- [et_pb_line_break_holder] -->    font-size: 20px;<!-- [et_pb_line_break_holder] -->    margin-bottom: 15px;<!-- [et_pb_line_break_holder] -->  }<!-- [et_pb_line_break_holder] --><!-- [et_pb_line_break_holder] -->  .hakoit-links .cards-grid-a {<!-- [et_pb_line_break_holder] -->    grid-template-columns: 1fr;<!-- [et_pb_line_break_holder] -->    gap: 10px;<!-- [et_pb_line_break_holder] -->  }<!-- [et_pb_line_break_holder] --><!-- [et_pb_line_break_holder] -->  .hakoit-links .card-a {<!-- [et_pb_line_break_holder] -->    padding: 12px;<!-- [et_pb_line_break_holder] -->  }<!-- [et_pb_line_break_holder] --><!-- [et_pb_line_break_holder] -->  .hakoit-links .card-icon-a {<!-- [et_pb_line_break_holder] -->    font-size: 24px;<!-- [et_pb_line_break_holder] -->    min-width: 40px;<!-- [et_pb_line_break_holder] -->  }<!-- [et_pb_line_break_holder] --><!-- [et_pb_line_break_holder] -->  .hakoit-links .card-content-a strong {<!-- [et_pb_line_break_holder] -->    font-size: 14px;<!-- [et_pb_line_break_holder] -->  }<!-- [et_pb_line_break_holder] --><!-- [et_pb_line_break_holder] -->  .hakoit-links .card-content-a span {<!-- [et_pb_line_break_holder] -->    font-size: 11px;<!-- [et_pb_line_break_holder] -->  }<!-- [et_pb_line_break_holder] --><!-- [et_pb_line_break_holder] -->  .hakoit-links .ver-descuentos-a a {<!-- [et_pb_line_break_holder] -->    display: block;<!-- [et_pb_line_break_holder] -->    margin: 0 auto;<!-- [et_pb_line_break_holder] -->    font-size: 16px;<!-- [et_pb_line_break_holder] -->    padding: 14px 0;<!-- [et_pb_line_break_holder] -->    width: 100%;<!-- [et_pb_line_break_holder] -->    max-width: 320px;<!-- [et_pb_line_break_holder] -->  }<!-- [et_pb_line_break_holder] -->}<!-- [et_pb_line_break_holder] --><\/style>\n[\/et_pb_code][et_pb_code _builder_version=\u00bb4.27.8&#8243; _module_preset=\u00bbdefault\u00bb hover_enabled=\u00bb0&#8243; global_colors_info=\u00bb{}\u00bb sticky_enabled=\u00bb0&#8243;]\n<div class=\"hakoit-links\"><!-- [et_pb_line_break_holder] -->  <\/p>\n<div class=\"links-utiles-a\"><!-- [et_pb_line_break_holder] -->    <\/p>\n<h2>\ud83d\udd17 Recursos y Links \u00datiles para tu viaje a Budapest en Navidad<\/h2>\n<p><!-- [et_pb_line_break_holder] -->    <\/p>\n<div class=\"cards-grid-a\"><!-- [et_pb_line_break_holder] --><!-- [et_pb_line_break_holder] -->      <a href=\"https:\/\/www.recalculandoviajes.com\/mejor-seguro-de-viaje\/\" target=\"_blank\" rel=\"noopener noreferrer\" class=\"card-a\"><!-- [et_pb_line_break_holder] -->        <\/p>\n<div class=\"card-icon-a\">\ud83d\udc68\u200d\u2695\ufe0f<\/div>\n<p><!-- [et_pb_line_break_holder] -->        <\/p>\n<div class=\"card-content-a\"><!-- [et_pb_line_break_holder] -->          <strong>Seguro de Viaje<\/strong><!-- [et_pb_line_break_holder] -->          <span>Cotiz\u00e1 y contrat\u00e1 online<\/span><!-- [et_pb_line_break_holder] -->        <\/div>\n<p><!-- [et_pb_line_break_holder] -->        <span class=\"badge-a\">-5%<\/span><!-- [et_pb_line_break_holder] -->      <\/a><!-- [et_pb_line_break_holder] --><!-- [et_pb_line_break_holder] -->      <a href=\"https:\/\/www.booking.com\/searchresults.es.html?ss=Budapest\" target=\"_blank\" rel=\"noopener noreferrer\" class=\"card-a\"><!-- [et_pb_line_break_holder] -->        <\/p>\n<div class=\"card-icon-a\">\ud83c\udfe8<\/div>\n<p><!-- [et_pb_line_break_holder] -->        <\/p>\n<div class=\"card-content-a\"><!-- [et_pb_line_break_holder] -->          <strong>Alojamiento en Budapest<\/strong><!-- [et_pb_line_break_holder] -->          <span>Mejores precios garantizados<\/span><!-- [et_pb_line_break_holder] -->        <\/div>\n<p><!-- [et_pb_line_break_holder] -->        <span class=\"badge-a\">Hasta -20%<\/span><!-- [et_pb_line_break_holder] -->      <\/a><!-- [et_pb_line_break_holder] --> \t\t\t<a href=\"https:\/\/www.civitatis.com\/es\/budapest\/traslados\/?aid=102442\" target=\"_blank\" rel=\"noopener noreferrer\" class=\"card-a\"><!-- [et_pb_line_break_holder] -->        <\/p>\n<div class=\"card-icon-a\">\ud83d\ude90<\/div>\n<p><!-- [et_pb_line_break_holder] -->        <\/p>\n<div class=\"card-content-a\"><!-- [et_pb_line_break_holder] -->          <strong>Traslado Aeropuerto-Hotel<\/strong><!-- [et_pb_line_break_holder] -->          <span>Reserv\u00e1 con anticipaci\u00f3n<\/span><!-- [et_pb_line_break_holder] -->        <\/div>\n<p><!-- [et_pb_line_break_holder] -->      <\/a><!-- [et_pb_line_break_holder] -->      <a href=\"https:\/\/www.recalculandoviajes.com\/go\/discovercars\" target=\"_blank\" rel=\"noopener noreferrer\" class=\"card-a\"><!-- [et_pb_line_break_holder] -->        <\/p>\n<div class=\"card-icon-a\">\ud83d\ude97<\/div>\n<p><!-- [et_pb_line_break_holder] -->        <\/p>\n<div class=\"card-content-a\"><!-- [et_pb_line_break_holder] -->          <strong>Alquiler de Coches<\/strong><!-- [et_pb_line_break_holder] -->          <span>Comparar y Reservar, sin sorpresas<\/span><!-- [et_pb_line_break_holder] -->        <\/div>\n<p><!-- [et_pb_line_break_holder] -->        <span class=\"badge-a\">Hasta -70%<\/span><!-- [et_pb_line_break_holder] -->      <\/a><!-- [et_pb_line_break_holder] -->      <a href=\"https:\/\/www.civitatis.com\/es\/budapest\/?aid=102442\" target=\"_blank\" rel=\"noopener noreferrer\" class=\"card-a\"><!-- [et_pb_line_break_holder] -->        <\/p>\n<div class=\"card-icon-a\">\ud83c\udfaf<\/div>\n<p><!-- [et_pb_line_break_holder] -->        <\/p>\n<div class=\"card-content-a\"><!-- [et_pb_line_break_holder] -->          <strong>Tours, Actividades y Excursiones<\/strong><!-- [et_pb_line_break_holder] -->          <span>Tours En Espa\u00f1ol<\/span><!-- [et_pb_line_break_holder] -->        <\/div>\n<p><!-- [et_pb_line_break_holder] -->      <\/a><!-- [et_pb_line_break_holder] --><!-- [et_pb_line_break_holder] -->      <a href=\"https:\/\/recalculandoviajes.com\/holafly-off\" target=\"_blank\" rel=\"noopener noreferrer\" class=\"card-a\"><!-- [et_pb_line_break_holder] -->        <\/p>\n<div class=\"card-icon-a\">\ud83d\udcf1<\/div>\n<p><!-- [et_pb_line_break_holder] -->        <\/p>\n<div class=\"card-content-a\"><!-- [et_pb_line_break_holder] -->          <strong>eSIM con Datos<\/strong><!-- [et_pb_line_break_holder] -->          <span>Internet ilimitado en Hungr\u00eda<\/span><!-- [et_pb_line_break_holder] -->        <\/div>\n<p><!-- [et_pb_line_break_holder] -->        <span class=\"badge-a\">-5%<\/span><!-- [et_pb_line_break_holder] -->      <\/a><!-- [et_pb_line_break_holder] --><!-- [et_pb_line_break_holder] -->      <a href=\"https:\/\/recalculandoviajes.com\/omio-off\" target=\"_blank\" rel=\"noopener noreferrer\" class=\"card-a\"><!-- [et_pb_line_break_holder] -->        <\/p>\n<div class=\"card-icon-a\">\ud83d\ude86<\/div>\n<p><!-- [et_pb_line_break_holder] -->        <\/p>\n<div class=\"card-content-a\"><!-- [et_pb_line_break_holder] -->          <strong>Transporte<\/strong><!-- [et_pb_line_break_holder] -->          <span>Trenes, buses y vuelos baratos<\/span><!-- [et_pb_line_break_holder] -->        <\/div>\n<p><!-- [et_pb_line_break_holder] -->                <span class=\"badge-a\">-\u20ac10<\/span><!-- [et_pb_line_break_holder] -->      <\/a><!-- [et_pb_line_break_holder] --><!-- [et_pb_line_break_holder] -->      <a href=\"https:\/\/recalculandoviajes.com\/hungria\" target=\"_blank\" class=\"card-a\"><!-- [et_pb_line_break_holder] -->        <\/p>\n<div class=\"card-icon-a\">\u2708\ufe0f<\/div>\n<p><!-- [et_pb_line_break_holder] -->        <\/p>\n<div class=\"card-content-a\"><!-- [et_pb_line_break_holder] -->          <strong>Gu\u00eda completa de Hungr\u00eda<\/strong><!-- [et_pb_line_break_holder] -->          <span>Todo lo que necesit\u00e1s saber<\/span><!-- [et_pb_line_break_holder] -->        <\/div>\n<p><!-- [et_pb_line_break_holder] -->      <\/a><!-- [et_pb_line_break_holder] -->    <\/div>\n<p><!-- [et_pb_line_break_holder] -->    <\/p>\n<div class=\"ver-descuentos-a\"><!-- [et_pb_line_break_holder] -->      <a href=\"https:\/\/recalculandoviajes.com\/descuentos\" target=\"_blank\" rel=\"noopener noreferrer\"><!-- [et_pb_line_break_holder] -->        \ud83d\udc49 <strong>Todos los Descuentos \u2b50\ufe0f<\/strong><!-- [et_pb_line_break_holder] -->      <\/a><!-- [et_pb_line_break_holder] -->    <\/div>\n<p>    <!-- [et_pb_line_break_holder] -->  <\/div>\n<p><!-- [et_pb_line_break_holder] --><\/div>\n<p><!-- [et_pb_line_break_holder] -->[\/et_pb_code][et_pb_text _builder_version=\u00bb4.27.8&#8243; _module_preset=\u00bbdefault\u00bb global_colors_info=\u00bb{}\u00bb]\n<blockquote>\n<p>\u00bfTen\u00e9s dudas o quer\u00e9s sumar tus propias recomendaciones sobre <strong>qu\u00e9 ver en Budapest en Navidad<\/strong>?<br \/>\ud83d\udcac Dej\u00e1 tu comentario o <a href=\"https:\/\/recalculandoviajes.com\/contacto\/\" target=\"_blank\" rel=\"noopener\">escribinos<\/a>, nos encanta leer las experiencias de otros viajeros.<br \/>\u00a1Muchas Gracias por ser parte de esta aventura!<\/p>\n<p>\u2014\u00a0<strong>Nanu &amp; Facu \ud83c\udf0e | Recalculando Viajes \ud83d\udc9c<\/strong><\/p>\n<\/blockquote>\n[\/et_pb_text][\/et_pb_column][\/et_pb_row][\/et_pb_section]\n<div class=\"lsuzf6a9da73c4e68d\" ><br\/>\n<div class=\"rpbt_shortcode\">\n<h3>Tambi\u00e9n podr\u00eda interesarte:<\/h3>\n<style type=\"text\/css\">\n\t\t\t#rpbt-related-gallery-1 {\n\t\t\t\tmargin: auto;\n\t\t\t}\n\t\t\t#rpbt-related-gallery-1 .gallery-item {\n\t\t\t\tfloat: left;\n\t\t\t\tmargin-top: 10px;\n\t\t\t\ttext-align: center;\n\t\t\t\twidth: 33%;\n\t\t\t}\n\t\t\t#rpbt-related-gallery-1 img {\n\t\t\t\tborder: 2px solid #cfcfcf;\n\t\t\t}\n\t\t\t#rpbt-related-gallery-1 .gallery-caption {\n\t\t\t\tmargin-left: 0;\n\t\t\t}\n\t\t\t\/* see gallery_shortcode() in wp-includes\/media.php *\/\n\t\t<\/style>\n\t\t<div id='rpbt-related-gallery-1' class='gallery related-gallery related-galleryid-23486 gallery-columns-3 gallery-size-large'><dl class='gallery-item' role='figure' aria-label='M\u00e1laga en Navidad: 20 lugares imprescindibles que ver (con mapa)'>\n\t\t\t<dt class='gallery-icon landscape'>\n\t\t\t\t<a href='https:\/\/www.recalculandoviajes.com\/malaga-en-navidad\/'><img width=\"1080\" height=\"675\" src=\"https:\/\/www.recalculandoviajes.com\/wp-content\/uploads\/2026\/08\/malaga-en-navidad.webp\" class=\"attachment-large size-large\" alt=\"malaga en navidad\" aria-describedby=\"rpbt-related-gallery-1-22905\" srcset=\"https:\/\/www.recalculandoviajes.com\/wp-content\/uploads\/2026\/08\/malaga-en-navidad.webp 1080w, https:\/\/www.recalculandoviajes.com\/wp-content\/uploads\/2026\/08\/malaga-en-navidad-980x613.webp 980w, https:\/\/www.recalculandoviajes.com\/wp-content\/uploads\/2026\/08\/malaga-en-navidad-480x300.webp 480w\" sizes=\"(min-width: 0px) and (max-width: 480px) 480px, (min-width: 481px) and (max-width: 980px) 980px, (min-width: 981px) 1080px, 100vw\" \/><\/a>\n\t\t\t<\/dt>\n\t\t\t\t<dd class='wp-caption-text gallery-caption' id='rpbt-related-gallery-1-22905'>\n\t\t\t\t<a href=\"https:\/\/www.recalculandoviajes.com\/malaga-en-navidad\/\">M\u00e1laga en Navidad: 20 lugares imprescindibles que ver (con mapa)<\/a>\n\t\t\t\t<\/dd><\/dl><dl class='gallery-item' role='figure' aria-label='Descuento IATI 15% \u2013 IATI Travel Days 2026 (del 13 al 19 de julio)'>\n\t\t\t<dt class='gallery-icon landscape'>\n\t\t\t\t<a href='https:\/\/www.recalculandoviajes.com\/iati-seguros-descuento-15\/'><img width=\"1080\" height=\"675\" src=\"https:\/\/www.recalculandoviajes.com\/wp-content\/uploads\/2026\/06\/descuento-iati-15-travel-days.jpg\" class=\"attachment-large size-large\" alt=\"descuento iati 15\" aria-describedby=\"rpbt-related-gallery-1-13369\" srcset=\"https:\/\/www.recalculandoviajes.com\/wp-content\/uploads\/2026\/06\/descuento-iati-15-travel-days.jpg 1080w, https:\/\/www.recalculandoviajes.com\/wp-content\/uploads\/2026\/06\/descuento-iati-15-travel-days-980x613.jpg 980w, https:\/\/www.recalculandoviajes.com\/wp-content\/uploads\/2026\/06\/descuento-iati-15-travel-days-480x300.jpg 480w\" sizes=\"(min-width: 0px) and (max-width: 480px) 480px, (min-width: 481px) and (max-width: 980px) 980px, (min-width: 981px) 1080px, 100vw\" \/><\/a>\n\t\t\t<\/dt>\n\t\t\t\t<dd class='wp-caption-text gallery-caption' id='rpbt-related-gallery-1-13369'>\n\t\t\t\t<a href=\"https:\/\/www.recalculandoviajes.com\/iati-seguros-descuento-15\/\">Descuento IATI 15% \u2013 IATI Travel Days 2026 (del 13 al 19 de julio)<\/a>\n\t\t\t\t<\/dd><\/dl><dl class='gallery-item' role='figure' aria-label='Qu\u00e9 ver en Dubl\u00edn en Navidad: Gu\u00eda 2026 con 18 Experiencias M\u00e1gicas'>\n\t\t\t<dt class='gallery-icon landscape'>\n\t\t\t\t<a href='https:\/\/www.recalculandoviajes.com\/que-ver-en-dublin-en-navidad\/'><img width=\"1080\" height=\"675\" src=\"https:\/\/www.recalculandoviajes.com\/wp-content\/uploads\/2025\/12\/que-ver-en-dublin-en-navidad.jpg\" class=\"attachment-large size-large\" alt=\"que ver en dublin en navidad\" aria-describedby=\"rpbt-related-gallery-1-11183\" srcset=\"https:\/\/www.recalculandoviajes.com\/wp-content\/uploads\/2025\/12\/que-ver-en-dublin-en-navidad.jpg 1080w, https:\/\/www.recalculandoviajes.com\/wp-content\/uploads\/2025\/12\/que-ver-en-dublin-en-navidad-980x613.jpg 980w, https:\/\/www.recalculandoviajes.com\/wp-content\/uploads\/2025\/12\/que-ver-en-dublin-en-navidad-480x300.jpg 480w\" sizes=\"(min-width: 0px) and (max-width: 480px) 480px, (min-width: 481px) and (max-width: 980px) 980px, (min-width: 981px) 1080px, 100vw\" \/><\/a>\n\t\t\t<\/dt>\n\t\t\t\t<dd class='wp-caption-text gallery-caption' id='rpbt-related-gallery-1-11183'>\n\t\t\t\t<a href=\"https:\/\/www.recalculandoviajes.com\/que-ver-en-dublin-en-navidad\/\">Qu\u00e9 ver en Dubl\u00edn en Navidad: Gu\u00eda 2026 con 18 Experiencias M\u00e1gicas<\/a>\n\t\t\t\t<\/dd><\/dl><br style=\"clear: both\" \/>\n\t\t<\/div>\n<\/div><\/div><style type=\"text\/css\">\r\n@media screen and (min-width: 1201px) {\r\n.lsuzf6a9da73c4e68d {\r\ndisplay: block;\r\n}\r\n}\r\n@media screen and (min-width: 993px) and (max-width: 1200px) {\r\n.lsuzf6a9da73c4e68d {\r\ndisplay: block;\r\n}\r\n}\r\n@media screen and (min-width: 769px) and (max-width: 992px) {\r\n.lsuzf6a9da73c4e68d {\r\ndisplay: block;\r\n}\r\n}\r\n@media screen and (min-width: 768px) and (max-width: 768px) {\r\n.lsuzf6a9da73c4e68d {\r\ndisplay: block;\r\n}\r\n}\r\n@media screen and (max-width: 767px) {\r\n.lsuzf6a9da73c4e68d {\r\ndisplay: block;\r\n}\r\n}\r\n<\/style>\r\n","protected":false},"excerpt":{"rendered":"<p>La Navidad en Budapest es de esas cosas que uno tiene anotadas hace a\u00f1os y, cuando por fin las vive, entiende el porqu\u00e9 de tanto ruido. En esta gu\u00eda te dejamos los 22 cosas que ver y hacer en Budapest en Navidad que valen la pena de verdad. Con fechas, precios actualizados, un mapa con [&hellip;]<\/p>\n","protected":false},"author":2,"featured_media":23546,"comment_status":"closed","ping_status":"open","sticky":false,"template":"","format":"standard","meta":{"_et_pb_use_builder":"on","_et_pb_old_content":"","_et_gb_content_width":"","footnotes":""},"categories":[3,24,156,297],"tags":[],"class_list":["post-23486","post","type-post","status-publish","format-standard","has-post-thumbnail","hentry","category-blog","category-europa","category-hungria","category-navidad"],"yoast_head":"<!-- This site is optimized with the Yoast SEO plugin v28.4 - https:\/\/yoast.com\/product\/yoast-seo-wordpress\/ -->\n<title>Budapest en Navidad: 22 lugares imprescindibles (con mapa) - Recalculando Viajes<\/title>\n<meta name=\"description\" content=\"Budapest en Navidad: gu\u00eda con los 22 mejores mercados y planes, con fechas, precios 2026, mapa, itinerario, d\u00f3nde dormir, c\u00f3mo llegar y m\u00e1s\" \/>\n<meta name=\"robots\" content=\"index, follow, max-snippet:-1, max-image-preview:large, max-video-preview:-1\" \/>\n<link rel=\"canonical\" href=\"https:\/\/www.recalculandoviajes.com\/budapest-en-navidad\/\" \/>\n<meta property=\"og:locale\" content=\"es_ES\" \/>\n<meta property=\"og:type\" content=\"article\" \/>\n<meta property=\"og:title\" content=\"Budapest en Navidad: 22 lugares imprescindibles (con mapa) - Recalculando Viajes\" \/>\n<meta property=\"og:description\" content=\"Budapest en Navidad: gu\u00eda con los 22 mejores mercados y planes, con fechas, precios 2026, mapa, itinerario, d\u00f3nde dormir, c\u00f3mo llegar y m\u00e1s\" \/>\n<meta property=\"og:url\" content=\"https:\/\/www.recalculandoviajes.com\/budapest-en-navidad\/\" \/>\n<meta property=\"og:site_name\" content=\"Recalculando Viajes\" \/>\n<meta property=\"article:publisher\" content=\"https:\/\/www.facebook.com\/recalculandov\/\" \/>\n<meta property=\"article:published_time\" content=\"2026-09-06T10:00:08+00:00\" \/>\n<meta property=\"article:modified_time\" content=\"2026-09-06T12:03:20+00:00\" \/>\n<meta property=\"og:image\" content=\"https:\/\/www.recalculandoviajes.com\/wp-content\/uploads\/2026\/09\/budapest-en-navidad.webp\" \/>\n\t<meta property=\"og:image:width\" content=\"1080\" \/>\n\t<meta property=\"og:image:height\" content=\"675\" \/>\n\t<meta property=\"og:image:type\" content=\"image\/webp\" \/>\n<meta name=\"author\" content=\"Recalculando\" \/>\n<meta name=\"twitter:card\" content=\"summary_large_image\" \/>\n<meta name=\"twitter:label1\" content=\"Escrito por\" \/>\n\t<meta name=\"twitter:data1\" content=\"Recalculando\" \/>\n\t<meta name=\"twitter:label2\" content=\"Tiempo de lectura\" \/>\n\t<meta name=\"twitter:data2\" content=\"37 minutos\" \/>\n<script type=\"application\/ld+json\" class=\"yoast-schema-graph\">{\"@context\":\"https:\\\/\\\/schema.org\",\"@graph\":[{\"@type\":\"Article\",\"@id\":\"https:\\\/\\\/www.recalculandoviajes.com\\\/budapest-en-navidad\\\/#article\",\"isPartOf\":{\"@id\":\"https:\\\/\\\/www.recalculandoviajes.com\\\/budapest-en-navidad\\\/\"},\"author\":{\"name\":\"Recalculando\",\"@id\":\"https:\\\/\\\/www.recalculandoviajes.com\\\/#\\\/schema\\\/person\\\/45c0b1c25ad93f6f5e6a9a87bd3c39f4\"},\"headline\":\"Budapest en Navidad: 22 lugares imprescindibles (con mapa)\",\"datePublished\":\"2026-09-06T10:00:08+00:00\",\"dateModified\":\"2026-09-06T12:03:20+00:00\",\"mainEntityOfPage\":{\"@id\":\"https:\\\/\\\/www.recalculandoviajes.com\\\/budapest-en-navidad\\\/\"},\"wordCount\":10750,\"publisher\":{\"@id\":\"https:\\\/\\\/www.recalculandoviajes.com\\\/#organization\"},\"image\":{\"@id\":\"https:\\\/\\\/www.recalculandoviajes.com\\\/budapest-en-navidad\\\/#primaryimage\"},\"thumbnailUrl\":\"https:\\\/\\\/www.recalculandoviajes.com\\\/wp-content\\\/uploads\\\/2026\\\/09\\\/budapest-en-navidad.webp\",\"articleSection\":[\"Blog\",\"Europa\",\"Hungr\u00eda\",\"Navidad\"],\"inLanguage\":\"es\"},{\"@type\":\"WebPage\",\"@id\":\"https:\\\/\\\/www.recalculandoviajes.com\\\/budapest-en-navidad\\\/\",\"url\":\"https:\\\/\\\/www.recalculandoviajes.com\\\/budapest-en-navidad\\\/\",\"name\":\"Budapest en Navidad: 22 lugares imprescindibles (con mapa) - Recalculando Viajes\",\"isPartOf\":{\"@id\":\"https:\\\/\\\/www.recalculandoviajes.com\\\/#website\"},\"primaryImageOfPage\":{\"@id\":\"https:\\\/\\\/www.recalculandoviajes.com\\\/budapest-en-navidad\\\/#primaryimage\"},\"image\":{\"@id\":\"https:\\\/\\\/www.recalculandoviajes.com\\\/budapest-en-navidad\\\/#primaryimage\"},\"thumbnailUrl\":\"https:\\\/\\\/www.recalculandoviajes.com\\\/wp-content\\\/uploads\\\/2026\\\/09\\\/budapest-en-navidad.webp\",\"datePublished\":\"2026-09-06T10:00:08+00:00\",\"dateModified\":\"2026-09-06T12:03:20+00:00\",\"description\":\"Budapest en Navidad: gu\u00eda con los 22 mejores mercados y planes, con fechas, precios 2026, mapa, itinerario, d\u00f3nde dormir, c\u00f3mo llegar y m\u00e1s\",\"breadcrumb\":{\"@id\":\"https:\\\/\\\/www.recalculandoviajes.com\\\/budapest-en-navidad\\\/#breadcrumb\"},\"inLanguage\":\"es\",\"potentialAction\":[{\"@type\":\"ReadAction\",\"target\":[\"https:\\\/\\\/www.recalculandoviajes.com\\\/budapest-en-navidad\\\/\"]}]},{\"@type\":\"ImageObject\",\"inLanguage\":\"es\",\"@id\":\"https:\\\/\\\/www.recalculandoviajes.com\\\/budapest-en-navidad\\\/#primaryimage\",\"url\":\"https:\\\/\\\/www.recalculandoviajes.com\\\/wp-content\\\/uploads\\\/2026\\\/09\\\/budapest-en-navidad.webp\",\"contentUrl\":\"https:\\\/\\\/www.recalculandoviajes.com\\\/wp-content\\\/uploads\\\/2026\\\/09\\\/budapest-en-navidad.webp\",\"width\":1080,\"height\":675,\"caption\":\"budapest en navidad\"},{\"@type\":\"BreadcrumbList\",\"@id\":\"https:\\\/\\\/www.recalculandoviajes.com\\\/budapest-en-navidad\\\/#breadcrumb\",\"itemListElement\":[{\"@type\":\"ListItem\",\"position\":1,\"name\":\"Home\",\"item\":\"https:\\\/\\\/www.recalculandoviajes.com\\\/\"},{\"@type\":\"ListItem\",\"position\":2,\"name\":\"Europa\",\"item\":\"https:\\\/\\\/www.recalculandoviajes.com\\\/category\\\/europa\\\/\"},{\"@type\":\"ListItem\",\"position\":3,\"name\":\"Hungr\u00eda\",\"item\":\"https:\\\/\\\/www.recalculandoviajes.com\\\/category\\\/europa\\\/hungria\\\/\"},{\"@type\":\"ListItem\",\"position\":4,\"name\":\"Budapest en Navidad: 22 lugares imprescindibles (con mapa)\"}]},{\"@type\":\"WebSite\",\"@id\":\"https:\\\/\\\/www.recalculandoviajes.com\\\/#website\",\"url\":\"https:\\\/\\\/www.recalculandoviajes.com\\\/\",\"name\":\"Recalculando viajes\",\"description\":\"Compartimos nuestra gran aventura de Vivir viajando\",\"publisher\":{\"@id\":\"https:\\\/\\\/www.recalculandoviajes.com\\\/#organization\"},\"potentialAction\":[{\"@type\":\"SearchAction\",\"target\":{\"@type\":\"EntryPoint\",\"urlTemplate\":\"https:\\\/\\\/www.recalculandoviajes.com\\\/?s={search_term_string}\"},\"query-input\":{\"@type\":\"PropertyValueSpecification\",\"valueRequired\":true,\"valueName\":\"search_term_string\"}}],\"inLanguage\":\"es\"},{\"@type\":\"Organization\",\"@id\":\"https:\\\/\\\/www.recalculandoviajes.com\\\/#organization\",\"name\":\"Recalculando Viajes\",\"url\":\"https:\\\/\\\/www.recalculandoviajes.com\\\/\",\"logo\":{\"@type\":\"ImageObject\",\"inLanguage\":\"es\",\"@id\":\"https:\\\/\\\/www.recalculandoviajes.com\\\/#\\\/schema\\\/logo\\\/image\\\/\",\"url\":\"https:\\\/\\\/www.recalculandoviajes.com\\\/wp-content\\\/uploads\\\/2018\\\/07\\\/RecalculandoLogo-1.png\",\"contentUrl\":\"https:\\\/\\\/www.recalculandoviajes.com\\\/wp-content\\\/uploads\\\/2018\\\/07\\\/RecalculandoLogo-1.png\",\"width\":581,\"height\":591,\"caption\":\"Recalculando Viajes\"},\"image\":{\"@id\":\"https:\\\/\\\/www.recalculandoviajes.com\\\/#\\\/schema\\\/logo\\\/image\\\/\"},\"sameAs\":[\"https:\\\/\\\/www.facebook.com\\\/recalculandov\\\/\",\"https:\\\/\\\/instagram.com\\\/recalculandoviajes\",\"https:\\\/\\\/www.pinterest.com\\\/recalculandoviajes\\\/\",\"https:\\\/\\\/www.youtube.com\\\/channel\\\/UCl9mlzCiqE_YLnQkoL9tzqA\"]},{\"@type\":\"Person\",\"@id\":\"https:\\\/\\\/www.recalculandoviajes.com\\\/#\\\/schema\\\/person\\\/45c0b1c25ad93f6f5e6a9a87bd3c39f4\",\"name\":\"Recalculando\",\"image\":{\"@type\":\"ImageObject\",\"inLanguage\":\"es\",\"@id\":\"https:\\\/\\\/secure.gravatar.com\\\/avatar\\\/58d2e33768366ade0cef2e2c7a9373a6fac4865a9ac09e8feef3ba56ceddb9b0?s=96&d=mm&r=g\",\"url\":\"https:\\\/\\\/secure.gravatar.com\\\/avatar\\\/58d2e33768366ade0cef2e2c7a9373a6fac4865a9ac09e8feef3ba56ceddb9b0?s=96&d=mm&r=g\",\"contentUrl\":\"https:\\\/\\\/secure.gravatar.com\\\/avatar\\\/58d2e33768366ade0cef2e2c7a9373a6fac4865a9ac09e8feef3ba56ceddb9b0?s=96&d=mm&r=g\",\"caption\":\"Recalculando\"}}]}<\/script>\n<!-- \/ Yoast SEO plugin. -->","yoast_head_json":{"title":"Budapest en Navidad: 22 lugares imprescindibles (con mapa) - Recalculando Viajes","description":"Budapest en Navidad: gu\u00eda con los 22 mejores mercados y planes, con fechas, precios 2026, mapa, itinerario, d\u00f3nde dormir, c\u00f3mo llegar y m\u00e1s","robots":{"index":"index","follow":"follow","max-snippet":"max-snippet:-1","max-image-preview":"max-image-preview:large","max-video-preview":"max-video-preview:-1"},"canonical":"https:\/\/www.recalculandoviajes.com\/budapest-en-navidad\/","og_locale":"es_ES","og_type":"article","og_title":"Budapest en Navidad: 22 lugares imprescindibles (con mapa) - Recalculando Viajes","og_description":"Budapest en Navidad: gu\u00eda con los 22 mejores mercados y planes, con fechas, precios 2026, mapa, itinerario, d\u00f3nde dormir, c\u00f3mo llegar y m\u00e1s","og_url":"https:\/\/www.recalculandoviajes.com\/budapest-en-navidad\/","og_site_name":"Recalculando Viajes","article_publisher":"https:\/\/www.facebook.com\/recalculandov\/","article_published_time":"2026-09-06T10:00:08+00:00","article_modified_time":"2026-09-06T12:03:20+00:00","og_image":[{"width":1080,"height":675,"url":"https:\/\/www.recalculandoviajes.com\/wp-content\/uploads\/2026\/09\/budapest-en-navidad.webp","type":"image\/webp"}],"author":"Recalculando","twitter_card":"summary_large_image","twitter_misc":{"Escrito por":"Recalculando","Tiempo de lectura":"37 minutos"},"schema":{"@context":"https:\/\/schema.org","@graph":[{"@type":"Article","@id":"https:\/\/www.recalculandoviajes.com\/budapest-en-navidad\/#article","isPartOf":{"@id":"https:\/\/www.recalculandoviajes.com\/budapest-en-navidad\/"},"author":{"name":"Recalculando","@id":"https:\/\/www.recalculandoviajes.com\/#\/schema\/person\/45c0b1c25ad93f6f5e6a9a87bd3c39f4"},"headline":"Budapest en Navidad: 22 lugares imprescindibles (con mapa)","datePublished":"2026-09-06T10:00:08+00:00","dateModified":"2026-09-06T12:03:20+00:00","mainEntityOfPage":{"@id":"https:\/\/www.recalculandoviajes.com\/budapest-en-navidad\/"},"wordCount":10750,"publisher":{"@id":"https:\/\/www.recalculandoviajes.com\/#organization"},"image":{"@id":"https:\/\/www.recalculandoviajes.com\/budapest-en-navidad\/#primaryimage"},"thumbnailUrl":"https:\/\/www.recalculandoviajes.com\/wp-content\/uploads\/2026\/09\/budapest-en-navidad.webp","articleSection":["Blog","Europa","Hungr\u00eda","Navidad"],"inLanguage":"es"},{"@type":"WebPage","@id":"https:\/\/www.recalculandoviajes.com\/budapest-en-navidad\/","url":"https:\/\/www.recalculandoviajes.com\/budapest-en-navidad\/","name":"Budapest en Navidad: 22 lugares imprescindibles (con mapa) - Recalculando Viajes","isPartOf":{"@id":"https:\/\/www.recalculandoviajes.com\/#website"},"primaryImageOfPage":{"@id":"https:\/\/www.recalculandoviajes.com\/budapest-en-navidad\/#primaryimage"},"image":{"@id":"https:\/\/www.recalculandoviajes.com\/budapest-en-navidad\/#primaryimage"},"thumbnailUrl":"https:\/\/www.recalculandoviajes.com\/wp-content\/uploads\/2026\/09\/budapest-en-navidad.webp","datePublished":"2026-09-06T10:00:08+00:00","dateModified":"2026-09-06T12:03:20+00:00","description":"Budapest en Navidad: gu\u00eda con los 22 mejores mercados y planes, con fechas, precios 2026, mapa, itinerario, d\u00f3nde dormir, c\u00f3mo llegar y m\u00e1s","breadcrumb":{"@id":"https:\/\/www.recalculandoviajes.com\/budapest-en-navidad\/#breadcrumb"},"inLanguage":"es","potentialAction":[{"@type":"ReadAction","target":["https:\/\/www.recalculandoviajes.com\/budapest-en-navidad\/"]}]},{"@type":"ImageObject","inLanguage":"es","@id":"https:\/\/www.recalculandoviajes.com\/budapest-en-navidad\/#primaryimage","url":"https:\/\/www.recalculandoviajes.com\/wp-content\/uploads\/2026\/09\/budapest-en-navidad.webp","contentUrl":"https:\/\/www.recalculandoviajes.com\/wp-content\/uploads\/2026\/09\/budapest-en-navidad.webp","width":1080,"height":675,"caption":"budapest en navidad"},{"@type":"BreadcrumbList","@id":"https:\/\/www.recalculandoviajes.com\/budapest-en-navidad\/#breadcrumb","itemListElement":[{"@type":"ListItem","position":1,"name":"Home","item":"https:\/\/www.recalculandoviajes.com\/"},{"@type":"ListItem","position":2,"name":"Europa","item":"https:\/\/www.recalculandoviajes.com\/category\/europa\/"},{"@type":"ListItem","position":3,"name":"Hungr\u00eda","item":"https:\/\/www.recalculandoviajes.com\/category\/europa\/hungria\/"},{"@type":"ListItem","position":4,"name":"Budapest en Navidad: 22 lugares imprescindibles (con mapa)"}]},{"@type":"WebSite","@id":"https:\/\/www.recalculandoviajes.com\/#website","url":"https:\/\/www.recalculandoviajes.com\/","name":"Recalculando viajes","description":"Compartimos nuestra gran aventura de Vivir viajando","publisher":{"@id":"https:\/\/www.recalculandoviajes.com\/#organization"},"potentialAction":[{"@type":"SearchAction","target":{"@type":"EntryPoint","urlTemplate":"https:\/\/www.recalculandoviajes.com\/?s={search_term_string}"},"query-input":{"@type":"PropertyValueSpecification","valueRequired":true,"valueName":"search_term_string"}}],"inLanguage":"es"},{"@type":"Organization","@id":"https:\/\/www.recalculandoviajes.com\/#organization","name":"Recalculando Viajes","url":"https:\/\/www.recalculandoviajes.com\/","logo":{"@type":"ImageObject","inLanguage":"es","@id":"https:\/\/www.recalculandoviajes.com\/#\/schema\/logo\/image\/","url":"https:\/\/www.recalculandoviajes.com\/wp-content\/uploads\/2018\/07\/RecalculandoLogo-1.png","contentUrl":"https:\/\/www.recalculandoviajes.com\/wp-content\/uploads\/2018\/07\/RecalculandoLogo-1.png","width":581,"height":591,"caption":"Recalculando Viajes"},"image":{"@id":"https:\/\/www.recalculandoviajes.com\/#\/schema\/logo\/image\/"},"sameAs":["https:\/\/www.facebook.com\/recalculandov\/","https:\/\/instagram.com\/recalculandoviajes","https:\/\/www.pinterest.com\/recalculandoviajes\/","https:\/\/www.youtube.com\/channel\/UCl9mlzCiqE_YLnQkoL9tzqA"]},{"@type":"Person","@id":"https:\/\/www.recalculandoviajes.com\/#\/schema\/person\/45c0b1c25ad93f6f5e6a9a87bd3c39f4","name":"Recalculando","image":{"@type":"ImageObject","inLanguage":"es","@id":"https:\/\/secure.gravatar.com\/avatar\/58d2e33768366ade0cef2e2c7a9373a6fac4865a9ac09e8feef3ba56ceddb9b0?s=96&d=mm&r=g","url":"https:\/\/secure.gravatar.com\/avatar\/58d2e33768366ade0cef2e2c7a9373a6fac4865a9ac09e8feef3ba56ceddb9b0?s=96&d=mm&r=g","contentUrl":"https:\/\/secure.gravatar.com\/avatar\/58d2e33768366ade0cef2e2c7a9373a6fac4865a9ac09e8feef3ba56ceddb9b0?s=96&d=mm&r=g","caption":"Recalculando"}}]}},"_links":{"self":[{"href":"https:\/\/www.recalculandoviajes.com\/recalculando-api\/wp\/v2\/posts\/23486","targetHints":{"allow":["GET"]}}],"collection":[{"href":"https:\/\/www.recalculandoviajes.com\/recalculando-api\/wp\/v2\/posts"}],"about":[{"href":"https:\/\/www.recalculandoviajes.com\/recalculando-api\/wp\/v2\/types\/post"}],"author":[{"embeddable":true,"href":"https:\/\/www.recalculandoviajes.com\/recalculando-api\/wp\/v2\/users\/2"}],"replies":[{"embeddable":true,"href":"https:\/\/www.recalculandoviajes.com\/recalculando-api\/wp\/v2\/comments?post=23486"}],"version-history":[{"count":26,"href":"https:\/\/www.recalculandoviajes.com\/recalculando-api\/wp\/v2\/posts\/23486\/revisions"}],"predecessor-version":[{"id":23552,"href":"https:\/\/www.recalculandoviajes.com\/recalculando-api\/wp\/v2\/posts\/23486\/revisions\/23552"}],"wp:featuredmedia":[{"embeddable":true,"href":"https:\/\/www.recalculandoviajes.com\/recalculando-api\/wp\/v2\/media\/23546"}],"wp:attachment":[{"href":"https:\/\/www.recalculandoviajes.com\/recalculando-api\/wp\/v2\/media?parent=23486"}],"wp:term":[{"taxonomy":"category","embeddable":true,"href":"https:\/\/www.recalculandoviajes.com\/recalculando-api\/wp\/v2\/categories?post=23486"},{"taxonomy":"post_tag","embeddable":true,"href":"https:\/\/www.recalculandoviajes.com\/recalculando-api\/wp\/v2\/tags?post=23486"}],"curies":[{"name":"wp","href":"https:\/\/api.w.org\/{rel}","templated":true}]}}