{"id":22905,"date":"2026-08-31T09:20:10","date_gmt":"2026-08-31T07:20:10","guid":{"rendered":"https:\/\/www.recalculandoviajes.com\/malaga-en-navidad\/"},"modified":"2026-08-30T23:11:23","modified_gmt":"2026-08-30T21:11:23","slug":"malaga-en-navidad","status":"publish","type":"post","link":"https:\/\/www.recalculandoviajes.com\/malaga-en-navidad\/","title":{"rendered":"M\u00e1laga en Navidad: 20 lugares imprescindibles que ver (con mapa)"},"content":{"rendered":"[et_pb_section fb_built=\u00bb1&#8243; _builder_version=\u00bb4.24.0&#8243; _module_preset=\u00bbdefault\u00bb global_colors_info=\u00bb{}\u00bb][et_pb_row _builder_version=\u00bb4.24.0&#8243; _module_preset=\u00bbdefault\u00bb global_colors_info=\u00bb{}\u00bb][et_pb_column type=\u00bb4_4&#8243; _builder_version=\u00bb4.24.0&#8243; _module_preset=\u00bbdefault\u00bb global_colors_info=\u00bb{}\u00bb][et_pb_text _builder_version=\u00bb4.27.8&#8243; _module_preset=\u00bbdefault\u00bb global_colors_info=\u00bb{}\u00bb]\n<p>M\u00e1laga en Navidad es, probablemente, la ciudad m\u00e1s iluminada de Espa\u00f1a entre finales de noviembre y el 6 de enero. Nosotros nos quedamos diez noches a fines de noviembre y llegamos justo para el encendido, as\u00ed que te contamos desde nuestra experiencia qu\u00e9 ver, qu\u00e9 esquivar y c\u00f3mo organizarte. En esta gu\u00eda vas a encontrar los 20 lugares imprescindibles en navidad, un mapa con todo marcado, d\u00f3nde dormir y c\u00f3mo llegar.<\/p>\n[\/et_pb_text][et_pb_text _builder_version=\u00bb4.27.6&#8243; _module_preset=\u00bbdefault\u00bb locked=\u00bboff\u00bb global_colors_info=\u00bb{}\u00bb]<span style=\"background: #e8f5ee; color: #1a6e3c; font-size: 12px; font-weight: 600; padding: 2px 8px; border-radius: 4px; margin-right: 6px;\">GRATIS<\/span><a href=\"https:\/\/www.civitatis.com\/es\/malaga\/free-tour-malaga\/?aid=102442\" target=\"_blank\" rel=\"nofollow noopener\" style=\"font-weight: 600;\">\ud83d\udeb6\u200d\u2640\ufe0f\u200d\u27a1\ufe0fFree tour en M\u00e1laga con gu\u00eda en Espa\u00f1ol \u279c Clic Aqu\u00ed\ud83d\udeb6<\/a> \u2014 sin costo, solo la propina que quieras dejar.[\/et_pb_text][et_pb_text admin_label=\u00bbads IATI primeros parrafos (2026) &#8211; ESP\u00bb _builder_version=\u00bb4.27.8&#8243; _module_preset=\u00bbdefault\u00bb global_module=\u00bb15710&#8243; saved_tabs=\u00bball\u00bb locked=\u00bboff\u00bb global_colors_info=\u00bb{}\u00bb]\n<div style=\"text-align: center; backdrop-filter: blur(10px); background: linear-gradient(135deg, #ff6a6a, #ff884d); border-radius: 15px; padding: 20px 30px; box-shadow: 0 8px 32px rgba(0, 0, 0, 0.2); border: 1px solid rgba(255, 255, 255, 0.18); color: #fff; max-width: 600px; margin: 50px auto;\">\n<h2 style=\"font-size: 2rem; font-weight: bold; margin-bottom: 10px; color: #ffffff !important; text-shadow: 0 2px 5px rgba(0, 0, 0, 0.4);\">\ud83c\udf0d Seguro de Viaje: Descuento de 5% en IATI Seguros! \ud83c\udf1f<\/h2>\n<p style=\"font-size: 1rem; margin-bottom: 20px; line-height: 1.5;\">Aprovecha esta oferta y viaja seguro.<\/p>\n<p><a style=\"display: inline-block; padding: 15px 25px; font-size: 1.2rem; font-weight: bold; color: #fff; text-decoration: none; border-radius: 30px; background: linear-gradient(135deg, #ff5722, #e91e63); transition: all 0.3s ease; box-shadow: 0 6px 15px rgba(233, 30, 99, 0.6); border: 2px solid rgba(255, 255, 255, 0.3);\" href=\"https:\/\/recalculandoviajes.com\/iati-seguros\" target=\"_blank\" rel=\"noopener\">Quiero mi 5% de Descuento<\/a><\/p>\n<\/div>\n[\/et_pb_text][et_pb_text _builder_version=\u00bb4.27.8&#8243; _module_preset=\u00bbdefault\u00bb global_colors_info=\u00bb{}\u00bb]\n<h2>Qu\u00e9 ver en M\u00e1laga en Navidad Resumen<\/h2>\n<div class=\"rv-tabla-estilo\">\n<table>\n<thead>\n<tr>\n<th>Concepto<\/th>\n<th>Detalles clave<\/th>\n<\/tr>\n<\/thead>\n<tbody>\n<tr>\n<td><strong>Fechas del alumbrado<\/strong><\/td>\n<td>Del \u00faltimo viernes de noviembre al 6 de enero.<\/td>\n<\/tr>\n<tr>\n<td><strong>Horario luces (Larios)<\/strong><\/td>\n<td>18:30 a 00:00 (dom-mi\u00e9) \/ hasta las 02:00 (jue-s\u00e1b).<\/td>\n<\/tr>\n<tr>\n<td><strong>Presupuesto diario<\/strong><\/td>\n<td>90 &#8211; 140 \u20ac por persona (todo incluido).<\/td>\n<\/tr>\n<tr>\n<td><strong>Clima en diciembre<\/strong><\/td>\n<td>Suave (16-19 \u00b0C d\u00eda \/ 8-10 \u00b0C noche).<\/td>\n<\/tr>\n<tr>\n<td><strong>Puntos imperdibles<\/strong><\/td>\n<td>Luces de Calle Larios, videomapping de la Catedral, bel\u00e9n municipal y mercadillo del Paseo del Parque.<\/td>\n<\/tr>\n<tr>\n<td><strong>Mejor momento para visitar<\/strong><\/td>\n<td>D\u00edas de entre semana (evitar el d\u00eda del encendido).<\/td>\n<\/tr>\n<tr>\n<td><strong>Transporte<\/strong><\/td>\n<td>Centro caminable; uso de bus urbano (EMT) para periferia y tren de cercan\u00edas para otros pueblos.<\/td>\n<\/tr>\n<tr>\n<td><strong>Alojamiento<\/strong><\/td>\n<td>Centro Hist\u00f3rico (mejor ubicaci\u00f3n), Soho o La Malagueta (m\u00e1s econ\u00f3mico).<\/td>\n<\/tr>\n<tr>\n<td><strong>Gastronom\u00eda t\u00edpica<\/strong><\/td>\n<td>Borrachuelos, roscos de vino, mantecados y chocolate con churros.<\/td>\n<\/tr>\n<tr>\n<td><strong>Excursiones recomendadas<\/strong><\/td>\n<td>Granada, Ronda, Caminito del Rey, Mijas, Benalm\u00e1dena y Nerja.<\/td>\n<\/tr>\n<\/tbody>\n<\/table>\n<\/div>\n[\/et_pb_text][\/et_pb_column][\/et_pb_row][et_pb_row _builder_version=\u00bb4.24.0&#8243; _module_preset=\u00bbdefault\u00bb global_colors_info=\u00bb{}\u00bb][et_pb_column type=\u00bb4_4&#8243; _builder_version=\u00bb4.24.0&#8243; _module_preset=\u00bbdefault\u00bb global_colors_info=\u00bb{}\u00bb][et_pb_text _builder_version=\u00bb4.27.8&#8243; _module_preset=\u00bbdefault\u00bb global_colors_info=\u00bb{}\u00bb]\n<h2>Cu\u00e1ndo se encienden las luces: fechas y horarios 2026<\/h2>\n<p><strong>2026 Pendiente de Confirmar:<\/strong> El alumbrado arranca siempre el \u00faltimo viernes de noviembre. <a href=\"https:\/\/visita.malaga.eu\/es\/agenda\/alumbrado-navidad-p108450\" rel=\"nofollow noopener\" target=\"_blank\">El Ayuntamiento de M\u00e1laga<\/a> lo confirma cada a\u00f1o a mediados de octubre, y en las \u00faltimas ediciones el patr\u00f3n fue id\u00e9ntico: encendido a las 18:30 en calle Larios y luces hasta el 5 o 6 de enero.<\/p>\n<p>Los horarios que se vienen repitiendo son estos:<\/p>\n<ul>\n<li><strong>De domingo a mi\u00e9rcoles:<\/strong> de 18:30 a 00:00.<\/li>\n<li><strong>De jueves a s\u00e1bado y v\u00edsperas de festivo:<\/strong> de 18:30 a 02:00.<\/li>\n<li><strong>24 y 31 de diciembre:<\/strong> hasta las 06:00.<\/li>\n<li><strong>Pases del espect\u00e1culo de Larios:<\/strong> tres por noche, habitualmente 18:30, 20:00 y 22:00, salvo el 24 y el 31.<\/li>\n<\/ul>\n<blockquote>\n<p>Un dato Muy Importante: <strong>el d\u00eda del encendido no es el mejor d\u00eda para ir<\/strong>. Se junta media ciudad, se corta el paso y termin\u00e1s viendo el show desde atr\u00e1s de tres filas de moviles. Nosotros fuimos igual porque nos toc\u00f3, pero volvimos un martes a las 22:00 y lo disfrutamos diez veces m\u00e1s. Si vas a M\u00e1laga en Navidad y pod\u00e9s elegir, eleg\u00ed entre semana.<\/p>\n<\/blockquote>\n[\/et_pb_text][et_pb_image src=\u00bbhttps:\/\/www.recalculandoviajes.com\/wp-content\/uploads\/2026\/08\/malaga-en-navidad-luces.webp\u00bb alt=\u00bbmalaga en navidad luces\u00bb title_text=\u00bbmalaga en navidad luces\u00bb _builder_version=\u00bb4.27.8&#8243; _module_preset=\u00bbdefault\u00bb global_colors_info=\u00bb{}\u00bb][\/et_pb_image][\/et_pb_column][\/et_pb_row][et_pb_row _builder_version=\u00bb4.24.0&#8243; _module_preset=\u00bbdefault\u00bb global_colors_info=\u00bb{}\u00bb][et_pb_column type=\u00bb4_4&#8243; _builder_version=\u00bb4.24.0&#8243; _module_preset=\u00bbdefault\u00bb global_colors_info=\u00bb{}\u00bb][et_pb_text _builder_version=\u00bb4.27.8&#8243; _module_preset=\u00bbdefault\u00bb global_colors_info=\u00bb{}\u00bb]\n<h2>Cu\u00e1nto cuesta un viaje a M\u00e1laga en Navidad<\/h2>\n<p>Esto es lo que ning\u00fan blog te dice con n\u00fameros: la mayor parte de la Navidad malague\u00f1a es gratis. Lo que se te va del presupuesto es el alojamiento, y ah\u00ed la diferencia entre reservar en septiembre y reservar en diciembre puede ser del doble.<\/p>\n<div class=\"rv-tabla-estilo\">\n<table>\n<thead>\n<tr>\n<th>Concepto<\/th>\n<th>Precio orientativo<\/th>\n<\/tr>\n<\/thead>\n<tbody>\n<tr>\n<td>Luces de Larios, videomapping, bel\u00e9n municipal, mercadillos<\/td>\n<td>Gratis<\/td>\n<\/tr>\n<tr>\n<td>Jard\u00edn Bot\u00e1nico La Concepci\u00f3n (espect\u00e1culo nocturno)<\/td>\n<td>15-16 \u20ac adulto \u00b7 11-12 \u20ac menor<\/td>\n<\/tr>\n<tr>\n<td>Alcazaba + Castillo de Gibralfaro (entrada combinada)<\/td>\n<td>~5,50 \u20ac (gratis domingos desde las 14:00)<\/td>\n<\/tr>\n<tr>\n<td>Catedral de M\u00e1laga<\/td>\n<td>~10 \u20ac con audiogu\u00eda \u00b7 cubiertas ~12 \u20ac<\/td>\n<\/tr>\n<tr>\n<td>Concierto Candlelight<\/td>\n<td>Desde 20-25 \u20ac<\/td>\n<\/tr>\n<tr>\n<td>Pista de hielo del Parque de Navidad<\/td>\n<td>~5-7 \u20ac la sesi\u00f3n<\/td>\n<\/tr>\n<tr>\n<td>Alojamiento c\u00e9ntrico (doble, diciembre)<\/td>\n<td>90-160 \u20ac la noche \u00b7 200 \u20ac+ en Nochevieja<\/td>\n<\/tr>\n<tr>\n<td>Comida diaria (desayuno + men\u00fa + tapas)<\/td>\n<td>30-45 \u20ac por persona<\/td>\n<\/tr>\n<tr>\n<td>Transporte urbano (billete sencillo EMT)<\/td>\n<td>~1,40 \u20ac<\/td>\n<\/tr>\n<\/tbody>\n<\/table>\n<\/div>\n<p>Con todo sumado, calcul\u00e1 <strong>90-140 \u20ac por d\u00eda y por persona<\/strong> si viaj\u00e1s en pareja y dorm\u00eds en el centro. Baj\u00e1s bastante aloj\u00e1ndote en Soho o La Malagueta y aprovechando que casi todos las cosas para ver y hacer nocturnas son gratuitos.<\/p>\n[\/et_pb_text][et_pb_image src=\u00bbhttps:\/\/www.recalculandoviajes.com\/wp-content\/uploads\/2026\/08\/navidad-malaga-1.webp\u00bb alt=\u00bbnavidad malaga\u00bb title_text=\u00bbnavidad malaga\u00bb _builder_version=\u00bb4.27.8&#8243; _module_preset=\u00bbdefault\u00bb global_colors_info=\u00bb{}\u00bb][\/et_pb_image][\/et_pb_column][\/et_pb_row][et_pb_row _builder_version=\u00bb4.24.0&#8243; _module_preset=\u00bbdefault\u00bb global_colors_info=\u00bb{}\u00bb][et_pb_column type=\u00bb4_4&#8243; _builder_version=\u00bb4.24.0&#8243; _module_preset=\u00bbdefault\u00bb global_colors_info=\u00bb{}\u00bb][et_pb_text _builder_version=\u00bb4.27.8&#8243; _module_preset=\u00bbdefault\u00bb global_colors_info=\u00bb{}\u00bb]\n<h2>Un aviso honesto antes de organizar tu viaje<\/h2>\n<p>La programaci\u00f3n navide\u00f1a de M\u00e1laga cambia todos los a\u00f1os y hay actividades que se caen. El Festival de las Linternas del Parque Oeste, por ejemplo, en la \u00faltima edici\u00f3n no se celebr\u00f3. Lo mismo pasa con el espect\u00e1culo de drones del puerto: hay a\u00f1os que est\u00e1 y a\u00f1os que no, y nunca en todas las fechas.<\/p>\n<blockquote>\n<p>Nuestra recomendaci\u00f3n: us\u00e1 esta gu\u00eda para armar el esqueleto del viaje y confirm\u00e1 el programa oficial del Ayuntamiento, que se publica a fines de noviembre. Si un blog te da la programaci\u00f3n completa de la pr\u00f3xima Navidad en agosto, est\u00e1 copiando la del a\u00f1o pasado.<\/p>\n<\/blockquote>\n[\/et_pb_text][et_pb_image src=\u00bbhttps:\/\/www.recalculandoviajes.com\/wp-content\/uploads\/2026\/08\/malaga-en-navidad-calle-larios.webp\u00bb alt=\u00bbmalaga en navidad calle larios\u00bb title_text=\u00bbmalaga en navidad calle larios\u00bb _builder_version=\u00bb4.27.8&#8243; _module_preset=\u00bbdefault\u00bb global_colors_info=\u00bb{}\u00bb][\/et_pb_image][\/et_pb_column][\/et_pb_row][et_pb_row _builder_version=\u00bb4.24.0&#8243; _module_preset=\u00bbdefault\u00bb global_colors_info=\u00bb{}\u00bb][et_pb_column type=\u00bb4_4&#8243; _builder_version=\u00bb4.24.0&#8243; _module_preset=\u00bbdefault\u00bb global_colors_info=\u00bb{}\u00bb][et_pb_text _builder_version=\u00bb4.27.8&#8243; _module_preset=\u00bbdefault\u00bb global_colors_info=\u00bb{}\u00bb]\n<h2>1. Calle Larios, el coraz\u00f3n de la Navidad malague\u00f1a<\/h2>\n<p>Es EL lugar. Calle Marqu\u00e9s de Larios se cubre de un techo de luces que se sincroniza con m\u00fasica en pases de unos 15 minutos. Cada temporada cambia el dise\u00f1o y el nombre del espect\u00e1culo: hubo \u00e1ngeles celestiales durante varios a\u00f1os y despu\u00e9s llegaron los medallones con escenas de la Natividad, con estrellas, columnas laterales y estelas de luz que se mueven con la banda sonora.<\/p>\n[\/et_pb_text][et_pb_image src=\u00bbhttps:\/\/www.recalculandoviajes.com\/wp-content\/uploads\/2026\/08\/larios-malaga-en-navidad.webp\u00bb alt=\u00bblarios malaga en navidad\u00bb title_text=\u00bblarios malaga en navidad\u00bb _builder_version=\u00bb4.27.8&#8243; _module_preset=\u00bbdefault\u00bb global_colors_info=\u00bb{}\u00bb][\/et_pb_image][et_pb_text _builder_version=\u00bb4.27.8&#8243; _module_preset=\u00bbdefault\u00bb global_colors_info=\u00bb{}\u00bb]\n<p>Nosotros lo vimos tres veces y no exageramos: la primera noche nos quedamos con la boca abierta. La calle es peatonal, larga y recta, as\u00ed que el efecto de perspectiva con las luces encendidas de punta a punta es impresionante.<\/p>\n[\/et_pb_text][et_pb_image src=\u00bbhttps:\/\/www.recalculandoviajes.com\/wp-content\/uploads\/2026\/08\/malaga-navidad.webp\u00bb alt=\u00bbmalaga navidad\u00bb title_text=\u00bbmalaga navidad\u00bb _builder_version=\u00bb4.27.8&#8243; _module_preset=\u00bbdefault\u00bb global_colors_info=\u00bb{}\u00bb][\/et_pb_image][et_pb_text _builder_version=\u00bb4.27.8&#8243; _module_preset=\u00bbdefault\u00bb global_colors_info=\u00bb{}\u00bb]\n<p><strong>TIPS:<\/strong> lleg\u00e1 20 minutos antes del pase y ubicate en el extremo de la Alameda mirando hacia Plaza de la Constituci\u00f3n, no al rev\u00e9s. Si vas con ni\u00f1os o con poca movilidad, el pase de las 22:00 es el m\u00e1s tranquilo de los tres. Y ojo: durante el pase la calle se para entera, no se puede cruzar.<\/p>\n[\/et_pb_text][et_pb_image src=\u00bbhttps:\/\/www.recalculandoviajes.com\/wp-content\/uploads\/2026\/08\/calle-larios-malaga-en-navidad.webp\u00bb alt=\u00bbcalle larios malaga en navidad\u00bb title_text=\u00bbcalle larios malaga en navidad\u00bb _builder_version=\u00bb4.27.8&#8243; _module_preset=\u00bbdefault\u00bb global_colors_info=\u00bb{}\u00bb][\/et_pb_image][\/et_pb_column][\/et_pb_row][et_pb_row _builder_version=\u00bb4.24.0&#8243; _module_preset=\u00bbdefault\u00bb global_colors_info=\u00bb{}\u00bb][et_pb_column type=\u00bb4_4&#8243; _builder_version=\u00bb4.24.0&#8243; _module_preset=\u00bbdefault\u00bb global_colors_info=\u00bb{}\u00bb][et_pb_text _builder_version=\u00bb4.27.8&#8243; _module_preset=\u00bbdefault\u00bb global_colors_info=\u00bb{}\u00bb]\n<h2>2. Plaza de la Constituci\u00f3n y sus \u00e1rboles gigantes<\/h2>\n<p>Al final de Larios se abre la Plaza de la Constituci\u00f3n, que funciona como el segundo escenario del alumbrado. En los \u00faltimos a\u00f1os se sumaron \u00e1rboles luminosos gigantes ac\u00e1 y tambi\u00e9n en la Plaza de la Marina y la Plaza del Obispo, as\u00ed que se arm\u00f3 una especie de tri\u00e1ngulo de fotos obligadas.<\/p>\n[\/et_pb_text][et_pb_image src=\u00bbhttps:\/\/www.recalculandoviajes.com\/wp-content\/uploads\/2026\/08\/plaza-de-la-constitucion-malaga-navidad.webp\u00bb alt=\u00bbplaza de la constitucion malaga navidad\u00bb title_text=\u00bbplaza de la constitucion malaga navidad\u00bb _builder_version=\u00bb4.27.8&#8243; _module_preset=\u00bbdefault\u00bb global_colors_info=\u00bb{}\u00bb][\/et_pb_image][et_pb_text _builder_version=\u00bb4.27.8&#8243; _module_preset=\u00bbdefault\u00bb global_colors_info=\u00bb{}\u00bb]\n<p>La plaza suele tener programaci\u00f3n en vivo: coros, pasacalles, campanadas del 31 con orquesta y reparto de uvas. Nosotros ca\u00edmos una tarde de domingo sin saber nada y nos encontramos con un grupo cantando villancicos andaluces. Fue de esas cosas que no planific\u00e1s y terminan siendo el mejor recuerdo del viaje.<\/p>\n<p><strong>TIPS:<\/strong> es el mejor punto para sacar la foto cl\u00e1sica del arco de entrada a Larios con las luces de fondo. Antes de las 18:30, con las luces todav\u00eda apagadas, la plaza est\u00e1 vac\u00eda y pod\u00e9s ver los detalles de la instalaci\u00f3n.<\/p>\n[\/et_pb_text][et_pb_image src=\u00bbhttps:\/\/www.recalculandoviajes.com\/wp-content\/uploads\/2026\/08\/que-ver-en-malaga-en-navidad.webp\u00bb alt=\u00bbque ver en malaga en navidad\u00bb title_text=\u00bbque ver en malaga en navidad\u00bb _builder_version=\u00bb4.27.8&#8243; _module_preset=\u00bbdefault\u00bb global_colors_info=\u00bb{}\u00bb][\/et_pb_image][et_pb_text admin_label=\u00bbads Booking Banner Alojamiento &#8211; ESP\u00bb _builder_version=\u00bb4.27.8&#8243; _module_preset=\u00bbdefault\u00bb global_module=\u00bb22862&#8243; saved_tabs=\u00bball\u00bb locked=\u00bboff\u00bb global_colors_info=\u00bb{}\u00bb]\n<div style=\"margin:1em 0;\">\n<a href=\"https:\/\/recalculandoviajes.com\/go\/booking\" target=\"_blank\" rel=\"nofollow sponsored noopener\" style=\"display:flex;align-items:center;justify-content:space-between;gap:1em;flex-wrap:wrap;margin:0;padding:.75em 1.1em;border:1px solid #f0c4d0;border-left:3px solid #b8174a;border-radius:10px;background:#fdf4f7;text-decoration:none;\"><br \/>\n  <span style=\"font-size:.97rem;line-height:1.4;flex:1 1 auto;min-width:0;color:#1a1a2e;\">\ud83c\udfe8 <strong style=\"color:#b8174a;\">\u00bfBuscas Alojamiento para tu Viaje?<\/strong> Compara Hoteles, Apartamentos y encuentra las mejores Ofertas AQU\u00cd<\/span><br \/>\n  <span style=\"display:inline-flex;align-items:center;gap:.4em;padding:.6em 1.1em;background:#b8174a;color:#fff;font-weight:600;font-size:.93rem;line-height:1.2;border-radius:999px;white-space:nowrap;flex-shrink:0;\">Ver disponibilidad \u279c<\/span><br \/>\n<\/a>\n<\/div>\n[\/et_pb_text][\/et_pb_column][\/et_pb_row][et_pb_row _builder_version=\u00bb4.24.0&#8243; _module_preset=\u00bbdefault\u00bb global_colors_info=\u00bb{}\u00bb][et_pb_column type=\u00bb4_4&#8243; _builder_version=\u00bb4.24.0&#8243; _module_preset=\u00bbdefault\u00bb global_colors_info=\u00bb{}\u00bb][et_pb_text _builder_version=\u00bb4.24.0&#8243; _module_preset=\u00bbdefault\u00bb global_colors_info=\u00bb{}\u00bb]\n<h2>3. El videomapping de la Catedral, uno de los imprescindibles de M\u00e1laga en Navidad<\/h2>\n<p>Sobre la fachada sur de la Catedral, en calle Molina Lario, se proyecta cada noche un videomapping de unos 8 minutos con varios pases (suelen ser tres, entre las 19:00 y las 22:00). Cada a\u00f1o cambia la historia: hubo un manto de estrellas, hubo un pescador de sue\u00f1os.<\/p>\n<p>Nos gust\u00f3 mucho m\u00e1s de lo que esper\u00e1bamos. La Catedral de M\u00e1laga, la famosa \u00abManquita\u00bb con su torre inacabada, ya es preciosa de d\u00eda, pero verla convertida en una pantalla de 30 metros con m\u00fasica es otra cosa. Y es gratis.<\/p>\n<p><strong>TIPS:<\/strong> se ve bien parado en Molina Lario, pero si te corr\u00e9s hacia la Plaza del Obispo ten\u00e9s m\u00e1s espacio y menos gente encima. Combinalo con el pase de las 20:00 de Larios: est\u00e1n a tres minutos caminando uno del otro.<\/p>\n[\/et_pb_text][\/et_pb_column][\/et_pb_row][et_pb_row column_structure=\u00bb1_2,1_2&#8243; _builder_version=\u00bb4.27.8&#8243; _module_preset=\u00bbdefault\u00bb global_colors_info=\u00bb{}\u00bb][et_pb_column type=\u00bb1_2&#8243; _builder_version=\u00bb4.27.8&#8243; _module_preset=\u00bbdefault\u00bb global_colors_info=\u00bb{}\u00bb][et_pb_image src=\u00bbhttps:\/\/www.recalculandoviajes.com\/wp-content\/uploads\/2026\/08\/catedral-malaga-en-navidad.webp\u00bb alt=\u00bbcatedral malaga en navidad\u00bb title_text=\u00bbcatedral malaga en navidad\u00bb _builder_version=\u00bb4.27.8&#8243; _module_preset=\u00bbdefault\u00bb global_colors_info=\u00bb{}\u00bb][\/et_pb_image][\/et_pb_column][et_pb_column type=\u00bb1_2&#8243; _builder_version=\u00bb4.27.8&#8243; _module_preset=\u00bbdefault\u00bb global_colors_info=\u00bb{}\u00bb][et_pb_image src=\u00bbhttps:\/\/www.recalculandoviajes.com\/wp-content\/uploads\/2026\/08\/malaga-en-navidad-catedral.webp\u00bb alt=\u00bbmalaga en navidad catedral\u00bb title_text=\u00bbmalaga en navidad catedral\u00bb _builder_version=\u00bb4.27.8&#8243; _module_preset=\u00bbdefault\u00bb global_colors_info=\u00bb{}\u00bb][\/et_pb_image][\/et_pb_column][\/et_pb_row][et_pb_row _builder_version=\u00bb4.24.0&#8243; _module_preset=\u00bbdefault\u00bb global_colors_info=\u00bb{}\u00bb][et_pb_column type=\u00bb4_4&#8243; _builder_version=\u00bb4.24.0&#8243; _module_preset=\u00bbdefault\u00bb global_colors_info=\u00bb{}\u00bb][et_pb_text _builder_version=\u00bb4.27.8&#8243; _module_preset=\u00bbdefault\u00bb global_colors_info=\u00bb{}\u00bb]\n<h2>4. El mercadillo navide\u00f1o del Paseo del Parque<\/h2>\n<p>Casi cien puestos de madera a lo largo del lateral norte del Paseo del Parque, abiertos desde el encendido hasta el 6 o 7 de enero, normalmente de 11:00 a 22:00. Se venden figuras de bel\u00e9n, adornos, artesan\u00eda, turrones, dulces y casta\u00f1as asadas.<\/p>\n<p>Es el mercadillo m\u00e1s grande de la ciudad y el que tiene ambiente m\u00e1s local. Nosotros compramos ah\u00ed unos turrones para llevar y nos quedamos un rato largo mirando los puestos de figuritas de bel\u00e9n, que en Andaluc\u00eda son un mundo aparte: hay artesanos que venden solo pastores, solo animales, solo casitas.<\/p>\n<p><strong>TIPS:<\/strong> los fines de semana a media tarde no se puede caminar. And\u00e1 entre semana al mediod\u00eda. Las casta\u00f1as asadas cuestan alrededor de 3-4 \u20ac el cucurucho y son el mejor snack posible para el paseo.<\/p>\n[\/et_pb_text][et_pb_text _builder_version=\u00bb4.27.8&#8243; _module_preset=\u00bbdefault\u00bb global_colors_info=\u00bb{}\u00bb]\n<div class=\"stat-card\" style=\"background: linear-gradient(135deg, #ff7e5f 0%, #feb47b 100%); border-radius: 12px; padding: 24px; margin: 32px 0; box-shadow: 0 4px 6px rgba(0,0,0,0.1);\">\n<div style=\"display: flex; align-items: center; gap: 16px; margin-bottom: 16px;\">\n<div style=\"color: white; font-size: 14px; font-weight: 600; text-transform: uppercase; letter-spacing: 1px;\"> \u00bfSab\u00edas que\u2026? <\/div>\n<\/p><\/div>\n<div style=\"color: white; font-size: 20px; font-weight: 700; line-height: 1.4; margin-bottom: 12px;\"> El encendido de las luces de la calle Larios es uno de los espect\u00e1culos m\u00e1s famosos de Espa\u00f1a, atrayendo a cientos de miles de visitantes cada Navidad. <\/div>\n<div style=\"color: rgba(255,255,255,0.9); font-size: 14px;\"> Fuente: <a href=\"https:\/\/www.malaga.eu\" rel=\"nofollow noopener\" target=\"_blank\" style=\"color: white; text-decoration: underline;\"> Ayuntamiento de M\u00e1laga <\/a> <\/div>\n<\/p><\/div>\n[\/et_pb_text][\/et_pb_column][\/et_pb_row][et_pb_row _builder_version=\u00bb4.24.0&#8243; _module_preset=\u00bbdefault\u00bb global_colors_info=\u00bb{}\u00bb][et_pb_column type=\u00bb4_4&#8243; _builder_version=\u00bb4.24.0&#8243; _module_preset=\u00bbdefault\u00bb global_colors_info=\u00bb{}\u00bb][et_pb_text _builder_version=\u00bb4.24.0&#8243; _module_preset=\u00bbdefault\u00bb global_colors_info=\u00bb{}\u00bb]\n<h2>5. El bel\u00e9n municipal, una de las cosas que hacer en M\u00e1laga en Navidad s\u00ed o s\u00ed<\/h2>\n<p>El bel\u00e9n municipal es una escenograf\u00eda monumental de m\u00e1s de 150 metros cuadrados y con varios centenares de figuras, montada en el Patio de Banderas de la Casona del Parque. Se puede visitar desde principios de diciembre hasta el 6 de enero, habitualmente de 10:00 a 14:00 y de 17:00 a 21:00, y la entrada es gratuita.<\/p>\n<p>Si nunca viste un bel\u00e9n andaluz de este tama\u00f1o, prepar\u00e1 el tiempo: no es una maqueta chiquita al lado de un \u00e1rbol, es una construcci\u00f3n con iluminaci\u00f3n que simula el amanecer y el atardecer, r\u00edos con agua real y un nivel de detalle que da para media hora tranquila.<\/p>\n<p><strong>TIPS:<\/strong> la cola de la tarde es larga. Nosotros fuimos a las 10:15 de la ma\u00f1ana y entramos directo. Adem\u00e1s de este, hay decenas de belenes en iglesias, hermandades y comercios repartidos por el centro: el Ayuntamiento publica una ruta de belenes que vale la pena mirar.<\/p>\n[\/et_pb_text][et_pb_text admin_label=\u00bbads IATI Middle seguro de viaje (2026) &#8211; ESP\u00bb _builder_version=\u00bb4.27.8&#8243; _module_preset=\u00bbdefault\u00bb global_module=\u00bb15719&#8243; saved_tabs=\u00bball\u00bb locked=\u00bboff\u00bb global_colors_info=\u00bb{}\u00bb]\n<div style=\"padding: 10px; border: 10px outset #b8174a; border-radius: 15px;\"><center><strong>\u261d\ufe0f <a href=\"https:\/\/recalculandoviajes.com\/iati-seguros\">VIAJA SEGURO &#8211; DESCUENTOS \/ 5% OFF IATI<\/a>!!<br \/>\ud83d\udc69\u200d\u2695\ufe0f\ud83d\udc68\u200d\u2695\ufe0f Requisito indispensable para viajar sin preocupaciones! \ud83c\udf0e\u2708\ufe0f <a href=\"https:\/\/www.recalculandoviajes.com\/mejor-seguro-de-viaje\/\">\u279c Cotiz\u00e1, Compar\u00e1 y Contrat\u00e1<\/a><\/strong><\/center><\/div>\n[\/et_pb_text][\/et_pb_column][\/et_pb_row][et_pb_row _builder_version=\u00bb4.24.0&#8243; _module_preset=\u00bbdefault\u00bb global_colors_info=\u00bb{}\u00bb][et_pb_column type=\u00bb4_4&#8243; _builder_version=\u00bb4.24.0&#8243; _module_preset=\u00bbdefault\u00bb global_colors_info=\u00bb{}\u00bb][et_pb_text _builder_version=\u00bb4.24.0&#8243; _module_preset=\u00bbdefault\u00bb global_colors_info=\u00bb{}\u00bb]\n<h2>6. Muelle Uno y el Palmeral de las Sorpresas<\/h2>\n<p>El puerto es la cara m\u00e1s moderna de la ciudad y en diciembre se llena de luces, un \u00e1rbol enorme y un mercadillo de Navidad propio, con casetas de dise\u00f1o, comida y artesan\u00eda. Caminar por el Palmeral de las Sorpresas con las luces reflejadas en el agua es de esos paseos que no cuestan un peso y te dejan contento.<\/p>\n<p>Nosotros ven\u00edamos de caminar todo el centro y terminamos ah\u00ed varias noches, sentados frente al agua. Con 15 grados a las diez de la noche, en pleno diciembre, uno entiende por qu\u00e9 tanta gente elige la Costa del Sol para pasar las fiestas.<\/p>\n<p><strong>TIPS:<\/strong> en algunas ediciones se suma un espect\u00e1culo de drones sobre el puerto en fechas puntuales. No es fijo, as\u00ed que confirm\u00e1 el calendario oficial antes de organizar la noche alrededor de eso. La farola del puerto y el Centre Pompidou con su cubo de colores quedan de camino.<\/p>\n[\/et_pb_text][\/et_pb_column][\/et_pb_row][et_pb_row _builder_version=\u00bb4.24.0&#8243; _module_preset=\u00bbdefault\u00bb global_colors_info=\u00bb{}\u00bb][et_pb_column type=\u00bb4_4&#8243; _builder_version=\u00bb4.24.0&#8243; _module_preset=\u00bbdefault\u00bb global_colors_info=\u00bb{}\u00bb][et_pb_text _builder_version=\u00bb4.24.0&#8243; _module_preset=\u00bbdefault\u00bb global_colors_info=\u00bb{}\u00bb]\n<h2>7. La Alameda Principal bajo los ficus centenarios<\/h2>\n<p>La Alameda es la avenida que conecta el puerto con el centro y tiene unos ficus centenarios enormes que en Navidad se iluminan enteros. El efecto es distinto al de Larios: ac\u00e1 no hay show sincronizado, hay un t\u00fanel vegetal iluminado por el que camin\u00e1s sin apuro.<\/p>\n<p>Para nosotros fue el paseo m\u00e1s lindo y el menos valorado de todos. Mientras Larios estaba a reventar, la Alameda estaba tranquila y la luz c\u00e1lida entre las ramas quedaba preciosa en las fotos.<\/p>\n<p><strong>TIPS:<\/strong> conect\u00e1 Alameda \u2192 Plaza de la Marina \u2192 Paseo del Parque \u2192 Muelle Uno en un solo recorrido de unos 25 minutos. Es el mejor itinerario nocturno de la ciudad y no gast\u00e1s nada.<\/p>\n[\/et_pb_text][et_pb_image src=\u00bbhttps:\/\/www.recalculandoviajes.com\/wp-content\/uploads\/2026\/08\/navidad-malaga.webp\u00bb alt=\u00bbnavidad malaga\u00bb title_text=\u00bbnavidad malaga\u00bb _builder_version=\u00bb4.27.8&#8243; _module_preset=\u00bbdefault\u00bb global_colors_info=\u00bb{}\u00bb][\/et_pb_image][\/et_pb_column][\/et_pb_row][et_pb_row _builder_version=\u00bb4.24.0&#8243; _module_preset=\u00bbdefault\u00bb global_colors_info=\u00bb{}\u00bb][et_pb_column type=\u00bb4_4&#8243; _builder_version=\u00bb4.24.0&#8243; _module_preset=\u00bbdefault\u00bb global_colors_info=\u00bb{}\u00bb][et_pb_text _builder_version=\u00bb4.24.0&#8243; _module_preset=\u00bbdefault\u00bb global_colors_info=\u00bb{}\u00bb]\n<h2>8. Las luces del Jard\u00edn Bot\u00e1nico La Concepci\u00f3n<\/h2>\n<p>El Jard\u00edn Bot\u00e1nico-Hist\u00f3rico La Concepci\u00f3n, a unos 5 km al norte del centro, monta cada Navidad un espect\u00e1culo nocturno de luz y sonido con un recorrido de alrededor de 2 km entre la vegetaci\u00f3n subtropical. Cambia de nombre y de tem\u00e1tica cada a\u00f1o, y es la actividad de pago m\u00e1s popular de la temporada.<\/p>\n<p>Los precios de las \u00faltimas ediciones rondaron los <strong>15-16 \u20ac el adulto y 11-12 \u20ac el menor<\/strong>, con entradas m\u00e1s baratas en la \u00faltima franja horaria (sobre las 21:30), d\u00edas sueltos al 50 % y descuentos para grupos y personas con movilidad reducida. Los menores de tres a\u00f1os entran gratis. Las entradas se agotan: salen a la venta a principios de noviembre y los fines de semana de diciembre vuelan.<\/p>\n<p>Nosotros no llegamos a hacerlo porque estuvimos antes de que abriera la temporada, as\u00ed que no te lo podemos contar en primera persona. Lo que s\u00ed sabemos es que muchos viajeros lo ponen como lo mejor de su visita, y que el jard\u00edn en s\u00ed (con la mayor colecci\u00f3n de plantas subtropicales de Europa) ya merece una visita de d\u00eda.<\/p>\n<p><strong>TIPS:<\/strong> compr\u00e1 online con semanas de anticipaci\u00f3n y eleg\u00ed el primer turno si vas con chicos, o el \u00faltimo si quer\u00e9s menos gente y pagar menos. Hay lanzaderas desde varios puntos de la ciudad y aparcamiento propio, pero se llena.<\/p>\n[\/et_pb_text][et_pb_text _builder_version=\u00bb4.27.8&#8243; _module_preset=\u00bbdefault\u00bb global_colors_info=\u00bb{}\u00bb]\n<div class=\"stat-card\" style=\"background: linear-gradient(135deg, #ff7e5f 0%, #feb47b 100%); border-radius: 12px; padding: 24px; margin: 32px 0; box-shadow: 0 4px 6px rgba(0,0,0,0.1);\">\n<div style=\"display: flex; align-items: center; gap: 16px; margin-bottom: 16px;\">\n<div style=\"color: white; font-size: 14px; font-weight: 600; text-transform: uppercase; letter-spacing: 1px;\"> \u00bfSab\u00edas que\u2026? <\/div>\n<\/p><\/div>\n<div style=\"color: white; font-size: 20px; font-weight: 700; line-height: 1.4; margin-bottom: 12px;\"> El Jard\u00edn Bot\u00e1nico-Hist\u00f3rico La Concepci\u00f3n alberga una de las colecciones de flora subtropical m\u00e1s importantes de toda Europa. <\/div>\n<div style=\"color: rgba(255,255,255,0.9); font-size: 14px;\"> Fuente: <a href=\"https:\/\/laconcepcion.malaga.eu\" rel=\"nofollow noopener\" target=\"_blank\" style=\"color: white; text-decoration: underline;\"> Jard\u00edn Bot\u00e1nico La Concepci\u00f3n <\/a> <\/div>\n<\/p><\/div>\n[\/et_pb_text][\/et_pb_column][\/et_pb_row][et_pb_row _builder_version=\u00bb4.24.0&#8243; _module_preset=\u00bbdefault\u00bb global_colors_info=\u00bb{}\u00bb][et_pb_column type=\u00bb4_4&#8243; _builder_version=\u00bb4.24.0&#8243; _module_preset=\u00bbdefault\u00bb global_colors_info=\u00bb{}\u00bb][et_pb_text _builder_version=\u00bb4.24.0&#8243; _module_preset=\u00bbdefault\u00bb global_colors_info=\u00bb{}\u00bb]\n<h2>9. El Parque de Navidad del Cortijo de Torres<\/h2>\n<p>En el Auditorio Municipal Cortijo de Torres se monta el gran parque navide\u00f1o familiar de la ciudad: casa de Pap\u00e1 Noel, atracciones, talleres y una pista de hielo exterior que suele presentarse como la m\u00e1s grande de Andaluc\u00eda. Abre de lunes a viernes desde las 17:00 y fines de semana y festivos desde el mediod\u00eda.<\/p>\n<p>No es un plan para todo el mundo, pero si viaj\u00e1s con ni\u00f1os es probablemente lo mejor que vas a encontrar en M\u00e1laga en Navidad. Est\u00e1 fuera del centro, as\u00ed que calcul\u00e1 transporte.<\/p>\n<p><strong>TIPS:<\/strong> se llega en autob\u00fas urbano desde el centro en unos 25 minutos. Los d\u00edas 2, 3 y 4 de enero est\u00e1n a tope de familias locales: si pod\u00e9s, and\u00e1 antes de Nochebuena.<\/p>\n[\/et_pb_text][\/et_pb_column][\/et_pb_row][et_pb_row column_structure=\u00bb1_3,1_3,1_3&#8243; admin_label=\u00bbads FILA 3 imagen ESP\u00bb _builder_version=\u00bb4.27.6&#8243; _module_preset=\u00bbdefault\u00bb width_tablet=\u00bb60%\u00bb width_phone=\u00bb60%\u00bb width_last_edited=\u00bbon|tablet\u00bb global_module=\u00bb16315&#8243; saved_tabs=\u00bball\u00bb locked=\u00bboff\u00bb collapsed=\u00bboff\u00bb global_colors_info=\u00bb{}\u00bb][et_pb_column type=\u00bb1_3&#8243; _builder_version=\u00bb4.22.2&#8243; _module_preset=\u00bbdefault\u00bb global_colors_info=\u00bb{}\u00bb][et_pb_image src=\u00bbhttps:\/\/www.recalculandoviajes.com\/wp-content\/uploads\/2026\/07\/descuento-iati-seguro-de-viaje.webp\u00bb alt=\u00bbdescuento iati seguro de viaje\u00bb title_text=\u00bbdescuento iati seguro de viaje\u00bb url=\u00bbhttps:\/\/recalculandoviajes.com\/iati-seguros\u00bb url_new_window=\u00bbon\u00bb _builder_version=\u00bb4.27.6&#8243; _module_preset=\u00bbdefault\u00bb border_radii=\u00bbon|20px|20px|20px|20px\u00bb box_shadow_style=\u00bbpreset1&#8243; global_colors_info=\u00bb{}\u00bb][\/et_pb_image][\/et_pb_column][et_pb_column type=\u00bb1_3&#8243; _builder_version=\u00bb4.22.2&#8243; _module_preset=\u00bbdefault\u00bb global_colors_info=\u00bb{}\u00bb][et_pb_image src=\u00bbhttps:\/\/recalculandoviajes.com\/wp-content\/uploads\/2023\/09\/Booking-Genius-OFF.jpg\u00bb alt=\u00bbque ver en brac zlatni rat\u00bb title_text=\u00bbque ver en brac zlatni rat\u00bb url=\u00bbhttps:\/\/recalculandoviajes.com\/booking-off\u00bb url_new_window=\u00bbon\u00bb _builder_version=\u00bb4.22.2&#8243; _module_preset=\u00bbdefault\u00bb border_radii=\u00bbon|20px|20px|20px|20px\u00bb box_shadow_style=\u00bbpreset1&#8243; global_colors_info=\u00bb{}\u00bb][\/et_pb_image][\/et_pb_column][et_pb_column type=\u00bb1_3&#8243; _builder_version=\u00bb4.22.2&#8243; _module_preset=\u00bbdefault\u00bb global_colors_info=\u00bb{}\u00bb][et_pb_image src=\u00bbhttps:\/\/recalculandoviajes.com\/wp-content\/uploads\/2024\/01\/internet-esim-Holafly-OFF.jpg\u00bb alt=\u00bbque ver en brac zlatni rat\u00bb title_text=\u00bbque ver en brac zlatni rat\u00bb url=\u00bbhttps:\/\/recalculandoviajes.com\/holafly-off\u00bb url_new_window=\u00bbon\u00bb _builder_version=\u00bb4.25.1&#8243; _module_preset=\u00bbdefault\u00bb border_radii=\u00bbon|20px|20px|20px|20px\u00bb box_shadow_style=\u00bbpreset1&#8243; global_colors_info=\u00bb{}\u00bb][\/et_pb_image][\/et_pb_column][\/et_pb_row][et_pb_row _builder_version=\u00bb4.24.0&#8243; _module_preset=\u00bbdefault\u00bb global_colors_info=\u00bb{}\u00bb][et_pb_column type=\u00bb4_4&#8243; _builder_version=\u00bb4.24.0&#8243; _module_preset=\u00bbdefault\u00bb global_colors_info=\u00bb{}\u00bb][et_pb_text _builder_version=\u00bb4.24.0&#8243; _module_preset=\u00bbdefault\u00bb global_colors_info=\u00bb{}\u00bb]\n<h2>10. La Alcazaba y el Teatro Romano iluminados<\/h2>\n<p>La Alcazaba es una fortaleza musulmana del siglo XI y una de las mejor conservadas de Espa\u00f1a, con el Teatro Romano justo a sus pies. De noche, con la iluminaci\u00f3n puesta, el conjunto se ve espectacular desde la calle Alcazabilla, y en algunas ediciones se usa la muralla como pantalla de videomapping.<\/p>\n<p>Nosotros subimos de d\u00eda, que es cuando se aprovechan los patios, las fuentes y las vistas al puerto. La entrada combinada con el Castillo de Gibralfaro cuesta alrededor de <strong>5,50 \u20ac<\/strong>, y los domingos a partir de las 14:00 la entrada suele ser gratuita. En diciembre, con 18 grados y sin la multitud del verano, la subida se hace tranquila.<\/p>\n<p><strong>TIPS:<\/strong> el Teatro Romano se ve entero y gratis desde la calle. Si vas a subir a la Alcazaba, hacelo a media tarde y baj\u00e1 justo cuando empiecen a encenderse las luces del centro.<\/p>\n[\/et_pb_text][\/et_pb_column][\/et_pb_row][et_pb_row _builder_version=\u00bb4.24.0&#8243; _module_preset=\u00bbdefault\u00bb global_colors_info=\u00bb{}\u00bb][et_pb_column type=\u00bb4_4&#8243; _builder_version=\u00bb4.24.0&#8243; _module_preset=\u00bbdefault\u00bb global_colors_info=\u00bb{}\u00bb][et_pb_text _builder_version=\u00bb4.24.0&#8243; _module_preset=\u00bbdefault\u00bb global_colors_info=\u00bb{}\u00bb]\n<h2>11. El mirador del Castillo de Gibralfaro con la ciudad iluminada<\/h2>\n<p>Desde el Castillo de Gibralfaro, en lo alto del monte, se ve toda M\u00e1laga: el puerto, la plaza de toros de La Malagueta, la Catedral y, en diciembre, el resplandor del centro iluminado. Es la mejor panor\u00e1mica de la ciudad y una de las cosas que hacer en M\u00e1laga en Navidad m\u00e1s subestimadas.<\/p>\n<p>Se puede subir caminando (unos 30 minutos de cuesta desde la Alcazaba) o en el autob\u00fas 35 desde la Alameda, que es lo que hicimos nosotros a la vuelta porque las piernas ya no daban m\u00e1s, jejeje.<\/p>\n<p><strong>TIPS:<\/strong> sub\u00ed sobre el atardecer para ver la ciudad con luz de d\u00eda y quedarte hasta que se encienda todo. Llev\u00e1 algo de abrigo: arriba corre viento y se siente bastante m\u00e1s fresco que abajo.<\/p>\n[\/et_pb_text][\/et_pb_column][\/et_pb_row][et_pb_row _builder_version=\u00bb4.24.0&#8243; _module_preset=\u00bbdefault\u00bb global_colors_info=\u00bb{}\u00bb][et_pb_column type=\u00bb4_4&#8243; _builder_version=\u00bb4.24.0&#8243; _module_preset=\u00bbdefault\u00bb global_colors_info=\u00bb{}\u00bb][et_pb_text _builder_version=\u00bb4.24.0&#8243; _module_preset=\u00bbdefault\u00bb global_colors_info=\u00bb{}\u00bb]\n<h2>12. El Mercado de Atarazanas en modo fiestas<\/h2>\n<p>El Mercado Central de Atarazanas es un mercado de hierro del siglo XIX con un vitral enorme y una puerta nazar\u00ed original. En diciembre se llena de puestos con turrones, mazapanes, polvorones, mariscos y todo lo que los malague\u00f1os compran para las cenas de Nochebuena y Nochevieja.<\/p>\n<p>Ir al mercado los d\u00edas previos a Navidad es un espect\u00e1culo en s\u00ed mismo: los pescaderos gritando, las colas para los langostinos, la gente cargando bolsas. Es lo m\u00e1s aut\u00e9ntico que vas a ver de la Navidad local, y no cuesta nada mirar.<\/p>\n<p><strong>TIPS:<\/strong> abre por la ma\u00f1ana y cierra a media tarde, as\u00ed que no lo dejes para la noche. Un consejo nuestro: no recomendamos restaurantes puntuales porque cambian todo el tiempo, pero comprar fruta, jam\u00f3n y queso en el mercado y armarte un picnic en el Parque de M\u00e1laga es un planazo barato.<\/p>\n[\/et_pb_text][\/et_pb_column][\/et_pb_row][et_pb_row _builder_version=\u00bb4.24.0&#8243; _module_preset=\u00bbdefault\u00bb global_colors_info=\u00bb{}\u00bb][et_pb_column type=\u00bb4_4&#8243; _builder_version=\u00bb4.24.0&#8243; _module_preset=\u00bbdefault\u00bb global_colors_info=\u00bb{}\u00bb][et_pb_text _builder_version=\u00bb4.24.0&#8243; _module_preset=\u00bbdefault\u00bb global_colors_info=\u00bb{}\u00bb]\n<h2>13. Zambombas, verdiales y conciertos por el centro<\/h2>\n<p>La banda sonora de la Navidad andaluza no son los villancicos de radio: son las zambombas y los verdiales, m\u00fasica tradicional malague\u00f1a con violines, panderos y platillos. Durante diciembre hay pasacalles, coros y actuaciones gratuitas en la Plaza de la Constituci\u00f3n, el Teatro Cervantes, las plazas de los barrios y muchas iglesias.<\/p>\n<p>Nos cruzamos con un grupo de verdiales una tarde y fue lo m\u00e1s distinto que vimos: nada que ver con lo que uno imagina cuando piensa en Navidad. Si te gusta la m\u00fasica en vivo, revis\u00e1 el programa municipal apenas llegues, porque casi todo es gratis y casi nada est\u00e1 anunciado en las gu\u00edas tur\u00edsticas.<\/p>\n<p><strong>TIPS:<\/strong> el programa completo de actividades se publica a principios de diciembre en la web del Ayuntamiento. Anot\u00e1 los conciertos de la Plaza de la Constituci\u00f3n: son al aire libre y no hay que reservar.<\/p>\n[\/et_pb_text][et_pb_image src=\u00bbhttps:\/\/www.recalculandoviajes.com\/wp-content\/uploads\/2026\/08\/malaga-en-navidad-decoracion.webp\u00bb alt=\u00bbmalaga en navidad decoracion\u00bb title_text=\u00bbmalaga en navidad decoracion\u00bb _builder_version=\u00bb4.27.8&#8243; _module_preset=\u00bbdefault\u00bb global_colors_info=\u00bb{}\u00bb][\/et_pb_image][\/et_pb_column][\/et_pb_row][et_pb_row _builder_version=\u00bb4.24.0&#8243; _module_preset=\u00bbdefault\u00bb global_colors_info=\u00bb{}\u00bb][et_pb_column type=\u00bb4_4&#8243; _builder_version=\u00bb4.24.0&#8243; _module_preset=\u00bbdefault\u00bb global_colors_info=\u00bb{}\u00bb][et_pb_text _builder_version=\u00bb4.24.0&#8243; _module_preset=\u00bbdefault\u00bb global_colors_info=\u00bb{}\u00bb]\n<h2>14. Un d\u00eda en la playa (s\u00ed, en diciembre)<\/h2>\n<p>Esto es lo que hace \u00fanica a M\u00e1laga en Navidad frente a cualquier otra ciudad europea: pod\u00e9s pasar la ma\u00f1ana caminando descalzo por La Malagueta o Pedregalejo y la noche viendo luces navide\u00f1as. No vas a ba\u00f1arte (el agua est\u00e1 a 16 grados), pero los chiringuitos abren, la gente se sienta al sol y hay quien se anima al agua igual.<\/p>\n<p>Nosotros desayunamos varias ma\u00f1anas en el paseo de Pedregalejo y fue nuestro momento favorito del d\u00eda. Despu\u00e9s de nueve a\u00f1os viajando, seguimos sin acostumbrarnos a la idea de tomar sol en manga corta en diciembre.<\/p>\n<p><strong>TIPS:<\/strong> Pedregalejo y El Palo est\u00e1n a 20 minutos en autob\u00fas desde el centro y tienen mucho m\u00e1s ambiente local que La Malagueta. Los espetos de sardinas se hacen todo el a\u00f1o, incluso en invierno.<\/p>\n[\/et_pb_text][et_pb_text _builder_version=\u00bb4.27.8&#8243; _module_preset=\u00bbdefault\u00bb global_colors_info=\u00bb{}\u00bb]\n<blockquote>\n<p><strong>M\u00e1s Info: \u279c\u00a0<a href=\"https:\/\/www.recalculandoviajes.com\/que-ver-en-malaga\/\" target=\"_blank\" rel=\"noopener\">Qu\u00e9 ver en M\u00e1laga 20 lugares que ver en M\u00e1laga imprescindibles<\/a><\/strong><\/p>\n<\/blockquote>\n[\/et_pb_text][et_pb_image src=\u00bbhttps:\/\/www.recalculandoviajes.com\/wp-content\/uploads\/2026\/08\/que-ver-en-malaga.webp\u00bb alt=\u00bbque ver en malaga\u00bb title_text=\u00bbque ver en malaga\u00bb url=\u00bbhttps:\/\/www.recalculandoviajes.com\/que-ver-en-malaga\/\u00bb url_new_window=\u00bbon\u00bb _builder_version=\u00bb4.27.8&#8243; _module_preset=\u00bbdefault\u00bb border_radii=\u00bbon|20px|20px|20px|20px\u00bb global_colors_info=\u00bb{}\u00bb][\/et_pb_image][\/et_pb_column][\/et_pb_row][et_pb_row _builder_version=\u00bb4.24.0&#8243; _module_preset=\u00bbdefault\u00bb global_colors_info=\u00bb{}\u00bb][et_pb_column type=\u00bb4_4&#8243; _builder_version=\u00bb4.24.0&#8243; _module_preset=\u00bbdefault\u00bb global_colors_info=\u00bb{}\u00bb][et_pb_text _builder_version=\u00bb4.24.0&#8243; _module_preset=\u00bbdefault\u00bb global_colors_info=\u00bb{}\u00bb]\n<h2>15. El bel\u00e9n de la Catedral y la ruta de belenes<\/h2>\n<p>Adem\u00e1s del bel\u00e9n municipal, la Catedral monta el suyo y hay una <strong>ruta oficial de belenes<\/strong> que recorre iglesias, hermandades, colegios y comercios del centro. Suelen ser m\u00e1s de cuarenta puntos repartidos por la ciudad, todos gratuitos.<\/p>\n<p>Es un plan muy de ma\u00f1ana y muy local: te vas cruzando gente mayor que va de bel\u00e9n en bel\u00e9n como quien va a una exposici\u00f3n. A nosotros nos sorprendi\u00f3 el nivel de detalle de los belenes de las hermandades, que muchas veces est\u00e1n escondidos en patios interiores donde nunca entrar\u00edas por tu cuenta.<\/p>\n<p><strong>TIPS:<\/strong> el folleto de la ruta se consigue en las oficinas de turismo y en la web municipal a principios de diciembre. Casi todos abren solo en franjas de ma\u00f1ana y de tarde-noche, con siesta en el medio.<\/p>\n[\/et_pb_text][\/et_pb_column][\/et_pb_row][et_pb_row _builder_version=\u00bb4.24.0&#8243; _module_preset=\u00bbdefault\u00bb global_colors_info=\u00bb{}\u00bb][et_pb_column type=\u00bb4_4&#8243; _builder_version=\u00bb4.24.0&#8243; _module_preset=\u00bbdefault\u00bb global_colors_info=\u00bb{}\u00bb][et_pb_image src=\u00bbhttps:\/\/www.recalculandoviajes.com\/wp-content\/uploads\/2026\/08\/malaga-en-navidad-plaza.webp\u00bb alt=\u00bbmalaga en navidad plaza\u00bb title_text=\u00bbmalaga en navidad plaza\u00bb _builder_version=\u00bb4.27.8&#8243; _module_preset=\u00bbdefault\u00bb global_colors_info=\u00bb{}\u00bb][\/et_pb_image][et_pb_text _builder_version=\u00bb4.27.8&#8243; _module_preset=\u00bbdefault\u00bb global_colors_info=\u00bb{}\u00bb]\n<h2>16. Un concierto Candlelight a la luz de las velas<\/h2>\n<p>Los conciertos Candlelight (cuartetos de cuerda tocando entre miles de velas) tienen edici\u00f3n navide\u00f1a en M\u00e1laga, normalmente en iglesias, patios hist\u00f3ricos y salones del centro. El repertorio de diciembre suele mezclar villancicos, bandas sonoras y cl\u00e1sicos.<\/p>\n<p>Es de los pocos lugares de pago de la lista, con entradas desde unos 20-25 \u20ac, y hay que reservar con anticipaci\u00f3n porque las fechas de diciembre se agotan. Nosotros no fuimos a la edici\u00f3n de M\u00e1laga, pero s\u00ed hicimos uno de estos conciertos en otra ciudad y la puesta en escena est\u00e1 muy bien lograda.<\/p>\n<p><strong>TIPS:<\/strong> mir\u00e1 bien el recinto antes de comprar, porque la experiencia cambia mucho seg\u00fan el espacio. Las sesiones de las 21:00 suelen tener mejores entradas disponibles y te dejan la primera parte de la noche libre para las luces.<\/p>\n[\/et_pb_text][\/et_pb_column][\/et_pb_row][et_pb_row _builder_version=\u00bb4.24.0&#8243; _module_preset=\u00bbdefault\u00bb global_colors_info=\u00bb{}\u00bb][et_pb_column type=\u00bb4_4&#8243; _builder_version=\u00bb4.24.0&#8243; _module_preset=\u00bbdefault\u00bb global_colors_info=\u00bb{}\u00bb][et_pb_text _builder_version=\u00bb4.24.0&#8243; _module_preset=\u00bbdefault\u00bb global_colors_info=\u00bb{}\u00bb]\n<h2>17. Chocolate con churros y los dulces navide\u00f1os malague\u00f1os<\/h2>\n<p>Tomar chocolate con churros despu\u00e9s de ver las luces es directamente un ritual local. En diciembre las churrer\u00edas del centro trabajan a destajo y hay cola en casi todas a la salida de los pases de Larios. Sale alrededor de 4-6 \u20ac y es el mejor cierre posible para una noche fr\u00eda.<\/p>\n<p>Y despu\u00e9s est\u00e1n los dulces de temporada, que en M\u00e1laga tienen nombre propio: <strong>borrachuelos<\/strong> (empanaditas fritas con an\u00eds y ajonjol\u00ed), <strong>roscos de vino<\/strong>, mantecados y polvorones de Estepa, y el <strong>vino dulce de M\u00e1laga<\/strong>, que se toma en copita peque\u00f1a y acompa\u00f1a todo lo anterior. Nosotros nos volvimos con una caja de borrachuelos y no llegaron ni a la semana.<\/p>\n<p><strong>TIPS:<\/strong> como siempre, no recomendamos locales puntuales porque cambian de due\u00f1o y de calidad todo el tiempo. Compr\u00e1 los dulces en las confiter\u00edas de barrio o en el mercado, que est\u00e1n mucho mejor de precio que en los puestos tur\u00edsticos.<\/p>\n[\/et_pb_text][et_pb_text _builder_version=\u00bb4.27.8&#8243; _module_preset=\u00bbdefault\u00bb global_colors_info=\u00bb{}\u00bb]\n<div class=\"stat-card\" style=\"background: linear-gradient(135deg, #ff7e5f 0%, #feb47b 100%); border-radius: 12px; padding: 24px; margin: 32px 0; box-shadow: 0 4px 6px rgba(0,0,0,0.1);\">\n<div style=\"display: flex; align-items: center; gap: 16px; margin-bottom: 16px;\">\n<div style=\"color: white; font-size: 14px; font-weight: 600; text-transform: uppercase; letter-spacing: 1px;\"> \u00bfSab\u00edas que\u2026? <\/div>\n<\/p><\/div>\n<div style=\"color: white; font-size: 20px; font-weight: 700; line-height: 1.4; margin-bottom: 12px;\"> Los borrachuelos son el dulce navide\u00f1o m\u00e1s ic\u00f3nico de M\u00e1laga; se trata de una masa frita elaborada con vino dulce y aromatizada con matalah\u00fava. <\/div>\n<div style=\"color: rgba(255,255,255,0.9); font-size: 14px;\"> Fuente: <a href=\"https:\/\/visita.malaga.eu\/es\/\" rel=\"nofollow noopener\" target=\"_blank\" style=\"color: white; text-decoration: underline;\"> M\u00e1laga Turismo <\/a> <\/div>\n<\/p><\/div>\n[\/et_pb_text][\/et_pb_column][\/et_pb_row][et_pb_row _builder_version=\u00bb4.24.0&#8243; _module_preset=\u00bbdefault\u00bb global_colors_info=\u00bb{}\u00bb][et_pb_column type=\u00bb4_4&#8243; _builder_version=\u00bb4.24.0&#8243; _module_preset=\u00bbdefault\u00bb global_colors_info=\u00bb{}\u00bb][et_pb_text _builder_version=\u00bb4.24.0&#8243; _module_preset=\u00bbdefault\u00bb global_colors_info=\u00bb{}\u00bb]\n<h2>18. Los Jardines Encantados de Plaza Mayor y el poblado navide\u00f1o de El Corte Ingl\u00e9s<\/h2>\n<p>Los dos grandes montajes navide\u00f1os comerciales de la ciudad est\u00e1n fuera del centro y son gratuitos. En <strong>Plaza Mayor<\/strong> se arman los Jardines Encantados, con instalaciones luminosas, personajes y actividades para chicos. En <strong>El Corte Ingl\u00e9s<\/strong> montan un poblado navide\u00f1o de estilo centroeuropeo con casitas de madera, luces y talleres.<\/p>\n<p>No son lugares con encanto hist\u00f3rico, pero funcionan muy bien si viaj\u00e1s con ni\u00f1os o si te toc\u00f3 un d\u00eda de lluvia. Y como no cobran entrada, no perd\u00e9s nada por acercarte.<\/p>\n<p><strong>TIPS:<\/strong> Plaza Mayor est\u00e1 a 15 minutos en auto o autob\u00fas desde el centro, camino al aeropuerto. And\u00e1 entre semana: los fines de semana de diciembre se llena de familias locales haciendo compras.<\/p>\n[\/et_pb_text][\/et_pb_column][\/et_pb_row][et_pb_row _builder_version=\u00bb4.24.0&#8243; _module_preset=\u00bbdefault\u00bb global_colors_info=\u00bb{}\u00bb][et_pb_column type=\u00bb4_4&#8243; _builder_version=\u00bb4.24.0&#8243; _module_preset=\u00bbdefault\u00bb global_colors_info=\u00bb{}\u00bb][et_pb_text _builder_version=\u00bb4.24.0&#8243; _module_preset=\u00bbdefault\u00bb global_colors_info=\u00bb{}\u00bb]\n<h2>19. Los alrededores: Mijas, Benalm\u00e1dena, Torremolinos y Rinc\u00f3n de la Victoria<\/h2>\n<p>Si te qued\u00e1s varios d\u00edas, los pueblos de la Costa del Sol montan su propia Navidad y son bastante m\u00e1s tranquilos que la capital:<\/p>\n<ul>\n<li><strong>Mijas Pueblo<\/strong> (35 min): pueblo blanco con miradores, belenes y talleres para chicos.<\/li>\n<li><strong>Benalm\u00e1dena<\/strong> (30 min): tiene uno de los mercadillos navide\u00f1os m\u00e1s grandes de la provincia, con casetas de estilo centroeuropeo.<\/li>\n<li><strong>Torremolinos y Rinc\u00f3n de la Victoria<\/strong> (20-25 min): alumbrados propios, actividades gratuitas y playa a mano.<\/li>\n<li><strong>Estepa<\/strong> (1 h 30): la capital del mantecado, con f\u00e1bricas visitables y un ambiente navide\u00f1o total.<\/li>\n<li><strong>Rute<\/strong>, en C\u00f3rdoba (2 h): el bel\u00e9n de chocolate y el museo del an\u00eds, un cl\u00e1sico de las escapadas de diciembre.<\/li>\n<\/ul>\n<p><strong>TIPS:<\/strong> a Benalm\u00e1dena y Torremolinos se llega en el tren de cercan\u00edas C-1 desde Mar\u00eda Zambrano, sin necesidad de auto. Para Mijas, Estepa o Rute s\u00ed conviene alquilar.<\/p>\n[\/et_pb_text][et_pb_image src=\u00bbhttps:\/\/www.recalculandoviajes.com\/wp-content\/uploads\/2026\/08\/que-visitar-en-malaga-en-navidad-larios.webp\u00bb alt=\u00bbque visitar en malaga en navidad larios\u00bb title_text=\u00bbque visitar en malaga en navidad larios\u00bb _builder_version=\u00bb4.27.8&#8243; _module_preset=\u00bbdefault\u00bb global_colors_info=\u00bb{}\u00bb][\/et_pb_image][\/et_pb_column][\/et_pb_row][et_pb_row _builder_version=\u00bb4.24.0&#8243; _module_preset=\u00bbdefault\u00bb global_colors_info=\u00bb{}\u00bb][et_pb_column type=\u00bb4_4&#8243; _builder_version=\u00bb4.24.0&#8243; _module_preset=\u00bbdefault\u00bb global_colors_info=\u00bb{}\u00bb][et_pb_text _builder_version=\u00bb4.24.0&#8243; _module_preset=\u00bbdefault\u00bb global_colors_info=\u00bb{}\u00bb]\n<h2>20. La Cabalgata de Reyes del 5 de enero<\/h2>\n<p>Si viaj\u00e1s en enero, el broche es la Gran Cabalgata de Reyes. Los Reyes llegan al Ayuntamiento a media tarde, saludan desde el balc\u00f3n y la comitiva sale alrededor de las 17:30-18:00 con una decena larga de carrozas, pasacalles y grupos musicales. El recorrido pasa por avenida de Cervantes, Paseo del Parque, Plaza de la Marina, Alameda Principal y termina con la ofrenda en la Catedral.<\/p>\n<p>Es un evento masivo y muy familiar, con caramelos volando por todos lados. Adem\u00e1s, cada uno de los once distritos de la ciudad organiza su propia cabalgata entre el 2 y el 5 de enero, as\u00ed que si el centro te parece demasiado, hay alternativas m\u00e1s tranquilas.<\/p>\n<p><strong>TIPS:<\/strong> ubicate en el Paseo del Parque o en la Alameda, no en la salida del Ayuntamiento. Los horarios pueden moverse por lluvia: el Ayuntamiento confirma todo el mismo 5 de enero por la ma\u00f1ana.<\/p>\n[\/et_pb_text][et_pb_image src=\u00bbhttps:\/\/www.recalculandoviajes.com\/wp-content\/uploads\/2026\/08\/malaga-en-navidad-fiesta.webp\u00bb alt=\u00bbmalaga en navidad fiesta\u00bb title_text=\u00bbmalaga en navidad fiesta\u00bb _builder_version=\u00bb4.27.8&#8243; _module_preset=\u00bbdefault\u00bb global_colors_info=\u00bb{}\u00bb][\/et_pb_image][\/et_pb_column][\/et_pb_row][et_pb_row _builder_version=\u00bb4.24.0&#8243; _module_preset=\u00bbdefault\u00bb global_colors_info=\u00bb{}\u00bb][et_pb_column type=\u00bb4_4&#8243; _builder_version=\u00bb4.24.0&#8243; _module_preset=\u00bbdefault\u00bb global_colors_info=\u00bb{}\u00bb][et_pb_text _builder_version=\u00bb4.27.8&#8243; _module_preset=\u00bbdefault\u00bb global_colors_info=\u00bb{}\u00bb]\n<h2>M\u00e1laga en Navidad con ni\u00f1os: los lugares ideales<\/h2>\n<p>Si viaj\u00e1s en familia, estos son los planes que m\u00e1s rinden y que menos frustraci\u00f3n generan con chicos cansados:<\/p>\n<ul>\n<li><strong>Parque de Navidad del Cortijo de Torres:<\/strong> casa de Pap\u00e1 Noel, atracciones y pista de hielo. Es el plan estrella.<\/li>\n<li><strong>Jardines Encantados de Plaza Mayor y el poblado navide\u00f1o de El Corte Ingl\u00e9s:<\/strong> ambos con ambiente muy montado, talleres y personajes. Est\u00e1n fuera del centro, en zona comercial.<\/li>\n<li><strong>Bel\u00e9n municipal:<\/strong> corto, gratis y les gusta a todas las edades.<\/li>\n<li><strong>Videomapping de la Catedral:<\/strong> ocho minutos, sin colas y de pie. Perfecto para tramos cortos de atenci\u00f3n.<\/li>\n<li><strong>Jard\u00edn Bot\u00e1nico:<\/strong> son 2 km de caminata; con menores de cuatro a\u00f1os puede hacerse largo. Eleg\u00ed el primer turno.<\/li>\n<li><strong>Cabalgata de Reyes:<\/strong> masiva pero es la experiencia infantil por excelencia. Ubicate temprano y llev\u00e1 bolsa para los caramelos.<\/li>\n<\/ul>\n<p>Lo que <strong>no<\/strong> recomendamos con chicos chicos: el d\u00eda del encendido y los pases de Larios de los s\u00e1bados. Es demasiada gente y no ven nada.<\/p>\n[\/et_pb_text][et_pb_image src=\u00bbhttps:\/\/www.recalculandoviajes.com\/wp-content\/uploads\/2026\/08\/que-ver-en-navidad-en-malaga.webp\u00bb alt=\u00bbque ver en navidad en malaga\u00bb title_text=\u00bbque ver en navidad en malaga\u00bb _builder_version=\u00bb4.27.8&#8243; _module_preset=\u00bbdefault\u00bb global_colors_info=\u00bb{}\u00bb][\/et_pb_image][\/et_pb_column][\/et_pb_row][et_pb_row _builder_version=\u00bb4.24.0&#8243; _module_preset=\u00bbdefault\u00bb global_colors_info=\u00bb{}\u00bb][et_pb_column type=\u00bb4_4&#8243; _builder_version=\u00bb4.24.0&#8243; _module_preset=\u00bbdefault\u00bb global_colors_info=\u00bb{}\u00bb][et_pb_text _builder_version=\u00bb4.27.8&#8243; _module_preset=\u00bbdefault\u00bb global_colors_info=\u00bb{}\u00bb]\n<h2>D\u00f3nde dormir en M\u00e1laga en Navidad<\/h2>\n<p>La zona ideal es el <strong>Centro Hist\u00f3rico<\/strong>, entre la Alameda y la Plaza de la Merced: sal\u00eds del alojamiento y ya est\u00e1s dentro del alumbrado. Es m\u00e1s caro, pero te ahorra transporte y colas. Si busc\u00e1s precio, <strong>Soho<\/strong> y <strong>La Malagueta<\/strong> est\u00e1n a diez minutos caminando y bajan bastante la tarifa. Con auto, conviene alojarse en <strong>El Limonar<\/strong> o <strong>Pedregalejo<\/strong>, porque aparcar en el centro en diciembre es una batalla.<\/p>\n<blockquote>\n<p class=\"rv-cta-centrado\"><strong><a class=\"rv-btn-reserva\" href=\"https:\/\/www.booking.com\/searchresults.es.html?ss=Malaga\" target=\"_blank\" rel=\"nofollow noopener\">\u279c Buscar Alojamiento Disponibles en M\u00e1laga<\/a><\/strong><\/p>\n<\/blockquote>\n<p><strong>Importante<\/strong>: los precios de los fines de semana de diciembre y de Nochevieja se disparan y los alojamientos con buena ubicaci\u00f3n se agotan con meses de anticipaci\u00f3n. Nosotros reservamos con bastante tiempo y aun as\u00ed vimos c\u00f3mo desaparec\u00edan opciones semana a semana.<\/p>\n[\/et_pb_text][et_pb_text _builder_version=\u00bb4.27.8&#8243; _module_preset=\u00bbdefault\u00bb global_colors_info=\u00bb{}\u00bb]\n<h2>Alojamiento en M\u00e1laga: Mapa y Precios<\/h2>\n<p>En el mapa de abajo pod\u00e9s mover, hacer zoom y filtrar por tus fechas para ver precios de alojamientos en M\u00e1laga:<\/p>\n<p><iframe id=\"stay22-widget\" width=\"100%\" height=\"428\" src=\"https:\/\/stay22.com\/embed\/6a820e1e9721b95bdaf95ab1\" frameborder=\"0\"><\/iframe>[\/et_pb_text][\/et_pb_column][\/et_pb_row][et_pb_row column_structure=\u00bb1_4,1_2,1_4&#8243; _builder_version=\u00bb4.27.8&#8243; _module_preset=\u00bbdefault\u00bb global_colors_info=\u00bb{}\u00bb][et_pb_column type=\u00bb1_4&#8243; _builder_version=\u00bb4.27.8&#8243; _module_preset=\u00bbdefault\u00bb global_colors_info=\u00bb{}\u00bb][\/et_pb_column][et_pb_column type=\u00bb1_2&#8243; _builder_version=\u00bb4.27.8&#8243; _module_preset=\u00bbdefault\u00bb global_colors_info=\u00bb{}\u00bb][et_pb_image src=\u00bbhttps:\/\/www.recalculandoviajes.com\/wp-content\/uploads\/2026\/08\/feliz-navidad-malaga.webp\u00bb alt=\u00bbfeliz navidad malaga\u00bb title_text=\u00bbfeliz navidad malaga\u00bb _builder_version=\u00bb4.27.8&#8243; _module_preset=\u00bbdefault\u00bb global_colors_info=\u00bb{}\u00bb][\/et_pb_image][\/et_pb_column][et_pb_column type=\u00bb1_4&#8243; _builder_version=\u00bb4.27.8&#8243; _module_preset=\u00bbdefault\u00bb global_colors_info=\u00bb{}\u00bb][\/et_pb_column][\/et_pb_row][et_pb_row _builder_version=\u00bb4.24.0&#8243; _module_preset=\u00bbdefault\u00bb global_colors_info=\u00bb{}\u00bb][et_pb_column type=\u00bb4_4&#8243; _builder_version=\u00bb4.24.0&#8243; _module_preset=\u00bbdefault\u00bb global_colors_info=\u00bb{}\u00bb][et_pb_text _builder_version=\u00bb4.27.8&#8243; _module_preset=\u00bbdefault\u00bb hover_enabled=\u00bb0&#8243; global_colors_info=\u00bb{}\u00bb sticky_enabled=\u00bb0&#8243;]\n<h2>C\u00f3mo llegar a M\u00e1laga<\/h2>\n<p><strong>En avi\u00f3n.<\/strong> El aeropuerto M\u00e1laga-Costa del Sol (AGP) es el cuarto de Espa\u00f1a y recibe vuelos directos desde toda Europa. Est\u00e1 a 8 km del centro. El tren de cercan\u00edas C-1 llega a la estaci\u00f3n Mar\u00eda Zambrano en 12 minutos y cuesta poco m\u00e1s de 2 \u20ac; el autob\u00fas expr\u00e9s A la Alameda tarda unos 20 minutos y sale alrededor de 4 \u20ac. Es de los aeropuertos m\u00e1s f\u00e1ciles de resolver de Espa\u00f1a.<\/p>\n<p><strong>En tren.<\/strong> El AVE conecta M\u00e1laga con Madrid en unas 2 h 30 y con Barcelona en unas 5 h 45. La estaci\u00f3n Mar\u00eda Zambrano est\u00e1 a 15 minutos caminando del centro.<\/p>\n<p><strong>En auto.<\/strong> Llegar es simple por la A-7 o la A-45, pero <strong>no recomendamos moverte en auto dentro de la ciudad en diciembre<\/strong>: el centro es peatonal en gran parte y los parkings del alumbrado se llenan. Alquil\u00e1 solo si vas a hacer excursiones por la provincia. Nosotros comparamos precios en <a href=\"https:\/\/www.recalculandoviajes.com\/go\/discovercars\" rel=\"nofollow noopener\" target=\"_blank\">Discovercars<\/a>, que es lo que usamos siempre para buscar coche.<\/p>\n[\/et_pb_text][et_pb_text _builder_version=\u00bb4.27.8&#8243; _module_preset=\u00bbdefault\u00bb hover_enabled=\u00bb0&#8243; sticky_enabled=\u00bb0&#8243;]\n<h3><strong>Transporte desde el Aeropuerto de M\u00e1laga<\/strong><\/h3>\n<p>Si est\u00e1s buscando <strong>traslado desde el Aeropuerto de M\u00e1laga<\/strong>, reservar un transfer con antelaci\u00f3n puede ser una opci\u00f3n c\u00f3moda para llegar directamente a tu alojamiento. Estos son algunos <strong>precios orientativos por veh\u00edcul<\/strong>o, para los destinos m\u00e1s habituales de la Costa del Sol.<\/p>\n<div class=\"rv-tabla-estilo\">\n<table>\n<thead>\n<tr>\n<th style=\"width: 160px;\">Desde<\/th>\n<th style=\"width: 120.996px;\">Destino<\/th>\n<th style=\"width: 205px;\">Precio total por veh\u00edculo<\/th>\n<th style=\"width: 96.9922px;\">Reserva<\/th>\n<\/tr>\n<\/thead>\n<tbody>\n<tr>\n<td style=\"width: 160px;\">Aeropuerto de M\u00e1laga<\/td>\n<td style=\"width: 120.996px;\"><strong>M\u00e1laga centro<\/strong><\/td>\n<td style=\"width: 205px;\"><strong>33 \u20ac<\/strong><\/td>\n<td style=\"width: 96.9922px;\"><strong><a href=\"https:\/\/www.civitatis.com\/es\/malaga\/traslados\/?aid=102442\" target=\"_blank\" rel=\"nofollow sponsored noopener\">\u279c Reservar<\/a><\/strong><\/td>\n<\/tr>\n<tr>\n<td style=\"width: 160px;\">Aeropuerto de M\u00e1laga<\/td>\n<td style=\"width: 120.996px;\"><strong>Marbella<\/strong><\/td>\n<td style=\"width: 205px;\"><strong>79 \u20ac<\/strong><\/td>\n<td style=\"width: 96.9922px;\"><strong><a href=\"https:\/\/www.civitatis.com\/es\/malaga\/traslados\/?aid=102442\" target=\"_blank\" rel=\"nofollow sponsored noopener\">\u279c Reservar<\/a><\/strong><\/td>\n<\/tr>\n<tr>\n<td style=\"width: 160px;\">Aeropuerto de M\u00e1laga<\/td>\n<td style=\"width: 120.996px;\"><strong>Torremolinos<\/strong><\/td>\n<td style=\"width: 205px;\"><strong>36 \u20ac<\/strong><\/td>\n<td style=\"width: 96.9922px;\"><strong><a href=\"https:\/\/www.civitatis.com\/es\/malaga\/traslados\/?aid=102442\" target=\"_blank\" rel=\"nofollow sponsored noopener\">\u279c Reservar<\/a><\/strong><\/td>\n<\/tr>\n<tr>\n<td style=\"width: 160px;\">Aeropuerto de M\u00e1laga<\/td>\n<td style=\"width: 120.996px;\"><strong>Benalm\u00e1dena<\/strong><\/td>\n<td style=\"width: 205px;\"><strong>41,67 \u20ac<\/strong><\/td>\n<td style=\"width: 96.9922px;\"><strong><a href=\"https:\/\/www.civitatis.com\/es\/malaga\/traslados\/?aid=102442\" target=\"_blank\" rel=\"nofollow sponsored noopener\">\u279c Reservar<\/a><\/strong><\/td>\n<\/tr>\n<\/tbody>\n<\/table>\n<\/div>\n[\/et_pb_text][et_pb_text _builder_version=\u00bb4.27.8&#8243; _module_preset=\u00bbdefault\u00bb hover_enabled=\u00bb0&#8243; sticky_enabled=\u00bb0&#8243;]\n<p>Para el m\u00f3vil, si ven\u00eds de fuera de la Uni\u00f3n Europea, una eSIM te evita el roaming: nosotros usamos <a href=\"https:\/\/recalculandoviajes.com\/holafly-off\" rel=\"nofollow noopener\" target=\"_blank\">Holafly<\/a> con el c\u00f3digo <strong>RECALCULANDOVIAJES<\/strong>.<\/p>\n[\/et_pb_text][et_pb_code admin_label=\u00bbads Holafly banner code &#8211; ESP\u00bb _builder_version=\u00bb4.27.6&#8243; _module_preset=\u00bbdefault\u00bb global_module=\u00bb16297&#8243; saved_tabs=\u00bball\u00bb locked=\u00bboff\u00bb global_colors_info=\u00bb{}\u00bb]<a href=\"https:\/\/recalculandoviajes.com\/holafly-off\" target=\"_blank\" rel=\"noopener nofollow\"><!-- [et_pb_line_break_holder] --><\/p>\n<div class=\"stat-card\" style=\"background: linear-gradient(135deg, #b8174a 0%, #8a1137 100%); border-radius: 12px; padding: 24px; margin: 32px 0; box-shadow: 0 4px 6px rgba(0,0,0,0.1);\"><!-- [et_pb_line_break_holder] --><\/p>\n<div style=\"display: flex; align-items: center; gap: 12px; margin-bottom: 16px;\"><!-- [et_pb_line_break_holder] --><\/p>\n<div style=\"background-color: rgba(255, 215, 130, 0.9); color: #6b0f2a; font-size: 13px; font-weight: bold; text-transform: uppercase; letter-spacing: 1px; padding: 6px 12px; border-radius: 999px; display: inline-flex; align-items: center; gap: 6px;\">\ud83d\udcf2 Internet ESIM &#8211; 5% Descuento<\/div>\n<p><!-- [et_pb_line_break_holder] --><\/div>\n<p><!-- [et_pb_line_break_holder] --><\/p>\n<div style=\"color: white; font-size: 18px; font-weight: bold; line-height: 1.3;\">Si viaj\u00e1s al exterior y quer\u00e9s tener internet desde que aterriz\u00e1s, Holafly es una de las mejores opciones. Us\u00e1s eSIM, no necesit\u00e1s chip f\u00edsico y ten\u00e9s datos ilimitados en muchos destinos. Lo activ\u00e1s en minutos y te olvid\u00e1s del roaming. Ideal para viajar tranquilo y siempre conectado.<\/div>\n<p><!-- [et_pb_line_break_holder] --><\/div>\n<p><!-- [et_pb_line_break_holder] --><\/a><!-- [et_pb_line_break_holder] -->[\/et_pb_code][et_pb_image src=\u00bbhttps:\/\/www.recalculandoviajes.com\/wp-content\/uploads\/2026\/08\/que-hacer-en-malaga-en-navidad.webp\u00bb alt=\u00bbque hacer en malaga en navidad\u00bb title_text=\u00bbque hacer en malaga en navidad\u00bb _builder_version=\u00bb4.27.8&#8243; _module_preset=\u00bbdefault\u00bb global_colors_info=\u00bb{}\u00bb][\/et_pb_image][\/et_pb_column][\/et_pb_row][et_pb_row _builder_version=\u00bb4.24.0&#8243; _module_preset=\u00bbdefault\u00bb global_colors_info=\u00bb{}\u00bb][et_pb_column type=\u00bb4_4&#8243; _builder_version=\u00bb4.24.0&#8243; _module_preset=\u00bbdefault\u00bb global_colors_info=\u00bb{}\u00bb][et_pb_text _builder_version=\u00bb4.27.8&#8243; _module_preset=\u00bbdefault\u00bb global_colors_info=\u00bb{}\u00bb]\n<h2>Seguro de viaje para M\u00e1laga<\/h2>\n<p>Aunque Espa\u00f1a sea un destino tranquilo y con sanidad p\u00fablica, un seguro te cubre lo que la tarjeta de cr\u00e9dito no: cancelaci\u00f3n del viaje, p\u00e9rdida de equipaje, retrasos de vuelo (algo muy com\u00fan en diciembre) y gastos m\u00e9dicos sin adelantar plata. En temporada alta, con vuelos llenos y clima invernal en media Europa, es cuando m\u00e1s se usa.<\/p>\n<p>Nosotros viajamos siempre con <strong>IATI Seguros<\/strong> y nunca salimos sin p\u00f3liza, ni siquiera para escapadas de tres d\u00edas dentro de Europa. Si quer\u00e9s m\u00e1s detalle sobre coberturas y c\u00f3mo elegir, escribimos una gu\u00eda completa sobre el <a href=\"https:\/\/www.recalculandoviajes.com\/mejor-seguro-de-viaje-europa\/\">mejor seguro de viaje para Europa<\/a>.<\/p>\n<blockquote>\n<div class=\"rv-cta-centrado\"><strong><a class=\"rv-btn-reserva\" href=\"https:\/\/recalculandoviajes.com\/iati-seguros\" rel=\"nofollow noopener\" target=\"_blank\">\u279c Contrat\u00e1 tu seguro IATI con 5% de descuento<\/a><\/strong><\/div>\n<\/blockquote>\n<p>Usando <a href=\"https:\/\/recalculandoviajes.com\/iati-seguros\" target=\"_blank\" rel=\"noopener\">nuestro enlace ten\u00e9s un <\/a><strong><a href=\"https:\/\/recalculandoviajes.com\/iati-seguros\" target=\"_blank\" rel=\"noopener\">5 % de descuento<\/a> permanente<\/strong>, que puede llegar hasta el 15 % en campa\u00f1as puntuales. Si viaj\u00e1s desde Argentina y necesit\u00e1s pagar en pesos o en cuotas, revis\u00e1 tambi\u00e9n las opciones de asistencia al viajero locales.<\/p>\n[\/et_pb_text][et_pb_image src=\u00bbhttps:\/\/www.recalculandoviajes.com\/wp-content\/uploads\/2026\/03\/seguro-de-viaje-iati-descuento-recalculando.webp\u00bb alt=\u00bbseguro de viaje iati descuento recalculando\u00bb title_text=\u00bbseguro de viaje iati descuento recalculando\u00bb url=\u00bbhttps:\/\/recalculandoviajes.com\/iati-seguros\u00bb url_new_window=\u00bbon\u00bb admin_label=\u00bbads iati horizontal 5off (2026)\u00bb _builder_version=\u00bb4.27.8&#8243; _module_preset=\u00bbdefault\u00bb border_radii=\u00bbon|20px|20px|20px|20px\u00bb box_shadow_style=\u00bbpreset1&#8243; global_module=\u00bb14704&#8243; saved_tabs=\u00bball\u00bb locked=\u00bboff\u00bb global_colors_info=\u00bb{}\u00bb][\/et_pb_image][et_pb_image src=\u00bbhttps:\/\/www.recalculandoviajes.com\/wp-content\/uploads\/2026\/08\/arbol-de-navidad-malaga.webp\u00bb alt=\u00bbarbol de navidad malaga\u00bb title_text=\u00bbarbol de navidad malaga\u00bb _builder_version=\u00bb4.27.8&#8243; _module_preset=\u00bbdefault\u00bb global_colors_info=\u00bb{}\u00bb][\/et_pb_image][\/et_pb_column][\/et_pb_row][et_pb_row _builder_version=\u00bb4.24.0&#8243; _module_preset=\u00bbdefault\u00bb global_colors_info=\u00bb{}\u00bb][et_pb_column type=\u00bb4_4&#8243; _builder_version=\u00bb4.24.0&#8243; _module_preset=\u00bbdefault\u00bb global_colors_info=\u00bb{}\u00bb][et_pb_text _builder_version=\u00bb4.24.0&#8243; _module_preset=\u00bbdefault\u00bb global_colors_info=\u00bb{}\u00bb]\n<h2>Excursiones desde M\u00e1laga en Navidad<\/h2>\n<p>M\u00e1laga es una base ideal para conocer Andaluc\u00eda en invierno, cuando no hay calor ni multitudes:<\/p>\n<ul>\n<li><strong>Ronda<\/strong> (1 h 45 en auto): el puente nuevo sobre el Tajo, imponente todo el a\u00f1o.<\/li>\n<li><strong>Granada<\/strong> (1 h 30): la Alhambra con Sierra Nevada nevada de fondo es una postal dif\u00edcil de superar. Te dejamos nuestra gu\u00eda de <a href=\"https:\/\/www.recalculandoviajes.com\/que-visitar-en-granada\/\">qu\u00e9 visitar en Granada<\/a>.<\/li>\n<li><strong>Caminito del Rey<\/strong> (1 h): la pasarela colgante sobre el desfiladero de los Gaitanes. En invierno hay m\u00e1s entradas disponibles.<\/li>\n<li><strong>Frigiliana y Nerja<\/strong> (1 h): pueblo blanco de calles empinadas m\u00e1s las cuevas de Nerja.<\/li>\n<li><strong>Mijas y Marbella<\/strong> (40 min): dos caras muy distintas de la Costa del Sol.<\/li>\n<li><strong>Vejer de la Frontera<\/strong> (2 h 30): si quer\u00e9s estirar el viaje hacia C\u00e1diz, mir\u00e1 nuestra gu\u00eda de <a href=\"https:\/\/www.recalculandoviajes.com\/que-ver-en-vejer-de-la-frontera\/\">qu\u00e9 ver en Vejer de la Frontera<\/a>.<\/li>\n<\/ul>\n<p>Muchas de estas salidas se pueden hacer en tour de un d\u00eda con gu\u00eda en espa\u00f1ol. Nosotros solemos mirar las opciones en <a href=\"https:\/\/www.civitatis.com\/es\/malaga\/?aid=102442\" rel=\"nofollow noopener\" target=\"_blank\">Civitatis<\/a> cuando no queremos manejar.<\/p>\n[\/et_pb_text][et_pb_text _builder_version=\u00bb4.27.6&#8243; _module_preset=\u00bbdefault\u00bb locked=\u00bboff\u00bb global_colors_info=\u00bb{}\u00bb]<span style=\"background: #e8f5ee; color: #1a6e3c; font-size: 12px; font-weight: 600; padding: 2px 8px; border-radius: 4px; margin-right: 6px;\">GRATIS<\/span><a href=\"https:\/\/www.civitatis.com\/es\/malaga\/free-tour-malaga\/?aid=102442\" target=\"_blank\" rel=\"nofollow noopener\" style=\"font-weight: 600;\">\ud83d\udeb6\u200d\u2640\ufe0f\u200d\u27a1\ufe0fFree tour en M\u00e1laga con gu\u00eda en Espa\u00f1ol \u279c Clic Aqu\u00ed\ud83d\udeb6<\/a> \u2014 sin costo, solo la propina que quieras dejar.[\/et_pb_text][et_pb_image src=\u00bbhttps:\/\/www.recalculandoviajes.com\/wp-content\/uploads\/2026\/08\/malaga-en-navidad-que-ver.webp\u00bb alt=\u00bbmalaga en navidad que ver\u00bb title_text=\u00bbmalaga en navidad que ver\u00bb _builder_version=\u00bb4.27.8&#8243; _module_preset=\u00bbdefault\u00bb global_colors_info=\u00bb{}\u00bb][\/et_pb_image][\/et_pb_column][\/et_pb_row][et_pb_row _builder_version=\u00bb4.24.0&#8243; _module_preset=\u00bbdefault\u00bb global_colors_info=\u00bb{}\u00bb][et_pb_column type=\u00bb4_4&#8243; _builder_version=\u00bb4.24.0&#8243; _module_preset=\u00bbdefault\u00bb global_colors_info=\u00bb{}\u00bb][et_pb_text _builder_version=\u00bb4.24.0&#8243; _module_preset=\u00bbdefault\u00bb global_colors_info=\u00bb{}\u00bb]\n<h2>Cu\u00e1ntos d\u00edas necesit\u00e1s y qu\u00e9 itinerario hacer<\/h2>\n<p><strong>D\u00eda 1:<\/strong> ma\u00f1ana en el Mercado de Atarazanas y el centro hist\u00f3rico, tarde en la Alcazaba y el Teatro Romano, y noche completa de luces: pase de Larios, Plaza de la Constituci\u00f3n y videomapping de la Catedral.<\/p>\n<p><strong>D\u00eda 2:<\/strong> bel\u00e9n municipal por la ma\u00f1ana, mercadillo del Paseo del Parque al mediod\u00eda, Gibralfaro al atardecer y paseo nocturno Alameda-Muelle Uno.<\/p>\n<p><strong>D\u00eda 3:<\/strong> ma\u00f1ana de playa en Pedregalejo, tarde libre para museos y noche en el Jard\u00edn Bot\u00e1nico (con entrada comprada de antemano).<\/p>\n<p><strong>D\u00eda 4 (opcional):<\/strong> excursi\u00f3n a Granada, Ronda o el Caminito del Rey.<\/p>\n<p>Con tres d\u00edas completos ves todo lo importante. Si te qued\u00e1s cuatro o cinco, como hicimos nosotros, pod\u00e9s sumar excursiones sin correr. Si es tu primera escapada larga por la zona, te puede servir nuestra gu\u00eda de <a href=\"https:\/\/www.recalculandoviajes.com\/como-planificar-tu-viaje\/\">c\u00f3mo planificar tu viaje<\/a> y el <a href=\"https:\/\/www.recalculandoviajes.com\/checklist-de-equipaje\/\">checklist de equipaje<\/a>.<\/p>\n[\/et_pb_text][et_pb_image src=\u00bbhttps:\/\/www.recalculandoviajes.com\/wp-content\/uploads\/2026\/08\/malaga-en-navidad-espana.webp\u00bb alt=\u00bbmalaga en navidad espana\u00bb title_text=\u00bbmalaga en navidad espana\u00bb _builder_version=\u00bb4.27.8&#8243; _module_preset=\u00bbdefault\u00bb global_colors_info=\u00bb{}\u00bb][\/et_pb_image][\/et_pb_column][\/et_pb_row][et_pb_row _builder_version=\u00bb4.24.0&#8243; _module_preset=\u00bbdefault\u00bb global_colors_info=\u00bb{}\u00bb][et_pb_column type=\u00bb4_4&#8243; _builder_version=\u00bb4.24.0&#8243; _module_preset=\u00bbdefault\u00bb global_colors_info=\u00bb{}\u00bb][et_pb_text _builder_version=\u00bb4.27.8&#8243; _module_preset=\u00bbdefault\u00bb global_colors_info=\u00bb{}\u00bb]\n<h2>Mapa de los 20 lugares que ver en M\u00e1laga en Navidad<\/h2>\n<p>Te dejamos el mapa con los 20 lugares marcados para que organices tus recorridos. Casi todo el centro se hace caminando: de Larios al Muelle Uno hay 15 minutos, y solo el Jard\u00edn Bot\u00e1nico y el Cortijo de Torres requieren transporte.[\/et_pb_text][et_pb_text _builder_version=\u00bb4.27.8&#8243; _module_preset=\u00bbdefault\u00bb text_orientation=\u00bbcenter\u00bb global_colors_info=\u00bb{}\u00bb]<iframe src=\"https:\/\/www.google.com\/maps\/d\/u\/1\/embed?mid=1LNEEv64-EYz-Q4xWaPc8cXB10E8ShLg&#038;ehbc=2E312F\" width=\"640\" height=\"480\"><\/iframe>[\/et_pb_text][\/et_pb_column][\/et_pb_row][et_pb_row _builder_version=\u00bb4.24.0&#8243; _module_preset=\u00bbdefault\u00bb global_colors_info=\u00bb{}\u00bb][et_pb_column type=\u00bb4_4&#8243; _builder_version=\u00bb4.24.0&#8243; _module_preset=\u00bbdefault\u00bb global_colors_info=\u00bb{}\u00bb][et_pb_text _builder_version=\u00bb4.27.8&#8243; _module_preset=\u00bbdefault\u00bb global_colors_info=\u00bb{}\u00bb]\n<h2>Preguntas frecuentes sobre M\u00e1laga en Navidad<\/h2>\n[\/et_pb_text][et_pb_text _builder_version=\u00bb4.27.8&#8243; _module_preset=\u00bbdefault\u00bb global_colors_info=\u00bb{}\u00bb]\n<h3>\u00bfCu\u00e1ndo se encienden las luces de Navidad en M\u00e1laga?<\/h3>\n<p>El encendido se hace siempre el \u00faltimo viernes de noviembre, a las 18:30 en calle Larios, y el alumbrado se mantiene hasta el 5 o 6 de enero. El Ayuntamiento confirma la fecha exacta y el dise\u00f1o del espect\u00e1culo a mediados de octubre de cada a\u00f1o.<\/p>\n[\/et_pb_text][et_pb_text _builder_version=\u00bb4.27.8&#8243; _module_preset=\u00bbdefault\u00bb global_colors_info=\u00bb{}\u00bb]\n<h3>\u00bfCu\u00e1nto cuesta ver las luces de calle Larios?<\/h3>\n<p>Nada. El espect\u00e1culo de luz y sonido de calle Larios, el videomapping de la Catedral, el bel\u00e9n municipal y los mercadillos son todos gratuitos. La \u00fanica actividad de pago importante es el espect\u00e1culo del Jard\u00edn Bot\u00e1nico La Concepci\u00f3n, que ronda los 15-16 \u20ac por adulto.<\/p>\n[\/et_pb_text][et_pb_text _builder_version=\u00bb4.27.8&#8243; _module_preset=\u00bbdefault\u00bb global_colors_info=\u00bb{}\u00bb]\n<h3>\u00bfCu\u00e1ntos d\u00edas hacen falta para ver M\u00e1laga en Navidad?<\/h3>\n<p>Tres d\u00edas completos alcanzan para ver la ciudad con calma, incluyendo las luces, los belenes, los mercadillos y la Alcazaba. Con cuatro o cinco d\u00edas pod\u00e9s sumar una excursi\u00f3n a Granada, Ronda o el Caminito del Rey sin ir apurado.<\/p>\n[\/et_pb_text][et_pb_text _builder_version=\u00bb4.27.8&#8243; _module_preset=\u00bbdefault\u00bb global_colors_info=\u00bb{}\u00bb]\n<h3>\u00bfQu\u00e9 tiempo hace en M\u00e1laga en diciembre?<\/h3>\n<p>Las m\u00e1ximas rondan los 17-19 \u00b0C y las m\u00ednimas los 8-10 \u00b0C, con muchos d\u00edas de sol. Es uno de los inviernos m\u00e1s suaves de Europa. Alcanza con una campera liviana para la noche, aunque conviene llevar algo impermeable porque diciembre es de los meses m\u00e1s lluviosos del a\u00f1o.<\/p>\n[\/et_pb_text][et_pb_text _builder_version=\u00bb4.24.0&#8243; _module_preset=\u00bbdefault\u00bb global_colors_info=\u00bb{}\u00bb]\n<h3>\u00bfCu\u00e1l es el mejor d\u00eda para ver el espect\u00e1culo de luces sin multitudes?<\/h3>\n<p>Cualquier d\u00eda entre semana en el pase de las 22:00. El d\u00eda del encendido y los fines de semana de diciembre la calle Larios se llena por completo y hay que llegar con mucha anticipaci\u00f3n para ubicarse bien.<\/p>\n[\/et_pb_text][et_pb_text _builder_version=\u00bb4.24.0&#8243; _module_preset=\u00bbdefault\u00bb global_colors_info=\u00bb{}\u00bb]\n<h3>\u00bfHay mercadillos de Navidad en M\u00e1laga?<\/h3>\n<p>S\u00ed. El principal es el del Paseo del Parque, con casi cien puestos abiertos desde el encendido hasta principios de enero, de 11:00 a 22:00. Tambi\u00e9n hay un mercadillo en Muelle Uno y puestos sueltos repartidos por el centro hist\u00f3rico.<\/p>\n[\/et_pb_text][et_pb_text _builder_version=\u00bb4.24.0&#8243; _module_preset=\u00bbdefault\u00bb global_colors_info=\u00bb{}\u00bb]\n<h3>\u00bfA qu\u00e9 hora es la Cabalgata de Reyes en M\u00e1laga?<\/h3>\n<p>La Gran Cabalgata sale del Ayuntamiento el 5 de enero a \u00faltima hora de la tarde, habitualmente entre las 17:30 y las 18:00, y recorre el Paseo del Parque, la Plaza de la Marina y la Alameda Principal hasta la ofrenda en la Catedral. Adem\u00e1s, cada distrito organiza su propia cabalgata entre el 2 y el 5 de enero.<\/p>\n[\/et_pb_text][et_pb_text _builder_version=\u00bb4.24.0&#8243; _module_preset=\u00bbdefault\u00bb global_colors_info=\u00bb{}\u00bb]\n<h3>\u00bfQu\u00e9 est\u00e1 abierto el 25 de diciembre y el 1 de enero en M\u00e1laga?<\/h3>\n<p>El 25 de diciembre y el 1 de enero casi todo el comercio, los museos y la mayor\u00eda de los restaurantes cierran, y el transporte funciona con horario reducido. Las luces del centro s\u00ed se encienden esas noches. Son buenos d\u00edas para caminar, ir a la playa y poco m\u00e1s, as\u00ed que conviene tener la comida resuelta de antemano.<\/p>\n[\/et_pb_text][et_pb_text _builder_version=\u00bb4.24.0&#8243; _module_preset=\u00bbdefault\u00bb global_colors_info=\u00bb{}\u00bb]\n<h3>\u00bfD\u00f3nde conviene alojarse en M\u00e1laga en Navidad?<\/h3>\n<p>Lo ideal es el Centro Hist\u00f3rico, entre la Alameda y la Plaza de la Merced, porque sal\u00eds del alojamiento y ya est\u00e1s dentro del alumbrado. Soho y La Malagueta est\u00e1n a diez minutos caminando y son m\u00e1s baratos. Si viaj\u00e1s en auto, mejor El Limonar o Pedregalejo, porque aparcar en el centro en diciembre es muy complicado.<\/p>\n[\/et_pb_text][et_pb_text _builder_version=\u00bb4.24.0&#8243; _module_preset=\u00bbdefault\u00bb global_colors_info=\u00bb{}\u00bb]\n<h3>\u00bfQu\u00e9 dulces t\u00edpicos se comen en M\u00e1laga en Navidad?<\/h3>\n<p>Los cl\u00e1sicos son los borrachuelos (empanaditas fritas con an\u00eds y ajonjol\u00ed), los roscos de vino, los mantecados y polvorones de Estepa y el vino dulce de M\u00e1laga. Tambi\u00e9n es tradici\u00f3n tomar chocolate con churros despu\u00e9s de ver las luces, que cuesta alrededor de 4 a 6 euros.<\/p>\n[\/et_pb_text][et_pb_text _builder_version=\u00bb4.27.8&#8243; _module_preset=\u00bbdefault\u00bb global_colors_info=\u00bb{}\u00bb]\n<h3>\u00bfEs mejor M\u00e1laga o Granada en Navidad?<\/h3>\n<p>M\u00e1laga gana en alumbrado, ambiente de calle y clima, con much\u00edsimos lugares gratuitos y temperaturas suaves. Granada gana en monumentos y en la estampa de invierno con Sierra Nevada nevada de fondo. Est\u00e1n a hora y media, as\u00ed que lo ideal es basarte en M\u00e1laga y hacer Granada como excursi\u00f3n de un d\u00eda.<\/p>\n[\/et_pb_text][et_pb_code admin_label=\u00bbfaq seo\u00bb _builder_version=\u00bb4.27.8&#8243; _module_preset=\u00bbdefault\u00bb global_colors_info=\u00bb{}\u00bb]<head><!-- [et_pb_line_break_holder] --><script type=\"application\/ld+json\"><!-- [et_pb_line_break_holder] -->{<!-- [et_pb_line_break_holder] -->  \"@context\": \"https:\/\/schema.org\",<!-- [et_pb_line_break_holder] -->  \"@type\": \"FAQPage\",<!-- [et_pb_line_break_holder] -->  \"mainEntity\": [<!-- [et_pb_line_break_holder] -->    {<!-- [et_pb_line_break_holder] -->      \"@type\": \"Question\",<!-- [et_pb_line_break_holder] -->      \"name\": \"\u00bfCu\u00e1ndo se encienden las luces de Navidad en M\u00e1laga?\",<!-- [et_pb_line_break_holder] -->      \"acceptedAnswer\": {<!-- [et_pb_line_break_holder] -->        \"@type\": \"Answer\",<!-- [et_pb_line_break_holder] -->        \"text\": \"El encendido se realiza siempre el \u00faltimo viernes de noviembre, a las 18:30 en calle Larios, y el alumbrado se mantiene activo hasta el 5 o 6 de enero.\"<!-- [et_pb_line_break_holder] -->      }<!-- [et_pb_line_break_holder] -->    },<!-- [et_pb_line_break_holder] -->    {<!-- [et_pb_line_break_holder] -->      \"@type\": \"Question\",<!-- [et_pb_line_break_holder] -->      \"name\": \"\u00bfCu\u00e1nto cuesta ver las luces de calle Larios?\",<!-- [et_pb_line_break_holder] -->      \"acceptedAnswer\": {<!-- [et_pb_line_break_holder] -->        \"@type\": \"Answer\",<!-- [et_pb_line_break_holder] -->        \"text\": \"Es totalmente gratuito. El espect\u00e1culo de luz y sonido de calle Larios, as\u00ed como el videomapping de la Catedral, el bel\u00e9n municipal y los mercadillos, no tienen coste alguno.\"<!-- [et_pb_line_break_holder] -->      }<!-- [et_pb_line_break_holder] -->    },<!-- [et_pb_line_break_holder] -->    {<!-- [et_pb_line_break_holder] -->      \"@type\": \"Question\",<!-- [et_pb_line_break_holder] -->      \"name\": \"\u00bfCu\u00e1ntos d\u00edas hacen falta para ver M\u00e1laga en Navidad?\",<!-- [et_pb_line_break_holder] -->      \"acceptedAnswer\": {<!-- [et_pb_line_break_holder] -->        \"@type\": \"Answer\",<!-- [et_pb_line_break_holder] -->        \"text\": \"Tres d\u00edas completos son suficientes para conocer la ciudad con calma. Si dispones de cuatro o cinco d\u00edas, puedes incluir excursiones a destinos cercanos como Granada, Ronda o el Caminito del Rey.\"<!-- [et_pb_line_break_holder] -->      }<!-- [et_pb_line_break_holder] -->    },<!-- [et_pb_line_break_holder] -->    {<!-- [et_pb_line_break_holder] -->      \"@type\": \"Question\",<!-- [et_pb_line_break_holder] -->      \"name\": \"\u00bfQu\u00e9 tiempo hace en M\u00e1laga en diciembre?\",<!-- [et_pb_line_break_holder] -->      \"acceptedAnswer\": {<!-- [et_pb_line_break_holder] -->        \"@type\": \"Answer\",<!-- [et_pb_line_break_holder] -->        \"text\": \"M\u00e1laga disfruta de uno de los inviernos m\u00e1s suaves de Europa, con temperaturas m\u00e1ximas de entre 17 y 19 \u00b0C y m\u00ednimas de 8 a 10 \u00b0C. Se recomienda llevar una prenda de abrigo ligera para la noche y algo impermeable, ya que diciembre suele ser un mes lluvioso.\"<!-- [et_pb_line_break_holder] -->      }<!-- [et_pb_line_break_holder] -->    },<!-- [et_pb_line_break_holder] -->    {<!-- [et_pb_line_break_holder] -->      \"@type\": \"Question\",<!-- [et_pb_line_break_holder] -->      \"name\": \"\u00bfCu\u00e1l es el mejor d\u00eda para ver el espect\u00e1culo de luces sin multitudes?\",<!-- [et_pb_line_break_holder] -->      \"acceptedAnswer\": {<!-- [et_pb_line_break_holder] -->        \"@type\": \"Answer\",<!-- [et_pb_line_break_holder] -->        \"text\": \"Lo ideal es visitar la ciudad entre semana y acudir al pase de las 22:00. Es recomendable evitar el d\u00eda del encendido y los fines de semana, momentos en los que la calle Larios se masifica.\"<!-- [et_pb_line_break_holder] -->      }<!-- [et_pb_line_break_holder] -->    },<!-- [et_pb_line_break_holder] -->    {<!-- [et_pb_line_break_holder] -->      \"@type\": \"Question\",<!-- [et_pb_line_break_holder] -->      \"name\": \"\u00bfHay mercadillos de Navidad en M\u00e1laga?\",<!-- [et_pb_line_break_holder] -->      \"acceptedAnswer\": {<!-- [et_pb_line_break_holder] -->        \"@type\": \"Answer\",<!-- [et_pb_line_break_holder] -->        \"text\": \"S\u00ed, el mercadillo principal se encuentra en el Paseo del Parque, con cerca de cien puestos abiertos de 11:00 a 22:00 desde el encendido hasta principios de enero. Tambi\u00e9n existen otros puestos en Muelle Uno y diversos puntos del centro hist\u00f3rico.\"<!-- [et_pb_line_break_holder] -->      }<!-- [et_pb_line_break_holder] -->    },<!-- [et_pb_line_break_holder] -->    {<!-- [et_pb_line_break_holder] -->      \"@type\": \"Question\",<!-- [et_pb_line_break_holder] -->      \"name\": \"\u00bfA qu\u00e9 hora es la Cabalgata de Reyes en M\u00e1laga?\",<!-- [et_pb_line_break_holder] -->      \"acceptedAnswer\": {<!-- [et_pb_line_break_holder] -->        \"@type\": \"Answer\",<!-- [et_pb_line_break_holder] -->        \"text\": \"La Gran Cabalgata sale el 5 de enero habitualmente entre las 17:30 y las 18:00 desde el Ayuntamiento, recorriendo el Paseo del Parque, la Plaza de la Marina y la Alameda Principal hasta llegar a la Catedral.\"<!-- [et_pb_line_break_holder] -->      }<!-- [et_pb_line_break_holder] -->    },<!-- [et_pb_line_break_holder] -->    {<!-- [et_pb_line_break_holder] -->      \"@type\": \"Question\",<!-- [et_pb_line_break_holder] -->      \"name\": \"\u00bfQu\u00e9 est\u00e1 abierto el 25 de diciembre y el 1 de enero en M\u00e1laga?\",<!-- [et_pb_line_break_holder] -->      \"acceptedAnswer\": {<!-- [et_pb_line_break_holder] -->        \"@type\": \"Answer\",<!-- [et_pb_line_break_holder] -->        \"text\": \"Durante estas fechas, la mayor\u00eda del comercio, los museos y los restaurantes permanecen cerrados y el transporte p\u00fablico reduce su horario. Sin embargo, las luces del centro se mantienen encendidas, por lo que son jornadas ideales para pasear o visitar la playa.\"<!-- [et_pb_line_break_holder] -->      }<!-- [et_pb_line_break_holder] -->    },<!-- [et_pb_line_break_holder] -->    {<!-- [et_pb_line_break_holder] -->      \"@type\": \"Question\",<!-- [et_pb_line_break_holder] -->      \"name\": \"\u00bfD\u00f3nde conviene alojarse en M\u00e1laga en Navidad?\",<!-- [et_pb_line_break_holder] -->      \"acceptedAnswer\": {<!-- [et_pb_line_break_holder] -->        \"@type\": \"Answer\",<!-- [et_pb_line_break_holder] -->        \"text\": \"La mejor zona es el Centro Hist\u00f3rico, entre la Alameda y la Plaza de la Merced, para estar cerca de toda la actividad. Si buscas opciones m\u00e1s econ\u00f3micas, Soho y La Malagueta est\u00e1n a poca distancia a pie. Si viajas en coche, se recomienda alojarse en El Limonar o Pedregalejo para evitar los problemas de aparcamiento en el centro.\"<!-- [et_pb_line_break_holder] -->      }<!-- [et_pb_line_break_holder] -->    },<!-- [et_pb_line_break_holder] -->    {<!-- [et_pb_line_break_holder] -->      \"@type\": \"Question\",<!-- [et_pb_line_break_holder] -->      \"name\": \"\u00bfQu\u00e9 dulces t\u00edpicos se comen en M\u00e1laga en Navidad?\",<!-- [et_pb_line_break_holder] -->      \"acceptedAnswer\": {<!-- [et_pb_line_break_holder] -->        \"@type\": \"Answer\",<!-- [et_pb_line_break_holder] -->        \"text\": \"Los dulces tradicionales incluyen borrachuelos, roscos de vino, mantecados, polvorones y el vino dulce de M\u00e1laga. Tambi\u00e9n es muy popular el consumo de chocolate con churros como cierre a los paseos nocturnos.\"<!-- [et_pb_line_break_holder] -->      }<!-- [et_pb_line_break_holder] -->    }<!-- [et_pb_line_break_holder] -->  ]<!-- [et_pb_line_break_holder] -->}<!-- [et_pb_line_break_holder] --><\/script><!-- [et_pb_line_break_holder] --><\/head>[\/et_pb_code][\/et_pb_column][\/et_pb_row][et_pb_row _builder_version=\u00bb4.24.0&#8243; _module_preset=\u00bbdefault\u00bb global_colors_info=\u00bb{}\u00bb][et_pb_column type=\u00bb4_4&#8243; _builder_version=\u00bb4.24.0&#8243; _module_preset=\u00bbdefault\u00bb global_colors_info=\u00bb{}\u00bb][et_pb_text _builder_version=\u00bb4.27.8&#8243; _module_preset=\u00bbdefault\u00bb global_colors_info=\u00bb{}\u00bb]\n<h2>Conclusi\u00f3n: \u00bfvale la pena visitar M\u00e1laga en Navidad?<\/h2>\n<p>S\u00ed, y por goleada. M\u00e1laga en Navidad combina algo que casi ning\u00fan destino europeo tiene: un alumbrado a la altura de las grandes capitales y un clima que te deja pasear en manga corta al mediod\u00eda. Sumale que la mayor\u00eda de los lugares son gratis, que todo el centro se hace caminando y que la ciudad tiene playa, castillo y museos para los d\u00edas sueltos.<\/p>\n<p>Nuestro consejo final despu\u00e9s de esas diez noches en M\u00e1laga en Navidad: reserv\u00e1 alojamiento con much\u00edsima anticipaci\u00f3n, evit\u00e1 el d\u00eda del encendido, compr\u00e1 las entradas del Bot\u00e1nico apenas salgan y dejate una noche libre para caminar sin plan. Esa es la que te vas a acordar.<\/p>\n<p>\u00bfYa fuiste a M\u00e1laga en Navidad o est\u00e1s organizando el viaje? Contanos en los comentarios, que nos encanta leerlos. Y si quer\u00e9s seguir por Andaluc\u00eda, ten\u00e9s m\u00e1s gu\u00edas en nuestra secci\u00f3n de <a href=\"https:\/\/www.recalculandoviajes.com\/espana\/\">Espa\u00f1a<\/a>.<\/p>\n[\/et_pb_text][et_pb_text admin_label=\u00bbrelacionados\u00bb _builder_version=\u00bb4.27.8&#8243; _module_preset=\u00bbdefault\u00bb locked=\u00bboff\u00bb global_colors_info=\u00bb{}\u00bb]\n<div class=\"rv-relacionados-wrap\"><h2 class=\"rv-relacionados-titulo\">Otros art\u00edculos para tu viaje en Navidad<\/h2><ul class=\"rv-relacionados\"><li><a href=\"https:\/\/www.recalculandoviajes.com\/malaga-en-navidad\/\">M\u00e1laga en Navidad: 20 lugares imprescindibles que ver (con mapa)<\/a><\/li><li><a href=\"https:\/\/www.recalculandoviajes.com\/iati-seguros-descuento-15\/\">Descuento IATI 15% \u2013 IATI Travel Days 2026 (del 13 al 19 de julio)<\/a><\/li><li><a href=\"https:\/\/www.recalculandoviajes.com\/nueva-york-en-navidad\/\">Nueva York en Navidad 2026: Gu\u00eda + Fotos y ubicaciones<\/a><\/li><li><a href=\"https:\/\/www.recalculandoviajes.com\/que-ver-en-dublin-en-navidad\/\">Qu\u00e9 ver en Dubl\u00edn en Navidad: Gu\u00eda 2026 con 18 Experiencias M\u00e1gicas<\/a><\/li><li><a href=\"https:\/\/www.recalculandoviajes.com\/que-ver-en-copenhague-en-navidad\/\">Qu\u00e9 ver en Copenhague en Navidad: La Gu\u00eda M\u00e1gica con 17 Imperdibles<\/a><\/li><li><a href=\"https:\/\/www.recalculandoviajes.com\/que-ver-en-montreal-en-navidad\/\">Qu\u00e9 ver en Montreal en Navidad 2026: Gu\u00eda + Mercados<\/a><\/li><li><a href=\"https:\/\/www.recalculandoviajes.com\/navidad-en-quebec-canada\/\">Navidad en Quebec 2026: Qu\u00e9 ver y hacer + Mapa de Mercados \ud83c\udde8\ud83c\udde6<\/a><\/li><li><a href=\"https:\/\/www.recalculandoviajes.com\/que-ver-en-innsbruck-en-navidad-austria\/\">Qu\u00e9 ver en Innsbruck en Navidad 2026: Gu\u00eda completa + Mercados Navide\u00f1os |\u2026<\/a><\/li><\/ul><\/div><script type=\"application\/ld+json\">{\"@context\":\"https:\/\/schema.org\",\"@type\":\"ItemList\",\"itemListElement\":[{\"@type\":\"ListItem\",\"position\":1,\"url\":\"https:\/\/www.recalculandoviajes.com\/malaga-en-navidad\/\",\"name\":\"M\u00e1laga en Navidad: 20 lugares imprescindibles que ver (con mapa)\"},{\"@type\":\"ListItem\",\"position\":2,\"url\":\"https:\/\/www.recalculandoviajes.com\/iati-seguros-descuento-15\/\",\"name\":\"Descuento IATI 15% \u2013 IATI Travel Days 2026 (del 13 al 19 de julio)\"},{\"@type\":\"ListItem\",\"position\":3,\"url\":\"https:\/\/www.recalculandoviajes.com\/nueva-york-en-navidad\/\",\"name\":\"Nueva York en Navidad 2026: Gu\u00eda + Fotos y ubicaciones\"},{\"@type\":\"ListItem\",\"position\":4,\"url\":\"https:\/\/www.recalculandoviajes.com\/que-ver-en-dublin-en-navidad\/\",\"name\":\"Qu\u00e9 ver en Dubl\u00edn en Navidad: Gu\u00eda 2026 con 18 Experiencias M\u00e1gicas\"},{\"@type\":\"ListItem\",\"position\":5,\"url\":\"https:\/\/www.recalculandoviajes.com\/que-ver-en-copenhague-en-navidad\/\",\"name\":\"Qu\u00e9 ver en Copenhague en Navidad: La Gu\u00eda M\u00e1gica con 17 Imperdibles\"},{\"@type\":\"ListItem\",\"position\":6,\"url\":\"https:\/\/www.recalculandoviajes.com\/que-ver-en-montreal-en-navidad\/\",\"name\":\"Qu\u00e9 ver en Montreal en Navidad 2026: Gu\u00eda + Mercados\"},{\"@type\":\"ListItem\",\"position\":7,\"url\":\"https:\/\/www.recalculandoviajes.com\/navidad-en-quebec-canada\/\",\"name\":\"Navidad en Quebec 2026: Qu\u00e9 ver y hacer + Mapa de Mercados \ud83c\udde8\ud83c\udde6\"},{\"@type\":\"ListItem\",\"position\":8,\"url\":\"https:\/\/www.recalculandoviajes.com\/que-ver-en-innsbruck-en-navidad-austria\/\",\"name\":\"Qu\u00e9 ver en Innsbruck en Navidad 2026: Gu\u00eda completa + Mercados Navide\u00f1os | Austria \ud83c\udde6\ud83c\uddf9\"}]}<\/script>\n[\/et_pb_text][\/et_pb_column][\/et_pb_row][et_pb_row admin_label=\u00bbLinks \u00fatiles 2025&#8243; _builder_version=\u00bb4.27.4&#8243; _module_preset=\u00bbdefault\u00bb locked=\u00bboff\u00bb global_colors_info=\u00bb{}\u00bb][et_pb_column type=\u00bb4_4&#8243; _builder_version=\u00bb4.27.4&#8243; _module_preset=\u00bbdefault\u00bb global_colors_info=\u00bb{}\u00bb][et_pb_text _builder_version=\u00bb4.27.4&#8243; _module_preset=\u00bbdefault\u00bb global_colors_info=\u00bb{}\u00bb]\n<p><strong>\u2139\ufe0f **Transparencia Total**<\/strong><\/p>\n<p>Este art\u00edculo contiene enlaces de afiliados. Si contratas a trav\u00e9s de estos enlaces, podemos recibir una peque\u00f1a comisi\u00f3n sin coste adicional para ti. Solo recomendamos servicios que usamos en nuestros viajes y en los que confiamos. Esto nos ayuda a mantener este blog gratuito y seguir creando contenido \u00fatil para ti. \u00a1Gracias por tu apoyo!<\/p>\n[\/et_pb_text][et_pb_code _builder_version=\u00bb4.27.8&#8243; _module_preset=\u00bbdefault\u00bb global_colors_info=\u00bb{}\u00bb]\n<style><!-- [et_pb_line_break_holder] -->.hakoit-links {<!-- [et_pb_line_break_holder] -->}<!-- [et_pb_line_break_holder] --><!-- [et_pb_line_break_holder] -->.hakoit-links .links-utiles-a {<!-- [et_pb_line_break_holder] -->  background: linear-gradient(135deg, #b8174a 0%, #d41f5c 100%);<!-- [et_pb_line_break_holder] -->  padding: 25px 20px;<!-- [et_pb_line_break_holder] -->  border-radius: 12px;<!-- [et_pb_line_break_holder] -->  margin: 40px 0;<!-- [et_pb_line_break_holder] -->}<!-- [et_pb_line_break_holder] --><!-- [et_pb_line_break_holder] -->.hakoit-links .links-utiles-a h2 {<!-- [et_pb_line_break_holder] -->  color: white;<!-- [et_pb_line_break_holder] -->  font-size: 24px;<!-- [et_pb_line_break_holder] -->  margin-bottom: 20px;<!-- [et_pb_line_break_holder] -->  text-align: center;<!-- [et_pb_line_break_holder] -->  text-shadow: 0 2px 4px rgba(0,0,0,0.2);<!-- [et_pb_line_break_holder] -->}<!-- [et_pb_line_break_holder] --><!-- [et_pb_line_break_holder] -->.hakoit-links .cards-grid-a {<!-- [et_pb_line_break_holder] -->  display: grid;<!-- [et_pb_line_break_holder] -->  grid-template-columns: repeat(auto-fit, minmax(280px, 1fr));<!-- [et_pb_line_break_holder] -->  gap: 12px;<!-- [et_pb_line_break_holder] -->}<!-- [et_pb_line_break_holder] --><!-- [et_pb_line_break_holder] -->.hakoit-links .card-a {<!-- [et_pb_line_break_holder] -->  background: white;<!-- [et_pb_line_break_holder] -->  border-radius: 8px;<!-- [et_pb_line_break_holder] -->  padding: 15px;<!-- [et_pb_line_break_holder] -->  display: flex;<!-- [et_pb_line_break_holder] -->  align-items: center;<!-- [et_pb_line_break_holder] -->  gap: 12px;<!-- [et_pb_line_break_holder] -->  transition: all 0.3s ease;<!-- [et_pb_line_break_holder] -->  text-decoration: none;<!-- [et_pb_line_break_holder] -->  color: #333;<!-- [et_pb_line_break_holder] -->  box-shadow: 0 2px 8px rgba(0,0,0,0.1);<!-- [et_pb_line_break_holder] -->}<!-- [et_pb_line_break_holder] --><!-- [et_pb_line_break_holder] -->.hakoit-links .card-a:hover {<!-- [et_pb_line_break_holder] -->  transform: translateY(-3px);<!-- [et_pb_line_break_holder] -->  box-shadow: 0 6px 16px rgba(184, 23, 74, 0.25);<!-- [et_pb_line_break_holder] -->}<!-- [et_pb_line_break_holder] --><!-- [et_pb_line_break_holder] -->.hakoit-links .card-icon-a {<!-- [et_pb_line_break_holder] -->  font-size: 28px;<!-- [et_pb_line_break_holder] -->  min-width: 45px;<!-- [et_pb_line_break_holder] -->  text-align: center;<!-- [et_pb_line_break_holder] -->}<!-- [et_pb_line_break_holder] --><!-- [et_pb_line_break_holder] -->.hakoit-links .card-content-a {<!-- [et_pb_line_break_holder] -->  flex: 1;<!-- [et_pb_line_break_holder] -->}<!-- [et_pb_line_break_holder] --><!-- [et_pb_line_break_holder] -->.hakoit-links .card-content-a strong {<!-- [et_pb_line_break_holder] -->  display: block;<!-- [et_pb_line_break_holder] -->  font-size: 15px;<!-- [et_pb_line_break_holder] -->  color: #b8174a;<!-- [et_pb_line_break_holder] -->  margin-bottom: 2px;<!-- [et_pb_line_break_holder] -->  line-height: 1.3;<!-- [et_pb_line_break_holder] -->}<!-- [et_pb_line_break_holder] --><!-- [et_pb_line_break_holder] -->.hakoit-links .card-content-a span {<!-- [et_pb_line_break_holder] -->  font-size: 12px;<!-- [et_pb_line_break_holder] -->  color: #666666;<!-- [et_pb_line_break_holder] -->  line-height: 1.3;<!-- [et_pb_line_break_holder] -->}<!-- [et_pb_line_break_holder] --><!-- [et_pb_line_break_holder] -->.hakoit-links .badge-a {<!-- [et_pb_line_break_holder] -->  background: linear-gradient(135deg, #ff6b6b, #ff5252);<!-- [et_pb_line_break_holder] -->  color: white;<!-- [et_pb_line_break_holder] -->  padding: 4px 8px;<!-- [et_pb_line_break_holder] -->  border-radius: 12px;<!-- [et_pb_line_break_holder] -->  font-size: 10px;<!-- [et_pb_line_break_holder] -->  font-weight: bold;<!-- [et_pb_line_break_holder] -->  white-space: nowrap;<!-- [et_pb_line_break_holder] -->}<!-- [et_pb_line_break_holder] --><!-- [et_pb_line_break_holder] -->.hakoit-links .ver-descuentos-a {<!-- [et_pb_line_break_holder] -->  text-align: center;<!-- [et_pb_line_break_holder] -->  margin-top: 30px;<!-- [et_pb_line_break_holder] -->}<!-- [et_pb_line_break_holder] --><!-- [et_pb_line_break_holder] -->.hakoit-links .ver-descuentos-a a {<!-- [et_pb_line_break_holder] -->  display: inline-block;<!-- [et_pb_line_break_holder] -->  background: white;<!-- [et_pb_line_break_holder] -->  color: #b8174a;<!-- [et_pb_line_break_holder] -->  padding: 12px 22px;<!-- [et_pb_line_break_holder] -->  border-radius: 10px;<!-- [et_pb_line_break_holder] -->  text-decoration: none;<!-- [et_pb_line_break_holder] -->  font-weight: bold;<!-- [et_pb_line_break_holder] -->  box-shadow: 0 3px 10px rgba(0,0,0,0.15);<!-- [et_pb_line_break_holder] -->  transition: all 0.3s ease;<!-- [et_pb_line_break_holder] -->}<!-- [et_pb_line_break_holder] --><!-- [et_pb_line_break_holder] -->.hakoit-links .ver-descuentos-a a:hover {<!-- [et_pb_line_break_holder] --><!-- [et_pb_line_break_holder] -->  transform: translateY(-2px);<!-- [et_pb_line_break_holder] -->  box-shadow: 0 4px 12px rgba(184,23,74,0.3);<!-- [et_pb_line_break_holder] -->}<!-- [et_pb_line_break_holder] --><!-- [et_pb_line_break_holder] -->\/* Optimizaci\u00f3n m\u00f3vil *\/<!-- [et_pb_line_break_holder] -->@media (max-width: 768px) {<!-- [et_pb_line_break_holder] -->  .hakoit-links .links-utiles-a {<!-- [et_pb_line_break_holder] -->    padding: 20px 15px;<!-- [et_pb_line_break_holder] -->  }<!-- [et_pb_line_break_holder] --><!-- [et_pb_line_break_holder] -->  .hakoit-links .links-utiles-a h2 {<!-- [et_pb_line_break_holder] -->    font-size: 20px;<!-- [et_pb_line_break_holder] -->    margin-bottom: 15px;<!-- [et_pb_line_break_holder] -->  }<!-- [et_pb_line_break_holder] --><!-- [et_pb_line_break_holder] -->  .hakoit-links .cards-grid-a {<!-- [et_pb_line_break_holder] -->    grid-template-columns: 1fr;<!-- [et_pb_line_break_holder] -->    gap: 10px;<!-- [et_pb_line_break_holder] -->  }<!-- [et_pb_line_break_holder] --><!-- [et_pb_line_break_holder] -->  .hakoit-links .card-a {<!-- [et_pb_line_break_holder] -->    padding: 12px;<!-- [et_pb_line_break_holder] -->  }<!-- [et_pb_line_break_holder] --><!-- [et_pb_line_break_holder] -->  .hakoit-links .card-icon-a {<!-- [et_pb_line_break_holder] -->    font-size: 24px;<!-- [et_pb_line_break_holder] -->    min-width: 40px;<!-- [et_pb_line_break_holder] -->  }<!-- [et_pb_line_break_holder] --><!-- [et_pb_line_break_holder] -->  .hakoit-links .card-content-a strong {<!-- [et_pb_line_break_holder] -->    font-size: 14px;<!-- [et_pb_line_break_holder] -->  }<!-- [et_pb_line_break_holder] --><!-- [et_pb_line_break_holder] -->  .hakoit-links .card-content-a span {<!-- [et_pb_line_break_holder] -->    font-size: 11px;<!-- [et_pb_line_break_holder] -->  }<!-- [et_pb_line_break_holder] --><!-- [et_pb_line_break_holder] -->  .hakoit-links .ver-descuentos-a a {<!-- [et_pb_line_break_holder] -->    display: block;<!-- [et_pb_line_break_holder] -->    margin: 0 auto;<!-- [et_pb_line_break_holder] -->    font-size: 16px;<!-- [et_pb_line_break_holder] -->    padding: 14px 0;<!-- [et_pb_line_break_holder] -->    width: 100%;<!-- [et_pb_line_break_holder] -->    max-width: 320px;<!-- [et_pb_line_break_holder] -->  }<!-- [et_pb_line_break_holder] -->}<!-- [et_pb_line_break_holder] --><\/style>\n[\/et_pb_code][et_pb_code _builder_version=\u00bb4.27.8&#8243; _module_preset=\u00bbdefault\u00bb global_colors_info=\u00bb{}\u00bb]<!-- [et_pb_line_break_holder] --><\/p>\n<div class=\"hakoit-links\"><!-- [et_pb_line_break_holder] -->  <\/p>\n<div class=\"links-utiles-a\"><!-- [et_pb_line_break_holder] -->    <\/p>\n<h2>\ud83d\udd17 Recursos y Links \u00datiles para tu Viaje a M\u00e1laga en Navidad<\/h2>\n<p><!-- [et_pb_line_break_holder] -->    <\/p>\n<div class=\"cards-grid-a\"><!-- [et_pb_line_break_holder] --><!-- [et_pb_line_break_holder] -->      <a href=\"https:\/\/www.recalculandoviajes.com\/mejor-seguro-de-viaje\/\" target=\"_blank\" rel=\"noopener noreferrer\" class=\"card-a\"><!-- [et_pb_line_break_holder] -->        <\/p>\n<div class=\"card-icon-a\">\ud83d\udc68\u200d\u2695\ufe0f<\/div>\n<p><!-- [et_pb_line_break_holder] -->        <\/p>\n<div class=\"card-content-a\"><!-- [et_pb_line_break_holder] -->          <strong>Seguro de Viaje<\/strong><!-- [et_pb_line_break_holder] -->          <span>Viaj\u00e1 tranquilo, con descuentoe<\/span><!-- [et_pb_line_break_holder] -->        <\/div>\n<p><!-- [et_pb_line_break_holder] -->        <span class=\"badge-a\">-5%<\/span><!-- [et_pb_line_break_holder] -->      <\/a><!-- [et_pb_line_break_holder] --><!-- [et_pb_line_break_holder] -->      <a href=\"https:\/\/www.booking.com\/searchresults.es.html?ss=Malaga\" target=\"_blank\" rel=\"noopener noreferrer\" class=\"card-a\"><!-- [et_pb_line_break_holder] -->        <\/p>\n<div class=\"card-icon-a\">\ud83c\udfe8<\/div>\n<p><!-- [et_pb_line_break_holder] -->        <\/p>\n<div class=\"card-content-a\"><!-- [et_pb_line_break_holder] -->          <strong>Alojamiento en M\u00e1laga<\/strong><!-- [et_pb_line_break_holder] -->          <span>Mejores precios garantizados<\/span><!-- [et_pb_line_break_holder] -->        <\/div>\n<p><!-- [et_pb_line_break_holder] -->        <span class=\"badge-a\">Hasta -20%<\/span><!-- [et_pb_line_break_holder] -->      <\/a><!-- [et_pb_line_break_holder] -->      <a href=\"https:\/\/www.civitatis.com\/es\/malaga\/traslados\/?aid=102442\" target=\"_blank\" rel=\"noopener noreferrer\" class=\"card-a\"><!-- [et_pb_line_break_holder] -->        <\/p>\n<div class=\"card-icon-a\">\ud83d\ude90<\/div>\n<p><!-- [et_pb_line_break_holder] -->        <\/p>\n<div class=\"card-content-a\"><!-- [et_pb_line_break_holder] -->          <strong>Traslado Aeropuerto-Hotel<\/strong><!-- [et_pb_line_break_holder] -->          <span>Reserv\u00e1 con anticipaci\u00f3n<\/span><!-- [et_pb_line_break_holder] -->        <\/div>\n<p><!-- [et_pb_line_break_holder] -->      <\/a><!-- [et_pb_line_break_holder] -->      <a href=\"https:\/\/www.recalculandoviajes.com\/go\/discovercars\" target=\"_blank\" rel=\"noopener noreferrer\" class=\"card-a\"><!-- [et_pb_line_break_holder] -->        <\/p>\n<div class=\"card-icon-a\">\ud83d\ude97<\/div>\n<p><!-- [et_pb_line_break_holder] -->        <\/p>\n<div class=\"card-content-a\"><!-- [et_pb_line_break_holder] -->          <strong>Alquiler de Coches<\/strong><!-- [et_pb_line_break_holder] -->          <span>Comparar y Reservar, sin sorpresas<\/span><!-- [et_pb_line_break_holder] -->        <\/div>\n<p><!-- [et_pb_line_break_holder] -->        <span class=\"badge-a\">Hasta -70%<\/span><!-- [et_pb_line_break_holder] -->      <\/a><!-- [et_pb_line_break_holder] -->      <a href=\"https:\/\/www.civitatis.com\/es\/malaga\/?aid=102442\" target=\"_blank\" rel=\"noopener noreferrer\" class=\"card-a\"><!-- [et_pb_line_break_holder] -->        <\/p>\n<div class=\"card-icon-a\">\ud83c\udfaf<\/div>\n<p><!-- [et_pb_line_break_holder] -->        <\/p>\n<div class=\"card-content-a\"><!-- [et_pb_line_break_holder] -->          <strong>Tours, Actividades y Excursiones<\/strong><!-- [et_pb_line_break_holder] -->          <span>Tours En Espa\u00f1ol<\/span><!-- [et_pb_line_break_holder] -->        <\/div>\n<p><!-- [et_pb_line_break_holder] -->      <\/a><!-- [et_pb_line_break_holder] --><!-- [et_pb_line_break_holder] -->      <a href=\"https:\/\/recalculandoviajes.com\/holafly-off\" target=\"_blank\" rel=\"noopener noreferrer\" class=\"card-a\"><!-- [et_pb_line_break_holder] -->        <\/p>\n<div class=\"card-icon-a\">\ud83d\udcf1<\/div>\n<p><!-- [et_pb_line_break_holder] -->        <\/p>\n<div class=\"card-content-a\"><!-- [et_pb_line_break_holder] -->          <strong>eSIM con Datos<\/strong><!-- [et_pb_line_break_holder] -->          <span>Internet ilimitado en Espa\u00f1a<\/span><!-- [et_pb_line_break_holder] -->        <\/div>\n<p><!-- [et_pb_line_break_holder] -->        <span class=\"badge-a\">-5%<\/span><!-- [et_pb_line_break_holder] -->      <\/a><!-- [et_pb_line_break_holder] --><!-- [et_pb_line_break_holder] -->      <a href=\"https:\/\/recalculandoviajes.com\/omio-off\" target=\"_blank\" rel=\"noopener noreferrer\" class=\"card-a\"><!-- [et_pb_line_break_holder] -->        <\/p>\n<div class=\"card-icon-a\">\ud83d\ude86<\/div>\n<p><!-- [et_pb_line_break_holder] -->        <\/p>\n<div class=\"card-content-a\"><!-- [et_pb_line_break_holder] -->          <strong>Transporte<\/strong><!-- [et_pb_line_break_holder] -->          <span>Trenes, buses y vuelos baratos<\/span><!-- [et_pb_line_break_holder] -->        <\/div>\n<p><!-- [et_pb_line_break_holder] -->                <span class=\"badge-a\">-\u20ac10<\/span><!-- [et_pb_line_break_holder] -->      <\/a><!-- [et_pb_line_break_holder] --><!-- [et_pb_line_break_holder] -->      <a href=\"https:\/\/recalculandoviajes.com\/espana\" target=\"_blank\" class=\"card-a\"><!-- [et_pb_line_break_holder] -->        <\/p>\n<div class=\"card-icon-a\">\u2708\ufe0f<\/div>\n<p><!-- [et_pb_line_break_holder] -->        <\/p>\n<div class=\"card-content-a\"><!-- [et_pb_line_break_holder] -->          <strong>Gu\u00eda completa de Espa\u00f1a<\/strong><!-- [et_pb_line_break_holder] -->          <span>Todo lo que necesit\u00e1s saber<\/span><!-- [et_pb_line_break_holder] -->        <\/div>\n<p><!-- [et_pb_line_break_holder] -->      <\/a><!-- [et_pb_line_break_holder] -->    <\/div>\n<p><!-- [et_pb_line_break_holder] -->    <\/p>\n<div class=\"ver-descuentos-a\"><!-- [et_pb_line_break_holder] -->      <a href=\"https:\/\/recalculandoviajes.com\/descuentos\" target=\"_blank\" rel=\"noopener noreferrer\"><!-- [et_pb_line_break_holder] -->        \ud83d\udc49 <strong>Todos los Descuentos \u2b50\ufe0f<\/strong><!-- [et_pb_line_break_holder] -->      <\/a><!-- [et_pb_line_break_holder] -->    <\/div>\n<p>    <!-- [et_pb_line_break_holder] -->  <\/div>\n<p><!-- [et_pb_line_break_holder] --><\/div>\n<p><!-- [et_pb_line_break_holder] -->[\/et_pb_code][et_pb_text _builder_version=\u00bb4.27.8&#8243; _module_preset=\u00bbdefault\u00bb global_colors_info=\u00bb{}\u00bb]\n<blockquote>\n<p>\u00bfTen\u00e9s dudas o quer\u00e9s sumar tus propias recomendaciones sobre <strong data-start=\"526\" data-end=\"550\">qu\u00e9 ver en M\u00e1laga en navidad<\/strong>?<br \/>\ud83d\udcac Dej\u00e1 tu comentario o <a href=\"https:\/\/recalculandoviajes.com\/contacto\/\" target=\"_blank\" rel=\"noopener\">escribinos<\/a>, nos encanta leer las experiencias de otros viajeros.<br data-start=\"644\" data-end=\"647\" \/>\u00a1Muchas Gracias por ser parte de esta aventura!<\/p>\n<p>\u2014\u00a0<strong>Nanu &amp; Facu \ud83c\udf0e | Recalculando Viajes \ud83d\udc9c<\/strong><\/p>\n<\/blockquote>\n[\/et_pb_text][\/et_pb_column][\/et_pb_row][\/et_pb_section]\n<div class=\"jlhuk6a9533f939310\" ><br\/>\n<div class=\"rpbt_shortcode\">\n<h3>Tambi\u00e9n podr\u00eda interesarte:<\/h3>\n<style type=\"text\/css\">\n\t\t\t#rpbt-related-gallery-1 {\n\t\t\t\tmargin: auto;\n\t\t\t}\n\t\t\t#rpbt-related-gallery-1 .gallery-item {\n\t\t\t\tfloat: left;\n\t\t\t\tmargin-top: 10px;\n\t\t\t\ttext-align: center;\n\t\t\t\twidth: 33%;\n\t\t\t}\n\t\t\t#rpbt-related-gallery-1 img {\n\t\t\t\tborder: 2px solid #cfcfcf;\n\t\t\t}\n\t\t\t#rpbt-related-gallery-1 .gallery-caption {\n\t\t\t\tmargin-left: 0;\n\t\t\t}\n\t\t\t\/* see gallery_shortcode() in wp-includes\/media.php *\/\n\t\t<\/style>\n\t\t<div id='rpbt-related-gallery-1' class='gallery related-gallery related-galleryid-5675 gallery-columns-3 gallery-size-large'><dl class='gallery-item' role='figure' aria-label='Navidad en Graz 2026: mercados, mapa, fechas y qu\u00e9 ver \ud83c\udde6\ud83c\uddf9'>\n\t\t\t<dt class='gallery-icon landscape'>\n\t\t\t\t<a href='https:\/\/www.recalculandoviajes.com\/graz-en-navidad-austria\/'><img width=\"1080\" height=\"675\" src=\"https:\/\/www.recalculandoviajes.com\/wp-content\/uploads\/2022\/12\/navidad-en-graz.jpg\" class=\"attachment-large size-large\" alt=\"navidad en graz\" aria-describedby=\"rpbt-related-gallery-1-6235\" srcset=\"https:\/\/www.recalculandoviajes.com\/wp-content\/uploads\/2022\/12\/navidad-en-graz.jpg 1080w, https:\/\/www.recalculandoviajes.com\/wp-content\/uploads\/2022\/12\/navidad-en-graz-980x613.jpg 980w, https:\/\/www.recalculandoviajes.com\/wp-content\/uploads\/2022\/12\/navidad-en-graz-480x300.jpg 480w\" sizes=\"(min-width: 0px) and (max-width: 480px) 480px, (min-width: 481px) and (max-width: 980px) 980px, (min-width: 981px) 1080px, 100vw\" \/><\/a>\n\t\t\t<\/dt>\n\t\t\t\t<dd class='wp-caption-text gallery-caption' id='rpbt-related-gallery-1-6235'>\n\t\t\t\t<a href=\"https:\/\/www.recalculandoviajes.com\/graz-en-navidad-austria\/\">Navidad en Graz 2026: mercados, mapa, fechas y qu\u00e9 ver \ud83c\udde6\ud83c\uddf9<\/a>\n\t\t\t\t<\/dd><\/dl><dl class='gallery-item' role='figure' aria-label='Qu\u00e9 ver en Hallstatt &#8211; Gu\u00eda Imperdible 2026 para descubrir el pueblo m\u00e1s m\u00e1gico de Austria \ud83c\udde6\ud83c\uddf9'>\n\t\t\t<dt class='gallery-icon landscape'>\n\t\t\t\t<a href='https:\/\/www.recalculandoviajes.com\/que-ver-en-hallstatt-austria\/'><img width=\"1080\" height=\"675\" src=\"https:\/\/www.recalculandoviajes.com\/wp-content\/uploads\/2020\/04\/que-ver-en-hallstatt-austria-1080.jpg\" class=\"attachment-large size-large\" alt=\"que ver en hallstatt Austria\" aria-describedby=\"rpbt-related-gallery-1-4220\" srcset=\"https:\/\/www.recalculandoviajes.com\/wp-content\/uploads\/2020\/04\/que-ver-en-hallstatt-austria-1080.jpg 1080w, https:\/\/www.recalculandoviajes.com\/wp-content\/uploads\/2020\/04\/que-ver-en-hallstatt-austria-1080-980x613.jpg 980w, https:\/\/www.recalculandoviajes.com\/wp-content\/uploads\/2020\/04\/que-ver-en-hallstatt-austria-1080-480x300.jpg 480w\" sizes=\"(min-width: 0px) and (max-width: 480px) 480px, (min-width: 481px) and (max-width: 980px) 980px, (min-width: 981px) 1080px, 100vw\" \/><\/a>\n\t\t\t<\/dt>\n\t\t\t\t<dd class='wp-caption-text gallery-caption' id='rpbt-related-gallery-1-4220'>\n\t\t\t\t<a href=\"https:\/\/www.recalculandoviajes.com\/que-ver-en-hallstatt-austria\/\">Qu\u00e9 ver en Hallstatt &#8211; Gu\u00eda Imperdible 2026 para descubrir el pueblo m\u00e1s m\u00e1gico de Austria \ud83c\udde6\ud83c\uddf9<\/a>\n\t\t\t\t<\/dd><\/dl><dl class='gallery-item' role='figure' aria-label='Navidad en Graz y sus bellos mercados Navide\u00f1os'>\n\t\t\t<dt class='gallery-icon portrait'>\n\t\t\t\t<a href='https:\/\/www.recalculandoviajes.com\/mercados-navidenos-en-graz\/'><img width=\"608\" height=\"1080\" src=\"https:\/\/www.recalculandoviajes.com\/wp-content\/uploads\/2023\/01\/Si-hubo-algo-que-hicimos-estas-navidades-fue-recorrer-Merca-608x1080.jpg\" class=\"attachment-large size-large\" alt=\"RecalculandoViajes\" aria-describedby=\"rpbt-related-gallery-1-6264\" \/><\/a>\n\t\t\t<\/dt>\n\t\t\t\t<dd class='wp-caption-text gallery-caption' id='rpbt-related-gallery-1-6264'>\n\t\t\t\t<a href=\"https:\/\/www.recalculandoviajes.com\/mercados-navidenos-en-graz\/\">Navidad en Graz y sus bellos mercados Navide\u00f1os<\/a>\n\t\t\t\t<\/dd><\/dl><br style=\"clear: both\" \/>\n\t\t<\/div>\n<\/div><\/div><style type=\"text\/css\">\r\n@media screen and (min-width: 1201px) {\r\n.jlhuk6a9533f939310 {\r\ndisplay: block;\r\n}\r\n}\r\n@media screen and (min-width: 993px) and (max-width: 1200px) {\r\n.jlhuk6a9533f939310 {\r\ndisplay: block;\r\n}\r\n}\r\n@media screen and (min-width: 769px) and (max-width: 992px) {\r\n.jlhuk6a9533f939310 {\r\ndisplay: block;\r\n}\r\n}\r\n@media screen and (min-width: 768px) and (max-width: 768px) {\r\n.jlhuk6a9533f939310 {\r\ndisplay: block;\r\n}\r\n}\r\n@media screen and (max-width: 767px) {\r\n.jlhuk6a9533f939310 {\r\ndisplay: block;\r\n}\r\n}\r\n<\/style>\r\n","protected":false},"excerpt":{"rendered":"<p>\u00daltima actualizaci\u00f3n: julio 2026 \u2014 con las fechas oficiales de los mercados navide\u00f1os 2026\/2027 ya confirmadas.Innsbruck en Navidad: una ciudad alpina de cuento \u00bfQuer\u00e9s descubrir qu\u00e9 ver en Innsbruck en Navidad de manera aut\u00e9ntica y m\u00e1gica? Nosotros, desde Recalculando Viajes, te contamos c\u00f3mo esta ciudad alpina se transforma en un escenario festivo de cuento durante [&hellip;]<\/p>\n","protected":false},"author":2,"featured_media":22913,"comment_status":"closed","ping_status":"open","sticky":false,"template":"","format":"standard","meta":{"_et_pb_use_builder":"on","_et_pb_old_content":"","_et_gb_content_width":"","footnotes":""},"categories":[3,67,24,297],"tags":[],"class_list":["post-22905","post","type-post","status-publish","format-standard","has-post-thumbnail","hentry","category-blog","category-espana","category-europa","category-navidad"],"yoast_head":"<!-- This site is optimized with the Yoast SEO plugin v28.3 - https:\/\/yoast.com\/product\/yoast-seo-wordpress\/ -->\n<title>M\u00e1laga en Navidad: 20 lugares imprescindibles que ver (con mapa) - Recalculando Viajes<\/title>\n<meta name=\"description\" content=\"Gu\u00eda de M\u00e1laga en Navidad con los 20 mejores lugares: luces de Larios, belen, mercadillos, d\u00f3nde dormir, c\u00f3mo llegar y un mapa imprescindible\" \/>\n<meta name=\"robots\" content=\"index, follow, max-snippet:-1, max-image-preview:large, max-video-preview:-1\" \/>\n<link rel=\"canonical\" href=\"https:\/\/www.recalculandoviajes.com\/malaga-en-navidad\/\" \/>\n<meta property=\"og:locale\" content=\"es_ES\" \/>\n<meta property=\"og:type\" content=\"article\" \/>\n<meta property=\"og:title\" content=\"M\u00e1laga en Navidad: 20 lugares imprescindibles que ver (con mapa) - Recalculando Viajes\" \/>\n<meta property=\"og:description\" content=\"Gu\u00eda de M\u00e1laga en Navidad con los 20 mejores lugares: luces de Larios, belen, mercadillos, d\u00f3nde dormir, c\u00f3mo llegar y un mapa imprescindible\" \/>\n<meta property=\"og:url\" content=\"https:\/\/www.recalculandoviajes.com\/malaga-en-navidad\/\" \/>\n<meta property=\"og:site_name\" content=\"Recalculando Viajes\" \/>\n<meta property=\"article:publisher\" content=\"https:\/\/www.facebook.com\/recalculandov\/\" \/>\n<meta property=\"article:published_time\" content=\"2026-08-31T07:20:10+00:00\" \/>\n<meta property=\"og:image\" content=\"https:\/\/www.recalculandoviajes.com\/wp-content\/uploads\/2026\/08\/malaga-en-navidad.webp\" \/>\n\t<meta property=\"og:image:width\" content=\"1080\" \/>\n\t<meta property=\"og:image:height\" content=\"675\" \/>\n\t<meta property=\"og:image:type\" content=\"image\/webp\" \/>\n<meta name=\"author\" content=\"Recalculando\" \/>\n<meta name=\"twitter:card\" content=\"summary_large_image\" \/>\n<meta name=\"twitter:label1\" content=\"Escrito por\" \/>\n\t<meta name=\"twitter:data1\" content=\"Recalculando\" \/>\n\t<meta name=\"twitter:label2\" content=\"Tiempo de lectura\" \/>\n\t<meta name=\"twitter:data2\" content=\"33 minutos\" \/>\n<script type=\"application\/ld+json\" class=\"yoast-schema-graph\">{\"@context\":\"https:\\\/\\\/schema.org\",\"@graph\":[{\"@type\":\"Article\",\"@id\":\"https:\\\/\\\/www.recalculandoviajes.com\\\/malaga-en-navidad\\\/#article\",\"isPartOf\":{\"@id\":\"https:\\\/\\\/www.recalculandoviajes.com\\\/malaga-en-navidad\\\/\"},\"author\":{\"name\":\"Recalculando\",\"@id\":\"https:\\\/\\\/www.recalculandoviajes.com\\\/#\\\/schema\\\/person\\\/45c0b1c25ad93f6f5e6a9a87bd3c39f4\"},\"headline\":\"M\u00e1laga en Navidad: 20 lugares imprescindibles que ver (con mapa)\",\"datePublished\":\"2026-08-31T07:20:10+00:00\",\"mainEntityOfPage\":{\"@id\":\"https:\\\/\\\/www.recalculandoviajes.com\\\/malaga-en-navidad\\\/\"},\"wordCount\":9670,\"publisher\":{\"@id\":\"https:\\\/\\\/www.recalculandoviajes.com\\\/#organization\"},\"image\":{\"@id\":\"https:\\\/\\\/www.recalculandoviajes.com\\\/malaga-en-navidad\\\/#primaryimage\"},\"thumbnailUrl\":\"https:\\\/\\\/www.recalculandoviajes.com\\\/wp-content\\\/uploads\\\/2026\\\/08\\\/malaga-en-navidad.webp\",\"articleSection\":[\"Blog\",\"Espa\u00f1a\",\"Europa\",\"Navidad\"],\"inLanguage\":\"es\"},{\"@type\":\"WebPage\",\"@id\":\"https:\\\/\\\/www.recalculandoviajes.com\\\/malaga-en-navidad\\\/\",\"url\":\"https:\\\/\\\/www.recalculandoviajes.com\\\/malaga-en-navidad\\\/\",\"name\":\"M\u00e1laga en Navidad: 20 lugares imprescindibles que ver (con mapa) - Recalculando Viajes\",\"isPartOf\":{\"@id\":\"https:\\\/\\\/www.recalculandoviajes.com\\\/#website\"},\"primaryImageOfPage\":{\"@id\":\"https:\\\/\\\/www.recalculandoviajes.com\\\/malaga-en-navidad\\\/#primaryimage\"},\"image\":{\"@id\":\"https:\\\/\\\/www.recalculandoviajes.com\\\/malaga-en-navidad\\\/#primaryimage\"},\"thumbnailUrl\":\"https:\\\/\\\/www.recalculandoviajes.com\\\/wp-content\\\/uploads\\\/2026\\\/08\\\/malaga-en-navidad.webp\",\"datePublished\":\"2026-08-31T07:20:10+00:00\",\"description\":\"Gu\u00eda de M\u00e1laga en Navidad con los 20 mejores lugares: luces de Larios, belen, mercadillos, d\u00f3nde dormir, c\u00f3mo llegar y un mapa imprescindible\",\"breadcrumb\":{\"@id\":\"https:\\\/\\\/www.recalculandoviajes.com\\\/malaga-en-navidad\\\/#breadcrumb\"},\"inLanguage\":\"es\",\"potentialAction\":[{\"@type\":\"ReadAction\",\"target\":[\"https:\\\/\\\/www.recalculandoviajes.com\\\/malaga-en-navidad\\\/\"]}]},{\"@type\":\"ImageObject\",\"inLanguage\":\"es\",\"@id\":\"https:\\\/\\\/www.recalculandoviajes.com\\\/malaga-en-navidad\\\/#primaryimage\",\"url\":\"https:\\\/\\\/www.recalculandoviajes.com\\\/wp-content\\\/uploads\\\/2026\\\/08\\\/malaga-en-navidad.webp\",\"contentUrl\":\"https:\\\/\\\/www.recalculandoviajes.com\\\/wp-content\\\/uploads\\\/2026\\\/08\\\/malaga-en-navidad.webp\",\"width\":1080,\"height\":675,\"caption\":\"malaga en navidad\"},{\"@type\":\"BreadcrumbList\",\"@id\":\"https:\\\/\\\/www.recalculandoviajes.com\\\/malaga-en-navidad\\\/#breadcrumb\",\"itemListElement\":[{\"@type\":\"ListItem\",\"position\":1,\"name\":\"Home\",\"item\":\"https:\\\/\\\/www.recalculandoviajes.com\\\/\"},{\"@type\":\"ListItem\",\"position\":2,\"name\":\"Europa\",\"item\":\"https:\\\/\\\/www.recalculandoviajes.com\\\/category\\\/europa\\\/\"},{\"@type\":\"ListItem\",\"position\":3,\"name\":\"Espa\u00f1a\",\"item\":\"https:\\\/\\\/www.recalculandoviajes.com\\\/category\\\/europa\\\/espana\\\/\"},{\"@type\":\"ListItem\",\"position\":4,\"name\":\"M\u00e1laga en Navidad: 20 lugares imprescindibles que ver (con mapa)\"}]},{\"@type\":\"WebSite\",\"@id\":\"https:\\\/\\\/www.recalculandoviajes.com\\\/#website\",\"url\":\"https:\\\/\\\/www.recalculandoviajes.com\\\/\",\"name\":\"Recalculando viajes\",\"description\":\"Compartimos nuestra gran aventura de Vivir viajando\",\"publisher\":{\"@id\":\"https:\\\/\\\/www.recalculandoviajes.com\\\/#organization\"},\"potentialAction\":[{\"@type\":\"SearchAction\",\"target\":{\"@type\":\"EntryPoint\",\"urlTemplate\":\"https:\\\/\\\/www.recalculandoviajes.com\\\/?s={search_term_string}\"},\"query-input\":{\"@type\":\"PropertyValueSpecification\",\"valueRequired\":true,\"valueName\":\"search_term_string\"}}],\"inLanguage\":\"es\"},{\"@type\":\"Organization\",\"@id\":\"https:\\\/\\\/www.recalculandoviajes.com\\\/#organization\",\"name\":\"Recalculando Viajes\",\"url\":\"https:\\\/\\\/www.recalculandoviajes.com\\\/\",\"logo\":{\"@type\":\"ImageObject\",\"inLanguage\":\"es\",\"@id\":\"https:\\\/\\\/www.recalculandoviajes.com\\\/#\\\/schema\\\/logo\\\/image\\\/\",\"url\":\"https:\\\/\\\/www.recalculandoviajes.com\\\/wp-content\\\/uploads\\\/2018\\\/07\\\/RecalculandoLogo-1.png\",\"contentUrl\":\"https:\\\/\\\/www.recalculandoviajes.com\\\/wp-content\\\/uploads\\\/2018\\\/07\\\/RecalculandoLogo-1.png\",\"width\":581,\"height\":591,\"caption\":\"Recalculando Viajes\"},\"image\":{\"@id\":\"https:\\\/\\\/www.recalculandoviajes.com\\\/#\\\/schema\\\/logo\\\/image\\\/\"},\"sameAs\":[\"https:\\\/\\\/www.facebook.com\\\/recalculandov\\\/\",\"https:\\\/\\\/instagram.com\\\/recalculandoviajes\",\"https:\\\/\\\/www.pinterest.com\\\/recalculandoviajes\\\/\",\"https:\\\/\\\/www.youtube.com\\\/channel\\\/UCl9mlzCiqE_YLnQkoL9tzqA\"]},{\"@type\":\"Person\",\"@id\":\"https:\\\/\\\/www.recalculandoviajes.com\\\/#\\\/schema\\\/person\\\/45c0b1c25ad93f6f5e6a9a87bd3c39f4\",\"name\":\"Recalculando\",\"image\":{\"@type\":\"ImageObject\",\"inLanguage\":\"es\",\"@id\":\"https:\\\/\\\/secure.gravatar.com\\\/avatar\\\/58d2e33768366ade0cef2e2c7a9373a6fac4865a9ac09e8feef3ba56ceddb9b0?s=96&d=mm&r=g\",\"url\":\"https:\\\/\\\/secure.gravatar.com\\\/avatar\\\/58d2e33768366ade0cef2e2c7a9373a6fac4865a9ac09e8feef3ba56ceddb9b0?s=96&d=mm&r=g\",\"contentUrl\":\"https:\\\/\\\/secure.gravatar.com\\\/avatar\\\/58d2e33768366ade0cef2e2c7a9373a6fac4865a9ac09e8feef3ba56ceddb9b0?s=96&d=mm&r=g\",\"caption\":\"Recalculando\"}}]}<\/script>\n<!-- \/ Yoast SEO plugin. -->","yoast_head_json":{"title":"M\u00e1laga en Navidad: 20 lugares imprescindibles que ver (con mapa) - Recalculando Viajes","description":"Gu\u00eda de M\u00e1laga en Navidad con los 20 mejores lugares: luces de Larios, belen, mercadillos, d\u00f3nde dormir, c\u00f3mo llegar y un mapa imprescindible","robots":{"index":"index","follow":"follow","max-snippet":"max-snippet:-1","max-image-preview":"max-image-preview:large","max-video-preview":"max-video-preview:-1"},"canonical":"https:\/\/www.recalculandoviajes.com\/malaga-en-navidad\/","og_locale":"es_ES","og_type":"article","og_title":"M\u00e1laga en Navidad: 20 lugares imprescindibles que ver (con mapa) - Recalculando Viajes","og_description":"Gu\u00eda de M\u00e1laga en Navidad con los 20 mejores lugares: luces de Larios, belen, mercadillos, d\u00f3nde dormir, c\u00f3mo llegar y un mapa imprescindible","og_url":"https:\/\/www.recalculandoviajes.com\/malaga-en-navidad\/","og_site_name":"Recalculando Viajes","article_publisher":"https:\/\/www.facebook.com\/recalculandov\/","article_published_time":"2026-08-31T07:20:10+00:00","og_image":[{"width":1080,"height":675,"url":"https:\/\/www.recalculandoviajes.com\/wp-content\/uploads\/2026\/08\/malaga-en-navidad.webp","type":"image\/webp"}],"author":"Recalculando","twitter_card":"summary_large_image","twitter_misc":{"Escrito por":"Recalculando","Tiempo de lectura":"33 minutos"},"schema":{"@context":"https:\/\/schema.org","@graph":[{"@type":"Article","@id":"https:\/\/www.recalculandoviajes.com\/malaga-en-navidad\/#article","isPartOf":{"@id":"https:\/\/www.recalculandoviajes.com\/malaga-en-navidad\/"},"author":{"name":"Recalculando","@id":"https:\/\/www.recalculandoviajes.com\/#\/schema\/person\/45c0b1c25ad93f6f5e6a9a87bd3c39f4"},"headline":"M\u00e1laga en Navidad: 20 lugares imprescindibles que ver (con mapa)","datePublished":"2026-08-31T07:20:10+00:00","mainEntityOfPage":{"@id":"https:\/\/www.recalculandoviajes.com\/malaga-en-navidad\/"},"wordCount":9670,"publisher":{"@id":"https:\/\/www.recalculandoviajes.com\/#organization"},"image":{"@id":"https:\/\/www.recalculandoviajes.com\/malaga-en-navidad\/#primaryimage"},"thumbnailUrl":"https:\/\/www.recalculandoviajes.com\/wp-content\/uploads\/2026\/08\/malaga-en-navidad.webp","articleSection":["Blog","Espa\u00f1a","Europa","Navidad"],"inLanguage":"es"},{"@type":"WebPage","@id":"https:\/\/www.recalculandoviajes.com\/malaga-en-navidad\/","url":"https:\/\/www.recalculandoviajes.com\/malaga-en-navidad\/","name":"M\u00e1laga en Navidad: 20 lugares imprescindibles que ver (con mapa) - Recalculando Viajes","isPartOf":{"@id":"https:\/\/www.recalculandoviajes.com\/#website"},"primaryImageOfPage":{"@id":"https:\/\/www.recalculandoviajes.com\/malaga-en-navidad\/#primaryimage"},"image":{"@id":"https:\/\/www.recalculandoviajes.com\/malaga-en-navidad\/#primaryimage"},"thumbnailUrl":"https:\/\/www.recalculandoviajes.com\/wp-content\/uploads\/2026\/08\/malaga-en-navidad.webp","datePublished":"2026-08-31T07:20:10+00:00","description":"Gu\u00eda de M\u00e1laga en Navidad con los 20 mejores lugares: luces de Larios, belen, mercadillos, d\u00f3nde dormir, c\u00f3mo llegar y un mapa imprescindible","breadcrumb":{"@id":"https:\/\/www.recalculandoviajes.com\/malaga-en-navidad\/#breadcrumb"},"inLanguage":"es","potentialAction":[{"@type":"ReadAction","target":["https:\/\/www.recalculandoviajes.com\/malaga-en-navidad\/"]}]},{"@type":"ImageObject","inLanguage":"es","@id":"https:\/\/www.recalculandoviajes.com\/malaga-en-navidad\/#primaryimage","url":"https:\/\/www.recalculandoviajes.com\/wp-content\/uploads\/2026\/08\/malaga-en-navidad.webp","contentUrl":"https:\/\/www.recalculandoviajes.com\/wp-content\/uploads\/2026\/08\/malaga-en-navidad.webp","width":1080,"height":675,"caption":"malaga en navidad"},{"@type":"BreadcrumbList","@id":"https:\/\/www.recalculandoviajes.com\/malaga-en-navidad\/#breadcrumb","itemListElement":[{"@type":"ListItem","position":1,"name":"Home","item":"https:\/\/www.recalculandoviajes.com\/"},{"@type":"ListItem","position":2,"name":"Europa","item":"https:\/\/www.recalculandoviajes.com\/category\/europa\/"},{"@type":"ListItem","position":3,"name":"Espa\u00f1a","item":"https:\/\/www.recalculandoviajes.com\/category\/europa\/espana\/"},{"@type":"ListItem","position":4,"name":"M\u00e1laga en Navidad: 20 lugares imprescindibles que ver (con mapa)"}]},{"@type":"WebSite","@id":"https:\/\/www.recalculandoviajes.com\/#website","url":"https:\/\/www.recalculandoviajes.com\/","name":"Recalculando viajes","description":"Compartimos nuestra gran aventura de Vivir viajando","publisher":{"@id":"https:\/\/www.recalculandoviajes.com\/#organization"},"potentialAction":[{"@type":"SearchAction","target":{"@type":"EntryPoint","urlTemplate":"https:\/\/www.recalculandoviajes.com\/?s={search_term_string}"},"query-input":{"@type":"PropertyValueSpecification","valueRequired":true,"valueName":"search_term_string"}}],"inLanguage":"es"},{"@type":"Organization","@id":"https:\/\/www.recalculandoviajes.com\/#organization","name":"Recalculando Viajes","url":"https:\/\/www.recalculandoviajes.com\/","logo":{"@type":"ImageObject","inLanguage":"es","@id":"https:\/\/www.recalculandoviajes.com\/#\/schema\/logo\/image\/","url":"https:\/\/www.recalculandoviajes.com\/wp-content\/uploads\/2018\/07\/RecalculandoLogo-1.png","contentUrl":"https:\/\/www.recalculandoviajes.com\/wp-content\/uploads\/2018\/07\/RecalculandoLogo-1.png","width":581,"height":591,"caption":"Recalculando Viajes"},"image":{"@id":"https:\/\/www.recalculandoviajes.com\/#\/schema\/logo\/image\/"},"sameAs":["https:\/\/www.facebook.com\/recalculandov\/","https:\/\/instagram.com\/recalculandoviajes","https:\/\/www.pinterest.com\/recalculandoviajes\/","https:\/\/www.youtube.com\/channel\/UCl9mlzCiqE_YLnQkoL9tzqA"]},{"@type":"Person","@id":"https:\/\/www.recalculandoviajes.com\/#\/schema\/person\/45c0b1c25ad93f6f5e6a9a87bd3c39f4","name":"Recalculando","image":{"@type":"ImageObject","inLanguage":"es","@id":"https:\/\/secure.gravatar.com\/avatar\/58d2e33768366ade0cef2e2c7a9373a6fac4865a9ac09e8feef3ba56ceddb9b0?s=96&d=mm&r=g","url":"https:\/\/secure.gravatar.com\/avatar\/58d2e33768366ade0cef2e2c7a9373a6fac4865a9ac09e8feef3ba56ceddb9b0?s=96&d=mm&r=g","contentUrl":"https:\/\/secure.gravatar.com\/avatar\/58d2e33768366ade0cef2e2c7a9373a6fac4865a9ac09e8feef3ba56ceddb9b0?s=96&d=mm&r=g","caption":"Recalculando"}}]}},"_links":{"self":[{"href":"https:\/\/www.recalculandoviajes.com\/recalculando-api\/wp\/v2\/posts\/22905","targetHints":{"allow":["GET"]}}],"collection":[{"href":"https:\/\/www.recalculandoviajes.com\/recalculando-api\/wp\/v2\/posts"}],"about":[{"href":"https:\/\/www.recalculandoviajes.com\/recalculando-api\/wp\/v2\/types\/post"}],"author":[{"embeddable":true,"href":"https:\/\/www.recalculandoviajes.com\/recalculando-api\/wp\/v2\/users\/2"}],"replies":[{"embeddable":true,"href":"https:\/\/www.recalculandoviajes.com\/recalculando-api\/wp\/v2\/comments?post=22905"}],"version-history":[{"count":32,"href":"https:\/\/www.recalculandoviajes.com\/recalculando-api\/wp\/v2\/posts\/22905\/revisions"}],"predecessor-version":[{"id":22996,"href":"https:\/\/www.recalculandoviajes.com\/recalculando-api\/wp\/v2\/posts\/22905\/revisions\/22996"}],"wp:featuredmedia":[{"embeddable":true,"href":"https:\/\/www.recalculandoviajes.com\/recalculando-api\/wp\/v2\/media\/22913"}],"wp:attachment":[{"href":"https:\/\/www.recalculandoviajes.com\/recalculando-api\/wp\/v2\/media?parent=22905"}],"wp:term":[{"taxonomy":"category","embeddable":true,"href":"https:\/\/www.recalculandoviajes.com\/recalculando-api\/wp\/v2\/categories?post=22905"},{"taxonomy":"post_tag","embeddable":true,"href":"https:\/\/www.recalculandoviajes.com\/recalculando-api\/wp\/v2\/tags?post=22905"}],"curies":[{"name":"wp","href":"https:\/\/api.w.org\/{rel}","templated":true}]}}